{"id":18041,"date":"2020-10-30T07:00:42","date_gmt":"2020-10-30T10:00:42","guid":{"rendered":"https:\/\/jornaltimoneiro.com.br\/?p=18041"},"modified":"2020-10-29T19:02:36","modified_gmt":"2020-10-29T22:02:36","slug":"tito-guarniere-cancelem-o-protocolo","status":"publish","type":"post","link":"https:\/\/jornaltimoneiro.com.br\/index.php\/2020\/10\/30\/tito-guarniere-cancelem-o-protocolo\/","title":{"rendered":"Tito Guarniere: &#8220;Cancelem o protocolo!&#8221;"},"content":{"rendered":"<p style=\"font-weight: 400;\">Tito Guarniere<\/p>\n<p style=\"font-weight: 400;\"><strong>CANCELEM O PROTOCOLO!\u00a0<\/strong><\/p>\n<p style=\"font-weight: 400;\">Em normais circunst\u00e2ncias ningu\u00e9m gosta ou quer proximidade de um sujeito rude, irasc\u00edvel e impulsivo, mal-educado e agressivo. Acho que nem os bolsonaristas gostam \u2013 mas eles abrem uma exce\u00e7\u00e3o para o seu chefe e \u00eddolo. Bolsonaro \u00e9 tudo isso e muito mais.<\/p>\n<p style=\"font-weight: 400;\">Nunca se sabe o que pode irrit\u00e1-lo ou lev\u00e1-lo ao destempero. Munido de um pensamento raso e de interesses vulgares, \u00e9 uma bomba-rel\u00f3gio sempre prestes a explodir. Nunca \u00e9 gentil, educado, contido, e nas horas de exalta\u00e7\u00e3o sobra at\u00e9 para os seus auxiliares mais pr\u00f3ximos. Se \u00e9 essa a impress\u00e3o de longe, podem ter certeza que de perto, quando ningu\u00e9m \u00e9 normal (segundo Caetano), tudo fica pior.<\/p>\n<p style=\"font-weight: 400;\">Vejam Eduardo Pazuello, um militar servil e um ministro da sa\u00fade apenas regular. Dias atr\u00e1s, o Minist\u00e9rio da Sa\u00fade divulgou o calend\u00e1rio nacional de vacina\u00e7\u00e3o do coronav\u00edrus \u2013 in\u00edcio marcado para abril de 2021. Mas a programa\u00e7\u00e3o s\u00f3 previa o uso da vacina de Oxford-Fiocruz, que \u00e9 a aposta do governo federal. Os secret\u00e1rios da sa\u00fade do Brasil inteiro chiaram e com toda a raz\u00e3o \u2013 \u00e9 prov\u00e1vel que a vacina chinesa da Sinovac, a ser fabricada pelo Instituto Butant\u00e3, de S\u00e3o Paulo, esteja pronta antes, talvez em janeiro de 2021.<\/p>\n<p style=\"font-weight: 400;\">Os secret\u00e1rios pediram a inclus\u00e3o da vacina chinesa no calend\u00e1rio nacional. Pazuello, sensatamente, parece ter visto a mancada e voltou atr\u00e1s, assinando um protocolo com o Instituto Butant\u00e3 de compra de 46 milh\u00f5es da vacina.<\/p>\n<p style=\"font-weight: 400;\">Mas havia um problema: o Instituto Butant\u00e3, um centro de excel\u00eancia que produz 70% das vacinas nacionais, pertence ao governo de S\u00e3o Paulo. E o governador de S\u00e3o Paulo, Jo\u00e3o Doria, \u00e9 advers\u00e1rio pol\u00edtico do presidente.<\/p>\n<p style=\"font-weight: 400;\">Quando tudo parecia voltar \u00e0 normalidade, Bolsonaro recebeu recados hostis dos seguidores nas redes sociais, provavelmente os mais ignorantes, que seria uma trai\u00e7\u00e3o comprar a vacina comunista. E Bolsonaro, sendo Bolsonaro, que outro n\u00e3o pode ser, baixou a ordem de comando: cancelem o protocolo com o Butant\u00e3.<\/p>\n<p style=\"font-weight: 400;\">Ele alegou raz\u00f5es de ordem cient\u00edfica para a decis\u00e3o. Logo ele, que jamais deu a m\u00ednima para a ci\u00eancia, guru negacionista que fez propaganda de uma droga milagrosa para o coronav\u00edrus, que n\u00e3o queria o isolamento social, que tem em seu governo a figura ex\u00f3tica de Marcos Pontes, ministro da Ci\u00eancia e Tecnologia \u2013 ainda agora insiste em divulgar a efic\u00e1cia de um verm\u00edfugo (Annita) para tratamento do Covid-19.<\/p>\n<p style=\"font-weight: 400;\">O que est\u00e1 por detr\u00e1s das incongru\u00eancias, dessas trapalhadas de (des) governo \u00e9 a elei\u00e7\u00e3o de 2022. Como disse o capit\u00e3o: \u201cDoria quer recuperar o prest\u00edgio com a vacina!\u201d. Bem, Doria n\u00e3o \u00e9 o meu personagem predileto. Mas no caso um valor maior est\u00e1 em jogo: a sa\u00fade da popula\u00e7\u00e3o. Tomara que d\u00ea certo e n\u00e3o importa a quem isso vai beneficiar politicamente.<\/p>\n<p style=\"font-weight: 400;\">Bolsonaro n\u00e3o gosta de sombra, nem de aliados e auxiliares. Ele quer jogar sozinho no tabuleiro da sucess\u00e3o. Esse \u00e9 o caminho da perdi\u00e7\u00e3o \u2013 o excesso de autoconfian\u00e7a, o desvario ambicioso. Mas fiquem tranquilos: ele n\u00e3o ir\u00e1 at\u00e9 o fim empacado no ato insano de vetar a vacina Sinovac-Butant\u00e3. Bolsonaro, na hora certa, roer\u00e1 a corda, voltar\u00e1 atr\u00e1s e achar\u00e1 uma forma de dizer que a vacina chinesa s\u00f3 existe por causa dele.<\/p>\n<p style=\"font-weight: 400;\"><a href=\"mailto:titoguarniere@hotmail.com\">titoguarniere@hotmail.com<\/a><\/p>\n","protected":false},"excerpt":{"rendered":"<p>Tito Guarniere CANCELEM O PROTOCOLO!\u00a0 Em normais circunst\u00e2ncias ningu\u00e9m gosta ou quer proximidade de um sujeito rude, irasc\u00edvel e impulsivo, mal-educado e agressivo. Acho que nem os bolsonaristas gostam \u2013 mas eles abrem uma exce\u00e7\u00e3o para o seu chefe e \u00eddolo. Bolsonaro \u00e9 tudo isso e muito mais. Nunca se sabe o que pode irrit\u00e1-lo [&hellip;]<\/p>\n","protected":false},"author":2,"featured_media":18054,"comment_status":"open","ping_status":"open","sticky":false,"template":"","format":"standard","meta":{"amp_status":"","footnotes":""},"categories":[21],"tags":[],"class_list":["post-18041","post","type-post","status-publish","format-standard","has-post-thumbnail","hentry","category-opiniao"],"yoast_head":"<!-- This site is optimized with the Yoast SEO plugin v20.5 - https:\/\/yoast.com\/wordpress\/plugins\/seo\/ -->\n<title>Tito Guarniere: &quot;Cancelem o protocolo!&quot; - O Timoneiro Jornal Canoas RS<\/title>\n<meta name=\"robots\" content=\"index, follow, max-snippet:-1, max-image-preview:large, max-video-preview:-1\" \/>\n<link rel=\"canonical\" href=\"https:\/\/jornaltimoneiro.com.br\/index.php\/2020\/10\/30\/tito-guarniere-cancelem-o-protocolo\/\" \/>\n<meta property=\"og:locale\" content=\"pt_BR\" \/>\n<meta property=\"og:type\" content=\"article\" \/>\n<meta property=\"og:title\" content=\"Tito Guarniere: &quot;Cancelem o protocolo!&quot; - O Timoneiro Jornal Canoas RS\" \/>\n<meta property=\"og:description\" content=\"Tito Guarniere CANCELEM O PROTOCOLO!\u00a0 Em normais circunst\u00e2ncias ningu\u00e9m gosta ou quer proximidade de um sujeito rude, irasc\u00edvel e impulsivo, mal-educado e agressivo. Acho que nem os bolsonaristas gostam \u2013 mas eles abrem uma exce\u00e7\u00e3o para o seu chefe e \u00eddolo. Bolsonaro \u00e9 tudo isso e muito mais. Nunca se sabe o que pode irrit\u00e1-lo [&hellip;]\" \/>\n<meta property=\"og:url\" content=\"https:\/\/jornaltimoneiro.com.br\/index.php\/2020\/10\/30\/tito-guarniere-cancelem-o-protocolo\/\" \/>\n<meta property=\"og:site_name\" content=\"O Timoneiro Jornal Canoas RS\" \/>\n<meta property=\"article:publisher\" content=\"https:\/\/www.facebook.com\/jornaltimoneiro\" \/>\n<meta property=\"article:published_time\" content=\"2020-10-30T10:00:42+00:00\" \/>\n<meta property=\"article:modified_time\" content=\"2020-10-29T22:02:36+00:00\" \/>\n<meta property=\"og:image\" content=\"https:\/\/jornaltimoneiro.com.br\/wp-content\/uploads\/2020\/10\/abozo.jpg\" \/>\n\t<meta property=\"og:image:width\" content=\"476\" \/>\n\t<meta property=\"og:image:height\" content=\"317\" \/>\n\t<meta property=\"og:image:type\" content=\"image\/jpeg\" \/>\n<meta name=\"author\" content=\"Reda\u00e7\u00e3o\" \/>\n<meta name=\"twitter:card\" content=\"summary_large_image\" \/>\n<meta name=\"twitter:creator\" content=\"@_OTimoneiro\" \/>\n<meta name=\"twitter:site\" content=\"@_OTimoneiro\" \/>\n<meta name=\"twitter:label1\" content=\"Escrito por\" \/>\n\t<meta name=\"twitter:data1\" content=\"Reda\u00e7\u00e3o\" \/>\n\t<meta name=\"twitter:label2\" content=\"Est. tempo de leitura\" \/>\n\t<meta name=\"twitter:data2\" content=\"3 minutos\" \/>\n<script type=\"application\/ld+json\" class=\"yoast-schema-graph\">{\"@context\":\"https:\/\/schema.org\",\"@graph\":[{\"@type\":\"Article\",\"@id\":\"https:\/\/jornaltimoneiro.com.br\/index.php\/2020\/10\/30\/tito-guarniere-cancelem-o-protocolo\/#article\",\"isPartOf\":{\"@id\":\"https:\/\/jornaltimoneiro.com.br\/index.php\/2020\/10\/30\/tito-guarniere-cancelem-o-protocolo\/\"},\"author\":{\"name\":\"Reda\u00e7\u00e3o\",\"@id\":\"https:\/\/jornaltimoneiro.com.br\/#\/schema\/person\/f63482f1a02b1a9592707865e509ab40\"},\"headline\":\"Tito Guarniere: &#8220;Cancelem o protocolo!&#8221;\",\"datePublished\":\"2020-10-30T10:00:42+00:00\",\"dateModified\":\"2020-10-29T22:02:36+00:00\",\"mainEntityOfPage\":{\"@id\":\"https:\/\/jornaltimoneiro.com.br\/index.php\/2020\/10\/30\/tito-guarniere-cancelem-o-protocolo\/\"},\"wordCount\":580,\"commentCount\":0,\"publisher\":{\"@id\":\"https:\/\/jornaltimoneiro.com.br\/#organization\"},\"articleSection\":[\"Opini\u00e3o\"],\"inLanguage\":\"pt-BR\",\"potentialAction\":[{\"@type\":\"CommentAction\",\"name\":\"Comment\",\"target\":[\"https:\/\/jornaltimoneiro.com.br\/index.php\/2020\/10\/30\/tito-guarniere-cancelem-o-protocolo\/#respond\"]}]},{\"@type\":\"WebPage\",\"@id\":\"https:\/\/jornaltimoneiro.com.br\/index.php\/2020\/10\/30\/tito-guarniere-cancelem-o-protocolo\/\",\"url\":\"https:\/\/jornaltimoneiro.com.br\/index.php\/2020\/10\/30\/tito-guarniere-cancelem-o-protocolo\/\",\"name\":\"Tito Guarniere: \\\"Cancelem o protocolo!\\\" - O Timoneiro Jornal Canoas RS\",\"isPartOf\":{\"@id\":\"https:\/\/jornaltimoneiro.com.br\/#website\"},\"datePublished\":\"2020-10-30T10:00:42+00:00\",\"dateModified\":\"2020-10-29T22:02:36+00:00\",\"breadcrumb\":{\"@id\":\"https:\/\/jornaltimoneiro.com.br\/index.php\/2020\/10\/30\/tito-guarniere-cancelem-o-protocolo\/#breadcrumb\"},\"inLanguage\":\"pt-BR\",\"potentialAction\":[{\"@type\":\"ReadAction\",\"target\":[\"https:\/\/jornaltimoneiro.com.br\/index.php\/2020\/10\/30\/tito-guarniere-cancelem-o-protocolo\/\"]}]},{\"@type\":\"BreadcrumbList\",\"@id\":\"https:\/\/jornaltimoneiro.com.br\/index.php\/2020\/10\/30\/tito-guarniere-cancelem-o-protocolo\/#breadcrumb\",\"itemListElement\":[{\"@type\":\"ListItem\",\"position\":1,\"name\":\"In\u00edcio\",\"item\":\"https:\/\/jornaltimoneiro.com.br\/\"},{\"@type\":\"ListItem\",\"position\":2,\"name\":\"Tito Guarniere: &#8220;Cancelem o protocolo!&#8221;\"}]},{\"@type\":\"WebSite\",\"@id\":\"https:\/\/jornaltimoneiro.com.br\/#website\",\"url\":\"https:\/\/jornaltimoneiro.com.br\/\",\"name\":\"Jornal Timoneiro Canoas RS\",\"description\":\"Jornal O Timoneiro, o verdadeiro jornal de Canoas\",\"publisher\":{\"@id\":\"https:\/\/jornaltimoneiro.com.br\/#organization\"},\"potentialAction\":[{\"@type\":\"SearchAction\",\"target\":{\"@type\":\"EntryPoint\",\"urlTemplate\":\"https:\/\/jornaltimoneiro.com.br\/?s={search_term_string}\"},\"query-input\":\"required name=search_term_string\"}],\"inLanguage\":\"pt-BR\"},{\"@type\":\"Organization\",\"@id\":\"https:\/\/jornaltimoneiro.com.br\/#organization\",\"name\":\"Jornal Timoneiro Canoas RS\",\"url\":\"https:\/\/jornaltimoneiro.com.br\/\",\"logo\":{\"@type\":\"ImageObject\",\"inLanguage\":\"pt-BR\",\"@id\":\"https:\/\/jornaltimoneiro.com.br\/#\/schema\/logo\/image\/\",\"url\":\"https:\/\/jornaltimoneiro.com.br\/wp-content\/uploads\/2023\/03\/logonovo.png\",\"contentUrl\":\"https:\/\/jornaltimoneiro.com.br\/wp-content\/uploads\/2023\/03\/logonovo.png\",\"width\":\"469\",\"height\":\"171\",\"caption\":\"Jornal Timoneiro Canoas RS\"},\"image\":{\"@id\":\"https:\/\/jornaltimoneiro.com.br\/#\/schema\/logo\/image\/\"},\"sameAs\":[\"https:\/\/www.facebook.com\/jornaltimoneiro\",\"https:\/\/twitter.com\/_OTimoneiro\",\"https:\/\/www.instagram.com\/jornaltimoneirocanoas\/\",\"https:\/\/www.youtube.com\/@jornalotimoneiro7927\"]},{\"@type\":\"Person\",\"@id\":\"https:\/\/jornaltimoneiro.com.br\/#\/schema\/person\/f63482f1a02b1a9592707865e509ab40\",\"name\":\"Reda\u00e7\u00e3o\",\"image\":{\"@type\":\"ImageObject\",\"inLanguage\":\"pt-BR\",\"@id\":\"https:\/\/jornaltimoneiro.com.br\/#\/schema\/person\/image\/\",\"url\":\"https:\/\/jornaltimoneiro.com.br\/wp-content\/uploads\/2023\/03\/download.jpeg\",\"contentUrl\":\"https:\/\/jornaltimoneiro.com.br\/wp-content\/uploads\/2023\/03\/download.jpeg\",\"caption\":\"Reda\u00e7\u00e3o\"},\"url\":\"https:\/\/jornaltimoneiro.com.br\/index.php\/author\/simone-dutra\/\"}]}<\/script>\n<!-- \/ Yoast SEO plugin. -->","yoast_head_json":{"title":"Tito Guarniere: \"Cancelem o protocolo!\" - O Timoneiro Jornal Canoas RS","robots":{"index":"index","follow":"follow","max-snippet":"max-snippet:-1","max-image-preview":"max-image-preview:large","max-video-preview":"max-video-preview:-1"},"canonical":"https:\/\/jornaltimoneiro.com.br\/index.php\/2020\/10\/30\/tito-guarniere-cancelem-o-protocolo\/","og_locale":"pt_BR","og_type":"article","og_title":"Tito Guarniere: \"Cancelem o protocolo!\" - O Timoneiro Jornal Canoas RS","og_description":"Tito Guarniere CANCELEM O PROTOCOLO!\u00a0 Em normais circunst\u00e2ncias ningu\u00e9m gosta ou quer proximidade de um sujeito rude, irasc\u00edvel e impulsivo, mal-educado e agressivo. Acho que nem os bolsonaristas gostam \u2013 mas eles abrem uma exce\u00e7\u00e3o para o seu chefe e \u00eddolo. Bolsonaro \u00e9 tudo isso e muito mais. Nunca se sabe o que pode irrit\u00e1-lo [&hellip;]","og_url":"https:\/\/jornaltimoneiro.com.br\/index.php\/2020\/10\/30\/tito-guarniere-cancelem-o-protocolo\/","og_site_name":"O Timoneiro Jornal Canoas RS","article_publisher":"https:\/\/www.facebook.com\/jornaltimoneiro","article_published_time":"2020-10-30T10:00:42+00:00","article_modified_time":"2020-10-29T22:02:36+00:00","og_image":[{"width":"476","height":"317","url":"https:\/\/jornaltimoneiro.com.br\/wp-content\/uploads\/2020\/10\/abozo.jpg","type":"image\/jpeg"}],"author":"Reda\u00e7\u00e3o","twitter_card":"summary_large_image","twitter_creator":"@_OTimoneiro","twitter_site":"@_OTimoneiro","twitter_misc":{"Escrito por":"Reda\u00e7\u00e3o","Est. tempo de leitura":"3 minutos"},"schema":{"@context":"https:\/\/schema.org","@graph":[{"@type":"Article","@id":"https:\/\/jornaltimoneiro.com.br\/index.php\/2020\/10\/30\/tito-guarniere-cancelem-o-protocolo\/#article","isPartOf":{"@id":"https:\/\/jornaltimoneiro.com.br\/index.php\/2020\/10\/30\/tito-guarniere-cancelem-o-protocolo\/"},"author":{"name":"Reda\u00e7\u00e3o","@id":"https:\/\/jornaltimoneiro.com.br\/#\/schema\/person\/f63482f1a02b1a9592707865e509ab40"},"headline":"Tito Guarniere: &#8220;Cancelem o protocolo!&#8221;","datePublished":"2020-10-30T10:00:42+00:00","dateModified":"2020-10-29T22:02:36+00:00","mainEntityOfPage":{"@id":"https:\/\/jornaltimoneiro.com.br\/index.php\/2020\/10\/30\/tito-guarniere-cancelem-o-protocolo\/"},"wordCount":580,"commentCount":0,"publisher":{"@id":"https:\/\/jornaltimoneiro.com.br\/#organization"},"articleSection":["Opini\u00e3o"],"inLanguage":"pt-BR","potentialAction":[{"@type":"CommentAction","name":"Comment","target":["https:\/\/jornaltimoneiro.com.br\/index.php\/2020\/10\/30\/tito-guarniere-cancelem-o-protocolo\/#respond"]}]},{"@type":"WebPage","@id":"https:\/\/jornaltimoneiro.com.br\/index.php\/2020\/10\/30\/tito-guarniere-cancelem-o-protocolo\/","url":"https:\/\/jornaltimoneiro.com.br\/index.php\/2020\/10\/30\/tito-guarniere-cancelem-o-protocolo\/","name":"Tito Guarniere: \"Cancelem o protocolo!\" - O Timoneiro Jornal Canoas RS","isPartOf":{"@id":"https:\/\/jornaltimoneiro.com.br\/#website"},"datePublished":"2020-10-30T10:00:42+00:00","dateModified":"2020-10-29T22:02:36+00:00","breadcrumb":{"@id":"https:\/\/jornaltimoneiro.com.br\/index.php\/2020\/10\/30\/tito-guarniere-cancelem-o-protocolo\/#breadcrumb"},"inLanguage":"pt-BR","potentialAction":[{"@type":"ReadAction","target":["https:\/\/jornaltimoneiro.com.br\/index.php\/2020\/10\/30\/tito-guarniere-cancelem-o-protocolo\/"]}]},{"@type":"BreadcrumbList","@id":"https:\/\/jornaltimoneiro.com.br\/index.php\/2020\/10\/30\/tito-guarniere-cancelem-o-protocolo\/#breadcrumb","itemListElement":[{"@type":"ListItem","position":1,"name":"In\u00edcio","item":"https:\/\/jornaltimoneiro.com.br\/"},{"@type":"ListItem","position":2,"name":"Tito Guarniere: &#8220;Cancelem o protocolo!&#8221;"}]},{"@type":"WebSite","@id":"https:\/\/jornaltimoneiro.com.br\/#website","url":"https:\/\/jornaltimoneiro.com.br\/","name":"Jornal Timoneiro Canoas RS","description":"Jornal O Timoneiro, o verdadeiro jornal de Canoas","publisher":{"@id":"https:\/\/jornaltimoneiro.com.br\/#organization"},"potentialAction":[{"@type":"SearchAction","target":{"@type":"EntryPoint","urlTemplate":"https:\/\/jornaltimoneiro.com.br\/?s={search_term_string}"},"query-input":"required name=search_term_string"}],"inLanguage":"pt-BR"},{"@type":"Organization","@id":"https:\/\/jornaltimoneiro.com.br\/#organization","name":"Jornal Timoneiro Canoas RS","url":"https:\/\/jornaltimoneiro.com.br\/","logo":{"@type":"ImageObject","inLanguage":"pt-BR","@id":"https:\/\/jornaltimoneiro.com.br\/#\/schema\/logo\/image\/","url":"https:\/\/jornaltimoneiro.com.br\/wp-content\/uploads\/2023\/03\/logonovo.png","contentUrl":"https:\/\/jornaltimoneiro.com.br\/wp-content\/uploads\/2023\/03\/logonovo.png","width":"469","height":"171","caption":"Jornal Timoneiro Canoas RS"},"image":{"@id":"https:\/\/jornaltimoneiro.com.br\/#\/schema\/logo\/image\/"},"sameAs":["https:\/\/www.facebook.com\/jornaltimoneiro","https:\/\/twitter.com\/_OTimoneiro","https:\/\/www.instagram.com\/jornaltimoneirocanoas\/","https:\/\/www.youtube.com\/@jornalotimoneiro7927"]},{"@type":"Person","@id":"https:\/\/jornaltimoneiro.com.br\/#\/schema\/person\/f63482f1a02b1a9592707865e509ab40","name":"Reda\u00e7\u00e3o","image":{"@type":"ImageObject","inLanguage":"pt-BR","@id":"https:\/\/jornaltimoneiro.com.br\/#\/schema\/person\/image\/","url":"https:\/\/jornaltimoneiro.com.br\/wp-content\/uploads\/2023\/03\/download.jpeg","contentUrl":"https:\/\/jornaltimoneiro.com.br\/wp-content\/uploads\/2023\/03\/download.jpeg","caption":"Reda\u00e7\u00e3o"},"url":"https:\/\/jornaltimoneiro.com.br\/index.php\/author\/simone-dutra\/"}]}},"_links":{"self":[{"href":"https:\/\/jornaltimoneiro.com.br\/index.php\/wp-json\/wp\/v2\/posts\/18041"}],"collection":[{"href":"https:\/\/jornaltimoneiro.com.br\/index.php\/wp-json\/wp\/v2\/posts"}],"about":[{"href":"https:\/\/jornaltimoneiro.com.br\/index.php\/wp-json\/wp\/v2\/types\/post"}],"author":[{"embeddable":true,"href":"https:\/\/jornaltimoneiro.com.br\/index.php\/wp-json\/wp\/v2\/users\/2"}],"replies":[{"embeddable":true,"href":"https:\/\/jornaltimoneiro.com.br\/index.php\/wp-json\/wp\/v2\/comments?post=18041"}],"version-history":[{"count":1,"href":"https:\/\/jornaltimoneiro.com.br\/index.php\/wp-json\/wp\/v2\/posts\/18041\/revisions"}],"predecessor-version":[{"id":18055,"href":"https:\/\/jornaltimoneiro.com.br\/index.php\/wp-json\/wp\/v2\/posts\/18041\/revisions\/18055"}],"wp:featuredmedia":[{"embeddable":true,"href":"https:\/\/jornaltimoneiro.com.br\/index.php\/wp-json\/wp\/v2\/media\/18054"}],"wp:attachment":[{"href":"https:\/\/jornaltimoneiro.com.br\/index.php\/wp-json\/wp\/v2\/media?parent=18041"}],"wp:term":[{"taxonomy":"category","embeddable":true,"href":"https:\/\/jornaltimoneiro.com.br\/index.php\/wp-json\/wp\/v2\/categories?post=18041"},{"taxonomy":"post_tag","embeddable":true,"href":"https:\/\/jornaltimoneiro.com.br\/index.php\/wp-json\/wp\/v2\/tags?post=18041"}],"curies":[{"name":"wp","href":"https:\/\/api.w.org\/{rel}","templated":true}]}}