{"id":18036,"date":"2020-10-30T07:00:26","date_gmt":"2020-10-30T10:00:26","guid":{"rendered":"https:\/\/jornaltimoneiro.com.br\/?p=18036"},"modified":"2020-11-12T18:42:19","modified_gmt":"2020-11-12T20:42:19","slug":"governo-do-estado-altera-protocolos-para-o-setor-de-eventos","status":"publish","type":"post","link":"https:\/\/jornaltimoneiro.com.br\/index.php\/2020\/10\/30\/governo-do-estado-altera-protocolos-para-o-setor-de-eventos\/","title":{"rendered":"Governo do Estado altera protocolos para o setor de eventos"},"content":{"rendered":"<p>A redu\u00e7\u00e3o em indicadores de propaga\u00e7\u00e3o do coronav\u00edrus no Rio Grande do Sul fez com que o governo do Estado, ap\u00f3s debate com representantes de setores e an\u00e1lise do Gabinete de Crise, alterasse, a partir de decreto da \u00faltima segunda-feira, 26, alguns protocolos para eventos.<\/p>\n<p>Assim como os demais eventos j\u00e1 liberados pelo Estado (festas infantis e eventos de maior porte), a realiza\u00e7\u00e3o s\u00f3 poder\u00e1 ocorrer em cidades que autorizaram e que est\u00e3o no processo de volta das aulas presenciais. A condi\u00e7\u00e3o foi estabelecida como forma de elencar uma prioridade na retomada de atividades.<\/p>\n<p><strong>Altera\u00e7\u00f5es para o setor de eventos<\/strong><\/p>\n<ul>\n<li>Eventos sociais e de entretenimento em buffets, casas de festas, casas de shows, casas noturnas ou similares, em ambientes fechados e com p\u00fablico em p\u00e9:<\/li>\n<\/ul>\n<p>A realiza\u00e7\u00e3o desse tipo de evento fica permitida desde que a regi\u00e3o esteja h\u00e1 28 dias seguidos sem bandeira vermelha ou preta.<\/p>\n<p>Na bandeira amarela, o p\u00fablico m\u00e1ximo permitido ser\u00e1 de 100 pessoas, entre trabalhadores e p\u00fablico, respeitando o teto de ocupa\u00e7\u00e3o (oito metros quadrados por pessoa) e distanciamento estabelecido no modo de opera\u00e7\u00e3o.<\/p>\n<p>Na bandeira laranja, o p\u00fablico m\u00e1ximo permitido ser\u00e1 de 70 pessoas (entre p\u00fablico e trabalhadores). Dura\u00e7\u00e3o m\u00e1xima de quatro horas.<\/p>\n<ul>\n<li>Eventos sociais e de entretenimento em ambiente aberto, com p\u00fablico em p\u00e9<\/li>\n<\/ul>\n<p>Esses tipos de evento podem ocorrer em regi\u00f5es de Covid que estiverem h\u00e1 14 dias seguidos sem bandeira vermelha ou preta.<\/p>\n<p>Em locais com consumo de alimentos ou bebidas, ser\u00e1 permitido 40% de lota\u00e7\u00e3o prevista no Plano de Preven\u00e7\u00e3o Contra Inc\u00eandio (PPCI), respeitando o teto de ocupa\u00e7\u00e3o de oito metros quadrados por pessoa e distanciamento estabelecido no modo de opera\u00e7\u00e3o.<\/p>\n<p>Em locais que n\u00e3o ofertam bebidas ou comida, a lota\u00e7\u00e3o m\u00e1xima poder\u00e1 ser de 50% da lota\u00e7\u00e3o prevista pelo PPCI, respeitando o teto e o distanciamento. A dura\u00e7\u00e3o dos eventos tamb\u00e9m ser\u00e1 de, no m\u00e1ximo, quatro horas.<\/p>\n","protected":false},"excerpt":{"rendered":"<p>A redu\u00e7\u00e3o em indicadores de propaga\u00e7\u00e3o do coronav\u00edrus no Rio Grande do Sul fez com que o governo do Estado, ap\u00f3s debate com representantes de setores e an\u00e1lise do Gabinete de Crise, alterasse, a partir de decreto da \u00faltima segunda-feira, 26, alguns protocolos para eventos. Assim como os demais eventos j\u00e1 liberados pelo Estado (festas [&hellip;]<\/p>\n","protected":false},"author":2,"featured_media":18047,"comment_status":"open","ping_status":"open","sticky":false,"template":"","format":"standard","meta":{"amp_status":"","footnotes":""},"categories":[23],"tags":[],"class_list":["post-18036","post","type-post","status-publish","format-standard","has-post-thumbnail","hentry","category-geral"],"yoast_head":"<!-- This site is optimized with the Yoast SEO plugin v20.5 - https:\/\/yoast.com\/wordpress\/plugins\/seo\/ -->\n<title>Governo do Estado altera protocolos para o setor de eventos - O Timoneiro Jornal Canoas RS<\/title>\n<meta name=\"robots\" content=\"index, follow, max-snippet:-1, max-image-preview:large, max-video-preview:-1\" \/>\n<link rel=\"canonical\" href=\"https:\/\/jornaltimoneiro.com.br\/index.php\/2020\/10\/30\/governo-do-estado-altera-protocolos-para-o-setor-de-eventos\/\" \/>\n<meta property=\"og:locale\" content=\"pt_BR\" \/>\n<meta property=\"og:type\" content=\"article\" \/>\n<meta property=\"og:title\" content=\"Governo do Estado altera protocolos para o setor de eventos - O Timoneiro Jornal Canoas RS\" \/>\n<meta property=\"og:description\" content=\"A redu\u00e7\u00e3o em indicadores de propaga\u00e7\u00e3o do coronav\u00edrus no Rio Grande do Sul fez com que o governo do Estado, ap\u00f3s debate com representantes de setores e an\u00e1lise do Gabinete de Crise, alterasse, a partir de decreto da \u00faltima segunda-feira, 26, alguns protocolos para eventos. Assim como os demais eventos j\u00e1 liberados pelo Estado (festas [&hellip;]\" \/>\n<meta property=\"og:url\" content=\"https:\/\/jornaltimoneiro.com.br\/index.php\/2020\/10\/30\/governo-do-estado-altera-protocolos-para-o-setor-de-eventos\/\" \/>\n<meta property=\"og:site_name\" content=\"O Timoneiro Jornal Canoas RS\" \/>\n<meta property=\"article:publisher\" content=\"https:\/\/www.facebook.com\/jornaltimoneiro\" \/>\n<meta property=\"article:published_time\" content=\"2020-10-30T10:00:26+00:00\" \/>\n<meta property=\"article:modified_time\" content=\"2020-11-12T20:42:19+00:00\" \/>\n<meta property=\"og:image\" content=\"https:\/\/jornaltimoneiro.com.br\/wp-content\/uploads\/2020\/10\/Clube-Tradi\u00e7\u00e3o-est\u00e1-h\u00e1-mais-de-oito-meses-sem-receber-eventos.jpeg\" \/>\n\t<meta property=\"og:image:width\" content=\"1080\" \/>\n\t<meta property=\"og:image:height\" content=\"810\" \/>\n\t<meta property=\"og:image:type\" content=\"image\/jpeg\" \/>\n<meta name=\"author\" content=\"Reda\u00e7\u00e3o\" \/>\n<meta name=\"twitter:card\" content=\"summary_large_image\" \/>\n<meta name=\"twitter:creator\" content=\"@_OTimoneiro\" \/>\n<meta name=\"twitter:site\" content=\"@_OTimoneiro\" \/>\n<meta name=\"twitter:label1\" content=\"Escrito por\" \/>\n\t<meta name=\"twitter:data1\" content=\"Reda\u00e7\u00e3o\" \/>\n\t<meta name=\"twitter:label2\" content=\"Est. tempo de leitura\" \/>\n\t<meta name=\"twitter:data2\" content=\"2 minutos\" \/>\n<script type=\"application\/ld+json\" class=\"yoast-schema-graph\">{\"@context\":\"https:\/\/schema.org\",\"@graph\":[{\"@type\":\"Article\",\"@id\":\"https:\/\/jornaltimoneiro.com.br\/index.php\/2020\/10\/30\/governo-do-estado-altera-protocolos-para-o-setor-de-eventos\/#article\",\"isPartOf\":{\"@id\":\"https:\/\/jornaltimoneiro.com.br\/index.php\/2020\/10\/30\/governo-do-estado-altera-protocolos-para-o-setor-de-eventos\/\"},\"author\":{\"name\":\"Reda\u00e7\u00e3o\",\"@id\":\"https:\/\/jornaltimoneiro.com.br\/#\/schema\/person\/f63482f1a02b1a9592707865e509ab40\"},\"headline\":\"Governo do Estado altera protocolos para o setor de eventos\",\"datePublished\":\"2020-10-30T10:00:26+00:00\",\"dateModified\":\"2020-11-12T20:42:19+00:00\",\"mainEntityOfPage\":{\"@id\":\"https:\/\/jornaltimoneiro.com.br\/index.php\/2020\/10\/30\/governo-do-estado-altera-protocolos-para-o-setor-de-eventos\/\"},\"wordCount\":347,\"commentCount\":0,\"publisher\":{\"@id\":\"https:\/\/jornaltimoneiro.com.br\/#organization\"},\"articleSection\":[\"Geral\"],\"inLanguage\":\"pt-BR\",\"potentialAction\":[{\"@type\":\"CommentAction\",\"name\":\"Comment\",\"target\":[\"https:\/\/jornaltimoneiro.com.br\/index.php\/2020\/10\/30\/governo-do-estado-altera-protocolos-para-o-setor-de-eventos\/#respond\"]}]},{\"@type\":\"WebPage\",\"@id\":\"https:\/\/jornaltimoneiro.com.br\/index.php\/2020\/10\/30\/governo-do-estado-altera-protocolos-para-o-setor-de-eventos\/\",\"url\":\"https:\/\/jornaltimoneiro.com.br\/index.php\/2020\/10\/30\/governo-do-estado-altera-protocolos-para-o-setor-de-eventos\/\",\"name\":\"Governo do Estado altera protocolos para o setor de eventos - O Timoneiro Jornal Canoas RS\",\"isPartOf\":{\"@id\":\"https:\/\/jornaltimoneiro.com.br\/#website\"},\"datePublished\":\"2020-10-30T10:00:26+00:00\",\"dateModified\":\"2020-11-12T20:42:19+00:00\",\"breadcrumb\":{\"@id\":\"https:\/\/jornaltimoneiro.com.br\/index.php\/2020\/10\/30\/governo-do-estado-altera-protocolos-para-o-setor-de-eventos\/#breadcrumb\"},\"inLanguage\":\"pt-BR\",\"potentialAction\":[{\"@type\":\"ReadAction\",\"target\":[\"https:\/\/jornaltimoneiro.com.br\/index.php\/2020\/10\/30\/governo-do-estado-altera-protocolos-para-o-setor-de-eventos\/\"]}]},{\"@type\":\"BreadcrumbList\",\"@id\":\"https:\/\/jornaltimoneiro.com.br\/index.php\/2020\/10\/30\/governo-do-estado-altera-protocolos-para-o-setor-de-eventos\/#breadcrumb\",\"itemListElement\":[{\"@type\":\"ListItem\",\"position\":1,\"name\":\"In\u00edcio\",\"item\":\"https:\/\/jornaltimoneiro.com.br\/\"},{\"@type\":\"ListItem\",\"position\":2,\"name\":\"Governo do Estado altera protocolos para o setor de eventos\"}]},{\"@type\":\"WebSite\",\"@id\":\"https:\/\/jornaltimoneiro.com.br\/#website\",\"url\":\"https:\/\/jornaltimoneiro.com.br\/\",\"name\":\"Jornal Timoneiro Canoas RS\",\"description\":\"Jornal O Timoneiro, o verdadeiro jornal de Canoas\",\"publisher\":{\"@id\":\"https:\/\/jornaltimoneiro.com.br\/#organization\"},\"potentialAction\":[{\"@type\":\"SearchAction\",\"target\":{\"@type\":\"EntryPoint\",\"urlTemplate\":\"https:\/\/jornaltimoneiro.com.br\/?s={search_term_string}\"},\"query-input\":\"required name=search_term_string\"}],\"inLanguage\":\"pt-BR\"},{\"@type\":\"Organization\",\"@id\":\"https:\/\/jornaltimoneiro.com.br\/#organization\",\"name\":\"Jornal Timoneiro Canoas RS\",\"url\":\"https:\/\/jornaltimoneiro.com.br\/\",\"logo\":{\"@type\":\"ImageObject\",\"inLanguage\":\"pt-BR\",\"@id\":\"https:\/\/jornaltimoneiro.com.br\/#\/schema\/logo\/image\/\",\"url\":\"https:\/\/jornaltimoneiro.com.br\/wp-content\/uploads\/2023\/03\/logonovo.png\",\"contentUrl\":\"https:\/\/jornaltimoneiro.com.br\/wp-content\/uploads\/2023\/03\/logonovo.png\",\"width\":\"469\",\"height\":\"171\",\"caption\":\"Jornal Timoneiro Canoas RS\"},\"image\":{\"@id\":\"https:\/\/jornaltimoneiro.com.br\/#\/schema\/logo\/image\/\"},\"sameAs\":[\"https:\/\/www.facebook.com\/jornaltimoneiro\",\"https:\/\/twitter.com\/_OTimoneiro\",\"https:\/\/www.instagram.com\/jornaltimoneirocanoas\/\",\"https:\/\/www.youtube.com\/@jornalotimoneiro7927\"]},{\"@type\":\"Person\",\"@id\":\"https:\/\/jornaltimoneiro.com.br\/#\/schema\/person\/f63482f1a02b1a9592707865e509ab40\",\"name\":\"Reda\u00e7\u00e3o\",\"image\":{\"@type\":\"ImageObject\",\"inLanguage\":\"pt-BR\",\"@id\":\"https:\/\/jornaltimoneiro.com.br\/#\/schema\/person\/image\/\",\"url\":\"https:\/\/jornaltimoneiro.com.br\/wp-content\/uploads\/2023\/03\/download.jpeg\",\"contentUrl\":\"https:\/\/jornaltimoneiro.com.br\/wp-content\/uploads\/2023\/03\/download.jpeg\",\"caption\":\"Reda\u00e7\u00e3o\"},\"url\":\"https:\/\/jornaltimoneiro.com.br\/index.php\/author\/simone-dutra\/\"}]}<\/script>\n<!-- \/ Yoast SEO plugin. -->","yoast_head_json":{"title":"Governo do Estado altera protocolos para o setor de eventos - O Timoneiro Jornal Canoas RS","robots":{"index":"index","follow":"follow","max-snippet":"max-snippet:-1","max-image-preview":"max-image-preview:large","max-video-preview":"max-video-preview:-1"},"canonical":"https:\/\/jornaltimoneiro.com.br\/index.php\/2020\/10\/30\/governo-do-estado-altera-protocolos-para-o-setor-de-eventos\/","og_locale":"pt_BR","og_type":"article","og_title":"Governo do Estado altera protocolos para o setor de eventos - O Timoneiro Jornal Canoas RS","og_description":"A redu\u00e7\u00e3o em indicadores de propaga\u00e7\u00e3o do coronav\u00edrus no Rio Grande do Sul fez com que o governo do Estado, ap\u00f3s debate com representantes de setores e an\u00e1lise do Gabinete de Crise, alterasse, a partir de decreto da \u00faltima segunda-feira, 26, alguns protocolos para eventos. Assim como os demais eventos j\u00e1 liberados pelo Estado (festas [&hellip;]","og_url":"https:\/\/jornaltimoneiro.com.br\/index.php\/2020\/10\/30\/governo-do-estado-altera-protocolos-para-o-setor-de-eventos\/","og_site_name":"O Timoneiro Jornal Canoas RS","article_publisher":"https:\/\/www.facebook.com\/jornaltimoneiro","article_published_time":"2020-10-30T10:00:26+00:00","article_modified_time":"2020-11-12T20:42:19+00:00","og_image":[{"width":"1080","height":"810","url":"https:\/\/jornaltimoneiro.com.br\/wp-content\/uploads\/2020\/10\/Clube-Tradi\u00e7\u00e3o-est\u00e1-h\u00e1-mais-de-oito-meses-sem-receber-eventos.jpeg","type":"image\/jpeg"}],"author":"Reda\u00e7\u00e3o","twitter_card":"summary_large_image","twitter_creator":"@_OTimoneiro","twitter_site":"@_OTimoneiro","twitter_misc":{"Escrito por":"Reda\u00e7\u00e3o","Est. tempo de leitura":"2 minutos"},"schema":{"@context":"https:\/\/schema.org","@graph":[{"@type":"Article","@id":"https:\/\/jornaltimoneiro.com.br\/index.php\/2020\/10\/30\/governo-do-estado-altera-protocolos-para-o-setor-de-eventos\/#article","isPartOf":{"@id":"https:\/\/jornaltimoneiro.com.br\/index.php\/2020\/10\/30\/governo-do-estado-altera-protocolos-para-o-setor-de-eventos\/"},"author":{"name":"Reda\u00e7\u00e3o","@id":"https:\/\/jornaltimoneiro.com.br\/#\/schema\/person\/f63482f1a02b1a9592707865e509ab40"},"headline":"Governo do Estado altera protocolos para o setor de eventos","datePublished":"2020-10-30T10:00:26+00:00","dateModified":"2020-11-12T20:42:19+00:00","mainEntityOfPage":{"@id":"https:\/\/jornaltimoneiro.com.br\/index.php\/2020\/10\/30\/governo-do-estado-altera-protocolos-para-o-setor-de-eventos\/"},"wordCount":347,"commentCount":0,"publisher":{"@id":"https:\/\/jornaltimoneiro.com.br\/#organization"},"articleSection":["Geral"],"inLanguage":"pt-BR","potentialAction":[{"@type":"CommentAction","name":"Comment","target":["https:\/\/jornaltimoneiro.com.br\/index.php\/2020\/10\/30\/governo-do-estado-altera-protocolos-para-o-setor-de-eventos\/#respond"]}]},{"@type":"WebPage","@id":"https:\/\/jornaltimoneiro.com.br\/index.php\/2020\/10\/30\/governo-do-estado-altera-protocolos-para-o-setor-de-eventos\/","url":"https:\/\/jornaltimoneiro.com.br\/index.php\/2020\/10\/30\/governo-do-estado-altera-protocolos-para-o-setor-de-eventos\/","name":"Governo do Estado altera protocolos para o setor de eventos - O Timoneiro Jornal Canoas RS","isPartOf":{"@id":"https:\/\/jornaltimoneiro.com.br\/#website"},"datePublished":"2020-10-30T10:00:26+00:00","dateModified":"2020-11-12T20:42:19+00:00","breadcrumb":{"@id":"https:\/\/jornaltimoneiro.com.br\/index.php\/2020\/10\/30\/governo-do-estado-altera-protocolos-para-o-setor-de-eventos\/#breadcrumb"},"inLanguage":"pt-BR","potentialAction":[{"@type":"ReadAction","target":["https:\/\/jornaltimoneiro.com.br\/index.php\/2020\/10\/30\/governo-do-estado-altera-protocolos-para-o-setor-de-eventos\/"]}]},{"@type":"BreadcrumbList","@id":"https:\/\/jornaltimoneiro.com.br\/index.php\/2020\/10\/30\/governo-do-estado-altera-protocolos-para-o-setor-de-eventos\/#breadcrumb","itemListElement":[{"@type":"ListItem","position":1,"name":"In\u00edcio","item":"https:\/\/jornaltimoneiro.com.br\/"},{"@type":"ListItem","position":2,"name":"Governo do Estado altera protocolos para o setor de eventos"}]},{"@type":"WebSite","@id":"https:\/\/jornaltimoneiro.com.br\/#website","url":"https:\/\/jornaltimoneiro.com.br\/","name":"Jornal Timoneiro Canoas RS","description":"Jornal O Timoneiro, o verdadeiro jornal de Canoas","publisher":{"@id":"https:\/\/jornaltimoneiro.com.br\/#organization"},"potentialAction":[{"@type":"SearchAction","target":{"@type":"EntryPoint","urlTemplate":"https:\/\/jornaltimoneiro.com.br\/?s={search_term_string}"},"query-input":"required name=search_term_string"}],"inLanguage":"pt-BR"},{"@type":"Organization","@id":"https:\/\/jornaltimoneiro.com.br\/#organization","name":"Jornal Timoneiro Canoas RS","url":"https:\/\/jornaltimoneiro.com.br\/","logo":{"@type":"ImageObject","inLanguage":"pt-BR","@id":"https:\/\/jornaltimoneiro.com.br\/#\/schema\/logo\/image\/","url":"https:\/\/jornaltimoneiro.com.br\/wp-content\/uploads\/2023\/03\/logonovo.png","contentUrl":"https:\/\/jornaltimoneiro.com.br\/wp-content\/uploads\/2023\/03\/logonovo.png","width":"469","height":"171","caption":"Jornal Timoneiro Canoas RS"},"image":{"@id":"https:\/\/jornaltimoneiro.com.br\/#\/schema\/logo\/image\/"},"sameAs":["https:\/\/www.facebook.com\/jornaltimoneiro","https:\/\/twitter.com\/_OTimoneiro","https:\/\/www.instagram.com\/jornaltimoneirocanoas\/","https:\/\/www.youtube.com\/@jornalotimoneiro7927"]},{"@type":"Person","@id":"https:\/\/jornaltimoneiro.com.br\/#\/schema\/person\/f63482f1a02b1a9592707865e509ab40","name":"Reda\u00e7\u00e3o","image":{"@type":"ImageObject","inLanguage":"pt-BR","@id":"https:\/\/jornaltimoneiro.com.br\/#\/schema\/person\/image\/","url":"https:\/\/jornaltimoneiro.com.br\/wp-content\/uploads\/2023\/03\/download.jpeg","contentUrl":"https:\/\/jornaltimoneiro.com.br\/wp-content\/uploads\/2023\/03\/download.jpeg","caption":"Reda\u00e7\u00e3o"},"url":"https:\/\/jornaltimoneiro.com.br\/index.php\/author\/simone-dutra\/"}]}},"_links":{"self":[{"href":"https:\/\/jornaltimoneiro.com.br\/index.php\/wp-json\/wp\/v2\/posts\/18036"}],"collection":[{"href":"https:\/\/jornaltimoneiro.com.br\/index.php\/wp-json\/wp\/v2\/posts"}],"about":[{"href":"https:\/\/jornaltimoneiro.com.br\/index.php\/wp-json\/wp\/v2\/types\/post"}],"author":[{"embeddable":true,"href":"https:\/\/jornaltimoneiro.com.br\/index.php\/wp-json\/wp\/v2\/users\/2"}],"replies":[{"embeddable":true,"href":"https:\/\/jornaltimoneiro.com.br\/index.php\/wp-json\/wp\/v2\/comments?post=18036"}],"version-history":[{"count":1,"href":"https:\/\/jornaltimoneiro.com.br\/index.php\/wp-json\/wp\/v2\/posts\/18036\/revisions"}],"predecessor-version":[{"id":18048,"href":"https:\/\/jornaltimoneiro.com.br\/index.php\/wp-json\/wp\/v2\/posts\/18036\/revisions\/18048"}],"wp:featuredmedia":[{"embeddable":true,"href":"https:\/\/jornaltimoneiro.com.br\/index.php\/wp-json\/wp\/v2\/media\/18047"}],"wp:attachment":[{"href":"https:\/\/jornaltimoneiro.com.br\/index.php\/wp-json\/wp\/v2\/media?parent=18036"}],"wp:term":[{"taxonomy":"category","embeddable":true,"href":"https:\/\/jornaltimoneiro.com.br\/index.php\/wp-json\/wp\/v2\/categories?post=18036"},{"taxonomy":"post_tag","embeddable":true,"href":"https:\/\/jornaltimoneiro.com.br\/index.php\/wp-json\/wp\/v2\/tags?post=18036"}],"curies":[{"name":"wp","href":"https:\/\/api.w.org\/{rel}","templated":true}]}}