{"id":18009,"date":"2020-10-23T07:00:10","date_gmt":"2020-10-23T10:00:10","guid":{"rendered":"https:\/\/jornaltimoneiro.com.br\/?p=18009"},"modified":"2020-10-22T22:55:58","modified_gmt":"2020-10-23T01:55:58","slug":"prefeitura-de-canoas-decretara-requisicao-do-hnsg","status":"publish","type":"post","link":"https:\/\/jornaltimoneiro.com.br\/index.php\/2020\/10\/23\/prefeitura-de-canoas-decretara-requisicao-do-hnsg\/","title":{"rendered":"Prefeitura de Canoas decretar\u00e1 requisi\u00e7\u00e3o do HNSG"},"content":{"rendered":"<p>O prefeito Luiz Carlos Busato decretar\u00e1, na sexta-feira, 23, a requisi\u00e7\u00e3o da gest\u00e3o do Hospital Nossa Senhora das Gra\u00e7as (HNSG). A medida, que \u00e9 uma resposta ao of\u00edcio enviado pela institui\u00e7\u00e3o \u00e0 Secretaria de Sa\u00fade, tem como objetivo regularizar os atendimentos e evitar o fechamento da Emerg\u00eancia do hospital.<\/p>\n<p>A institui\u00e7\u00e3o, que \u00e9 privada, passa h\u00e1 d\u00e9cadas por problemas financeiros e administrativos. No ano passado, a Prefeitura de Canoas solicitou, junto do Minist\u00e9rio P\u00fablico Estadual, a troca da gest\u00e3o do HNSG para evitar o fechamento do hospital. No entanto, mesmo com a nova administra\u00e7\u00e3o, os problemas voltaram a se repetir. Agora, como \u00fanica solu\u00e7\u00e3o para evitar o colapso da institui\u00e7\u00e3o e atender com qualidade os cidad\u00e3os canoenses, a prefeitura busca uma requisi\u00e7\u00e3o no HNSG.<\/p>\n<p><strong>Experi\u00eancia no HMC E HPSC<\/strong><\/p>\n<p>Em 2018, a Prefeitura de Canoas realizou uma interven\u00e7\u00e3o no HPSC e no Hospital Municipal de Canoas. O munic\u00edpio ir\u00e1 comunicar o Minist\u00e9rio P\u00fablico desta requisi\u00e7\u00e3o. A partir do processo de interven\u00e7\u00e3o, a Prefeitura de Canoas conseguiu quitar boa parte das d\u00edvidas, colocou os sal\u00e1rios dos profissionais em dia, pagou fornecedores e retomou os atendimentos. Al\u00e9m disso, durante o processo, o Hospital Municipal de Canoas passou por uma grande reforma, que abrangeu todos os andares, e propiciou o aumento de leitos pelo Sistema \u00danico de Sa\u00fade. Gra\u00e7as a efetividade deste trabalho, o hospital virou refer\u00eancia estadual para o combate ao coronav\u00edrus.<\/p>\n<p>Busato lamenta o uso pol\u00edtico por parte de membros da diretoria do HNSG, que demonstram n\u00e3o se importar com a vida dos canoenses. \u201cInfelizmente, pessoas mal intencionadas querem tirar proveito pol\u00edtico em cima da dor de quem precisa de atendimento. N\u00e3o vamos ficar de bra\u00e7os cruzados, faremos o que for preciso para manter a ordem e preservar vidas. Essa interven\u00e7\u00e3o \u00e9 para o Gracinha n\u00e3o fechar as portas\u201d, afirma Busato.<\/p>\n<p><strong>Manifesta\u00e7\u00e3o do Simers<\/strong><\/p>\n<p>Horas antes do an\u00fancio da requisi\u00e7\u00e3o do HNSG, o Sindicato M\u00e9dico do Rio Grande do Sul (Simers) emitiu uma nota a respeito da situa\u00e7\u00e3o do hospital, que estava, naquele momento, correndo risco de fechar sua emerg\u00eancia. Na nota, o Sindicato cita o comunicado sobre o poss\u00edvel fechamento do servi\u00e7o de emerg\u00eancia, assinado pelo diretor t\u00e9cnico da institui\u00e7\u00e3o de sa\u00fade. A nota diz ainda que a entidade m\u00e9dica refor\u00e7a a necessidade urgente de melhorias nas condi\u00e7\u00f5es de trabalho dos m\u00e9dicos daquele hospital e, essencialmente, na disponibilidade de medicamentos e insumos para atendimentos e tratamento aos pacientes.<\/p>\n<p>O texto conclui dizendo que o Simers reitera que ao defender os m\u00e9dicos, defende a sa\u00fade.<\/p>\n<p><strong>HNSG<\/strong><\/p>\n<p>O Hospital Nossa Senhora das Gra\u00e7as \u00e9 um centro de refer\u00eancia em sa\u00fade na regi\u00e3o metropolitana de Porto Alegre. Atende mais de 700 pacientes por dia no Pronto Atendimento\/SUS e na Emerg\u00eancia para Conv\u00eanios e Particulares. Possui ampla e qualificada \u00e1rea destinada ao atendimento de conv\u00eanios e particulares, com excel\u00eancia e qualidade. \u00c9 refer\u00eancia para mais de 130 munic\u00edpios da regi\u00e3o.<\/p>\n<p>Dado o tamanho da sua import\u00e2ncia para Canoas e para a Regi\u00e3o Metropolitana, conforme os n\u00fameros evidenciam, o fechamento da emerg\u00eancia do hospital, caso se concretizasse, traria grandes preju\u00edzos \u00e0 popula\u00e7\u00e3o.<\/p>\n","protected":false},"excerpt":{"rendered":"<p>O prefeito Luiz Carlos Busato decretar\u00e1, na sexta-feira, 23, a requisi\u00e7\u00e3o da gest\u00e3o do Hospital Nossa Senhora das Gra\u00e7as (HNSG). A medida, que \u00e9 uma resposta ao of\u00edcio enviado pela institui\u00e7\u00e3o \u00e0 Secretaria de Sa\u00fade, tem como objetivo regularizar os atendimentos e evitar o fechamento da Emerg\u00eancia do hospital. A institui\u00e7\u00e3o, que \u00e9 privada, passa [&hellip;]<\/p>\n","protected":false},"author":2,"featured_media":18010,"comment_status":"open","ping_status":"open","sticky":false,"template":"","format":"standard","meta":{"amp_status":"","footnotes":""},"categories":[19],"tags":[],"class_list":["post-18009","post","type-post","status-publish","format-standard","has-post-thumbnail","hentry","category-destaques"],"yoast_head":"<!-- This site is optimized with the Yoast SEO plugin v20.5 - https:\/\/yoast.com\/wordpress\/plugins\/seo\/ -->\n<title>Prefeitura de Canoas decretar\u00e1 requisi\u00e7\u00e3o do HNSG - O Timoneiro Jornal Canoas RS<\/title>\n<meta name=\"robots\" content=\"index, follow, max-snippet:-1, max-image-preview:large, max-video-preview:-1\" \/>\n<link rel=\"canonical\" href=\"https:\/\/jornaltimoneiro.com.br\/index.php\/2020\/10\/23\/prefeitura-de-canoas-decretara-requisicao-do-hnsg\/\" \/>\n<meta property=\"og:locale\" content=\"pt_BR\" \/>\n<meta property=\"og:type\" content=\"article\" \/>\n<meta property=\"og:title\" content=\"Prefeitura de Canoas decretar\u00e1 requisi\u00e7\u00e3o do HNSG - O Timoneiro Jornal Canoas RS\" \/>\n<meta property=\"og:description\" content=\"O prefeito Luiz Carlos Busato decretar\u00e1, na sexta-feira, 23, a requisi\u00e7\u00e3o da gest\u00e3o do Hospital Nossa Senhora das Gra\u00e7as (HNSG). A medida, que \u00e9 uma resposta ao of\u00edcio enviado pela institui\u00e7\u00e3o \u00e0 Secretaria de Sa\u00fade, tem como objetivo regularizar os atendimentos e evitar o fechamento da Emerg\u00eancia do hospital. A institui\u00e7\u00e3o, que \u00e9 privada, passa [&hellip;]\" \/>\n<meta property=\"og:url\" content=\"https:\/\/jornaltimoneiro.com.br\/index.php\/2020\/10\/23\/prefeitura-de-canoas-decretara-requisicao-do-hnsg\/\" \/>\n<meta property=\"og:site_name\" content=\"O Timoneiro Jornal Canoas RS\" \/>\n<meta property=\"article:publisher\" content=\"https:\/\/www.facebook.com\/jornaltimoneiro\" \/>\n<meta property=\"article:published_time\" content=\"2020-10-23T10:00:10+00:00\" \/>\n<meta property=\"article:modified_time\" content=\"2020-10-23T01:55:58+00:00\" \/>\n<meta property=\"og:image\" content=\"https:\/\/jornaltimoneiro.com.br\/wp-content\/uploads\/2020\/10\/WhatsApp-Image-2020-10-22-at-22.17.41.jpeg\" \/>\n\t<meta property=\"og:image:width\" content=\"900\" \/>\n\t<meta property=\"og:image:height\" content=\"675\" \/>\n\t<meta property=\"og:image:type\" content=\"image\/jpeg\" \/>\n<meta name=\"author\" content=\"Reda\u00e7\u00e3o\" \/>\n<meta name=\"twitter:card\" content=\"summary_large_image\" \/>\n<meta name=\"twitter:creator\" content=\"@_OTimoneiro\" \/>\n<meta name=\"twitter:site\" content=\"@_OTimoneiro\" \/>\n<meta name=\"twitter:label1\" content=\"Escrito por\" \/>\n\t<meta name=\"twitter:data1\" content=\"Reda\u00e7\u00e3o\" \/>\n\t<meta name=\"twitter:label2\" content=\"Est. tempo de leitura\" \/>\n\t<meta name=\"twitter:data2\" content=\"3 minutos\" \/>\n<script type=\"application\/ld+json\" class=\"yoast-schema-graph\">{\"@context\":\"https:\/\/schema.org\",\"@graph\":[{\"@type\":\"Article\",\"@id\":\"https:\/\/jornaltimoneiro.com.br\/index.php\/2020\/10\/23\/prefeitura-de-canoas-decretara-requisicao-do-hnsg\/#article\",\"isPartOf\":{\"@id\":\"https:\/\/jornaltimoneiro.com.br\/index.php\/2020\/10\/23\/prefeitura-de-canoas-decretara-requisicao-do-hnsg\/\"},\"author\":{\"name\":\"Reda\u00e7\u00e3o\",\"@id\":\"https:\/\/jornaltimoneiro.com.br\/#\/schema\/person\/f63482f1a02b1a9592707865e509ab40\"},\"headline\":\"Prefeitura de Canoas decretar\u00e1 requisi\u00e7\u00e3o do HNSG\",\"datePublished\":\"2020-10-23T10:00:10+00:00\",\"dateModified\":\"2020-10-23T01:55:58+00:00\",\"mainEntityOfPage\":{\"@id\":\"https:\/\/jornaltimoneiro.com.br\/index.php\/2020\/10\/23\/prefeitura-de-canoas-decretara-requisicao-do-hnsg\/\"},\"wordCount\":578,\"commentCount\":0,\"publisher\":{\"@id\":\"https:\/\/jornaltimoneiro.com.br\/#organization\"},\"articleSection\":[\"Destaques\"],\"inLanguage\":\"pt-BR\",\"potentialAction\":[{\"@type\":\"CommentAction\",\"name\":\"Comment\",\"target\":[\"https:\/\/jornaltimoneiro.com.br\/index.php\/2020\/10\/23\/prefeitura-de-canoas-decretara-requisicao-do-hnsg\/#respond\"]}]},{\"@type\":\"WebPage\",\"@id\":\"https:\/\/jornaltimoneiro.com.br\/index.php\/2020\/10\/23\/prefeitura-de-canoas-decretara-requisicao-do-hnsg\/\",\"url\":\"https:\/\/jornaltimoneiro.com.br\/index.php\/2020\/10\/23\/prefeitura-de-canoas-decretara-requisicao-do-hnsg\/\",\"name\":\"Prefeitura de Canoas decretar\u00e1 requisi\u00e7\u00e3o do HNSG - O Timoneiro Jornal Canoas RS\",\"isPartOf\":{\"@id\":\"https:\/\/jornaltimoneiro.com.br\/#website\"},\"datePublished\":\"2020-10-23T10:00:10+00:00\",\"dateModified\":\"2020-10-23T01:55:58+00:00\",\"breadcrumb\":{\"@id\":\"https:\/\/jornaltimoneiro.com.br\/index.php\/2020\/10\/23\/prefeitura-de-canoas-decretara-requisicao-do-hnsg\/#breadcrumb\"},\"inLanguage\":\"pt-BR\",\"potentialAction\":[{\"@type\":\"ReadAction\",\"target\":[\"https:\/\/jornaltimoneiro.com.br\/index.php\/2020\/10\/23\/prefeitura-de-canoas-decretara-requisicao-do-hnsg\/\"]}]},{\"@type\":\"BreadcrumbList\",\"@id\":\"https:\/\/jornaltimoneiro.com.br\/index.php\/2020\/10\/23\/prefeitura-de-canoas-decretara-requisicao-do-hnsg\/#breadcrumb\",\"itemListElement\":[{\"@type\":\"ListItem\",\"position\":1,\"name\":\"In\u00edcio\",\"item\":\"https:\/\/jornaltimoneiro.com.br\/\"},{\"@type\":\"ListItem\",\"position\":2,\"name\":\"Prefeitura de Canoas decretar\u00e1 requisi\u00e7\u00e3o do HNSG\"}]},{\"@type\":\"WebSite\",\"@id\":\"https:\/\/jornaltimoneiro.com.br\/#website\",\"url\":\"https:\/\/jornaltimoneiro.com.br\/\",\"name\":\"Jornal Timoneiro Canoas RS\",\"description\":\"Jornal O Timoneiro, o verdadeiro jornal de Canoas\",\"publisher\":{\"@id\":\"https:\/\/jornaltimoneiro.com.br\/#organization\"},\"potentialAction\":[{\"@type\":\"SearchAction\",\"target\":{\"@type\":\"EntryPoint\",\"urlTemplate\":\"https:\/\/jornaltimoneiro.com.br\/?s={search_term_string}\"},\"query-input\":\"required name=search_term_string\"}],\"inLanguage\":\"pt-BR\"},{\"@type\":\"Organization\",\"@id\":\"https:\/\/jornaltimoneiro.com.br\/#organization\",\"name\":\"Jornal Timoneiro Canoas RS\",\"url\":\"https:\/\/jornaltimoneiro.com.br\/\",\"logo\":{\"@type\":\"ImageObject\",\"inLanguage\":\"pt-BR\",\"@id\":\"https:\/\/jornaltimoneiro.com.br\/#\/schema\/logo\/image\/\",\"url\":\"https:\/\/jornaltimoneiro.com.br\/wp-content\/uploads\/2023\/03\/logonovo.png\",\"contentUrl\":\"https:\/\/jornaltimoneiro.com.br\/wp-content\/uploads\/2023\/03\/logonovo.png\",\"width\":\"469\",\"height\":\"171\",\"caption\":\"Jornal Timoneiro Canoas RS\"},\"image\":{\"@id\":\"https:\/\/jornaltimoneiro.com.br\/#\/schema\/logo\/image\/\"},\"sameAs\":[\"https:\/\/www.facebook.com\/jornaltimoneiro\",\"https:\/\/twitter.com\/_OTimoneiro\",\"https:\/\/www.instagram.com\/jornaltimoneirocanoas\/\",\"https:\/\/www.youtube.com\/@jornalotimoneiro7927\"]},{\"@type\":\"Person\",\"@id\":\"https:\/\/jornaltimoneiro.com.br\/#\/schema\/person\/f63482f1a02b1a9592707865e509ab40\",\"name\":\"Reda\u00e7\u00e3o\",\"image\":{\"@type\":\"ImageObject\",\"inLanguage\":\"pt-BR\",\"@id\":\"https:\/\/jornaltimoneiro.com.br\/#\/schema\/person\/image\/\",\"url\":\"https:\/\/jornaltimoneiro.com.br\/wp-content\/uploads\/2023\/03\/download.jpeg\",\"contentUrl\":\"https:\/\/jornaltimoneiro.com.br\/wp-content\/uploads\/2023\/03\/download.jpeg\",\"caption\":\"Reda\u00e7\u00e3o\"},\"url\":\"https:\/\/jornaltimoneiro.com.br\/index.php\/author\/simone-dutra\/\"}]}<\/script>\n<!-- \/ Yoast SEO plugin. -->","yoast_head_json":{"title":"Prefeitura de Canoas decretar\u00e1 requisi\u00e7\u00e3o do HNSG - O Timoneiro Jornal Canoas RS","robots":{"index":"index","follow":"follow","max-snippet":"max-snippet:-1","max-image-preview":"max-image-preview:large","max-video-preview":"max-video-preview:-1"},"canonical":"https:\/\/jornaltimoneiro.com.br\/index.php\/2020\/10\/23\/prefeitura-de-canoas-decretara-requisicao-do-hnsg\/","og_locale":"pt_BR","og_type":"article","og_title":"Prefeitura de Canoas decretar\u00e1 requisi\u00e7\u00e3o do HNSG - O Timoneiro Jornal Canoas RS","og_description":"O prefeito Luiz Carlos Busato decretar\u00e1, na sexta-feira, 23, a requisi\u00e7\u00e3o da gest\u00e3o do Hospital Nossa Senhora das Gra\u00e7as (HNSG). A medida, que \u00e9 uma resposta ao of\u00edcio enviado pela institui\u00e7\u00e3o \u00e0 Secretaria de Sa\u00fade, tem como objetivo regularizar os atendimentos e evitar o fechamento da Emerg\u00eancia do hospital. A institui\u00e7\u00e3o, que \u00e9 privada, passa [&hellip;]","og_url":"https:\/\/jornaltimoneiro.com.br\/index.php\/2020\/10\/23\/prefeitura-de-canoas-decretara-requisicao-do-hnsg\/","og_site_name":"O Timoneiro Jornal Canoas RS","article_publisher":"https:\/\/www.facebook.com\/jornaltimoneiro","article_published_time":"2020-10-23T10:00:10+00:00","article_modified_time":"2020-10-23T01:55:58+00:00","og_image":[{"width":"900","height":"675","url":"https:\/\/jornaltimoneiro.com.br\/wp-content\/uploads\/2020\/10\/WhatsApp-Image-2020-10-22-at-22.17.41.jpeg","type":"image\/jpeg"}],"author":"Reda\u00e7\u00e3o","twitter_card":"summary_large_image","twitter_creator":"@_OTimoneiro","twitter_site":"@_OTimoneiro","twitter_misc":{"Escrito por":"Reda\u00e7\u00e3o","Est. tempo de leitura":"3 minutos"},"schema":{"@context":"https:\/\/schema.org","@graph":[{"@type":"Article","@id":"https:\/\/jornaltimoneiro.com.br\/index.php\/2020\/10\/23\/prefeitura-de-canoas-decretara-requisicao-do-hnsg\/#article","isPartOf":{"@id":"https:\/\/jornaltimoneiro.com.br\/index.php\/2020\/10\/23\/prefeitura-de-canoas-decretara-requisicao-do-hnsg\/"},"author":{"name":"Reda\u00e7\u00e3o","@id":"https:\/\/jornaltimoneiro.com.br\/#\/schema\/person\/f63482f1a02b1a9592707865e509ab40"},"headline":"Prefeitura de Canoas decretar\u00e1 requisi\u00e7\u00e3o do HNSG","datePublished":"2020-10-23T10:00:10+00:00","dateModified":"2020-10-23T01:55:58+00:00","mainEntityOfPage":{"@id":"https:\/\/jornaltimoneiro.com.br\/index.php\/2020\/10\/23\/prefeitura-de-canoas-decretara-requisicao-do-hnsg\/"},"wordCount":578,"commentCount":0,"publisher":{"@id":"https:\/\/jornaltimoneiro.com.br\/#organization"},"articleSection":["Destaques"],"inLanguage":"pt-BR","potentialAction":[{"@type":"CommentAction","name":"Comment","target":["https:\/\/jornaltimoneiro.com.br\/index.php\/2020\/10\/23\/prefeitura-de-canoas-decretara-requisicao-do-hnsg\/#respond"]}]},{"@type":"WebPage","@id":"https:\/\/jornaltimoneiro.com.br\/index.php\/2020\/10\/23\/prefeitura-de-canoas-decretara-requisicao-do-hnsg\/","url":"https:\/\/jornaltimoneiro.com.br\/index.php\/2020\/10\/23\/prefeitura-de-canoas-decretara-requisicao-do-hnsg\/","name":"Prefeitura de Canoas decretar\u00e1 requisi\u00e7\u00e3o do HNSG - O Timoneiro Jornal Canoas RS","isPartOf":{"@id":"https:\/\/jornaltimoneiro.com.br\/#website"},"datePublished":"2020-10-23T10:00:10+00:00","dateModified":"2020-10-23T01:55:58+00:00","breadcrumb":{"@id":"https:\/\/jornaltimoneiro.com.br\/index.php\/2020\/10\/23\/prefeitura-de-canoas-decretara-requisicao-do-hnsg\/#breadcrumb"},"inLanguage":"pt-BR","potentialAction":[{"@type":"ReadAction","target":["https:\/\/jornaltimoneiro.com.br\/index.php\/2020\/10\/23\/prefeitura-de-canoas-decretara-requisicao-do-hnsg\/"]}]},{"@type":"BreadcrumbList","@id":"https:\/\/jornaltimoneiro.com.br\/index.php\/2020\/10\/23\/prefeitura-de-canoas-decretara-requisicao-do-hnsg\/#breadcrumb","itemListElement":[{"@type":"ListItem","position":1,"name":"In\u00edcio","item":"https:\/\/jornaltimoneiro.com.br\/"},{"@type":"ListItem","position":2,"name":"Prefeitura de Canoas decretar\u00e1 requisi\u00e7\u00e3o do HNSG"}]},{"@type":"WebSite","@id":"https:\/\/jornaltimoneiro.com.br\/#website","url":"https:\/\/jornaltimoneiro.com.br\/","name":"Jornal Timoneiro Canoas RS","description":"Jornal O Timoneiro, o verdadeiro jornal de Canoas","publisher":{"@id":"https:\/\/jornaltimoneiro.com.br\/#organization"},"potentialAction":[{"@type":"SearchAction","target":{"@type":"EntryPoint","urlTemplate":"https:\/\/jornaltimoneiro.com.br\/?s={search_term_string}"},"query-input":"required name=search_term_string"}],"inLanguage":"pt-BR"},{"@type":"Organization","@id":"https:\/\/jornaltimoneiro.com.br\/#organization","name":"Jornal Timoneiro Canoas RS","url":"https:\/\/jornaltimoneiro.com.br\/","logo":{"@type":"ImageObject","inLanguage":"pt-BR","@id":"https:\/\/jornaltimoneiro.com.br\/#\/schema\/logo\/image\/","url":"https:\/\/jornaltimoneiro.com.br\/wp-content\/uploads\/2023\/03\/logonovo.png","contentUrl":"https:\/\/jornaltimoneiro.com.br\/wp-content\/uploads\/2023\/03\/logonovo.png","width":"469","height":"171","caption":"Jornal Timoneiro Canoas RS"},"image":{"@id":"https:\/\/jornaltimoneiro.com.br\/#\/schema\/logo\/image\/"},"sameAs":["https:\/\/www.facebook.com\/jornaltimoneiro","https:\/\/twitter.com\/_OTimoneiro","https:\/\/www.instagram.com\/jornaltimoneirocanoas\/","https:\/\/www.youtube.com\/@jornalotimoneiro7927"]},{"@type":"Person","@id":"https:\/\/jornaltimoneiro.com.br\/#\/schema\/person\/f63482f1a02b1a9592707865e509ab40","name":"Reda\u00e7\u00e3o","image":{"@type":"ImageObject","inLanguage":"pt-BR","@id":"https:\/\/jornaltimoneiro.com.br\/#\/schema\/person\/image\/","url":"https:\/\/jornaltimoneiro.com.br\/wp-content\/uploads\/2023\/03\/download.jpeg","contentUrl":"https:\/\/jornaltimoneiro.com.br\/wp-content\/uploads\/2023\/03\/download.jpeg","caption":"Reda\u00e7\u00e3o"},"url":"https:\/\/jornaltimoneiro.com.br\/index.php\/author\/simone-dutra\/"}]}},"_links":{"self":[{"href":"https:\/\/jornaltimoneiro.com.br\/index.php\/wp-json\/wp\/v2\/posts\/18009"}],"collection":[{"href":"https:\/\/jornaltimoneiro.com.br\/index.php\/wp-json\/wp\/v2\/posts"}],"about":[{"href":"https:\/\/jornaltimoneiro.com.br\/index.php\/wp-json\/wp\/v2\/types\/post"}],"author":[{"embeddable":true,"href":"https:\/\/jornaltimoneiro.com.br\/index.php\/wp-json\/wp\/v2\/users\/2"}],"replies":[{"embeddable":true,"href":"https:\/\/jornaltimoneiro.com.br\/index.php\/wp-json\/wp\/v2\/comments?post=18009"}],"version-history":[{"count":1,"href":"https:\/\/jornaltimoneiro.com.br\/index.php\/wp-json\/wp\/v2\/posts\/18009\/revisions"}],"predecessor-version":[{"id":18011,"href":"https:\/\/jornaltimoneiro.com.br\/index.php\/wp-json\/wp\/v2\/posts\/18009\/revisions\/18011"}],"wp:featuredmedia":[{"embeddable":true,"href":"https:\/\/jornaltimoneiro.com.br\/index.php\/wp-json\/wp\/v2\/media\/18010"}],"wp:attachment":[{"href":"https:\/\/jornaltimoneiro.com.br\/index.php\/wp-json\/wp\/v2\/media?parent=18009"}],"wp:term":[{"taxonomy":"category","embeddable":true,"href":"https:\/\/jornaltimoneiro.com.br\/index.php\/wp-json\/wp\/v2\/categories?post=18009"},{"taxonomy":"post_tag","embeddable":true,"href":"https:\/\/jornaltimoneiro.com.br\/index.php\/wp-json\/wp\/v2\/tags?post=18009"}],"curies":[{"name":"wp","href":"https:\/\/api.w.org\/{rel}","templated":true}]}}