{"id":17891,"date":"2020-10-09T07:00:43","date_gmt":"2020-10-09T10:00:43","guid":{"rendered":"https:\/\/jornaltimoneiro.com.br\/?p=17891"},"modified":"2020-10-09T13:56:29","modified_gmt":"2020-10-09T16:56:29","slug":"educadora-musical-cria-live-gratuita-para-criancas-e-bebes","status":"publish","type":"post","link":"https:\/\/jornaltimoneiro.com.br\/index.php\/2020\/10\/09\/educadora-musical-cria-live-gratuita-para-criancas-e-bebes\/","title":{"rendered":"Educadora musical cria live gratuita para crian\u00e7as e beb\u00eas"},"content":{"rendered":"<p>Rita Ballejo, cantora, compositora e violonista, est\u00e1 disponibilizando aula gratuita para crian\u00e7as e beb\u00eas atrav\u00e9s de material online, transmitida atrav\u00e9s de seu instagram. A ideia surgiu com a chegada da pandemia, mas a educadora musical j\u00e1 pesquisa e trabalha com inicia\u00e7\u00e3o musical para os pequenos desde 2008, quando percebeu que poderia ser um instrumento enorme de impacto no desenvolvimento integral da primeira inf\u00e2ncia.<\/p>\n<p>\u201cN\u00e3o basta apenas tocar viol\u00e3o e cantar, precisa ter uma forma\u00e7\u00e3o acad\u00eamica e licenciatura e conhecer profundamente o desenvolvimento de cada etapa da inf\u00e2ncia assim como metodologias e did\u00e1tica no ensino de m\u00fasica. Infelizmente, como poucas pessoas conhecem, a musicaliza\u00e7\u00e3o infantil, ou inicia\u00e7\u00e3o musical mais l\u00fadica, n\u00e3o adianta apenas tocar um instrumento e achar que est\u00e1 ensinando m\u00fasica tocando para as crian\u00e7as, o profissional dever\u00e1 saber o que est\u00e1 fazendo e ter os objetivos muito claros\u201d, ressalta Rita.<\/p>\n<p><strong>Educa\u00e7\u00e3o infantil<\/strong><\/p>\n<p>Rita atua com escolas de educa\u00e7\u00e3o infantil h\u00e1 doze anos, em aulas particulares em domic\u00edlio, para pequenos grupos de m\u00e3es e pais em condom\u00ednios. Al\u00e9m disso, trabalha com t\u00e9cnica vocal, coral e viol\u00e3o para crian\u00e7as e adultos. Com a chegada da pandemia, ela teve de se reinventar e criar conte\u00fados para aulas online e por v\u00eddeo. Ela tamb\u00e9m faz shows e oficinas em festas infantis, para 0 a 7 anos, por\u00e9m, com o distanciamento social, est\u00e1 realizando apenas festas online (atrav\u00e9s de um app que todos entram e participam da festa musical virtual).<\/p>\n<p><strong><em>Live<\/em><\/strong><\/p>\n<p>Para a <em>live<\/em> foi criada uma metodologia exclusiva para a inicia\u00e7\u00e3o musical, que, de acordo com a professora, teve um bom o retorno, pois na videoaula a fam\u00edlia toda pode se reunir e fazer todas as atividades com a fam\u00edlia, fortalecendo la\u00e7os afetivos e auxiliando at\u00e9 mesmo no bem estar e na expressividade de emo\u00e7\u00f5es.<\/p>\n<p>A aula online, que ser\u00e1 realizada nesta segunda, 12, das 12h \u00e0s 18h, ter\u00e1 dura\u00e7\u00e3o m\u00e9dia de 40 minutos de atividades educativas e um bate papo. O material ser\u00e1 disponibilizado no instagram pelo endere\u00e7o ritaballejo.educacaomusical e pelo facebook Rita Ballejo Educacao Musical.<\/p>\n<p><strong><\/p>\n<p><\/strong><\/p>\n","protected":false},"excerpt":{"rendered":"<p>Rita Ballejo, cantora, compositora e violonista, est\u00e1 disponibilizando aula gratuita para crian\u00e7as e beb\u00eas atrav\u00e9s de material online, transmitida atrav\u00e9s de seu instagram. A ideia surgiu com a chegada da pandemia, mas a educadora musical j\u00e1 pesquisa e trabalha com inicia\u00e7\u00e3o musical para os pequenos desde 2008, quando percebeu que poderia ser um instrumento enorme [&hellip;]<\/p>\n","protected":false},"author":2,"featured_media":17903,"comment_status":"open","ping_status":"open","sticky":false,"template":"","format":"standard","meta":{"amp_status":"","footnotes":""},"categories":[23],"tags":[],"class_list":["post-17891","post","type-post","status-publish","format-standard","has-post-thumbnail","hentry","category-geral"],"yoast_head":"<!-- This site is optimized with the Yoast SEO plugin v20.5 - https:\/\/yoast.com\/wordpress\/plugins\/seo\/ -->\n<title>Educadora musical cria live gratuita para crian\u00e7as e beb\u00eas - O Timoneiro Jornal Canoas RS<\/title>\n<meta name=\"robots\" content=\"index, follow, max-snippet:-1, max-image-preview:large, max-video-preview:-1\" \/>\n<link rel=\"canonical\" href=\"https:\/\/jornaltimoneiro.com.br\/index.php\/2020\/10\/09\/educadora-musical-cria-live-gratuita-para-criancas-e-bebes\/\" \/>\n<meta property=\"og:locale\" content=\"pt_BR\" \/>\n<meta property=\"og:type\" content=\"article\" \/>\n<meta property=\"og:title\" content=\"Educadora musical cria live gratuita para crian\u00e7as e beb\u00eas - O Timoneiro Jornal Canoas RS\" \/>\n<meta property=\"og:description\" content=\"Rita Ballejo, cantora, compositora e violonista, est\u00e1 disponibilizando aula gratuita para crian\u00e7as e beb\u00eas atrav\u00e9s de material online, transmitida atrav\u00e9s de seu instagram. A ideia surgiu com a chegada da pandemia, mas a educadora musical j\u00e1 pesquisa e trabalha com inicia\u00e7\u00e3o musical para os pequenos desde 2008, quando percebeu que poderia ser um instrumento enorme [&hellip;]\" \/>\n<meta property=\"og:url\" content=\"https:\/\/jornaltimoneiro.com.br\/index.php\/2020\/10\/09\/educadora-musical-cria-live-gratuita-para-criancas-e-bebes\/\" \/>\n<meta property=\"og:site_name\" content=\"O Timoneiro Jornal Canoas RS\" \/>\n<meta property=\"article:publisher\" content=\"https:\/\/www.facebook.com\/jornaltimoneiro\" \/>\n<meta property=\"article:published_time\" content=\"2020-10-09T10:00:43+00:00\" \/>\n<meta property=\"article:modified_time\" content=\"2020-10-09T16:56:29+00:00\" \/>\n<meta property=\"og:image\" content=\"https:\/\/jornaltimoneiro.com.br\/wp-content\/uploads\/2020\/10\/WhatsApp-Image-2020-10-08-at-15.21.19.jpeg\" \/>\n\t<meta property=\"og:image:width\" content=\"1080\" \/>\n\t<meta property=\"og:image:height\" content=\"970\" \/>\n\t<meta property=\"og:image:type\" content=\"image\/jpeg\" \/>\n<meta name=\"author\" content=\"Reda\u00e7\u00e3o\" \/>\n<meta name=\"twitter:card\" content=\"summary_large_image\" \/>\n<meta name=\"twitter:creator\" content=\"@_OTimoneiro\" \/>\n<meta name=\"twitter:site\" content=\"@_OTimoneiro\" \/>\n<meta name=\"twitter:label1\" content=\"Escrito por\" \/>\n\t<meta name=\"twitter:data1\" content=\"Reda\u00e7\u00e3o\" \/>\n\t<meta name=\"twitter:label2\" content=\"Est. tempo de leitura\" \/>\n\t<meta name=\"twitter:data2\" content=\"2 minutos\" \/>\n<script type=\"application\/ld+json\" class=\"yoast-schema-graph\">{\"@context\":\"https:\/\/schema.org\",\"@graph\":[{\"@type\":\"Article\",\"@id\":\"https:\/\/jornaltimoneiro.com.br\/index.php\/2020\/10\/09\/educadora-musical-cria-live-gratuita-para-criancas-e-bebes\/#article\",\"isPartOf\":{\"@id\":\"https:\/\/jornaltimoneiro.com.br\/index.php\/2020\/10\/09\/educadora-musical-cria-live-gratuita-para-criancas-e-bebes\/\"},\"author\":{\"name\":\"Reda\u00e7\u00e3o\",\"@id\":\"https:\/\/jornaltimoneiro.com.br\/#\/schema\/person\/f63482f1a02b1a9592707865e509ab40\"},\"headline\":\"Educadora musical cria live gratuita para crian\u00e7as e beb\u00eas\",\"datePublished\":\"2020-10-09T10:00:43+00:00\",\"dateModified\":\"2020-10-09T16:56:29+00:00\",\"mainEntityOfPage\":{\"@id\":\"https:\/\/jornaltimoneiro.com.br\/index.php\/2020\/10\/09\/educadora-musical-cria-live-gratuita-para-criancas-e-bebes\/\"},\"wordCount\":382,\"commentCount\":0,\"publisher\":{\"@id\":\"https:\/\/jornaltimoneiro.com.br\/#organization\"},\"articleSection\":[\"Geral\"],\"inLanguage\":\"pt-BR\",\"potentialAction\":[{\"@type\":\"CommentAction\",\"name\":\"Comment\",\"target\":[\"https:\/\/jornaltimoneiro.com.br\/index.php\/2020\/10\/09\/educadora-musical-cria-live-gratuita-para-criancas-e-bebes\/#respond\"]}]},{\"@type\":\"WebPage\",\"@id\":\"https:\/\/jornaltimoneiro.com.br\/index.php\/2020\/10\/09\/educadora-musical-cria-live-gratuita-para-criancas-e-bebes\/\",\"url\":\"https:\/\/jornaltimoneiro.com.br\/index.php\/2020\/10\/09\/educadora-musical-cria-live-gratuita-para-criancas-e-bebes\/\",\"name\":\"Educadora musical cria live gratuita para crian\u00e7as e beb\u00eas - O Timoneiro Jornal Canoas RS\",\"isPartOf\":{\"@id\":\"https:\/\/jornaltimoneiro.com.br\/#website\"},\"datePublished\":\"2020-10-09T10:00:43+00:00\",\"dateModified\":\"2020-10-09T16:56:29+00:00\",\"breadcrumb\":{\"@id\":\"https:\/\/jornaltimoneiro.com.br\/index.php\/2020\/10\/09\/educadora-musical-cria-live-gratuita-para-criancas-e-bebes\/#breadcrumb\"},\"inLanguage\":\"pt-BR\",\"potentialAction\":[{\"@type\":\"ReadAction\",\"target\":[\"https:\/\/jornaltimoneiro.com.br\/index.php\/2020\/10\/09\/educadora-musical-cria-live-gratuita-para-criancas-e-bebes\/\"]}]},{\"@type\":\"BreadcrumbList\",\"@id\":\"https:\/\/jornaltimoneiro.com.br\/index.php\/2020\/10\/09\/educadora-musical-cria-live-gratuita-para-criancas-e-bebes\/#breadcrumb\",\"itemListElement\":[{\"@type\":\"ListItem\",\"position\":1,\"name\":\"In\u00edcio\",\"item\":\"https:\/\/jornaltimoneiro.com.br\/\"},{\"@type\":\"ListItem\",\"position\":2,\"name\":\"Educadora musical cria live gratuita para crian\u00e7as e beb\u00eas\"}]},{\"@type\":\"WebSite\",\"@id\":\"https:\/\/jornaltimoneiro.com.br\/#website\",\"url\":\"https:\/\/jornaltimoneiro.com.br\/\",\"name\":\"Jornal Timoneiro Canoas RS\",\"description\":\"Jornal O Timoneiro, o verdadeiro jornal de Canoas\",\"publisher\":{\"@id\":\"https:\/\/jornaltimoneiro.com.br\/#organization\"},\"potentialAction\":[{\"@type\":\"SearchAction\",\"target\":{\"@type\":\"EntryPoint\",\"urlTemplate\":\"https:\/\/jornaltimoneiro.com.br\/?s={search_term_string}\"},\"query-input\":\"required name=search_term_string\"}],\"inLanguage\":\"pt-BR\"},{\"@type\":\"Organization\",\"@id\":\"https:\/\/jornaltimoneiro.com.br\/#organization\",\"name\":\"Jornal Timoneiro Canoas RS\",\"url\":\"https:\/\/jornaltimoneiro.com.br\/\",\"logo\":{\"@type\":\"ImageObject\",\"inLanguage\":\"pt-BR\",\"@id\":\"https:\/\/jornaltimoneiro.com.br\/#\/schema\/logo\/image\/\",\"url\":\"https:\/\/jornaltimoneiro.com.br\/wp-content\/uploads\/2023\/03\/logonovo.png\",\"contentUrl\":\"https:\/\/jornaltimoneiro.com.br\/wp-content\/uploads\/2023\/03\/logonovo.png\",\"width\":\"469\",\"height\":\"171\",\"caption\":\"Jornal Timoneiro Canoas RS\"},\"image\":{\"@id\":\"https:\/\/jornaltimoneiro.com.br\/#\/schema\/logo\/image\/\"},\"sameAs\":[\"https:\/\/www.facebook.com\/jornaltimoneiro\",\"https:\/\/twitter.com\/_OTimoneiro\",\"https:\/\/www.instagram.com\/jornaltimoneirocanoas\/\",\"https:\/\/www.youtube.com\/@jornalotimoneiro7927\"]},{\"@type\":\"Person\",\"@id\":\"https:\/\/jornaltimoneiro.com.br\/#\/schema\/person\/f63482f1a02b1a9592707865e509ab40\",\"name\":\"Reda\u00e7\u00e3o\",\"image\":{\"@type\":\"ImageObject\",\"inLanguage\":\"pt-BR\",\"@id\":\"https:\/\/jornaltimoneiro.com.br\/#\/schema\/person\/image\/\",\"url\":\"https:\/\/jornaltimoneiro.com.br\/wp-content\/uploads\/2023\/03\/download.jpeg\",\"contentUrl\":\"https:\/\/jornaltimoneiro.com.br\/wp-content\/uploads\/2023\/03\/download.jpeg\",\"caption\":\"Reda\u00e7\u00e3o\"},\"url\":\"https:\/\/jornaltimoneiro.com.br\/index.php\/author\/simone-dutra\/\"}]}<\/script>\n<!-- \/ Yoast SEO plugin. -->","yoast_head_json":{"title":"Educadora musical cria live gratuita para crian\u00e7as e beb\u00eas - O Timoneiro Jornal Canoas RS","robots":{"index":"index","follow":"follow","max-snippet":"max-snippet:-1","max-image-preview":"max-image-preview:large","max-video-preview":"max-video-preview:-1"},"canonical":"https:\/\/jornaltimoneiro.com.br\/index.php\/2020\/10\/09\/educadora-musical-cria-live-gratuita-para-criancas-e-bebes\/","og_locale":"pt_BR","og_type":"article","og_title":"Educadora musical cria live gratuita para crian\u00e7as e beb\u00eas - O Timoneiro Jornal Canoas RS","og_description":"Rita Ballejo, cantora, compositora e violonista, est\u00e1 disponibilizando aula gratuita para crian\u00e7as e beb\u00eas atrav\u00e9s de material online, transmitida atrav\u00e9s de seu instagram. A ideia surgiu com a chegada da pandemia, mas a educadora musical j\u00e1 pesquisa e trabalha com inicia\u00e7\u00e3o musical para os pequenos desde 2008, quando percebeu que poderia ser um instrumento enorme [&hellip;]","og_url":"https:\/\/jornaltimoneiro.com.br\/index.php\/2020\/10\/09\/educadora-musical-cria-live-gratuita-para-criancas-e-bebes\/","og_site_name":"O Timoneiro Jornal Canoas RS","article_publisher":"https:\/\/www.facebook.com\/jornaltimoneiro","article_published_time":"2020-10-09T10:00:43+00:00","article_modified_time":"2020-10-09T16:56:29+00:00","og_image":[{"width":"1080","height":"970","url":"https:\/\/jornaltimoneiro.com.br\/wp-content\/uploads\/2020\/10\/WhatsApp-Image-2020-10-08-at-15.21.19.jpeg","type":"image\/jpeg"}],"author":"Reda\u00e7\u00e3o","twitter_card":"summary_large_image","twitter_creator":"@_OTimoneiro","twitter_site":"@_OTimoneiro","twitter_misc":{"Escrito por":"Reda\u00e7\u00e3o","Est. tempo de leitura":"2 minutos"},"schema":{"@context":"https:\/\/schema.org","@graph":[{"@type":"Article","@id":"https:\/\/jornaltimoneiro.com.br\/index.php\/2020\/10\/09\/educadora-musical-cria-live-gratuita-para-criancas-e-bebes\/#article","isPartOf":{"@id":"https:\/\/jornaltimoneiro.com.br\/index.php\/2020\/10\/09\/educadora-musical-cria-live-gratuita-para-criancas-e-bebes\/"},"author":{"name":"Reda\u00e7\u00e3o","@id":"https:\/\/jornaltimoneiro.com.br\/#\/schema\/person\/f63482f1a02b1a9592707865e509ab40"},"headline":"Educadora musical cria live gratuita para crian\u00e7as e beb\u00eas","datePublished":"2020-10-09T10:00:43+00:00","dateModified":"2020-10-09T16:56:29+00:00","mainEntityOfPage":{"@id":"https:\/\/jornaltimoneiro.com.br\/index.php\/2020\/10\/09\/educadora-musical-cria-live-gratuita-para-criancas-e-bebes\/"},"wordCount":382,"commentCount":0,"publisher":{"@id":"https:\/\/jornaltimoneiro.com.br\/#organization"},"articleSection":["Geral"],"inLanguage":"pt-BR","potentialAction":[{"@type":"CommentAction","name":"Comment","target":["https:\/\/jornaltimoneiro.com.br\/index.php\/2020\/10\/09\/educadora-musical-cria-live-gratuita-para-criancas-e-bebes\/#respond"]}]},{"@type":"WebPage","@id":"https:\/\/jornaltimoneiro.com.br\/index.php\/2020\/10\/09\/educadora-musical-cria-live-gratuita-para-criancas-e-bebes\/","url":"https:\/\/jornaltimoneiro.com.br\/index.php\/2020\/10\/09\/educadora-musical-cria-live-gratuita-para-criancas-e-bebes\/","name":"Educadora musical cria live gratuita para crian\u00e7as e beb\u00eas - O Timoneiro Jornal Canoas RS","isPartOf":{"@id":"https:\/\/jornaltimoneiro.com.br\/#website"},"datePublished":"2020-10-09T10:00:43+00:00","dateModified":"2020-10-09T16:56:29+00:00","breadcrumb":{"@id":"https:\/\/jornaltimoneiro.com.br\/index.php\/2020\/10\/09\/educadora-musical-cria-live-gratuita-para-criancas-e-bebes\/#breadcrumb"},"inLanguage":"pt-BR","potentialAction":[{"@type":"ReadAction","target":["https:\/\/jornaltimoneiro.com.br\/index.php\/2020\/10\/09\/educadora-musical-cria-live-gratuita-para-criancas-e-bebes\/"]}]},{"@type":"BreadcrumbList","@id":"https:\/\/jornaltimoneiro.com.br\/index.php\/2020\/10\/09\/educadora-musical-cria-live-gratuita-para-criancas-e-bebes\/#breadcrumb","itemListElement":[{"@type":"ListItem","position":1,"name":"In\u00edcio","item":"https:\/\/jornaltimoneiro.com.br\/"},{"@type":"ListItem","position":2,"name":"Educadora musical cria live gratuita para crian\u00e7as e beb\u00eas"}]},{"@type":"WebSite","@id":"https:\/\/jornaltimoneiro.com.br\/#website","url":"https:\/\/jornaltimoneiro.com.br\/","name":"Jornal Timoneiro Canoas RS","description":"Jornal O Timoneiro, o verdadeiro jornal de Canoas","publisher":{"@id":"https:\/\/jornaltimoneiro.com.br\/#organization"},"potentialAction":[{"@type":"SearchAction","target":{"@type":"EntryPoint","urlTemplate":"https:\/\/jornaltimoneiro.com.br\/?s={search_term_string}"},"query-input":"required name=search_term_string"}],"inLanguage":"pt-BR"},{"@type":"Organization","@id":"https:\/\/jornaltimoneiro.com.br\/#organization","name":"Jornal Timoneiro Canoas RS","url":"https:\/\/jornaltimoneiro.com.br\/","logo":{"@type":"ImageObject","inLanguage":"pt-BR","@id":"https:\/\/jornaltimoneiro.com.br\/#\/schema\/logo\/image\/","url":"https:\/\/jornaltimoneiro.com.br\/wp-content\/uploads\/2023\/03\/logonovo.png","contentUrl":"https:\/\/jornaltimoneiro.com.br\/wp-content\/uploads\/2023\/03\/logonovo.png","width":"469","height":"171","caption":"Jornal Timoneiro Canoas RS"},"image":{"@id":"https:\/\/jornaltimoneiro.com.br\/#\/schema\/logo\/image\/"},"sameAs":["https:\/\/www.facebook.com\/jornaltimoneiro","https:\/\/twitter.com\/_OTimoneiro","https:\/\/www.instagram.com\/jornaltimoneirocanoas\/","https:\/\/www.youtube.com\/@jornalotimoneiro7927"]},{"@type":"Person","@id":"https:\/\/jornaltimoneiro.com.br\/#\/schema\/person\/f63482f1a02b1a9592707865e509ab40","name":"Reda\u00e7\u00e3o","image":{"@type":"ImageObject","inLanguage":"pt-BR","@id":"https:\/\/jornaltimoneiro.com.br\/#\/schema\/person\/image\/","url":"https:\/\/jornaltimoneiro.com.br\/wp-content\/uploads\/2023\/03\/download.jpeg","contentUrl":"https:\/\/jornaltimoneiro.com.br\/wp-content\/uploads\/2023\/03\/download.jpeg","caption":"Reda\u00e7\u00e3o"},"url":"https:\/\/jornaltimoneiro.com.br\/index.php\/author\/simone-dutra\/"}]}},"_links":{"self":[{"href":"https:\/\/jornaltimoneiro.com.br\/index.php\/wp-json\/wp\/v2\/posts\/17891"}],"collection":[{"href":"https:\/\/jornaltimoneiro.com.br\/index.php\/wp-json\/wp\/v2\/posts"}],"about":[{"href":"https:\/\/jornaltimoneiro.com.br\/index.php\/wp-json\/wp\/v2\/types\/post"}],"author":[{"embeddable":true,"href":"https:\/\/jornaltimoneiro.com.br\/index.php\/wp-json\/wp\/v2\/users\/2"}],"replies":[{"embeddable":true,"href":"https:\/\/jornaltimoneiro.com.br\/index.php\/wp-json\/wp\/v2\/comments?post=17891"}],"version-history":[{"count":2,"href":"https:\/\/jornaltimoneiro.com.br\/index.php\/wp-json\/wp\/v2\/posts\/17891\/revisions"}],"predecessor-version":[{"id":17924,"href":"https:\/\/jornaltimoneiro.com.br\/index.php\/wp-json\/wp\/v2\/posts\/17891\/revisions\/17924"}],"wp:featuredmedia":[{"embeddable":true,"href":"https:\/\/jornaltimoneiro.com.br\/index.php\/wp-json\/wp\/v2\/media\/17903"}],"wp:attachment":[{"href":"https:\/\/jornaltimoneiro.com.br\/index.php\/wp-json\/wp\/v2\/media?parent=17891"}],"wp:term":[{"taxonomy":"category","embeddable":true,"href":"https:\/\/jornaltimoneiro.com.br\/index.php\/wp-json\/wp\/v2\/categories?post=17891"},{"taxonomy":"post_tag","embeddable":true,"href":"https:\/\/jornaltimoneiro.com.br\/index.php\/wp-json\/wp\/v2\/tags?post=17891"}],"curies":[{"name":"wp","href":"https:\/\/api.w.org\/{rel}","templated":true}]}}