{"id":17890,"date":"2020-10-09T07:00:42","date_gmt":"2020-10-09T10:00:42","guid":{"rendered":"https:\/\/jornaltimoneiro.com.br\/?p=17890"},"modified":"2020-10-20T11:53:30","modified_gmt":"2020-10-20T14:53:30","slug":"canoas-sedia-pela-primeira-vez-a-semana-lixo-zero","status":"publish","type":"post","link":"https:\/\/jornaltimoneiro.com.br\/index.php\/2020\/10\/09\/canoas-sedia-pela-primeira-vez-a-semana-lixo-zero\/","title":{"rendered":"Canoas sedia pela primeira vez a Semana Lixo Zero"},"content":{"rendered":"<p>A Semana Lixo Zero, promovida pelo Instituto Lixo Zero Brasil (ILZB), ter\u00e1 a sua primeira edi\u00e7\u00e3o em Canoas do dia 23 de outubro ao dia 1\u00b0 de novembro de 2020.<\/p>\n<p>O Instituto Lixo Zero Brasil \u00e9 uma organiza\u00e7\u00e3o civil, sem fins lucrativos que faz parte do movimento internacional Zero Waste International Alliance. O evento, realizado anualmente em todas as cidades em que existem embaixadores do ILZB, tem como objetivo mobilizar os diferentes nichos da sociedade &#8211; popula\u00e7\u00e3o, cooperativas, setores p\u00fablicos e privados &#8211; a debater sobre o conceito Lixo Zero, e empoder\u00e1-los a trazer solu\u00e7\u00f5es para que a meta Lixo Zero seja alcan\u00e7ada na cidade. Para isso, todas as iniciativas que ocorrem na cidade que de alguma forma contribuem para a redu\u00e7\u00e3o dos res\u00edduos que v\u00e3o para o aterro sanit\u00e1rio s\u00e3o convidadas a exporem seu trabalho durante essa agenda de 10 dias.<\/p>\n<p>Realizada de forma simult\u00e2nea em diversas cidades do Brasil, a Semana Lixo Zero \u00e9 uma oportunidade de di\u00e1logo e troca entre a popula\u00e7\u00e3o em geral.<\/p>\n<p>Devido \u00e0 pandemia, o evento ser\u00e1 online, sendo assim os participantes poder\u00e3o realizar suas atividades atrav\u00e9s de lives, webinar, bate-papos, v\u00eddeos, entre outras op\u00e7\u00f5es virtuais. O link para o cadastro das atividades est\u00e1 na bio da p\u00e1gina @canoaslixozero no Instagram e o prazo de inscri\u00e7\u00e3o se encerra dia 10 de outubro.<\/p>\n","protected":false},"excerpt":{"rendered":"<p>A Semana Lixo Zero, promovida pelo Instituto Lixo Zero Brasil (ILZB), ter\u00e1 a sua primeira edi\u00e7\u00e3o em Canoas do dia 23 de outubro ao dia 1\u00b0 de novembro de 2020. O Instituto Lixo Zero Brasil \u00e9 uma organiza\u00e7\u00e3o civil, sem fins lucrativos que faz parte do movimento internacional Zero Waste International Alliance. O evento, realizado [&hellip;]<\/p>\n","protected":false},"author":2,"featured_media":17901,"comment_status":"open","ping_status":"open","sticky":false,"template":"","format":"standard","meta":{"amp_status":"","footnotes":""},"categories":[23],"tags":[],"class_list":["post-17890","post","type-post","status-publish","format-standard","has-post-thumbnail","hentry","category-geral"],"yoast_head":"<!-- This site is optimized with the Yoast SEO plugin v20.5 - https:\/\/yoast.com\/wordpress\/plugins\/seo\/ -->\n<title>Canoas sedia pela primeira vez a Semana Lixo Zero - O Timoneiro Jornal Canoas RS<\/title>\n<meta name=\"robots\" content=\"index, follow, max-snippet:-1, max-image-preview:large, max-video-preview:-1\" \/>\n<link rel=\"canonical\" href=\"https:\/\/jornaltimoneiro.com.br\/index.php\/2020\/10\/09\/canoas-sedia-pela-primeira-vez-a-semana-lixo-zero\/\" \/>\n<meta property=\"og:locale\" content=\"pt_BR\" \/>\n<meta property=\"og:type\" content=\"article\" \/>\n<meta property=\"og:title\" content=\"Canoas sedia pela primeira vez a Semana Lixo Zero - O Timoneiro Jornal Canoas RS\" \/>\n<meta property=\"og:description\" content=\"A Semana Lixo Zero, promovida pelo Instituto Lixo Zero Brasil (ILZB), ter\u00e1 a sua primeira edi\u00e7\u00e3o em Canoas do dia 23 de outubro ao dia 1\u00b0 de novembro de 2020. O Instituto Lixo Zero Brasil \u00e9 uma organiza\u00e7\u00e3o civil, sem fins lucrativos que faz parte do movimento internacional Zero Waste International Alliance. O evento, realizado [&hellip;]\" \/>\n<meta property=\"og:url\" content=\"https:\/\/jornaltimoneiro.com.br\/index.php\/2020\/10\/09\/canoas-sedia-pela-primeira-vez-a-semana-lixo-zero\/\" \/>\n<meta property=\"og:site_name\" content=\"O Timoneiro Jornal Canoas RS\" \/>\n<meta property=\"article:publisher\" content=\"https:\/\/www.facebook.com\/jornaltimoneiro\" \/>\n<meta property=\"article:published_time\" content=\"2020-10-09T10:00:42+00:00\" \/>\n<meta property=\"article:modified_time\" content=\"2020-10-20T14:53:30+00:00\" \/>\n<meta property=\"og:image\" content=\"https:\/\/jornaltimoneiro.com.br\/wp-content\/uploads\/2020\/10\/WhatsApp-Image-2020-10-08-at-17.23.21.jpeg\" \/>\n\t<meta property=\"og:image:width\" content=\"800\" \/>\n\t<meta property=\"og:image:height\" content=\"370\" \/>\n\t<meta property=\"og:image:type\" content=\"image\/jpeg\" \/>\n<meta name=\"author\" content=\"Reda\u00e7\u00e3o\" \/>\n<meta name=\"twitter:card\" content=\"summary_large_image\" \/>\n<meta name=\"twitter:creator\" content=\"@_OTimoneiro\" \/>\n<meta name=\"twitter:site\" content=\"@_OTimoneiro\" \/>\n<meta name=\"twitter:label1\" content=\"Escrito por\" \/>\n\t<meta name=\"twitter:data1\" content=\"Reda\u00e7\u00e3o\" \/>\n\t<meta name=\"twitter:label2\" content=\"Est. tempo de leitura\" \/>\n\t<meta name=\"twitter:data2\" content=\"1 minuto\" \/>\n<script type=\"application\/ld+json\" class=\"yoast-schema-graph\">{\"@context\":\"https:\/\/schema.org\",\"@graph\":[{\"@type\":\"Article\",\"@id\":\"https:\/\/jornaltimoneiro.com.br\/index.php\/2020\/10\/09\/canoas-sedia-pela-primeira-vez-a-semana-lixo-zero\/#article\",\"isPartOf\":{\"@id\":\"https:\/\/jornaltimoneiro.com.br\/index.php\/2020\/10\/09\/canoas-sedia-pela-primeira-vez-a-semana-lixo-zero\/\"},\"author\":{\"name\":\"Reda\u00e7\u00e3o\",\"@id\":\"https:\/\/jornaltimoneiro.com.br\/#\/schema\/person\/f63482f1a02b1a9592707865e509ab40\"},\"headline\":\"Canoas sedia pela primeira vez a Semana Lixo Zero\",\"datePublished\":\"2020-10-09T10:00:42+00:00\",\"dateModified\":\"2020-10-20T14:53:30+00:00\",\"mainEntityOfPage\":{\"@id\":\"https:\/\/jornaltimoneiro.com.br\/index.php\/2020\/10\/09\/canoas-sedia-pela-primeira-vez-a-semana-lixo-zero\/\"},\"wordCount\":240,\"commentCount\":0,\"publisher\":{\"@id\":\"https:\/\/jornaltimoneiro.com.br\/#organization\"},\"articleSection\":[\"Geral\"],\"inLanguage\":\"pt-BR\",\"potentialAction\":[{\"@type\":\"CommentAction\",\"name\":\"Comment\",\"target\":[\"https:\/\/jornaltimoneiro.com.br\/index.php\/2020\/10\/09\/canoas-sedia-pela-primeira-vez-a-semana-lixo-zero\/#respond\"]}]},{\"@type\":\"WebPage\",\"@id\":\"https:\/\/jornaltimoneiro.com.br\/index.php\/2020\/10\/09\/canoas-sedia-pela-primeira-vez-a-semana-lixo-zero\/\",\"url\":\"https:\/\/jornaltimoneiro.com.br\/index.php\/2020\/10\/09\/canoas-sedia-pela-primeira-vez-a-semana-lixo-zero\/\",\"name\":\"Canoas sedia pela primeira vez a Semana Lixo Zero - O Timoneiro Jornal Canoas RS\",\"isPartOf\":{\"@id\":\"https:\/\/jornaltimoneiro.com.br\/#website\"},\"datePublished\":\"2020-10-09T10:00:42+00:00\",\"dateModified\":\"2020-10-20T14:53:30+00:00\",\"breadcrumb\":{\"@id\":\"https:\/\/jornaltimoneiro.com.br\/index.php\/2020\/10\/09\/canoas-sedia-pela-primeira-vez-a-semana-lixo-zero\/#breadcrumb\"},\"inLanguage\":\"pt-BR\",\"potentialAction\":[{\"@type\":\"ReadAction\",\"target\":[\"https:\/\/jornaltimoneiro.com.br\/index.php\/2020\/10\/09\/canoas-sedia-pela-primeira-vez-a-semana-lixo-zero\/\"]}]},{\"@type\":\"BreadcrumbList\",\"@id\":\"https:\/\/jornaltimoneiro.com.br\/index.php\/2020\/10\/09\/canoas-sedia-pela-primeira-vez-a-semana-lixo-zero\/#breadcrumb\",\"itemListElement\":[{\"@type\":\"ListItem\",\"position\":1,\"name\":\"In\u00edcio\",\"item\":\"https:\/\/jornaltimoneiro.com.br\/\"},{\"@type\":\"ListItem\",\"position\":2,\"name\":\"Canoas sedia pela primeira vez a Semana Lixo Zero\"}]},{\"@type\":\"WebSite\",\"@id\":\"https:\/\/jornaltimoneiro.com.br\/#website\",\"url\":\"https:\/\/jornaltimoneiro.com.br\/\",\"name\":\"Jornal Timoneiro Canoas RS\",\"description\":\"Jornal O Timoneiro, o verdadeiro jornal de Canoas\",\"publisher\":{\"@id\":\"https:\/\/jornaltimoneiro.com.br\/#organization\"},\"potentialAction\":[{\"@type\":\"SearchAction\",\"target\":{\"@type\":\"EntryPoint\",\"urlTemplate\":\"https:\/\/jornaltimoneiro.com.br\/?s={search_term_string}\"},\"query-input\":\"required name=search_term_string\"}],\"inLanguage\":\"pt-BR\"},{\"@type\":\"Organization\",\"@id\":\"https:\/\/jornaltimoneiro.com.br\/#organization\",\"name\":\"Jornal Timoneiro Canoas RS\",\"url\":\"https:\/\/jornaltimoneiro.com.br\/\",\"logo\":{\"@type\":\"ImageObject\",\"inLanguage\":\"pt-BR\",\"@id\":\"https:\/\/jornaltimoneiro.com.br\/#\/schema\/logo\/image\/\",\"url\":\"https:\/\/jornaltimoneiro.com.br\/wp-content\/uploads\/2023\/03\/logonovo.png\",\"contentUrl\":\"https:\/\/jornaltimoneiro.com.br\/wp-content\/uploads\/2023\/03\/logonovo.png\",\"width\":\"469\",\"height\":\"171\",\"caption\":\"Jornal Timoneiro Canoas RS\"},\"image\":{\"@id\":\"https:\/\/jornaltimoneiro.com.br\/#\/schema\/logo\/image\/\"},\"sameAs\":[\"https:\/\/www.facebook.com\/jornaltimoneiro\",\"https:\/\/twitter.com\/_OTimoneiro\",\"https:\/\/www.instagram.com\/jornaltimoneirocanoas\/\",\"https:\/\/www.youtube.com\/@jornalotimoneiro7927\"]},{\"@type\":\"Person\",\"@id\":\"https:\/\/jornaltimoneiro.com.br\/#\/schema\/person\/f63482f1a02b1a9592707865e509ab40\",\"name\":\"Reda\u00e7\u00e3o\",\"image\":{\"@type\":\"ImageObject\",\"inLanguage\":\"pt-BR\",\"@id\":\"https:\/\/jornaltimoneiro.com.br\/#\/schema\/person\/image\/\",\"url\":\"https:\/\/jornaltimoneiro.com.br\/wp-content\/uploads\/2023\/03\/download.jpeg\",\"contentUrl\":\"https:\/\/jornaltimoneiro.com.br\/wp-content\/uploads\/2023\/03\/download.jpeg\",\"caption\":\"Reda\u00e7\u00e3o\"},\"url\":\"https:\/\/jornaltimoneiro.com.br\/index.php\/author\/simone-dutra\/\"}]}<\/script>\n<!-- \/ Yoast SEO plugin. -->","yoast_head_json":{"title":"Canoas sedia pela primeira vez a Semana Lixo Zero - O Timoneiro Jornal Canoas RS","robots":{"index":"index","follow":"follow","max-snippet":"max-snippet:-1","max-image-preview":"max-image-preview:large","max-video-preview":"max-video-preview:-1"},"canonical":"https:\/\/jornaltimoneiro.com.br\/index.php\/2020\/10\/09\/canoas-sedia-pela-primeira-vez-a-semana-lixo-zero\/","og_locale":"pt_BR","og_type":"article","og_title":"Canoas sedia pela primeira vez a Semana Lixo Zero - O Timoneiro Jornal Canoas RS","og_description":"A Semana Lixo Zero, promovida pelo Instituto Lixo Zero Brasil (ILZB), ter\u00e1 a sua primeira edi\u00e7\u00e3o em Canoas do dia 23 de outubro ao dia 1\u00b0 de novembro de 2020. O Instituto Lixo Zero Brasil \u00e9 uma organiza\u00e7\u00e3o civil, sem fins lucrativos que faz parte do movimento internacional Zero Waste International Alliance. O evento, realizado [&hellip;]","og_url":"https:\/\/jornaltimoneiro.com.br\/index.php\/2020\/10\/09\/canoas-sedia-pela-primeira-vez-a-semana-lixo-zero\/","og_site_name":"O Timoneiro Jornal Canoas RS","article_publisher":"https:\/\/www.facebook.com\/jornaltimoneiro","article_published_time":"2020-10-09T10:00:42+00:00","article_modified_time":"2020-10-20T14:53:30+00:00","og_image":[{"width":"800","height":"370","url":"https:\/\/jornaltimoneiro.com.br\/wp-content\/uploads\/2020\/10\/WhatsApp-Image-2020-10-08-at-17.23.21.jpeg","type":"image\/jpeg"}],"author":"Reda\u00e7\u00e3o","twitter_card":"summary_large_image","twitter_creator":"@_OTimoneiro","twitter_site":"@_OTimoneiro","twitter_misc":{"Escrito por":"Reda\u00e7\u00e3o","Est. tempo de leitura":"1 minuto"},"schema":{"@context":"https:\/\/schema.org","@graph":[{"@type":"Article","@id":"https:\/\/jornaltimoneiro.com.br\/index.php\/2020\/10\/09\/canoas-sedia-pela-primeira-vez-a-semana-lixo-zero\/#article","isPartOf":{"@id":"https:\/\/jornaltimoneiro.com.br\/index.php\/2020\/10\/09\/canoas-sedia-pela-primeira-vez-a-semana-lixo-zero\/"},"author":{"name":"Reda\u00e7\u00e3o","@id":"https:\/\/jornaltimoneiro.com.br\/#\/schema\/person\/f63482f1a02b1a9592707865e509ab40"},"headline":"Canoas sedia pela primeira vez a Semana Lixo Zero","datePublished":"2020-10-09T10:00:42+00:00","dateModified":"2020-10-20T14:53:30+00:00","mainEntityOfPage":{"@id":"https:\/\/jornaltimoneiro.com.br\/index.php\/2020\/10\/09\/canoas-sedia-pela-primeira-vez-a-semana-lixo-zero\/"},"wordCount":240,"commentCount":0,"publisher":{"@id":"https:\/\/jornaltimoneiro.com.br\/#organization"},"articleSection":["Geral"],"inLanguage":"pt-BR","potentialAction":[{"@type":"CommentAction","name":"Comment","target":["https:\/\/jornaltimoneiro.com.br\/index.php\/2020\/10\/09\/canoas-sedia-pela-primeira-vez-a-semana-lixo-zero\/#respond"]}]},{"@type":"WebPage","@id":"https:\/\/jornaltimoneiro.com.br\/index.php\/2020\/10\/09\/canoas-sedia-pela-primeira-vez-a-semana-lixo-zero\/","url":"https:\/\/jornaltimoneiro.com.br\/index.php\/2020\/10\/09\/canoas-sedia-pela-primeira-vez-a-semana-lixo-zero\/","name":"Canoas sedia pela primeira vez a Semana Lixo Zero - O Timoneiro Jornal Canoas RS","isPartOf":{"@id":"https:\/\/jornaltimoneiro.com.br\/#website"},"datePublished":"2020-10-09T10:00:42+00:00","dateModified":"2020-10-20T14:53:30+00:00","breadcrumb":{"@id":"https:\/\/jornaltimoneiro.com.br\/index.php\/2020\/10\/09\/canoas-sedia-pela-primeira-vez-a-semana-lixo-zero\/#breadcrumb"},"inLanguage":"pt-BR","potentialAction":[{"@type":"ReadAction","target":["https:\/\/jornaltimoneiro.com.br\/index.php\/2020\/10\/09\/canoas-sedia-pela-primeira-vez-a-semana-lixo-zero\/"]}]},{"@type":"BreadcrumbList","@id":"https:\/\/jornaltimoneiro.com.br\/index.php\/2020\/10\/09\/canoas-sedia-pela-primeira-vez-a-semana-lixo-zero\/#breadcrumb","itemListElement":[{"@type":"ListItem","position":1,"name":"In\u00edcio","item":"https:\/\/jornaltimoneiro.com.br\/"},{"@type":"ListItem","position":2,"name":"Canoas sedia pela primeira vez a Semana Lixo Zero"}]},{"@type":"WebSite","@id":"https:\/\/jornaltimoneiro.com.br\/#website","url":"https:\/\/jornaltimoneiro.com.br\/","name":"Jornal Timoneiro Canoas RS","description":"Jornal O Timoneiro, o verdadeiro jornal de Canoas","publisher":{"@id":"https:\/\/jornaltimoneiro.com.br\/#organization"},"potentialAction":[{"@type":"SearchAction","target":{"@type":"EntryPoint","urlTemplate":"https:\/\/jornaltimoneiro.com.br\/?s={search_term_string}"},"query-input":"required name=search_term_string"}],"inLanguage":"pt-BR"},{"@type":"Organization","@id":"https:\/\/jornaltimoneiro.com.br\/#organization","name":"Jornal Timoneiro Canoas RS","url":"https:\/\/jornaltimoneiro.com.br\/","logo":{"@type":"ImageObject","inLanguage":"pt-BR","@id":"https:\/\/jornaltimoneiro.com.br\/#\/schema\/logo\/image\/","url":"https:\/\/jornaltimoneiro.com.br\/wp-content\/uploads\/2023\/03\/logonovo.png","contentUrl":"https:\/\/jornaltimoneiro.com.br\/wp-content\/uploads\/2023\/03\/logonovo.png","width":"469","height":"171","caption":"Jornal Timoneiro Canoas RS"},"image":{"@id":"https:\/\/jornaltimoneiro.com.br\/#\/schema\/logo\/image\/"},"sameAs":["https:\/\/www.facebook.com\/jornaltimoneiro","https:\/\/twitter.com\/_OTimoneiro","https:\/\/www.instagram.com\/jornaltimoneirocanoas\/","https:\/\/www.youtube.com\/@jornalotimoneiro7927"]},{"@type":"Person","@id":"https:\/\/jornaltimoneiro.com.br\/#\/schema\/person\/f63482f1a02b1a9592707865e509ab40","name":"Reda\u00e7\u00e3o","image":{"@type":"ImageObject","inLanguage":"pt-BR","@id":"https:\/\/jornaltimoneiro.com.br\/#\/schema\/person\/image\/","url":"https:\/\/jornaltimoneiro.com.br\/wp-content\/uploads\/2023\/03\/download.jpeg","contentUrl":"https:\/\/jornaltimoneiro.com.br\/wp-content\/uploads\/2023\/03\/download.jpeg","caption":"Reda\u00e7\u00e3o"},"url":"https:\/\/jornaltimoneiro.com.br\/index.php\/author\/simone-dutra\/"}]}},"_links":{"self":[{"href":"https:\/\/jornaltimoneiro.com.br\/index.php\/wp-json\/wp\/v2\/posts\/17890"}],"collection":[{"href":"https:\/\/jornaltimoneiro.com.br\/index.php\/wp-json\/wp\/v2\/posts"}],"about":[{"href":"https:\/\/jornaltimoneiro.com.br\/index.php\/wp-json\/wp\/v2\/types\/post"}],"author":[{"embeddable":true,"href":"https:\/\/jornaltimoneiro.com.br\/index.php\/wp-json\/wp\/v2\/users\/2"}],"replies":[{"embeddable":true,"href":"https:\/\/jornaltimoneiro.com.br\/index.php\/wp-json\/wp\/v2\/comments?post=17890"}],"version-history":[{"count":1,"href":"https:\/\/jornaltimoneiro.com.br\/index.php\/wp-json\/wp\/v2\/posts\/17890\/revisions"}],"predecessor-version":[{"id":17902,"href":"https:\/\/jornaltimoneiro.com.br\/index.php\/wp-json\/wp\/v2\/posts\/17890\/revisions\/17902"}],"wp:featuredmedia":[{"embeddable":true,"href":"https:\/\/jornaltimoneiro.com.br\/index.php\/wp-json\/wp\/v2\/media\/17901"}],"wp:attachment":[{"href":"https:\/\/jornaltimoneiro.com.br\/index.php\/wp-json\/wp\/v2\/media?parent=17890"}],"wp:term":[{"taxonomy":"category","embeddable":true,"href":"https:\/\/jornaltimoneiro.com.br\/index.php\/wp-json\/wp\/v2\/categories?post=17890"},{"taxonomy":"post_tag","embeddable":true,"href":"https:\/\/jornaltimoneiro.com.br\/index.php\/wp-json\/wp\/v2\/tags?post=17890"}],"curies":[{"name":"wp","href":"https:\/\/api.w.org\/{rel}","templated":true}]}}