{"id":17843,"date":"2020-10-02T07:00:40","date_gmt":"2020-10-02T10:00:40","guid":{"rendered":"https:\/\/jornaltimoneiro.com.br\/?p=17843"},"modified":"2020-10-01T16:38:10","modified_gmt":"2020-10-01T19:38:10","slug":"tito-guarniere-606-procuradores-da-agu-foram-promovidos-ao-topo-da-carreira","status":"publish","type":"post","link":"https:\/\/jornaltimoneiro.com.br\/index.php\/2020\/10\/02\/tito-guarniere-606-procuradores-da-agu-foram-promovidos-ao-topo-da-carreira\/","title":{"rendered":"Tito Guarniere: &#8220;606 procuradores da AGU foram promovidos ao topo da carreira&#8221;"},"content":{"rendered":"<p>Tito Guarniere<\/p>\n<p><strong>Carga pesada<\/strong><\/p>\n<p>Em plena pandemia, 606 procuradores da Advocacia Geral da Uni\u00e3o-AGU foram promovidos ao topo de carreira. A promo\u00e7\u00e3o de baciada, segundo o Estad\u00e3o, implica em aumento de sal\u00e1rio \u2013 agora a categoria passa a ganhar mais de 27 mil reais por m\u00eas.<\/p>\n<p>No servi\u00e7o p\u00fablico a promo\u00e7\u00e3o \u00e9 autom\u00e1tica, embora a lei estabele\u00e7a o m\u00e9rito como uma condi\u00e7\u00e3o. Como os funcion\u00e1rios p\u00fablicos \u201cavaliam\u201d a si mesmos, todos t\u00eam m\u00e9ritos, todos s\u00e3o promovidos. No caso da AGU, 92% dos procuradores alcan\u00e7aram o topo da carreira. No setor p\u00fablico m\u00e9rito \u00e9 uma fic\u00e7\u00e3o.<\/p>\n<p>Esse \u00e9 o resultado previs\u00edvel da estabilidade funcional e da remunera\u00e7\u00e3o igual de todos os servidores de uma classe. Por que trabalhar mais, ser mais interessado e diligente, se todos ganham a mesma coisa, inclusive os pregui\u00e7osos e incompetentes? Por que empenho se o sal\u00e1rio e o emprego est\u00e3o garantidos por lei? No emprego p\u00fablico n\u00e3o h\u00e1 riscos ou san\u00e7\u00f5es \u2013 todos se protegem mutuamente.<\/p>\n<p>Na administra\u00e7\u00e3o p\u00fablica, certas palavras s\u00e3o perigosas. Uma delas \u00e9 isonomia. O sal\u00e1rio deve ser igual, mas quando h\u00e1 diferen\u00e7a os que ganham menos pedem (e obt\u00eam) isonomia, que \u00e9 sempre para cima, pelo maior valor. Leitor e contribuinte: quando ouvir falar de isonomia tenha certeza de que est\u00e3o mexendo no seu bolso.<\/p>\n<p>Na esteira da AGU, auditores do Tribunal de Contas da Uni\u00e3o-TCU se movimentaram para obter progress\u00f5es e promo\u00e7\u00f5es. Essas manobras se fazem de dentro, s\u00e3o implementadas atrav\u00e9s de normas internas, portarias e resolu\u00e7\u00f5es \u2013 a parafern\u00e1lia de legisla\u00e7\u00e3o infralegal, que n\u00e3o passa pelo Congresso.<\/p>\n<p>Palavra charmosa, na administra\u00e7\u00e3o p\u00fablica, \u00e9 autonomia. Charmosa, por\u00e9m perigosa para os cofres p\u00fablicos. \u00c9 em nome dela que poderes, como o Legislativo, o Judici\u00e1rio, o Minist\u00e9rio P\u00fablico, os tribunais de contas e certas autarquias, recebem do or\u00e7amento um valor superior \u00e0s suas necessidades, usando as sobras para conceder direitos e vantagens aos seus funcion\u00e1rios.<\/p>\n<p>\u00c9 nessa rubrica que s\u00e3o lan\u00e7ados os famosos \u201cpenduricalhos\u201d, ganhos extras (e abusivos) sob os mais diversos t\u00edtulos, que com frequ\u00eancia permitem o vazamento do teto legal de sal\u00e1rios do setor p\u00fablico.<\/p>\n<p>As grandes empresas \u2013 \u00e9 certo \u2013 t\u00eam poder e influ\u00eancia junto ao Estado para defender os seus interesses. Mas nada se compara ao poder de barganha dos servidores p\u00fablicos. Eles t\u00eam tempo de sobra, imagina\u00e7\u00e3o f\u00e9rtil e capacidade t\u00e9cnica. Assessoram senadores e deputados na elabora\u00e7\u00e3o de leis e emendas \u2013 n\u00e3o passa nada que os possa prejudicar, e quando podem inserem no texto cl\u00e1usulas em causa pr\u00f3pria.<\/p>\n<p>A recente Reforma Administrativa, tocou muito de leve \u2013 se tocou \u2013 nos privil\u00e9gios das m\u00e9dias e altas categorias do funcionalismo, e nas castas, como a dos militares. O Estado brasileiro \u2013 Uni\u00e3o, estados e munic\u00edpios \u2013 existe, a rigor, para pagar os seus funcion\u00e1rios, sobrando uma mis\u00e9ria de recursos para investir na infraestrutura, na educa\u00e7\u00e3o, na sa\u00fade, ou em pol\u00edticas sociais.<\/p>\n<p>A carga pesada do funcionalismo \u00e9 sustentada pelo esfor\u00e7o e o trabalho dos mortais comuns, pessoas e empresas que vivem fora do Estado, pagando a insuport\u00e1vel carga tribut\u00e1ria que est\u00e3o submetidos. E vem a\u00ed a nova CPMF&#8230;<\/p>\n<p><a href=\"mailto:titoguarniere@hotmail.com\">titoguarniere@hotmail.com<\/a><\/p>\n<p>&nbsp;<\/p>\n","protected":false},"excerpt":{"rendered":"<p>Tito Guarniere Carga pesada Em plena pandemia, 606 procuradores da Advocacia Geral da Uni\u00e3o-AGU foram promovidos ao topo de carreira. A promo\u00e7\u00e3o de baciada, segundo o Estad\u00e3o, implica em aumento de sal\u00e1rio \u2013 agora a categoria passa a ganhar mais de 27 mil reais por m\u00eas. No servi\u00e7o p\u00fablico a promo\u00e7\u00e3o \u00e9 autom\u00e1tica, embora a [&hellip;]<\/p>\n","protected":false},"author":2,"featured_media":17856,"comment_status":"open","ping_status":"open","sticky":false,"template":"","format":"standard","meta":{"amp_status":"","footnotes":""},"categories":[21],"tags":[],"class_list":["post-17843","post","type-post","status-publish","format-standard","has-post-thumbnail","hentry","category-opiniao"],"yoast_head":"<!-- This site is optimized with the Yoast SEO plugin v20.5 - https:\/\/yoast.com\/wordpress\/plugins\/seo\/ -->\n<title>Tito Guarniere: &quot;606 procuradores da AGU foram promovidos ao topo da carreira&quot; - O Timoneiro Jornal Canoas RS<\/title>\n<meta name=\"robots\" content=\"index, follow, max-snippet:-1, max-image-preview:large, max-video-preview:-1\" \/>\n<link rel=\"canonical\" href=\"https:\/\/jornaltimoneiro.com.br\/index.php\/2020\/10\/02\/tito-guarniere-606-procuradores-da-agu-foram-promovidos-ao-topo-da-carreira\/\" \/>\n<meta property=\"og:locale\" content=\"pt_BR\" \/>\n<meta property=\"og:type\" content=\"article\" \/>\n<meta property=\"og:title\" content=\"Tito Guarniere: &quot;606 procuradores da AGU foram promovidos ao topo da carreira&quot; - O Timoneiro Jornal Canoas RS\" \/>\n<meta property=\"og:description\" content=\"Tito Guarniere Carga pesada Em plena pandemia, 606 procuradores da Advocacia Geral da Uni\u00e3o-AGU foram promovidos ao topo de carreira. A promo\u00e7\u00e3o de baciada, segundo o Estad\u00e3o, implica em aumento de sal\u00e1rio \u2013 agora a categoria passa a ganhar mais de 27 mil reais por m\u00eas. No servi\u00e7o p\u00fablico a promo\u00e7\u00e3o \u00e9 autom\u00e1tica, embora a [&hellip;]\" \/>\n<meta property=\"og:url\" content=\"https:\/\/jornaltimoneiro.com.br\/index.php\/2020\/10\/02\/tito-guarniere-606-procuradores-da-agu-foram-promovidos-ao-topo-da-carreira\/\" \/>\n<meta property=\"og:site_name\" content=\"O Timoneiro Jornal Canoas RS\" \/>\n<meta property=\"article:publisher\" content=\"https:\/\/www.facebook.com\/jornaltimoneiro\" \/>\n<meta property=\"article:published_time\" content=\"2020-10-02T10:00:40+00:00\" \/>\n<meta property=\"article:modified_time\" content=\"2020-10-01T19:38:10+00:00\" \/>\n<meta property=\"og:image\" content=\"https:\/\/jornaltimoneiro.com.br\/wp-content\/uploads\/2020\/10\/agu.jpg\" \/>\n\t<meta property=\"og:image:width\" content=\"500\" \/>\n\t<meta property=\"og:image:height\" content=\"333\" \/>\n\t<meta property=\"og:image:type\" content=\"image\/jpeg\" \/>\n<meta name=\"author\" content=\"Reda\u00e7\u00e3o\" \/>\n<meta name=\"twitter:card\" content=\"summary_large_image\" \/>\n<meta name=\"twitter:creator\" content=\"@_OTimoneiro\" \/>\n<meta name=\"twitter:site\" content=\"@_OTimoneiro\" \/>\n<meta name=\"twitter:label1\" content=\"Escrito por\" \/>\n\t<meta name=\"twitter:data1\" content=\"Reda\u00e7\u00e3o\" \/>\n\t<meta name=\"twitter:label2\" content=\"Est. tempo de leitura\" \/>\n\t<meta name=\"twitter:data2\" content=\"3 minutos\" \/>\n<script type=\"application\/ld+json\" class=\"yoast-schema-graph\">{\"@context\":\"https:\/\/schema.org\",\"@graph\":[{\"@type\":\"Article\",\"@id\":\"https:\/\/jornaltimoneiro.com.br\/index.php\/2020\/10\/02\/tito-guarniere-606-procuradores-da-agu-foram-promovidos-ao-topo-da-carreira\/#article\",\"isPartOf\":{\"@id\":\"https:\/\/jornaltimoneiro.com.br\/index.php\/2020\/10\/02\/tito-guarniere-606-procuradores-da-agu-foram-promovidos-ao-topo-da-carreira\/\"},\"author\":{\"name\":\"Reda\u00e7\u00e3o\",\"@id\":\"https:\/\/jornaltimoneiro.com.br\/#\/schema\/person\/f63482f1a02b1a9592707865e509ab40\"},\"headline\":\"Tito Guarniere: &#8220;606 procuradores da AGU foram promovidos ao topo da carreira&#8221;\",\"datePublished\":\"2020-10-02T10:00:40+00:00\",\"dateModified\":\"2020-10-01T19:38:10+00:00\",\"mainEntityOfPage\":{\"@id\":\"https:\/\/jornaltimoneiro.com.br\/index.php\/2020\/10\/02\/tito-guarniere-606-procuradores-da-agu-foram-promovidos-ao-topo-da-carreira\/\"},\"wordCount\":587,\"commentCount\":0,\"publisher\":{\"@id\":\"https:\/\/jornaltimoneiro.com.br\/#organization\"},\"articleSection\":[\"Opini\u00e3o\"],\"inLanguage\":\"pt-BR\",\"potentialAction\":[{\"@type\":\"CommentAction\",\"name\":\"Comment\",\"target\":[\"https:\/\/jornaltimoneiro.com.br\/index.php\/2020\/10\/02\/tito-guarniere-606-procuradores-da-agu-foram-promovidos-ao-topo-da-carreira\/#respond\"]}]},{\"@type\":\"WebPage\",\"@id\":\"https:\/\/jornaltimoneiro.com.br\/index.php\/2020\/10\/02\/tito-guarniere-606-procuradores-da-agu-foram-promovidos-ao-topo-da-carreira\/\",\"url\":\"https:\/\/jornaltimoneiro.com.br\/index.php\/2020\/10\/02\/tito-guarniere-606-procuradores-da-agu-foram-promovidos-ao-topo-da-carreira\/\",\"name\":\"Tito Guarniere: \\\"606 procuradores da AGU foram promovidos ao topo da carreira\\\" - O Timoneiro Jornal Canoas RS\",\"isPartOf\":{\"@id\":\"https:\/\/jornaltimoneiro.com.br\/#website\"},\"datePublished\":\"2020-10-02T10:00:40+00:00\",\"dateModified\":\"2020-10-01T19:38:10+00:00\",\"breadcrumb\":{\"@id\":\"https:\/\/jornaltimoneiro.com.br\/index.php\/2020\/10\/02\/tito-guarniere-606-procuradores-da-agu-foram-promovidos-ao-topo-da-carreira\/#breadcrumb\"},\"inLanguage\":\"pt-BR\",\"potentialAction\":[{\"@type\":\"ReadAction\",\"target\":[\"https:\/\/jornaltimoneiro.com.br\/index.php\/2020\/10\/02\/tito-guarniere-606-procuradores-da-agu-foram-promovidos-ao-topo-da-carreira\/\"]}]},{\"@type\":\"BreadcrumbList\",\"@id\":\"https:\/\/jornaltimoneiro.com.br\/index.php\/2020\/10\/02\/tito-guarniere-606-procuradores-da-agu-foram-promovidos-ao-topo-da-carreira\/#breadcrumb\",\"itemListElement\":[{\"@type\":\"ListItem\",\"position\":1,\"name\":\"In\u00edcio\",\"item\":\"https:\/\/jornaltimoneiro.com.br\/\"},{\"@type\":\"ListItem\",\"position\":2,\"name\":\"Tito Guarniere: &#8220;606 procuradores da AGU foram promovidos ao topo da carreira&#8221;\"}]},{\"@type\":\"WebSite\",\"@id\":\"https:\/\/jornaltimoneiro.com.br\/#website\",\"url\":\"https:\/\/jornaltimoneiro.com.br\/\",\"name\":\"Jornal Timoneiro Canoas RS\",\"description\":\"Jornal O Timoneiro, o verdadeiro jornal de Canoas\",\"publisher\":{\"@id\":\"https:\/\/jornaltimoneiro.com.br\/#organization\"},\"potentialAction\":[{\"@type\":\"SearchAction\",\"target\":{\"@type\":\"EntryPoint\",\"urlTemplate\":\"https:\/\/jornaltimoneiro.com.br\/?s={search_term_string}\"},\"query-input\":\"required name=search_term_string\"}],\"inLanguage\":\"pt-BR\"},{\"@type\":\"Organization\",\"@id\":\"https:\/\/jornaltimoneiro.com.br\/#organization\",\"name\":\"Jornal Timoneiro Canoas RS\",\"url\":\"https:\/\/jornaltimoneiro.com.br\/\",\"logo\":{\"@type\":\"ImageObject\",\"inLanguage\":\"pt-BR\",\"@id\":\"https:\/\/jornaltimoneiro.com.br\/#\/schema\/logo\/image\/\",\"url\":\"https:\/\/jornaltimoneiro.com.br\/wp-content\/uploads\/2023\/03\/logonovo.png\",\"contentUrl\":\"https:\/\/jornaltimoneiro.com.br\/wp-content\/uploads\/2023\/03\/logonovo.png\",\"width\":\"469\",\"height\":\"171\",\"caption\":\"Jornal Timoneiro Canoas RS\"},\"image\":{\"@id\":\"https:\/\/jornaltimoneiro.com.br\/#\/schema\/logo\/image\/\"},\"sameAs\":[\"https:\/\/www.facebook.com\/jornaltimoneiro\",\"https:\/\/twitter.com\/_OTimoneiro\",\"https:\/\/www.instagram.com\/jornaltimoneirocanoas\/\",\"https:\/\/www.youtube.com\/@jornalotimoneiro7927\"]},{\"@type\":\"Person\",\"@id\":\"https:\/\/jornaltimoneiro.com.br\/#\/schema\/person\/f63482f1a02b1a9592707865e509ab40\",\"name\":\"Reda\u00e7\u00e3o\",\"image\":{\"@type\":\"ImageObject\",\"inLanguage\":\"pt-BR\",\"@id\":\"https:\/\/jornaltimoneiro.com.br\/#\/schema\/person\/image\/\",\"url\":\"https:\/\/jornaltimoneiro.com.br\/wp-content\/uploads\/2023\/03\/download.jpeg\",\"contentUrl\":\"https:\/\/jornaltimoneiro.com.br\/wp-content\/uploads\/2023\/03\/download.jpeg\",\"caption\":\"Reda\u00e7\u00e3o\"},\"url\":\"https:\/\/jornaltimoneiro.com.br\/index.php\/author\/simone-dutra\/\"}]}<\/script>\n<!-- \/ Yoast SEO plugin. -->","yoast_head_json":{"title":"Tito Guarniere: \"606 procuradores da AGU foram promovidos ao topo da carreira\" - O Timoneiro Jornal Canoas RS","robots":{"index":"index","follow":"follow","max-snippet":"max-snippet:-1","max-image-preview":"max-image-preview:large","max-video-preview":"max-video-preview:-1"},"canonical":"https:\/\/jornaltimoneiro.com.br\/index.php\/2020\/10\/02\/tito-guarniere-606-procuradores-da-agu-foram-promovidos-ao-topo-da-carreira\/","og_locale":"pt_BR","og_type":"article","og_title":"Tito Guarniere: \"606 procuradores da AGU foram promovidos ao topo da carreira\" - O Timoneiro Jornal Canoas RS","og_description":"Tito Guarniere Carga pesada Em plena pandemia, 606 procuradores da Advocacia Geral da Uni\u00e3o-AGU foram promovidos ao topo de carreira. A promo\u00e7\u00e3o de baciada, segundo o Estad\u00e3o, implica em aumento de sal\u00e1rio \u2013 agora a categoria passa a ganhar mais de 27 mil reais por m\u00eas. No servi\u00e7o p\u00fablico a promo\u00e7\u00e3o \u00e9 autom\u00e1tica, embora a [&hellip;]","og_url":"https:\/\/jornaltimoneiro.com.br\/index.php\/2020\/10\/02\/tito-guarniere-606-procuradores-da-agu-foram-promovidos-ao-topo-da-carreira\/","og_site_name":"O Timoneiro Jornal Canoas RS","article_publisher":"https:\/\/www.facebook.com\/jornaltimoneiro","article_published_time":"2020-10-02T10:00:40+00:00","article_modified_time":"2020-10-01T19:38:10+00:00","og_image":[{"width":"500","height":"333","url":"https:\/\/jornaltimoneiro.com.br\/wp-content\/uploads\/2020\/10\/agu.jpg","type":"image\/jpeg"}],"author":"Reda\u00e7\u00e3o","twitter_card":"summary_large_image","twitter_creator":"@_OTimoneiro","twitter_site":"@_OTimoneiro","twitter_misc":{"Escrito por":"Reda\u00e7\u00e3o","Est. tempo de leitura":"3 minutos"},"schema":{"@context":"https:\/\/schema.org","@graph":[{"@type":"Article","@id":"https:\/\/jornaltimoneiro.com.br\/index.php\/2020\/10\/02\/tito-guarniere-606-procuradores-da-agu-foram-promovidos-ao-topo-da-carreira\/#article","isPartOf":{"@id":"https:\/\/jornaltimoneiro.com.br\/index.php\/2020\/10\/02\/tito-guarniere-606-procuradores-da-agu-foram-promovidos-ao-topo-da-carreira\/"},"author":{"name":"Reda\u00e7\u00e3o","@id":"https:\/\/jornaltimoneiro.com.br\/#\/schema\/person\/f63482f1a02b1a9592707865e509ab40"},"headline":"Tito Guarniere: &#8220;606 procuradores da AGU foram promovidos ao topo da carreira&#8221;","datePublished":"2020-10-02T10:00:40+00:00","dateModified":"2020-10-01T19:38:10+00:00","mainEntityOfPage":{"@id":"https:\/\/jornaltimoneiro.com.br\/index.php\/2020\/10\/02\/tito-guarniere-606-procuradores-da-agu-foram-promovidos-ao-topo-da-carreira\/"},"wordCount":587,"commentCount":0,"publisher":{"@id":"https:\/\/jornaltimoneiro.com.br\/#organization"},"articleSection":["Opini\u00e3o"],"inLanguage":"pt-BR","potentialAction":[{"@type":"CommentAction","name":"Comment","target":["https:\/\/jornaltimoneiro.com.br\/index.php\/2020\/10\/02\/tito-guarniere-606-procuradores-da-agu-foram-promovidos-ao-topo-da-carreira\/#respond"]}]},{"@type":"WebPage","@id":"https:\/\/jornaltimoneiro.com.br\/index.php\/2020\/10\/02\/tito-guarniere-606-procuradores-da-agu-foram-promovidos-ao-topo-da-carreira\/","url":"https:\/\/jornaltimoneiro.com.br\/index.php\/2020\/10\/02\/tito-guarniere-606-procuradores-da-agu-foram-promovidos-ao-topo-da-carreira\/","name":"Tito Guarniere: \"606 procuradores da AGU foram promovidos ao topo da carreira\" - O Timoneiro Jornal Canoas RS","isPartOf":{"@id":"https:\/\/jornaltimoneiro.com.br\/#website"},"datePublished":"2020-10-02T10:00:40+00:00","dateModified":"2020-10-01T19:38:10+00:00","breadcrumb":{"@id":"https:\/\/jornaltimoneiro.com.br\/index.php\/2020\/10\/02\/tito-guarniere-606-procuradores-da-agu-foram-promovidos-ao-topo-da-carreira\/#breadcrumb"},"inLanguage":"pt-BR","potentialAction":[{"@type":"ReadAction","target":["https:\/\/jornaltimoneiro.com.br\/index.php\/2020\/10\/02\/tito-guarniere-606-procuradores-da-agu-foram-promovidos-ao-topo-da-carreira\/"]}]},{"@type":"BreadcrumbList","@id":"https:\/\/jornaltimoneiro.com.br\/index.php\/2020\/10\/02\/tito-guarniere-606-procuradores-da-agu-foram-promovidos-ao-topo-da-carreira\/#breadcrumb","itemListElement":[{"@type":"ListItem","position":1,"name":"In\u00edcio","item":"https:\/\/jornaltimoneiro.com.br\/"},{"@type":"ListItem","position":2,"name":"Tito Guarniere: &#8220;606 procuradores da AGU foram promovidos ao topo da carreira&#8221;"}]},{"@type":"WebSite","@id":"https:\/\/jornaltimoneiro.com.br\/#website","url":"https:\/\/jornaltimoneiro.com.br\/","name":"Jornal Timoneiro Canoas RS","description":"Jornal O Timoneiro, o verdadeiro jornal de Canoas","publisher":{"@id":"https:\/\/jornaltimoneiro.com.br\/#organization"},"potentialAction":[{"@type":"SearchAction","target":{"@type":"EntryPoint","urlTemplate":"https:\/\/jornaltimoneiro.com.br\/?s={search_term_string}"},"query-input":"required name=search_term_string"}],"inLanguage":"pt-BR"},{"@type":"Organization","@id":"https:\/\/jornaltimoneiro.com.br\/#organization","name":"Jornal Timoneiro Canoas RS","url":"https:\/\/jornaltimoneiro.com.br\/","logo":{"@type":"ImageObject","inLanguage":"pt-BR","@id":"https:\/\/jornaltimoneiro.com.br\/#\/schema\/logo\/image\/","url":"https:\/\/jornaltimoneiro.com.br\/wp-content\/uploads\/2023\/03\/logonovo.png","contentUrl":"https:\/\/jornaltimoneiro.com.br\/wp-content\/uploads\/2023\/03\/logonovo.png","width":"469","height":"171","caption":"Jornal Timoneiro Canoas RS"},"image":{"@id":"https:\/\/jornaltimoneiro.com.br\/#\/schema\/logo\/image\/"},"sameAs":["https:\/\/www.facebook.com\/jornaltimoneiro","https:\/\/twitter.com\/_OTimoneiro","https:\/\/www.instagram.com\/jornaltimoneirocanoas\/","https:\/\/www.youtube.com\/@jornalotimoneiro7927"]},{"@type":"Person","@id":"https:\/\/jornaltimoneiro.com.br\/#\/schema\/person\/f63482f1a02b1a9592707865e509ab40","name":"Reda\u00e7\u00e3o","image":{"@type":"ImageObject","inLanguage":"pt-BR","@id":"https:\/\/jornaltimoneiro.com.br\/#\/schema\/person\/image\/","url":"https:\/\/jornaltimoneiro.com.br\/wp-content\/uploads\/2023\/03\/download.jpeg","contentUrl":"https:\/\/jornaltimoneiro.com.br\/wp-content\/uploads\/2023\/03\/download.jpeg","caption":"Reda\u00e7\u00e3o"},"url":"https:\/\/jornaltimoneiro.com.br\/index.php\/author\/simone-dutra\/"}]}},"_links":{"self":[{"href":"https:\/\/jornaltimoneiro.com.br\/index.php\/wp-json\/wp\/v2\/posts\/17843"}],"collection":[{"href":"https:\/\/jornaltimoneiro.com.br\/index.php\/wp-json\/wp\/v2\/posts"}],"about":[{"href":"https:\/\/jornaltimoneiro.com.br\/index.php\/wp-json\/wp\/v2\/types\/post"}],"author":[{"embeddable":true,"href":"https:\/\/jornaltimoneiro.com.br\/index.php\/wp-json\/wp\/v2\/users\/2"}],"replies":[{"embeddable":true,"href":"https:\/\/jornaltimoneiro.com.br\/index.php\/wp-json\/wp\/v2\/comments?post=17843"}],"version-history":[{"count":1,"href":"https:\/\/jornaltimoneiro.com.br\/index.php\/wp-json\/wp\/v2\/posts\/17843\/revisions"}],"predecessor-version":[{"id":17857,"href":"https:\/\/jornaltimoneiro.com.br\/index.php\/wp-json\/wp\/v2\/posts\/17843\/revisions\/17857"}],"wp:featuredmedia":[{"embeddable":true,"href":"https:\/\/jornaltimoneiro.com.br\/index.php\/wp-json\/wp\/v2\/media\/17856"}],"wp:attachment":[{"href":"https:\/\/jornaltimoneiro.com.br\/index.php\/wp-json\/wp\/v2\/media?parent=17843"}],"wp:term":[{"taxonomy":"category","embeddable":true,"href":"https:\/\/jornaltimoneiro.com.br\/index.php\/wp-json\/wp\/v2\/categories?post=17843"},{"taxonomy":"post_tag","embeddable":true,"href":"https:\/\/jornaltimoneiro.com.br\/index.php\/wp-json\/wp\/v2\/tags?post=17843"}],"curies":[{"name":"wp","href":"https:\/\/api.w.org\/{rel}","templated":true}]}}