{"id":17602,"date":"2020-09-01T12:28:00","date_gmt":"2020-09-01T15:28:00","guid":{"rendered":"https:\/\/jornaltimoneiro.com.br\/?p=17602"},"modified":"2020-09-08T15:27:32","modified_gmt":"2020-09-08T18:27:32","slug":"governo-do-rs-propoe-a-prefeitos-volta-das-aulas-presenciais-a-partir-de-8-de-setembro","status":"publish","type":"post","link":"https:\/\/jornaltimoneiro.com.br\/index.php\/2020\/09\/01\/governo-do-rs-propoe-a-prefeitos-volta-das-aulas-presenciais-a-partir-de-8-de-setembro\/","title":{"rendered":"Governo do RS prop\u00f5e a prefeitos volta das aulas presenciais a partir de 8 de setembro"},"content":{"rendered":"<p>Governo prop\u00f5e retomada gradual das aulas presenciais a partir de 8 de setembro, come\u00e7ando pela Educa\u00e7\u00e3o Infantil<\/p>\n<p>Na manh\u00e3 desta ter\u00e7a-feira, 1\u00b0, o governo do Estado apresentou um cronograma previsto para a retomada das aulas presencias no Rio Grande do Sul. A ideia inicial \u00e9 retomar os encontros presenciais ainda neste m\u00eas, de forma escalonada, concluindo o processo em novembro. As etapas come\u00e7ariam pela Educa\u00e7\u00e3o Infantil em 8 de setembro, passando pelo Ensino M\u00e9dio e Ensino Superior, em 21 de setembro, e o Ensino Fundamental, entre 28 de outubro (anos finais) e 12 de novembro (anos iniciais). A decis\u00e3o, em qualquer das datas propostas, caber\u00e1 aos munic\u00edpios.<br \/>\nO novo calend\u00e1rio est\u00e1 sendo apresentado pelo executivo aos prefeitos ga\u00fachos, em reuni\u00e3o que acontece desde \u00e0s 9h, com a Famurs (entidade que representa os munic\u00edpios ga\u00fachos), Minist\u00e9rio P\u00fablico e Tribunal de Contas do Estado (TCE).<\/p>\n<p>O governo destaca que o retorno n\u00e3o ser\u00e1 obrigat\u00f3rio e que a volta \u00e0s aulas s\u00f3 ser\u00e1 permitida para regi\u00f5es com bandeira amarela ou laranja no modelo de distanciamento controlado.<\/p>\n<p>At\u00e9 aqui, as propostas de retomada das aulas presenciais t\u00eam sido criticadas n\u00e3o s\u00f3 por prefeitos, mas tamb\u00e9m pelos principais sindicatos de professores da rede particular e p\u00fablica. Essas entidades consideram insegura a retomada das aulas enquanto n\u00e3o houver queda consistente de mortes no Estado.<\/p>\n","protected":false},"excerpt":{"rendered":"<p>Governo prop\u00f5e retomada gradual das aulas presenciais a partir de 8 de setembro, come\u00e7ando pela Educa\u00e7\u00e3o Infantil Na manh\u00e3 desta ter\u00e7a-feira, 1\u00b0, o governo do Estado apresentou um cronograma previsto para a retomada das aulas presencias no Rio Grande do Sul. A ideia inicial \u00e9 retomar os encontros presenciais ainda neste m\u00eas, de forma escalonada, [&hellip;]<\/p>\n","protected":false},"author":2,"featured_media":17605,"comment_status":"open","ping_status":"open","sticky":false,"template":"","format":"standard","meta":{"amp_status":"","footnotes":""},"categories":[23],"tags":[],"class_list":["post-17602","post","type-post","status-publish","format-standard","has-post-thumbnail","hentry","category-geral"],"yoast_head":"<!-- This site is optimized with the Yoast SEO plugin v20.5 - https:\/\/yoast.com\/wordpress\/plugins\/seo\/ -->\n<title>Governo do RS prop\u00f5e a prefeitos volta das aulas presenciais a partir de 8 de setembro - O Timoneiro Jornal Canoas RS<\/title>\n<meta name=\"robots\" content=\"index, follow, max-snippet:-1, max-image-preview:large, max-video-preview:-1\" \/>\n<link rel=\"canonical\" href=\"https:\/\/jornaltimoneiro.com.br\/index.php\/2020\/09\/01\/governo-do-rs-propoe-a-prefeitos-volta-das-aulas-presenciais-a-partir-de-8-de-setembro\/\" \/>\n<meta property=\"og:locale\" content=\"pt_BR\" \/>\n<meta property=\"og:type\" content=\"article\" \/>\n<meta property=\"og:title\" content=\"Governo do RS prop\u00f5e a prefeitos volta das aulas presenciais a partir de 8 de setembro - O Timoneiro Jornal Canoas RS\" \/>\n<meta property=\"og:description\" content=\"Governo prop\u00f5e retomada gradual das aulas presenciais a partir de 8 de setembro, come\u00e7ando pela Educa\u00e7\u00e3o Infantil Na manh\u00e3 desta ter\u00e7a-feira, 1\u00b0, o governo do Estado apresentou um cronograma previsto para a retomada das aulas presencias no Rio Grande do Sul. A ideia inicial \u00e9 retomar os encontros presenciais ainda neste m\u00eas, de forma escalonada, [&hellip;]\" \/>\n<meta property=\"og:url\" content=\"https:\/\/jornaltimoneiro.com.br\/index.php\/2020\/09\/01\/governo-do-rs-propoe-a-prefeitos-volta-das-aulas-presenciais-a-partir-de-8-de-setembro\/\" \/>\n<meta property=\"og:site_name\" content=\"O Timoneiro Jornal Canoas RS\" \/>\n<meta property=\"article:publisher\" content=\"https:\/\/www.facebook.com\/jornaltimoneiro\" \/>\n<meta property=\"article:published_time\" content=\"2020-09-01T15:28:00+00:00\" \/>\n<meta property=\"article:modified_time\" content=\"2020-09-08T18:27:32+00:00\" \/>\n<meta property=\"og:image\" content=\"https:\/\/jornaltimoneiro.com.br\/wp-content\/uploads\/2020\/09\/58C61413-D53F-451F-BCEA-41101FFAD126-1024x640.jpeg\" \/>\n\t<meta property=\"og:image:width\" content=\"1024\" \/>\n\t<meta property=\"og:image:height\" content=\"640\" \/>\n\t<meta property=\"og:image:type\" content=\"image\/jpeg\" \/>\n<meta name=\"author\" content=\"Reda\u00e7\u00e3o\" \/>\n<meta name=\"twitter:card\" content=\"summary_large_image\" \/>\n<meta name=\"twitter:creator\" content=\"@_OTimoneiro\" \/>\n<meta name=\"twitter:site\" content=\"@_OTimoneiro\" \/>\n<meta name=\"twitter:label1\" content=\"Escrito por\" \/>\n\t<meta name=\"twitter:data1\" content=\"Reda\u00e7\u00e3o\" \/>\n\t<meta name=\"twitter:label2\" content=\"Est. tempo de leitura\" \/>\n\t<meta name=\"twitter:data2\" content=\"1 minuto\" \/>\n<script type=\"application\/ld+json\" class=\"yoast-schema-graph\">{\"@context\":\"https:\/\/schema.org\",\"@graph\":[{\"@type\":\"Article\",\"@id\":\"https:\/\/jornaltimoneiro.com.br\/index.php\/2020\/09\/01\/governo-do-rs-propoe-a-prefeitos-volta-das-aulas-presenciais-a-partir-de-8-de-setembro\/#article\",\"isPartOf\":{\"@id\":\"https:\/\/jornaltimoneiro.com.br\/index.php\/2020\/09\/01\/governo-do-rs-propoe-a-prefeitos-volta-das-aulas-presenciais-a-partir-de-8-de-setembro\/\"},\"author\":{\"name\":\"Reda\u00e7\u00e3o\",\"@id\":\"https:\/\/jornaltimoneiro.com.br\/#\/schema\/person\/f63482f1a02b1a9592707865e509ab40\"},\"headline\":\"Governo do RS prop\u00f5e a prefeitos volta das aulas presenciais a partir de 8 de setembro\",\"datePublished\":\"2020-09-01T15:28:00+00:00\",\"dateModified\":\"2020-09-08T18:27:32+00:00\",\"mainEntityOfPage\":{\"@id\":\"https:\/\/jornaltimoneiro.com.br\/index.php\/2020\/09\/01\/governo-do-rs-propoe-a-prefeitos-volta-das-aulas-presenciais-a-partir-de-8-de-setembro\/\"},\"wordCount\":252,\"commentCount\":0,\"publisher\":{\"@id\":\"https:\/\/jornaltimoneiro.com.br\/#organization\"},\"articleSection\":[\"Geral\"],\"inLanguage\":\"pt-BR\",\"potentialAction\":[{\"@type\":\"CommentAction\",\"name\":\"Comment\",\"target\":[\"https:\/\/jornaltimoneiro.com.br\/index.php\/2020\/09\/01\/governo-do-rs-propoe-a-prefeitos-volta-das-aulas-presenciais-a-partir-de-8-de-setembro\/#respond\"]}]},{\"@type\":\"WebPage\",\"@id\":\"https:\/\/jornaltimoneiro.com.br\/index.php\/2020\/09\/01\/governo-do-rs-propoe-a-prefeitos-volta-das-aulas-presenciais-a-partir-de-8-de-setembro\/\",\"url\":\"https:\/\/jornaltimoneiro.com.br\/index.php\/2020\/09\/01\/governo-do-rs-propoe-a-prefeitos-volta-das-aulas-presenciais-a-partir-de-8-de-setembro\/\",\"name\":\"Governo do RS prop\u00f5e a prefeitos volta das aulas presenciais a partir de 8 de setembro - O Timoneiro Jornal Canoas RS\",\"isPartOf\":{\"@id\":\"https:\/\/jornaltimoneiro.com.br\/#website\"},\"datePublished\":\"2020-09-01T15:28:00+00:00\",\"dateModified\":\"2020-09-08T18:27:32+00:00\",\"breadcrumb\":{\"@id\":\"https:\/\/jornaltimoneiro.com.br\/index.php\/2020\/09\/01\/governo-do-rs-propoe-a-prefeitos-volta-das-aulas-presenciais-a-partir-de-8-de-setembro\/#breadcrumb\"},\"inLanguage\":\"pt-BR\",\"potentialAction\":[{\"@type\":\"ReadAction\",\"target\":[\"https:\/\/jornaltimoneiro.com.br\/index.php\/2020\/09\/01\/governo-do-rs-propoe-a-prefeitos-volta-das-aulas-presenciais-a-partir-de-8-de-setembro\/\"]}]},{\"@type\":\"BreadcrumbList\",\"@id\":\"https:\/\/jornaltimoneiro.com.br\/index.php\/2020\/09\/01\/governo-do-rs-propoe-a-prefeitos-volta-das-aulas-presenciais-a-partir-de-8-de-setembro\/#breadcrumb\",\"itemListElement\":[{\"@type\":\"ListItem\",\"position\":1,\"name\":\"In\u00edcio\",\"item\":\"https:\/\/jornaltimoneiro.com.br\/\"},{\"@type\":\"ListItem\",\"position\":2,\"name\":\"Governo do RS prop\u00f5e a prefeitos volta das aulas presenciais a partir de 8 de setembro\"}]},{\"@type\":\"WebSite\",\"@id\":\"https:\/\/jornaltimoneiro.com.br\/#website\",\"url\":\"https:\/\/jornaltimoneiro.com.br\/\",\"name\":\"Jornal Timoneiro Canoas RS\",\"description\":\"Jornal O Timoneiro, o verdadeiro jornal de Canoas\",\"publisher\":{\"@id\":\"https:\/\/jornaltimoneiro.com.br\/#organization\"},\"potentialAction\":[{\"@type\":\"SearchAction\",\"target\":{\"@type\":\"EntryPoint\",\"urlTemplate\":\"https:\/\/jornaltimoneiro.com.br\/?s={search_term_string}\"},\"query-input\":\"required name=search_term_string\"}],\"inLanguage\":\"pt-BR\"},{\"@type\":\"Organization\",\"@id\":\"https:\/\/jornaltimoneiro.com.br\/#organization\",\"name\":\"Jornal Timoneiro Canoas RS\",\"url\":\"https:\/\/jornaltimoneiro.com.br\/\",\"logo\":{\"@type\":\"ImageObject\",\"inLanguage\":\"pt-BR\",\"@id\":\"https:\/\/jornaltimoneiro.com.br\/#\/schema\/logo\/image\/\",\"url\":\"https:\/\/jornaltimoneiro.com.br\/wp-content\/uploads\/2023\/03\/logonovo.png\",\"contentUrl\":\"https:\/\/jornaltimoneiro.com.br\/wp-content\/uploads\/2023\/03\/logonovo.png\",\"width\":\"469\",\"height\":\"171\",\"caption\":\"Jornal Timoneiro Canoas RS\"},\"image\":{\"@id\":\"https:\/\/jornaltimoneiro.com.br\/#\/schema\/logo\/image\/\"},\"sameAs\":[\"https:\/\/www.facebook.com\/jornaltimoneiro\",\"https:\/\/twitter.com\/_OTimoneiro\",\"https:\/\/www.instagram.com\/jornaltimoneirocanoas\/\",\"https:\/\/www.youtube.com\/@jornalotimoneiro7927\"]},{\"@type\":\"Person\",\"@id\":\"https:\/\/jornaltimoneiro.com.br\/#\/schema\/person\/f63482f1a02b1a9592707865e509ab40\",\"name\":\"Reda\u00e7\u00e3o\",\"image\":{\"@type\":\"ImageObject\",\"inLanguage\":\"pt-BR\",\"@id\":\"https:\/\/jornaltimoneiro.com.br\/#\/schema\/person\/image\/\",\"url\":\"https:\/\/jornaltimoneiro.com.br\/wp-content\/uploads\/2023\/03\/download.jpeg\",\"contentUrl\":\"https:\/\/jornaltimoneiro.com.br\/wp-content\/uploads\/2023\/03\/download.jpeg\",\"caption\":\"Reda\u00e7\u00e3o\"},\"url\":\"https:\/\/jornaltimoneiro.com.br\/index.php\/author\/simone-dutra\/\"}]}<\/script>\n<!-- \/ Yoast SEO plugin. -->","yoast_head_json":{"title":"Governo do RS prop\u00f5e a prefeitos volta das aulas presenciais a partir de 8 de setembro - O Timoneiro Jornal Canoas RS","robots":{"index":"index","follow":"follow","max-snippet":"max-snippet:-1","max-image-preview":"max-image-preview:large","max-video-preview":"max-video-preview:-1"},"canonical":"https:\/\/jornaltimoneiro.com.br\/index.php\/2020\/09\/01\/governo-do-rs-propoe-a-prefeitos-volta-das-aulas-presenciais-a-partir-de-8-de-setembro\/","og_locale":"pt_BR","og_type":"article","og_title":"Governo do RS prop\u00f5e a prefeitos volta das aulas presenciais a partir de 8 de setembro - O Timoneiro Jornal Canoas RS","og_description":"Governo prop\u00f5e retomada gradual das aulas presenciais a partir de 8 de setembro, come\u00e7ando pela Educa\u00e7\u00e3o Infantil Na manh\u00e3 desta ter\u00e7a-feira, 1\u00b0, o governo do Estado apresentou um cronograma previsto para a retomada das aulas presencias no Rio Grande do Sul. A ideia inicial \u00e9 retomar os encontros presenciais ainda neste m\u00eas, de forma escalonada, [&hellip;]","og_url":"https:\/\/jornaltimoneiro.com.br\/index.php\/2020\/09\/01\/governo-do-rs-propoe-a-prefeitos-volta-das-aulas-presenciais-a-partir-de-8-de-setembro\/","og_site_name":"O Timoneiro Jornal Canoas RS","article_publisher":"https:\/\/www.facebook.com\/jornaltimoneiro","article_published_time":"2020-09-01T15:28:00+00:00","article_modified_time":"2020-09-08T18:27:32+00:00","og_image":[{"width":"1024","height":"640","url":"https:\/\/jornaltimoneiro.com.br\/wp-content\/uploads\/2020\/09\/58C61413-D53F-451F-BCEA-41101FFAD126-1024x640.jpeg","type":"image\/jpeg"}],"author":"Reda\u00e7\u00e3o","twitter_card":"summary_large_image","twitter_creator":"@_OTimoneiro","twitter_site":"@_OTimoneiro","twitter_misc":{"Escrito por":"Reda\u00e7\u00e3o","Est. tempo de leitura":"1 minuto"},"schema":{"@context":"https:\/\/schema.org","@graph":[{"@type":"Article","@id":"https:\/\/jornaltimoneiro.com.br\/index.php\/2020\/09\/01\/governo-do-rs-propoe-a-prefeitos-volta-das-aulas-presenciais-a-partir-de-8-de-setembro\/#article","isPartOf":{"@id":"https:\/\/jornaltimoneiro.com.br\/index.php\/2020\/09\/01\/governo-do-rs-propoe-a-prefeitos-volta-das-aulas-presenciais-a-partir-de-8-de-setembro\/"},"author":{"name":"Reda\u00e7\u00e3o","@id":"https:\/\/jornaltimoneiro.com.br\/#\/schema\/person\/f63482f1a02b1a9592707865e509ab40"},"headline":"Governo do RS prop\u00f5e a prefeitos volta das aulas presenciais a partir de 8 de setembro","datePublished":"2020-09-01T15:28:00+00:00","dateModified":"2020-09-08T18:27:32+00:00","mainEntityOfPage":{"@id":"https:\/\/jornaltimoneiro.com.br\/index.php\/2020\/09\/01\/governo-do-rs-propoe-a-prefeitos-volta-das-aulas-presenciais-a-partir-de-8-de-setembro\/"},"wordCount":252,"commentCount":0,"publisher":{"@id":"https:\/\/jornaltimoneiro.com.br\/#organization"},"articleSection":["Geral"],"inLanguage":"pt-BR","potentialAction":[{"@type":"CommentAction","name":"Comment","target":["https:\/\/jornaltimoneiro.com.br\/index.php\/2020\/09\/01\/governo-do-rs-propoe-a-prefeitos-volta-das-aulas-presenciais-a-partir-de-8-de-setembro\/#respond"]}]},{"@type":"WebPage","@id":"https:\/\/jornaltimoneiro.com.br\/index.php\/2020\/09\/01\/governo-do-rs-propoe-a-prefeitos-volta-das-aulas-presenciais-a-partir-de-8-de-setembro\/","url":"https:\/\/jornaltimoneiro.com.br\/index.php\/2020\/09\/01\/governo-do-rs-propoe-a-prefeitos-volta-das-aulas-presenciais-a-partir-de-8-de-setembro\/","name":"Governo do RS prop\u00f5e a prefeitos volta das aulas presenciais a partir de 8 de setembro - O Timoneiro Jornal Canoas RS","isPartOf":{"@id":"https:\/\/jornaltimoneiro.com.br\/#website"},"datePublished":"2020-09-01T15:28:00+00:00","dateModified":"2020-09-08T18:27:32+00:00","breadcrumb":{"@id":"https:\/\/jornaltimoneiro.com.br\/index.php\/2020\/09\/01\/governo-do-rs-propoe-a-prefeitos-volta-das-aulas-presenciais-a-partir-de-8-de-setembro\/#breadcrumb"},"inLanguage":"pt-BR","potentialAction":[{"@type":"ReadAction","target":["https:\/\/jornaltimoneiro.com.br\/index.php\/2020\/09\/01\/governo-do-rs-propoe-a-prefeitos-volta-das-aulas-presenciais-a-partir-de-8-de-setembro\/"]}]},{"@type":"BreadcrumbList","@id":"https:\/\/jornaltimoneiro.com.br\/index.php\/2020\/09\/01\/governo-do-rs-propoe-a-prefeitos-volta-das-aulas-presenciais-a-partir-de-8-de-setembro\/#breadcrumb","itemListElement":[{"@type":"ListItem","position":1,"name":"In\u00edcio","item":"https:\/\/jornaltimoneiro.com.br\/"},{"@type":"ListItem","position":2,"name":"Governo do RS prop\u00f5e a prefeitos volta das aulas presenciais a partir de 8 de setembro"}]},{"@type":"WebSite","@id":"https:\/\/jornaltimoneiro.com.br\/#website","url":"https:\/\/jornaltimoneiro.com.br\/","name":"Jornal Timoneiro Canoas RS","description":"Jornal O Timoneiro, o verdadeiro jornal de Canoas","publisher":{"@id":"https:\/\/jornaltimoneiro.com.br\/#organization"},"potentialAction":[{"@type":"SearchAction","target":{"@type":"EntryPoint","urlTemplate":"https:\/\/jornaltimoneiro.com.br\/?s={search_term_string}"},"query-input":"required name=search_term_string"}],"inLanguage":"pt-BR"},{"@type":"Organization","@id":"https:\/\/jornaltimoneiro.com.br\/#organization","name":"Jornal Timoneiro Canoas RS","url":"https:\/\/jornaltimoneiro.com.br\/","logo":{"@type":"ImageObject","inLanguage":"pt-BR","@id":"https:\/\/jornaltimoneiro.com.br\/#\/schema\/logo\/image\/","url":"https:\/\/jornaltimoneiro.com.br\/wp-content\/uploads\/2023\/03\/logonovo.png","contentUrl":"https:\/\/jornaltimoneiro.com.br\/wp-content\/uploads\/2023\/03\/logonovo.png","width":"469","height":"171","caption":"Jornal Timoneiro Canoas RS"},"image":{"@id":"https:\/\/jornaltimoneiro.com.br\/#\/schema\/logo\/image\/"},"sameAs":["https:\/\/www.facebook.com\/jornaltimoneiro","https:\/\/twitter.com\/_OTimoneiro","https:\/\/www.instagram.com\/jornaltimoneirocanoas\/","https:\/\/www.youtube.com\/@jornalotimoneiro7927"]},{"@type":"Person","@id":"https:\/\/jornaltimoneiro.com.br\/#\/schema\/person\/f63482f1a02b1a9592707865e509ab40","name":"Reda\u00e7\u00e3o","image":{"@type":"ImageObject","inLanguage":"pt-BR","@id":"https:\/\/jornaltimoneiro.com.br\/#\/schema\/person\/image\/","url":"https:\/\/jornaltimoneiro.com.br\/wp-content\/uploads\/2023\/03\/download.jpeg","contentUrl":"https:\/\/jornaltimoneiro.com.br\/wp-content\/uploads\/2023\/03\/download.jpeg","caption":"Reda\u00e7\u00e3o"},"url":"https:\/\/jornaltimoneiro.com.br\/index.php\/author\/simone-dutra\/"}]}},"_links":{"self":[{"href":"https:\/\/jornaltimoneiro.com.br\/index.php\/wp-json\/wp\/v2\/posts\/17602"}],"collection":[{"href":"https:\/\/jornaltimoneiro.com.br\/index.php\/wp-json\/wp\/v2\/posts"}],"about":[{"href":"https:\/\/jornaltimoneiro.com.br\/index.php\/wp-json\/wp\/v2\/types\/post"}],"author":[{"embeddable":true,"href":"https:\/\/jornaltimoneiro.com.br\/index.php\/wp-json\/wp\/v2\/users\/2"}],"replies":[{"embeddable":true,"href":"https:\/\/jornaltimoneiro.com.br\/index.php\/wp-json\/wp\/v2\/comments?post=17602"}],"version-history":[{"count":2,"href":"https:\/\/jornaltimoneiro.com.br\/index.php\/wp-json\/wp\/v2\/posts\/17602\/revisions"}],"predecessor-version":[{"id":17607,"href":"https:\/\/jornaltimoneiro.com.br\/index.php\/wp-json\/wp\/v2\/posts\/17602\/revisions\/17607"}],"wp:featuredmedia":[{"embeddable":true,"href":"https:\/\/jornaltimoneiro.com.br\/index.php\/wp-json\/wp\/v2\/media\/17605"}],"wp:attachment":[{"href":"https:\/\/jornaltimoneiro.com.br\/index.php\/wp-json\/wp\/v2\/media?parent=17602"}],"wp:term":[{"taxonomy":"category","embeddable":true,"href":"https:\/\/jornaltimoneiro.com.br\/index.php\/wp-json\/wp\/v2\/categories?post=17602"},{"taxonomy":"post_tag","embeddable":true,"href":"https:\/\/jornaltimoneiro.com.br\/index.php\/wp-json\/wp\/v2\/tags?post=17602"}],"curies":[{"name":"wp","href":"https:\/\/api.w.org\/{rel}","templated":true}]}}