{"id":17449,"date":"2020-08-14T07:00:11","date_gmt":"2020-08-14T10:00:11","guid":{"rendered":"https:\/\/jornaltimoneiro.com.br\/?p=17449"},"modified":"2020-08-17T14:06:13","modified_gmt":"2020-08-17T17:06:13","slug":"camara-promove-palestra-de-mobilizacao-politica-das-juventudes","status":"publish","type":"post","link":"https:\/\/jornaltimoneiro.com.br\/index.php\/2020\/08\/14\/camara-promove-palestra-de-mobilizacao-politica-das-juventudes\/","title":{"rendered":"C\u00e2mara promove Palestra de Mobiliza\u00e7\u00e3o Pol\u00edtica das Juventudes"},"content":{"rendered":"<p>Com o intuito de suscitar o debate sobre a mobiliza\u00e7\u00e3o pol\u00edtica das juventudes em Canoas, e busca-se criar um ambiente plural para que os jovens da cidade se vejam representadas pelos palestrantes e desenvolvam interesse pelos assuntos pol\u00edticos locais, a C\u00e2mara Municipal de Canoas, por meio da Escola do legislativo Dr. Marcos Ronchetti, promovem a Palestra Mobiliza\u00e7\u00e3o Pol\u00edtica das Juventudes, que acontece nesta sexta-feira, 14, a partir das 9:30h.<\/p>\n<p>\u201cCanoas \u00e9 o terceiro munic\u00edpio mais populoso do estado do Rio Grande do Sul, e segundo dados do IBGE (2010), os jovens (dos 10 aos 29 anos) representam mais de 33% da popula\u00e7\u00e3o geral da cidade (109.704 jovens). Esse fato nos revela que a juventude em Canoas precisa de uma devida aten\u00e7\u00e3o dos representantes pol\u00edticos da cidade\u201d, justificativa do projeto.<\/p>\n<p><strong>Participantes<\/strong><\/p>\n<p>A media\u00e7\u00e3o ser\u00e1 do graduando em Rela\u00e7\u00f5es Internacionais pela UFRGS e membro Coletivo XXI, Gabriel Constantino, e a graduanda em Pedagogia pelo IFRS, Thais Manini. As principais painelistas\u00a0 ser\u00e3o a mestranda em Antopologia Social na UFRGS e membra do Contraponto, Fab\u00edola de Carvalho,\u00a0 e a doutoranda em Pol\u00edticas P\u00fablicas na UFRGS e membra do Contraponto, Taciana Barcelos.<\/p>\n<p>A transmiss\u00e3o da aula de mobiliza\u00e7\u00e3o acontecer\u00e1 via aplicativo ZOOM e pelo canal no Youtube da C\u00e2mara de Vereadores de Canoas.<\/p>\n","protected":false},"excerpt":{"rendered":"<p>Com o intuito de suscitar o debate sobre a mobiliza\u00e7\u00e3o pol\u00edtica das juventudes em Canoas, e busca-se criar um ambiente plural para que os jovens da cidade se vejam representadas pelos palestrantes e desenvolvam interesse pelos assuntos pol\u00edticos locais, a C\u00e2mara Municipal de Canoas, por meio da Escola do legislativo Dr. Marcos Ronchetti, promovem a [&hellip;]<\/p>\n","protected":false},"author":2,"featured_media":17450,"comment_status":"open","ping_status":"open","sticky":false,"template":"","format":"standard","meta":{"amp_status":"","footnotes":""},"categories":[20],"tags":[],"class_list":["post-17449","post","type-post","status-publish","format-standard","has-post-thumbnail","hentry","category-politica-noticias"],"yoast_head":"<!-- This site is optimized with the Yoast SEO plugin v20.5 - https:\/\/yoast.com\/wordpress\/plugins\/seo\/ -->\n<title>C\u00e2mara promove Palestra de Mobiliza\u00e7\u00e3o Pol\u00edtica das Juventudes - O Timoneiro Jornal Canoas RS<\/title>\n<meta name=\"robots\" content=\"index, follow, max-snippet:-1, max-image-preview:large, max-video-preview:-1\" \/>\n<link rel=\"canonical\" href=\"https:\/\/jornaltimoneiro.com.br\/index.php\/2020\/08\/14\/camara-promove-palestra-de-mobilizacao-politica-das-juventudes\/\" \/>\n<meta property=\"og:locale\" content=\"pt_BR\" \/>\n<meta property=\"og:type\" content=\"article\" \/>\n<meta property=\"og:title\" content=\"C\u00e2mara promove Palestra de Mobiliza\u00e7\u00e3o Pol\u00edtica das Juventudes - O Timoneiro Jornal Canoas RS\" \/>\n<meta property=\"og:description\" content=\"Com o intuito de suscitar o debate sobre a mobiliza\u00e7\u00e3o pol\u00edtica das juventudes em Canoas, e busca-se criar um ambiente plural para que os jovens da cidade se vejam representadas pelos palestrantes e desenvolvam interesse pelos assuntos pol\u00edticos locais, a C\u00e2mara Municipal de Canoas, por meio da Escola do legislativo Dr. Marcos Ronchetti, promovem a [&hellip;]\" \/>\n<meta property=\"og:url\" content=\"https:\/\/jornaltimoneiro.com.br\/index.php\/2020\/08\/14\/camara-promove-palestra-de-mobilizacao-politica-das-juventudes\/\" \/>\n<meta property=\"og:site_name\" content=\"O Timoneiro Jornal Canoas RS\" \/>\n<meta property=\"article:publisher\" content=\"https:\/\/www.facebook.com\/jornaltimoneiro\" \/>\n<meta property=\"article:published_time\" content=\"2020-08-14T10:00:11+00:00\" \/>\n<meta property=\"article:modified_time\" content=\"2020-08-17T17:06:13+00:00\" \/>\n<meta property=\"og:image\" content=\"https:\/\/jornaltimoneiro.com.br\/wp-content\/uploads\/2020\/08\/WhatsApp-Image-2020-08-13-at-10.05.28.jpeg\" \/>\n\t<meta property=\"og:image:width\" content=\"1002\" \/>\n\t<meta property=\"og:image:height\" content=\"868\" \/>\n\t<meta property=\"og:image:type\" content=\"image\/jpeg\" \/>\n<meta name=\"author\" content=\"Reda\u00e7\u00e3o\" \/>\n<meta name=\"twitter:card\" content=\"summary_large_image\" \/>\n<meta name=\"twitter:creator\" content=\"@_OTimoneiro\" \/>\n<meta name=\"twitter:site\" content=\"@_OTimoneiro\" \/>\n<meta name=\"twitter:label1\" content=\"Escrito por\" \/>\n\t<meta name=\"twitter:data1\" content=\"Reda\u00e7\u00e3o\" \/>\n\t<meta name=\"twitter:label2\" content=\"Est. tempo de leitura\" \/>\n\t<meta name=\"twitter:data2\" content=\"1 minuto\" \/>\n<script type=\"application\/ld+json\" class=\"yoast-schema-graph\">{\"@context\":\"https:\/\/schema.org\",\"@graph\":[{\"@type\":\"Article\",\"@id\":\"https:\/\/jornaltimoneiro.com.br\/index.php\/2020\/08\/14\/camara-promove-palestra-de-mobilizacao-politica-das-juventudes\/#article\",\"isPartOf\":{\"@id\":\"https:\/\/jornaltimoneiro.com.br\/index.php\/2020\/08\/14\/camara-promove-palestra-de-mobilizacao-politica-das-juventudes\/\"},\"author\":{\"name\":\"Reda\u00e7\u00e3o\",\"@id\":\"https:\/\/jornaltimoneiro.com.br\/#\/schema\/person\/f63482f1a02b1a9592707865e509ab40\"},\"headline\":\"C\u00e2mara promove Palestra de Mobiliza\u00e7\u00e3o Pol\u00edtica das Juventudes\",\"datePublished\":\"2020-08-14T10:00:11+00:00\",\"dateModified\":\"2020-08-17T17:06:13+00:00\",\"mainEntityOfPage\":{\"@id\":\"https:\/\/jornaltimoneiro.com.br\/index.php\/2020\/08\/14\/camara-promove-palestra-de-mobilizacao-politica-das-juventudes\/\"},\"wordCount\":231,\"commentCount\":0,\"publisher\":{\"@id\":\"https:\/\/jornaltimoneiro.com.br\/#organization\"},\"articleSection\":[\"Pol\u00edtica\"],\"inLanguage\":\"pt-BR\",\"potentialAction\":[{\"@type\":\"CommentAction\",\"name\":\"Comment\",\"target\":[\"https:\/\/jornaltimoneiro.com.br\/index.php\/2020\/08\/14\/camara-promove-palestra-de-mobilizacao-politica-das-juventudes\/#respond\"]}]},{\"@type\":\"WebPage\",\"@id\":\"https:\/\/jornaltimoneiro.com.br\/index.php\/2020\/08\/14\/camara-promove-palestra-de-mobilizacao-politica-das-juventudes\/\",\"url\":\"https:\/\/jornaltimoneiro.com.br\/index.php\/2020\/08\/14\/camara-promove-palestra-de-mobilizacao-politica-das-juventudes\/\",\"name\":\"C\u00e2mara promove Palestra de Mobiliza\u00e7\u00e3o Pol\u00edtica das Juventudes - O Timoneiro Jornal Canoas RS\",\"isPartOf\":{\"@id\":\"https:\/\/jornaltimoneiro.com.br\/#website\"},\"datePublished\":\"2020-08-14T10:00:11+00:00\",\"dateModified\":\"2020-08-17T17:06:13+00:00\",\"breadcrumb\":{\"@id\":\"https:\/\/jornaltimoneiro.com.br\/index.php\/2020\/08\/14\/camara-promove-palestra-de-mobilizacao-politica-das-juventudes\/#breadcrumb\"},\"inLanguage\":\"pt-BR\",\"potentialAction\":[{\"@type\":\"ReadAction\",\"target\":[\"https:\/\/jornaltimoneiro.com.br\/index.php\/2020\/08\/14\/camara-promove-palestra-de-mobilizacao-politica-das-juventudes\/\"]}]},{\"@type\":\"BreadcrumbList\",\"@id\":\"https:\/\/jornaltimoneiro.com.br\/index.php\/2020\/08\/14\/camara-promove-palestra-de-mobilizacao-politica-das-juventudes\/#breadcrumb\",\"itemListElement\":[{\"@type\":\"ListItem\",\"position\":1,\"name\":\"In\u00edcio\",\"item\":\"https:\/\/jornaltimoneiro.com.br\/\"},{\"@type\":\"ListItem\",\"position\":2,\"name\":\"C\u00e2mara promove Palestra de Mobiliza\u00e7\u00e3o Pol\u00edtica das Juventudes\"}]},{\"@type\":\"WebSite\",\"@id\":\"https:\/\/jornaltimoneiro.com.br\/#website\",\"url\":\"https:\/\/jornaltimoneiro.com.br\/\",\"name\":\"Jornal Timoneiro Canoas RS\",\"description\":\"Jornal O Timoneiro, o verdadeiro jornal de Canoas\",\"publisher\":{\"@id\":\"https:\/\/jornaltimoneiro.com.br\/#organization\"},\"potentialAction\":[{\"@type\":\"SearchAction\",\"target\":{\"@type\":\"EntryPoint\",\"urlTemplate\":\"https:\/\/jornaltimoneiro.com.br\/?s={search_term_string}\"},\"query-input\":\"required name=search_term_string\"}],\"inLanguage\":\"pt-BR\"},{\"@type\":\"Organization\",\"@id\":\"https:\/\/jornaltimoneiro.com.br\/#organization\",\"name\":\"Jornal Timoneiro Canoas RS\",\"url\":\"https:\/\/jornaltimoneiro.com.br\/\",\"logo\":{\"@type\":\"ImageObject\",\"inLanguage\":\"pt-BR\",\"@id\":\"https:\/\/jornaltimoneiro.com.br\/#\/schema\/logo\/image\/\",\"url\":\"https:\/\/jornaltimoneiro.com.br\/wp-content\/uploads\/2023\/03\/logonovo.png\",\"contentUrl\":\"https:\/\/jornaltimoneiro.com.br\/wp-content\/uploads\/2023\/03\/logonovo.png\",\"width\":\"469\",\"height\":\"171\",\"caption\":\"Jornal Timoneiro Canoas RS\"},\"image\":{\"@id\":\"https:\/\/jornaltimoneiro.com.br\/#\/schema\/logo\/image\/\"},\"sameAs\":[\"https:\/\/www.facebook.com\/jornaltimoneiro\",\"https:\/\/twitter.com\/_OTimoneiro\",\"https:\/\/www.instagram.com\/jornaltimoneirocanoas\/\",\"https:\/\/www.youtube.com\/@jornalotimoneiro7927\"]},{\"@type\":\"Person\",\"@id\":\"https:\/\/jornaltimoneiro.com.br\/#\/schema\/person\/f63482f1a02b1a9592707865e509ab40\",\"name\":\"Reda\u00e7\u00e3o\",\"image\":{\"@type\":\"ImageObject\",\"inLanguage\":\"pt-BR\",\"@id\":\"https:\/\/jornaltimoneiro.com.br\/#\/schema\/person\/image\/\",\"url\":\"https:\/\/jornaltimoneiro.com.br\/wp-content\/uploads\/2023\/03\/download.jpeg\",\"contentUrl\":\"https:\/\/jornaltimoneiro.com.br\/wp-content\/uploads\/2023\/03\/download.jpeg\",\"caption\":\"Reda\u00e7\u00e3o\"},\"url\":\"https:\/\/jornaltimoneiro.com.br\/index.php\/author\/simone-dutra\/\"}]}<\/script>\n<!-- \/ Yoast SEO plugin. -->","yoast_head_json":{"title":"C\u00e2mara promove Palestra de Mobiliza\u00e7\u00e3o Pol\u00edtica das Juventudes - O Timoneiro Jornal Canoas RS","robots":{"index":"index","follow":"follow","max-snippet":"max-snippet:-1","max-image-preview":"max-image-preview:large","max-video-preview":"max-video-preview:-1"},"canonical":"https:\/\/jornaltimoneiro.com.br\/index.php\/2020\/08\/14\/camara-promove-palestra-de-mobilizacao-politica-das-juventudes\/","og_locale":"pt_BR","og_type":"article","og_title":"C\u00e2mara promove Palestra de Mobiliza\u00e7\u00e3o Pol\u00edtica das Juventudes - O Timoneiro Jornal Canoas RS","og_description":"Com o intuito de suscitar o debate sobre a mobiliza\u00e7\u00e3o pol\u00edtica das juventudes em Canoas, e busca-se criar um ambiente plural para que os jovens da cidade se vejam representadas pelos palestrantes e desenvolvam interesse pelos assuntos pol\u00edticos locais, a C\u00e2mara Municipal de Canoas, por meio da Escola do legislativo Dr. Marcos Ronchetti, promovem a [&hellip;]","og_url":"https:\/\/jornaltimoneiro.com.br\/index.php\/2020\/08\/14\/camara-promove-palestra-de-mobilizacao-politica-das-juventudes\/","og_site_name":"O Timoneiro Jornal Canoas RS","article_publisher":"https:\/\/www.facebook.com\/jornaltimoneiro","article_published_time":"2020-08-14T10:00:11+00:00","article_modified_time":"2020-08-17T17:06:13+00:00","og_image":[{"width":"1002","height":"868","url":"https:\/\/jornaltimoneiro.com.br\/wp-content\/uploads\/2020\/08\/WhatsApp-Image-2020-08-13-at-10.05.28.jpeg","type":"image\/jpeg"}],"author":"Reda\u00e7\u00e3o","twitter_card":"summary_large_image","twitter_creator":"@_OTimoneiro","twitter_site":"@_OTimoneiro","twitter_misc":{"Escrito por":"Reda\u00e7\u00e3o","Est. tempo de leitura":"1 minuto"},"schema":{"@context":"https:\/\/schema.org","@graph":[{"@type":"Article","@id":"https:\/\/jornaltimoneiro.com.br\/index.php\/2020\/08\/14\/camara-promove-palestra-de-mobilizacao-politica-das-juventudes\/#article","isPartOf":{"@id":"https:\/\/jornaltimoneiro.com.br\/index.php\/2020\/08\/14\/camara-promove-palestra-de-mobilizacao-politica-das-juventudes\/"},"author":{"name":"Reda\u00e7\u00e3o","@id":"https:\/\/jornaltimoneiro.com.br\/#\/schema\/person\/f63482f1a02b1a9592707865e509ab40"},"headline":"C\u00e2mara promove Palestra de Mobiliza\u00e7\u00e3o Pol\u00edtica das Juventudes","datePublished":"2020-08-14T10:00:11+00:00","dateModified":"2020-08-17T17:06:13+00:00","mainEntityOfPage":{"@id":"https:\/\/jornaltimoneiro.com.br\/index.php\/2020\/08\/14\/camara-promove-palestra-de-mobilizacao-politica-das-juventudes\/"},"wordCount":231,"commentCount":0,"publisher":{"@id":"https:\/\/jornaltimoneiro.com.br\/#organization"},"articleSection":["Pol\u00edtica"],"inLanguage":"pt-BR","potentialAction":[{"@type":"CommentAction","name":"Comment","target":["https:\/\/jornaltimoneiro.com.br\/index.php\/2020\/08\/14\/camara-promove-palestra-de-mobilizacao-politica-das-juventudes\/#respond"]}]},{"@type":"WebPage","@id":"https:\/\/jornaltimoneiro.com.br\/index.php\/2020\/08\/14\/camara-promove-palestra-de-mobilizacao-politica-das-juventudes\/","url":"https:\/\/jornaltimoneiro.com.br\/index.php\/2020\/08\/14\/camara-promove-palestra-de-mobilizacao-politica-das-juventudes\/","name":"C\u00e2mara promove Palestra de Mobiliza\u00e7\u00e3o Pol\u00edtica das Juventudes - O Timoneiro Jornal Canoas RS","isPartOf":{"@id":"https:\/\/jornaltimoneiro.com.br\/#website"},"datePublished":"2020-08-14T10:00:11+00:00","dateModified":"2020-08-17T17:06:13+00:00","breadcrumb":{"@id":"https:\/\/jornaltimoneiro.com.br\/index.php\/2020\/08\/14\/camara-promove-palestra-de-mobilizacao-politica-das-juventudes\/#breadcrumb"},"inLanguage":"pt-BR","potentialAction":[{"@type":"ReadAction","target":["https:\/\/jornaltimoneiro.com.br\/index.php\/2020\/08\/14\/camara-promove-palestra-de-mobilizacao-politica-das-juventudes\/"]}]},{"@type":"BreadcrumbList","@id":"https:\/\/jornaltimoneiro.com.br\/index.php\/2020\/08\/14\/camara-promove-palestra-de-mobilizacao-politica-das-juventudes\/#breadcrumb","itemListElement":[{"@type":"ListItem","position":1,"name":"In\u00edcio","item":"https:\/\/jornaltimoneiro.com.br\/"},{"@type":"ListItem","position":2,"name":"C\u00e2mara promove Palestra de Mobiliza\u00e7\u00e3o Pol\u00edtica das Juventudes"}]},{"@type":"WebSite","@id":"https:\/\/jornaltimoneiro.com.br\/#website","url":"https:\/\/jornaltimoneiro.com.br\/","name":"Jornal Timoneiro Canoas RS","description":"Jornal O Timoneiro, o verdadeiro jornal de Canoas","publisher":{"@id":"https:\/\/jornaltimoneiro.com.br\/#organization"},"potentialAction":[{"@type":"SearchAction","target":{"@type":"EntryPoint","urlTemplate":"https:\/\/jornaltimoneiro.com.br\/?s={search_term_string}"},"query-input":"required name=search_term_string"}],"inLanguage":"pt-BR"},{"@type":"Organization","@id":"https:\/\/jornaltimoneiro.com.br\/#organization","name":"Jornal Timoneiro Canoas RS","url":"https:\/\/jornaltimoneiro.com.br\/","logo":{"@type":"ImageObject","inLanguage":"pt-BR","@id":"https:\/\/jornaltimoneiro.com.br\/#\/schema\/logo\/image\/","url":"https:\/\/jornaltimoneiro.com.br\/wp-content\/uploads\/2023\/03\/logonovo.png","contentUrl":"https:\/\/jornaltimoneiro.com.br\/wp-content\/uploads\/2023\/03\/logonovo.png","width":"469","height":"171","caption":"Jornal Timoneiro Canoas RS"},"image":{"@id":"https:\/\/jornaltimoneiro.com.br\/#\/schema\/logo\/image\/"},"sameAs":["https:\/\/www.facebook.com\/jornaltimoneiro","https:\/\/twitter.com\/_OTimoneiro","https:\/\/www.instagram.com\/jornaltimoneirocanoas\/","https:\/\/www.youtube.com\/@jornalotimoneiro7927"]},{"@type":"Person","@id":"https:\/\/jornaltimoneiro.com.br\/#\/schema\/person\/f63482f1a02b1a9592707865e509ab40","name":"Reda\u00e7\u00e3o","image":{"@type":"ImageObject","inLanguage":"pt-BR","@id":"https:\/\/jornaltimoneiro.com.br\/#\/schema\/person\/image\/","url":"https:\/\/jornaltimoneiro.com.br\/wp-content\/uploads\/2023\/03\/download.jpeg","contentUrl":"https:\/\/jornaltimoneiro.com.br\/wp-content\/uploads\/2023\/03\/download.jpeg","caption":"Reda\u00e7\u00e3o"},"url":"https:\/\/jornaltimoneiro.com.br\/index.php\/author\/simone-dutra\/"}]}},"_links":{"self":[{"href":"https:\/\/jornaltimoneiro.com.br\/index.php\/wp-json\/wp\/v2\/posts\/17449"}],"collection":[{"href":"https:\/\/jornaltimoneiro.com.br\/index.php\/wp-json\/wp\/v2\/posts"}],"about":[{"href":"https:\/\/jornaltimoneiro.com.br\/index.php\/wp-json\/wp\/v2\/types\/post"}],"author":[{"embeddable":true,"href":"https:\/\/jornaltimoneiro.com.br\/index.php\/wp-json\/wp\/v2\/users\/2"}],"replies":[{"embeddable":true,"href":"https:\/\/jornaltimoneiro.com.br\/index.php\/wp-json\/wp\/v2\/comments?post=17449"}],"version-history":[{"count":1,"href":"https:\/\/jornaltimoneiro.com.br\/index.php\/wp-json\/wp\/v2\/posts\/17449\/revisions"}],"predecessor-version":[{"id":17451,"href":"https:\/\/jornaltimoneiro.com.br\/index.php\/wp-json\/wp\/v2\/posts\/17449\/revisions\/17451"}],"wp:featuredmedia":[{"embeddable":true,"href":"https:\/\/jornaltimoneiro.com.br\/index.php\/wp-json\/wp\/v2\/media\/17450"}],"wp:attachment":[{"href":"https:\/\/jornaltimoneiro.com.br\/index.php\/wp-json\/wp\/v2\/media?parent=17449"}],"wp:term":[{"taxonomy":"category","embeddable":true,"href":"https:\/\/jornaltimoneiro.com.br\/index.php\/wp-json\/wp\/v2\/categories?post=17449"},{"taxonomy":"post_tag","embeddable":true,"href":"https:\/\/jornaltimoneiro.com.br\/index.php\/wp-json\/wp\/v2\/tags?post=17449"}],"curies":[{"name":"wp","href":"https:\/\/api.w.org\/{rel}","templated":true}]}}