{"id":17423,"date":"2020-08-11T13:52:43","date_gmt":"2020-08-11T16:52:43","guid":{"rendered":"https:\/\/jornaltimoneiro.com.br\/?p=17423"},"modified":"2020-08-17T14:06:29","modified_gmt":"2020-08-17T17:06:29","slug":"com-flexibilizacoes-no-comercio-indice-de-isolamento-no-rs-fica-em-386","status":"publish","type":"post","link":"https:\/\/jornaltimoneiro.com.br\/index.php\/2020\/08\/11\/com-flexibilizacoes-no-comercio-indice-de-isolamento-no-rs-fica-em-386\/","title":{"rendered":"Com flexibiliza\u00e7\u00f5es no com\u00e9rcio, \u00edndice de isolamento no RS fica em 38,6%"},"content":{"rendered":"<p>O Rio Grande do Sul voltou a registrar queda acentuada no \u00edndice de isolamento social na \u00faltima semana. Estudo divulgado nesta segunda-feira ,10, pelo Comit\u00ea de Dados do governo do Estado no enfrentamento da Covid-19 mostra que o percentual da popula\u00e7\u00e3o ga\u00facha que evitou aglomera\u00e7\u00f5es ficou em apenas 38,6%. Medido em um per\u00edodo de sete dias, fechado no \u00faltimo s\u00e1bado,8, o percentual \u00e9 3,5 pontos inferior ao medido no monitoramento anterior.<\/p>\n<p>\u00c9 o menor \u00edndice de isolamento social desde mar\u00e7o. Na sexta-feira ,7, o \u00edndice foi de apenas 34,1%, o que separadamente colocaria o RS na pior posi\u00e7\u00e3o na compara\u00e7\u00e3o com os demais Estados.<\/p>\n<p>O comportamento se explica em boa parte pela flexibiliza\u00e7\u00e3o de algumas atividades previstas para a bandeira vermelha no modelo de Distanciamento Controlado adotado desde maio. Na \u00faltima semana, o modelo permitiu, por exemplo, o funcionamento do com\u00e9rcio n\u00e3o essencial em hor\u00e1rios restritos e com limita\u00e7\u00e3o de atendimentos.<\/p>\n<p>A m\u00e9dia nacional igualmente registrou queda na \u00faltima semana, conforme o mais recente estudo realizado a partir do monitoramento de aplicativos em celulares, com base em dados disponibilizados pela empresa InLoco. Depois de v\u00e1rios per\u00edodos se mantendo em patamar pr\u00f3ximo de 40%, agora o \u00edndice do pa\u00eds ficou em 38,2%. A Organiza\u00e7\u00e3o Mundial da Sa\u00fade (OMS) recomenda distanciamento m\u00ednimo de 50%<\/p>\n<p>Com pequenas quedas na rela\u00e7\u00e3o com o \u00faltimo levantamento, Acre (42,2%) e Piau\u00ed (41,1%) seguem com os melhores indicadores. Embora muito perto agora da m\u00e9dia apurada em todo o pa\u00eds, o \u00edndice ga\u00facho segue \u00e0 frente dos os demais Estados do Sul. Entre os dias 2 de agosto e o \u00faltimo s\u00e1bado (8\/8), Santa Catarina registrou \u00edndice de isolamento social de 37,9% e o Paran\u00e1 ficou em 37,1%.<\/p>\n<p><strong>Nas regi\u00f5es ga\u00fachas<\/strong><\/p>\n<p>Tamb\u00e9m com recuos diante da m\u00e9dia apurado pelo estudo anterior, as regi\u00f5es de Lajeado (34,1%) e Santa Rosa (34,6%) seguem entre aquelas com os menores \u00edndices de isolamento social. S\u00e3o seguidas pelas regi\u00f5es de Caxias do Sul (35%) e de Bag\u00e9 (35,3%). Na m\u00e9dia dos dias \u00fateis da semana passada, a m\u00e9dia na \u00e1rea de Lajeado chegou a cair para 31,8%.<\/p>\n<p>As regi\u00f5es de Pelotas (41,6%), Porto Alegre (40,4%), Cap\u00e3o da Canoa (38,6) e Uruguaiana (38,6%) seguem, pela ordem, as que apresentaram os melhores indicadores, embora tenham acompanhado as mesmas quedas da m\u00e9dia do RS. O monitoramento confirma um comportamento diferente dos ga\u00fachos em fins de semana, quando o \u00edndice de isolamento ficou 44,5% na mais recente pesquisa. Nos dias \u00fateis o percentual de quem evitou aglomera\u00e7\u00f5es ficou em 36,2%.<\/p>\n<p>O estudo passou a ser apresentado aos integrantes do Gabinete de Crise do governo do Estado nas reuni\u00f5es das segundas-feiras, quando s\u00e3o analisados os recursos de prefeituras e associa\u00e7\u00f5es de munic\u00edpios ao mapa preliminar do Distanciamento Controlado que passa vigorar no dia seguinte.<\/p>\n","protected":false},"excerpt":{"rendered":"<p>O Rio Grande do Sul voltou a registrar queda acentuada no \u00edndice de isolamento social na \u00faltima semana. Estudo divulgado nesta segunda-feira ,10, pelo Comit\u00ea de Dados do governo do Estado no enfrentamento da Covid-19 mostra que o percentual da popula\u00e7\u00e3o ga\u00facha que evitou aglomera\u00e7\u00f5es ficou em apenas 38,6%. Medido em um per\u00edodo de sete [&hellip;]<\/p>\n","protected":false},"author":2,"featured_media":17424,"comment_status":"open","ping_status":"open","sticky":false,"template":"","format":"standard","meta":{"amp_status":"","footnotes":""},"categories":[23],"tags":[],"class_list":["post-17423","post","type-post","status-publish","format-standard","has-post-thumbnail","hentry","category-geral"],"yoast_head":"<!-- This site is optimized with the Yoast SEO plugin v20.5 - https:\/\/yoast.com\/wordpress\/plugins\/seo\/ -->\n<title>Com flexibiliza\u00e7\u00f5es no com\u00e9rcio, \u00edndice de isolamento no RS fica em 38,6% - O Timoneiro Jornal Canoas RS<\/title>\n<meta name=\"robots\" content=\"index, follow, max-snippet:-1, max-image-preview:large, max-video-preview:-1\" \/>\n<link rel=\"canonical\" href=\"https:\/\/jornaltimoneiro.com.br\/index.php\/2020\/08\/11\/com-flexibilizacoes-no-comercio-indice-de-isolamento-no-rs-fica-em-386\/\" \/>\n<meta property=\"og:locale\" content=\"pt_BR\" \/>\n<meta property=\"og:type\" content=\"article\" \/>\n<meta property=\"og:title\" content=\"Com flexibiliza\u00e7\u00f5es no com\u00e9rcio, \u00edndice de isolamento no RS fica em 38,6% - O Timoneiro Jornal Canoas RS\" \/>\n<meta property=\"og:description\" content=\"O Rio Grande do Sul voltou a registrar queda acentuada no \u00edndice de isolamento social na \u00faltima semana. Estudo divulgado nesta segunda-feira ,10, pelo Comit\u00ea de Dados do governo do Estado no enfrentamento da Covid-19 mostra que o percentual da popula\u00e7\u00e3o ga\u00facha que evitou aglomera\u00e7\u00f5es ficou em apenas 38,6%. Medido em um per\u00edodo de sete [&hellip;]\" \/>\n<meta property=\"og:url\" content=\"https:\/\/jornaltimoneiro.com.br\/index.php\/2020\/08\/11\/com-flexibilizacoes-no-comercio-indice-de-isolamento-no-rs-fica-em-386\/\" \/>\n<meta property=\"og:site_name\" content=\"O Timoneiro Jornal Canoas RS\" \/>\n<meta property=\"article:publisher\" content=\"https:\/\/www.facebook.com\/jornaltimoneiro\" \/>\n<meta property=\"article:published_time\" content=\"2020-08-11T16:52:43+00:00\" \/>\n<meta property=\"article:modified_time\" content=\"2020-08-17T17:06:29+00:00\" \/>\n<meta property=\"og:image\" content=\"https:\/\/jornaltimoneiro.com.br\/wp-content\/uploads\/2020\/08\/WhatsApp-Image-2020-08-05-at-10.43.51.jpeg\" \/>\n\t<meta property=\"og:image:width\" content=\"1280\" \/>\n\t<meta property=\"og:image:height\" content=\"960\" \/>\n\t<meta property=\"og:image:type\" content=\"image\/jpeg\" \/>\n<meta name=\"author\" content=\"Reda\u00e7\u00e3o\" \/>\n<meta name=\"twitter:card\" content=\"summary_large_image\" \/>\n<meta name=\"twitter:creator\" content=\"@_OTimoneiro\" \/>\n<meta name=\"twitter:site\" content=\"@_OTimoneiro\" \/>\n<meta name=\"twitter:label1\" content=\"Escrito por\" \/>\n\t<meta name=\"twitter:data1\" content=\"Reda\u00e7\u00e3o\" \/>\n\t<meta name=\"twitter:label2\" content=\"Est. tempo de leitura\" \/>\n\t<meta name=\"twitter:data2\" content=\"2 minutos\" \/>\n<script type=\"application\/ld+json\" class=\"yoast-schema-graph\">{\"@context\":\"https:\/\/schema.org\",\"@graph\":[{\"@type\":\"Article\",\"@id\":\"https:\/\/jornaltimoneiro.com.br\/index.php\/2020\/08\/11\/com-flexibilizacoes-no-comercio-indice-de-isolamento-no-rs-fica-em-386\/#article\",\"isPartOf\":{\"@id\":\"https:\/\/jornaltimoneiro.com.br\/index.php\/2020\/08\/11\/com-flexibilizacoes-no-comercio-indice-de-isolamento-no-rs-fica-em-386\/\"},\"author\":{\"name\":\"Reda\u00e7\u00e3o\",\"@id\":\"https:\/\/jornaltimoneiro.com.br\/#\/schema\/person\/f63482f1a02b1a9592707865e509ab40\"},\"headline\":\"Com flexibiliza\u00e7\u00f5es no com\u00e9rcio, \u00edndice de isolamento no RS fica em 38,6%\",\"datePublished\":\"2020-08-11T16:52:43+00:00\",\"dateModified\":\"2020-08-17T17:06:29+00:00\",\"mainEntityOfPage\":{\"@id\":\"https:\/\/jornaltimoneiro.com.br\/index.php\/2020\/08\/11\/com-flexibilizacoes-no-comercio-indice-de-isolamento-no-rs-fica-em-386\/\"},\"wordCount\":485,\"commentCount\":0,\"publisher\":{\"@id\":\"https:\/\/jornaltimoneiro.com.br\/#organization\"},\"articleSection\":[\"Geral\"],\"inLanguage\":\"pt-BR\",\"potentialAction\":[{\"@type\":\"CommentAction\",\"name\":\"Comment\",\"target\":[\"https:\/\/jornaltimoneiro.com.br\/index.php\/2020\/08\/11\/com-flexibilizacoes-no-comercio-indice-de-isolamento-no-rs-fica-em-386\/#respond\"]}]},{\"@type\":\"WebPage\",\"@id\":\"https:\/\/jornaltimoneiro.com.br\/index.php\/2020\/08\/11\/com-flexibilizacoes-no-comercio-indice-de-isolamento-no-rs-fica-em-386\/\",\"url\":\"https:\/\/jornaltimoneiro.com.br\/index.php\/2020\/08\/11\/com-flexibilizacoes-no-comercio-indice-de-isolamento-no-rs-fica-em-386\/\",\"name\":\"Com flexibiliza\u00e7\u00f5es no com\u00e9rcio, \u00edndice de isolamento no RS fica em 38,6% - O Timoneiro Jornal Canoas RS\",\"isPartOf\":{\"@id\":\"https:\/\/jornaltimoneiro.com.br\/#website\"},\"datePublished\":\"2020-08-11T16:52:43+00:00\",\"dateModified\":\"2020-08-17T17:06:29+00:00\",\"breadcrumb\":{\"@id\":\"https:\/\/jornaltimoneiro.com.br\/index.php\/2020\/08\/11\/com-flexibilizacoes-no-comercio-indice-de-isolamento-no-rs-fica-em-386\/#breadcrumb\"},\"inLanguage\":\"pt-BR\",\"potentialAction\":[{\"@type\":\"ReadAction\",\"target\":[\"https:\/\/jornaltimoneiro.com.br\/index.php\/2020\/08\/11\/com-flexibilizacoes-no-comercio-indice-de-isolamento-no-rs-fica-em-386\/\"]}]},{\"@type\":\"BreadcrumbList\",\"@id\":\"https:\/\/jornaltimoneiro.com.br\/index.php\/2020\/08\/11\/com-flexibilizacoes-no-comercio-indice-de-isolamento-no-rs-fica-em-386\/#breadcrumb\",\"itemListElement\":[{\"@type\":\"ListItem\",\"position\":1,\"name\":\"In\u00edcio\",\"item\":\"https:\/\/jornaltimoneiro.com.br\/\"},{\"@type\":\"ListItem\",\"position\":2,\"name\":\"Com flexibiliza\u00e7\u00f5es no com\u00e9rcio, \u00edndice de isolamento no RS fica em 38,6%\"}]},{\"@type\":\"WebSite\",\"@id\":\"https:\/\/jornaltimoneiro.com.br\/#website\",\"url\":\"https:\/\/jornaltimoneiro.com.br\/\",\"name\":\"Jornal Timoneiro Canoas RS\",\"description\":\"Jornal O Timoneiro, o verdadeiro jornal de Canoas\",\"publisher\":{\"@id\":\"https:\/\/jornaltimoneiro.com.br\/#organization\"},\"potentialAction\":[{\"@type\":\"SearchAction\",\"target\":{\"@type\":\"EntryPoint\",\"urlTemplate\":\"https:\/\/jornaltimoneiro.com.br\/?s={search_term_string}\"},\"query-input\":\"required name=search_term_string\"}],\"inLanguage\":\"pt-BR\"},{\"@type\":\"Organization\",\"@id\":\"https:\/\/jornaltimoneiro.com.br\/#organization\",\"name\":\"Jornal Timoneiro Canoas RS\",\"url\":\"https:\/\/jornaltimoneiro.com.br\/\",\"logo\":{\"@type\":\"ImageObject\",\"inLanguage\":\"pt-BR\",\"@id\":\"https:\/\/jornaltimoneiro.com.br\/#\/schema\/logo\/image\/\",\"url\":\"https:\/\/jornaltimoneiro.com.br\/wp-content\/uploads\/2023\/03\/logonovo.png\",\"contentUrl\":\"https:\/\/jornaltimoneiro.com.br\/wp-content\/uploads\/2023\/03\/logonovo.png\",\"width\":\"469\",\"height\":\"171\",\"caption\":\"Jornal Timoneiro Canoas RS\"},\"image\":{\"@id\":\"https:\/\/jornaltimoneiro.com.br\/#\/schema\/logo\/image\/\"},\"sameAs\":[\"https:\/\/www.facebook.com\/jornaltimoneiro\",\"https:\/\/twitter.com\/_OTimoneiro\",\"https:\/\/www.instagram.com\/jornaltimoneirocanoas\/\",\"https:\/\/www.youtube.com\/@jornalotimoneiro7927\"]},{\"@type\":\"Person\",\"@id\":\"https:\/\/jornaltimoneiro.com.br\/#\/schema\/person\/f63482f1a02b1a9592707865e509ab40\",\"name\":\"Reda\u00e7\u00e3o\",\"image\":{\"@type\":\"ImageObject\",\"inLanguage\":\"pt-BR\",\"@id\":\"https:\/\/jornaltimoneiro.com.br\/#\/schema\/person\/image\/\",\"url\":\"https:\/\/jornaltimoneiro.com.br\/wp-content\/uploads\/2023\/03\/download.jpeg\",\"contentUrl\":\"https:\/\/jornaltimoneiro.com.br\/wp-content\/uploads\/2023\/03\/download.jpeg\",\"caption\":\"Reda\u00e7\u00e3o\"},\"url\":\"https:\/\/jornaltimoneiro.com.br\/index.php\/author\/simone-dutra\/\"}]}<\/script>\n<!-- \/ Yoast SEO plugin. -->","yoast_head_json":{"title":"Com flexibiliza\u00e7\u00f5es no com\u00e9rcio, \u00edndice de isolamento no RS fica em 38,6% - O Timoneiro Jornal Canoas RS","robots":{"index":"index","follow":"follow","max-snippet":"max-snippet:-1","max-image-preview":"max-image-preview:large","max-video-preview":"max-video-preview:-1"},"canonical":"https:\/\/jornaltimoneiro.com.br\/index.php\/2020\/08\/11\/com-flexibilizacoes-no-comercio-indice-de-isolamento-no-rs-fica-em-386\/","og_locale":"pt_BR","og_type":"article","og_title":"Com flexibiliza\u00e7\u00f5es no com\u00e9rcio, \u00edndice de isolamento no RS fica em 38,6% - O Timoneiro Jornal Canoas RS","og_description":"O Rio Grande do Sul voltou a registrar queda acentuada no \u00edndice de isolamento social na \u00faltima semana. Estudo divulgado nesta segunda-feira ,10, pelo Comit\u00ea de Dados do governo do Estado no enfrentamento da Covid-19 mostra que o percentual da popula\u00e7\u00e3o ga\u00facha que evitou aglomera\u00e7\u00f5es ficou em apenas 38,6%. Medido em um per\u00edodo de sete [&hellip;]","og_url":"https:\/\/jornaltimoneiro.com.br\/index.php\/2020\/08\/11\/com-flexibilizacoes-no-comercio-indice-de-isolamento-no-rs-fica-em-386\/","og_site_name":"O Timoneiro Jornal Canoas RS","article_publisher":"https:\/\/www.facebook.com\/jornaltimoneiro","article_published_time":"2020-08-11T16:52:43+00:00","article_modified_time":"2020-08-17T17:06:29+00:00","og_image":[{"width":"1280","height":"960","url":"https:\/\/jornaltimoneiro.com.br\/wp-content\/uploads\/2020\/08\/WhatsApp-Image-2020-08-05-at-10.43.51.jpeg","type":"image\/jpeg"}],"author":"Reda\u00e7\u00e3o","twitter_card":"summary_large_image","twitter_creator":"@_OTimoneiro","twitter_site":"@_OTimoneiro","twitter_misc":{"Escrito por":"Reda\u00e7\u00e3o","Est. tempo de leitura":"2 minutos"},"schema":{"@context":"https:\/\/schema.org","@graph":[{"@type":"Article","@id":"https:\/\/jornaltimoneiro.com.br\/index.php\/2020\/08\/11\/com-flexibilizacoes-no-comercio-indice-de-isolamento-no-rs-fica-em-386\/#article","isPartOf":{"@id":"https:\/\/jornaltimoneiro.com.br\/index.php\/2020\/08\/11\/com-flexibilizacoes-no-comercio-indice-de-isolamento-no-rs-fica-em-386\/"},"author":{"name":"Reda\u00e7\u00e3o","@id":"https:\/\/jornaltimoneiro.com.br\/#\/schema\/person\/f63482f1a02b1a9592707865e509ab40"},"headline":"Com flexibiliza\u00e7\u00f5es no com\u00e9rcio, \u00edndice de isolamento no RS fica em 38,6%","datePublished":"2020-08-11T16:52:43+00:00","dateModified":"2020-08-17T17:06:29+00:00","mainEntityOfPage":{"@id":"https:\/\/jornaltimoneiro.com.br\/index.php\/2020\/08\/11\/com-flexibilizacoes-no-comercio-indice-de-isolamento-no-rs-fica-em-386\/"},"wordCount":485,"commentCount":0,"publisher":{"@id":"https:\/\/jornaltimoneiro.com.br\/#organization"},"articleSection":["Geral"],"inLanguage":"pt-BR","potentialAction":[{"@type":"CommentAction","name":"Comment","target":["https:\/\/jornaltimoneiro.com.br\/index.php\/2020\/08\/11\/com-flexibilizacoes-no-comercio-indice-de-isolamento-no-rs-fica-em-386\/#respond"]}]},{"@type":"WebPage","@id":"https:\/\/jornaltimoneiro.com.br\/index.php\/2020\/08\/11\/com-flexibilizacoes-no-comercio-indice-de-isolamento-no-rs-fica-em-386\/","url":"https:\/\/jornaltimoneiro.com.br\/index.php\/2020\/08\/11\/com-flexibilizacoes-no-comercio-indice-de-isolamento-no-rs-fica-em-386\/","name":"Com flexibiliza\u00e7\u00f5es no com\u00e9rcio, \u00edndice de isolamento no RS fica em 38,6% - O Timoneiro Jornal Canoas RS","isPartOf":{"@id":"https:\/\/jornaltimoneiro.com.br\/#website"},"datePublished":"2020-08-11T16:52:43+00:00","dateModified":"2020-08-17T17:06:29+00:00","breadcrumb":{"@id":"https:\/\/jornaltimoneiro.com.br\/index.php\/2020\/08\/11\/com-flexibilizacoes-no-comercio-indice-de-isolamento-no-rs-fica-em-386\/#breadcrumb"},"inLanguage":"pt-BR","potentialAction":[{"@type":"ReadAction","target":["https:\/\/jornaltimoneiro.com.br\/index.php\/2020\/08\/11\/com-flexibilizacoes-no-comercio-indice-de-isolamento-no-rs-fica-em-386\/"]}]},{"@type":"BreadcrumbList","@id":"https:\/\/jornaltimoneiro.com.br\/index.php\/2020\/08\/11\/com-flexibilizacoes-no-comercio-indice-de-isolamento-no-rs-fica-em-386\/#breadcrumb","itemListElement":[{"@type":"ListItem","position":1,"name":"In\u00edcio","item":"https:\/\/jornaltimoneiro.com.br\/"},{"@type":"ListItem","position":2,"name":"Com flexibiliza\u00e7\u00f5es no com\u00e9rcio, \u00edndice de isolamento no RS fica em 38,6%"}]},{"@type":"WebSite","@id":"https:\/\/jornaltimoneiro.com.br\/#website","url":"https:\/\/jornaltimoneiro.com.br\/","name":"Jornal Timoneiro Canoas RS","description":"Jornal O Timoneiro, o verdadeiro jornal de Canoas","publisher":{"@id":"https:\/\/jornaltimoneiro.com.br\/#organization"},"potentialAction":[{"@type":"SearchAction","target":{"@type":"EntryPoint","urlTemplate":"https:\/\/jornaltimoneiro.com.br\/?s={search_term_string}"},"query-input":"required name=search_term_string"}],"inLanguage":"pt-BR"},{"@type":"Organization","@id":"https:\/\/jornaltimoneiro.com.br\/#organization","name":"Jornal Timoneiro Canoas RS","url":"https:\/\/jornaltimoneiro.com.br\/","logo":{"@type":"ImageObject","inLanguage":"pt-BR","@id":"https:\/\/jornaltimoneiro.com.br\/#\/schema\/logo\/image\/","url":"https:\/\/jornaltimoneiro.com.br\/wp-content\/uploads\/2023\/03\/logonovo.png","contentUrl":"https:\/\/jornaltimoneiro.com.br\/wp-content\/uploads\/2023\/03\/logonovo.png","width":"469","height":"171","caption":"Jornal Timoneiro Canoas RS"},"image":{"@id":"https:\/\/jornaltimoneiro.com.br\/#\/schema\/logo\/image\/"},"sameAs":["https:\/\/www.facebook.com\/jornaltimoneiro","https:\/\/twitter.com\/_OTimoneiro","https:\/\/www.instagram.com\/jornaltimoneirocanoas\/","https:\/\/www.youtube.com\/@jornalotimoneiro7927"]},{"@type":"Person","@id":"https:\/\/jornaltimoneiro.com.br\/#\/schema\/person\/f63482f1a02b1a9592707865e509ab40","name":"Reda\u00e7\u00e3o","image":{"@type":"ImageObject","inLanguage":"pt-BR","@id":"https:\/\/jornaltimoneiro.com.br\/#\/schema\/person\/image\/","url":"https:\/\/jornaltimoneiro.com.br\/wp-content\/uploads\/2023\/03\/download.jpeg","contentUrl":"https:\/\/jornaltimoneiro.com.br\/wp-content\/uploads\/2023\/03\/download.jpeg","caption":"Reda\u00e7\u00e3o"},"url":"https:\/\/jornaltimoneiro.com.br\/index.php\/author\/simone-dutra\/"}]}},"_links":{"self":[{"href":"https:\/\/jornaltimoneiro.com.br\/index.php\/wp-json\/wp\/v2\/posts\/17423"}],"collection":[{"href":"https:\/\/jornaltimoneiro.com.br\/index.php\/wp-json\/wp\/v2\/posts"}],"about":[{"href":"https:\/\/jornaltimoneiro.com.br\/index.php\/wp-json\/wp\/v2\/types\/post"}],"author":[{"embeddable":true,"href":"https:\/\/jornaltimoneiro.com.br\/index.php\/wp-json\/wp\/v2\/users\/2"}],"replies":[{"embeddable":true,"href":"https:\/\/jornaltimoneiro.com.br\/index.php\/wp-json\/wp\/v2\/comments?post=17423"}],"version-history":[{"count":1,"href":"https:\/\/jornaltimoneiro.com.br\/index.php\/wp-json\/wp\/v2\/posts\/17423\/revisions"}],"predecessor-version":[{"id":17425,"href":"https:\/\/jornaltimoneiro.com.br\/index.php\/wp-json\/wp\/v2\/posts\/17423\/revisions\/17425"}],"wp:featuredmedia":[{"embeddable":true,"href":"https:\/\/jornaltimoneiro.com.br\/index.php\/wp-json\/wp\/v2\/media\/17424"}],"wp:attachment":[{"href":"https:\/\/jornaltimoneiro.com.br\/index.php\/wp-json\/wp\/v2\/media?parent=17423"}],"wp:term":[{"taxonomy":"category","embeddable":true,"href":"https:\/\/jornaltimoneiro.com.br\/index.php\/wp-json\/wp\/v2\/categories?post=17423"},{"taxonomy":"post_tag","embeddable":true,"href":"https:\/\/jornaltimoneiro.com.br\/index.php\/wp-json\/wp\/v2\/tags?post=17423"}],"curies":[{"name":"wp","href":"https:\/\/api.w.org\/{rel}","templated":true}]}}