{"id":17331,"date":"2020-07-31T07:00:53","date_gmt":"2020-07-31T10:00:53","guid":{"rendered":"https:\/\/jornaltimoneiro.com.br\/?p=17331"},"modified":"2020-07-30T20:24:37","modified_gmt":"2020-07-30T23:24:37","slug":"vereador-alex-avila-e-indicado-para-ser-vice-do-pre-candidato-marcelino-muzykant","status":"publish","type":"post","link":"https:\/\/jornaltimoneiro.com.br\/index.php\/2020\/07\/31\/vereador-alex-avila-e-indicado-para-ser-vice-do-pre-candidato-marcelino-muzykant\/","title":{"rendered":"Vereador Alex \u00c1vila \u00e9 indicado para ser vice do pr\u00e9-candidato Marcelino Muzykant"},"content":{"rendered":"<p>Na quinta-feira, 23, dando mais um passo importante na composi\u00e7\u00e3o de uma grande alian\u00e7a de partidos em torno do nome da pr\u00e9-candidatura a prefeito de Marcelino Muzykant (PP), o Partido Trabalhista Brasileiro (PTB) de Nova Santa Rita indicou, atrav\u00e9s de uma <em>live<\/em>, com alcance de mais de 14 mil pessoas, o nome do vereador Alex \u00c1vila para ser o seu vice-prefeito, na chapa que, al\u00e9m do Progressistas, j\u00e1 conta com o apoio do PTB, Solidariedade e REDE Sustentabilidade.<\/p>\n<p><strong>Hist\u00f3rico<\/strong><\/p>\n<p>Alex \u00c1vila \u00e9 vereador h\u00e1 seis anos, foi o segundo mais votado no \u00faltimo pleito e tem um destacado trabalho de oposi\u00e7\u00e3o \u00e0 administra\u00e7\u00e3o atual do munic\u00edpio de Nova Santa Rita. Com uma oposi\u00e7\u00e3o propositiva, se diz aguerrido nas demandas da popula\u00e7\u00e3o e conhecido na cidade como \u201cAlex- A voz do Povo\u201d.<\/p>\n<p><strong>Verbas para a sa\u00fade<\/strong><\/p>\n<p>Com apoio de deputados, Alex trouxe verbas para o munic\u00edpio, num total de R$ 375 mil de emendas para aux\u00edlio na sa\u00fade. Segundo colegas, Alex destaca-se pelo seu jeito atencioso com a popula\u00e7\u00e3o, tentando resolver todas as demandas que chegam at\u00e9 ele. \u201c\u00c9 um fiscalizador e anda pela cidade mostrando tudo que faz em suas redes sociais. Alex usa as redes sociais para mostrar o seu trabalho desde o in\u00edcio do seu mandato, \u00e9 a forma de fazer a presta\u00e7\u00e3o de contas com a popula\u00e7\u00e3o. Sem d\u00favidas, quem ganha com estes grandes nomes para o pleito \u00e9 a cidade de Nova Santa Rita, que ter\u00e1 um qualificado debate dos verdadeiros problemas da cidade\u201d.<\/p>\n","protected":false},"excerpt":{"rendered":"<p>Na quinta-feira, 23, dando mais um passo importante na composi\u00e7\u00e3o de uma grande alian\u00e7a de partidos em torno do nome da pr\u00e9-candidatura a prefeito de Marcelino Muzykant (PP), o Partido Trabalhista Brasileiro (PTB) de Nova Santa Rita indicou, atrav\u00e9s de uma live, com alcance de mais de 14 mil pessoas, o nome do vereador Alex [&hellip;]<\/p>\n","protected":false},"author":2,"featured_media":17332,"comment_status":"open","ping_status":"open","sticky":false,"template":"","format":"standard","meta":{"amp_status":"","footnotes":""},"categories":[178],"tags":[],"class_list":["post-17331","post","type-post","status-publish","format-standard","has-post-thumbnail","hentry","category-nsr"],"yoast_head":"<!-- This site is optimized with the Yoast SEO plugin v20.5 - https:\/\/yoast.com\/wordpress\/plugins\/seo\/ -->\n<title>Vereador Alex \u00c1vila \u00e9 indicado para ser vice do pr\u00e9-candidato Marcelino Muzykant - O Timoneiro Jornal Canoas RS<\/title>\n<meta name=\"robots\" content=\"index, follow, max-snippet:-1, max-image-preview:large, max-video-preview:-1\" \/>\n<link rel=\"canonical\" href=\"https:\/\/jornaltimoneiro.com.br\/index.php\/2020\/07\/31\/vereador-alex-avila-e-indicado-para-ser-vice-do-pre-candidato-marcelino-muzykant\/\" \/>\n<meta property=\"og:locale\" content=\"pt_BR\" \/>\n<meta property=\"og:type\" content=\"article\" \/>\n<meta property=\"og:title\" content=\"Vereador Alex \u00c1vila \u00e9 indicado para ser vice do pr\u00e9-candidato Marcelino Muzykant - O Timoneiro Jornal Canoas RS\" \/>\n<meta property=\"og:description\" content=\"Na quinta-feira, 23, dando mais um passo importante na composi\u00e7\u00e3o de uma grande alian\u00e7a de partidos em torno do nome da pr\u00e9-candidatura a prefeito de Marcelino Muzykant (PP), o Partido Trabalhista Brasileiro (PTB) de Nova Santa Rita indicou, atrav\u00e9s de uma live, com alcance de mais de 14 mil pessoas, o nome do vereador Alex [&hellip;]\" \/>\n<meta property=\"og:url\" content=\"https:\/\/jornaltimoneiro.com.br\/index.php\/2020\/07\/31\/vereador-alex-avila-e-indicado-para-ser-vice-do-pre-candidato-marcelino-muzykant\/\" \/>\n<meta property=\"og:site_name\" content=\"O Timoneiro Jornal Canoas RS\" \/>\n<meta property=\"article:publisher\" content=\"https:\/\/www.facebook.com\/jornaltimoneiro\" \/>\n<meta property=\"article:published_time\" content=\"2020-07-31T10:00:53+00:00\" \/>\n<meta property=\"article:modified_time\" content=\"2020-07-30T23:24:37+00:00\" \/>\n<meta property=\"og:image\" content=\"https:\/\/jornaltimoneiro.com.br\/wp-content\/uploads\/2020\/07\/Alex.jpg\" \/>\n\t<meta property=\"og:image:width\" content=\"800\" \/>\n\t<meta property=\"og:image:height\" content=\"654\" \/>\n\t<meta property=\"og:image:type\" content=\"image\/jpeg\" \/>\n<meta name=\"author\" content=\"Reda\u00e7\u00e3o\" \/>\n<meta name=\"twitter:card\" content=\"summary_large_image\" \/>\n<meta name=\"twitter:creator\" content=\"@_OTimoneiro\" \/>\n<meta name=\"twitter:site\" content=\"@_OTimoneiro\" \/>\n<meta name=\"twitter:label1\" content=\"Escrito por\" \/>\n\t<meta name=\"twitter:data1\" content=\"Reda\u00e7\u00e3o\" \/>\n\t<meta name=\"twitter:label2\" content=\"Est. tempo de leitura\" \/>\n\t<meta name=\"twitter:data2\" content=\"1 minuto\" \/>\n<script type=\"application\/ld+json\" class=\"yoast-schema-graph\">{\"@context\":\"https:\/\/schema.org\",\"@graph\":[{\"@type\":\"Article\",\"@id\":\"https:\/\/jornaltimoneiro.com.br\/index.php\/2020\/07\/31\/vereador-alex-avila-e-indicado-para-ser-vice-do-pre-candidato-marcelino-muzykant\/#article\",\"isPartOf\":{\"@id\":\"https:\/\/jornaltimoneiro.com.br\/index.php\/2020\/07\/31\/vereador-alex-avila-e-indicado-para-ser-vice-do-pre-candidato-marcelino-muzykant\/\"},\"author\":{\"name\":\"Reda\u00e7\u00e3o\",\"@id\":\"https:\/\/jornaltimoneiro.com.br\/#\/schema\/person\/f63482f1a02b1a9592707865e509ab40\"},\"headline\":\"Vereador Alex \u00c1vila \u00e9 indicado para ser vice do pr\u00e9-candidato Marcelino Muzykant\",\"datePublished\":\"2020-07-31T10:00:53+00:00\",\"dateModified\":\"2020-07-30T23:24:37+00:00\",\"mainEntityOfPage\":{\"@id\":\"https:\/\/jornaltimoneiro.com.br\/index.php\/2020\/07\/31\/vereador-alex-avila-e-indicado-para-ser-vice-do-pre-candidato-marcelino-muzykant\/\"},\"wordCount\":272,\"commentCount\":0,\"publisher\":{\"@id\":\"https:\/\/jornaltimoneiro.com.br\/#organization\"},\"articleSection\":[\"Nova Santa Rita\"],\"inLanguage\":\"pt-BR\",\"potentialAction\":[{\"@type\":\"CommentAction\",\"name\":\"Comment\",\"target\":[\"https:\/\/jornaltimoneiro.com.br\/index.php\/2020\/07\/31\/vereador-alex-avila-e-indicado-para-ser-vice-do-pre-candidato-marcelino-muzykant\/#respond\"]}]},{\"@type\":\"WebPage\",\"@id\":\"https:\/\/jornaltimoneiro.com.br\/index.php\/2020\/07\/31\/vereador-alex-avila-e-indicado-para-ser-vice-do-pre-candidato-marcelino-muzykant\/\",\"url\":\"https:\/\/jornaltimoneiro.com.br\/index.php\/2020\/07\/31\/vereador-alex-avila-e-indicado-para-ser-vice-do-pre-candidato-marcelino-muzykant\/\",\"name\":\"Vereador Alex \u00c1vila \u00e9 indicado para ser vice do pr\u00e9-candidato Marcelino Muzykant - O Timoneiro Jornal Canoas RS\",\"isPartOf\":{\"@id\":\"https:\/\/jornaltimoneiro.com.br\/#website\"},\"datePublished\":\"2020-07-31T10:00:53+00:00\",\"dateModified\":\"2020-07-30T23:24:37+00:00\",\"breadcrumb\":{\"@id\":\"https:\/\/jornaltimoneiro.com.br\/index.php\/2020\/07\/31\/vereador-alex-avila-e-indicado-para-ser-vice-do-pre-candidato-marcelino-muzykant\/#breadcrumb\"},\"inLanguage\":\"pt-BR\",\"potentialAction\":[{\"@type\":\"ReadAction\",\"target\":[\"https:\/\/jornaltimoneiro.com.br\/index.php\/2020\/07\/31\/vereador-alex-avila-e-indicado-para-ser-vice-do-pre-candidato-marcelino-muzykant\/\"]}]},{\"@type\":\"BreadcrumbList\",\"@id\":\"https:\/\/jornaltimoneiro.com.br\/index.php\/2020\/07\/31\/vereador-alex-avila-e-indicado-para-ser-vice-do-pre-candidato-marcelino-muzykant\/#breadcrumb\",\"itemListElement\":[{\"@type\":\"ListItem\",\"position\":1,\"name\":\"In\u00edcio\",\"item\":\"https:\/\/jornaltimoneiro.com.br\/\"},{\"@type\":\"ListItem\",\"position\":2,\"name\":\"Vereador Alex \u00c1vila \u00e9 indicado para ser vice do pr\u00e9-candidato Marcelino Muzykant\"}]},{\"@type\":\"WebSite\",\"@id\":\"https:\/\/jornaltimoneiro.com.br\/#website\",\"url\":\"https:\/\/jornaltimoneiro.com.br\/\",\"name\":\"Jornal Timoneiro Canoas RS\",\"description\":\"Jornal O Timoneiro, o verdadeiro jornal de Canoas\",\"publisher\":{\"@id\":\"https:\/\/jornaltimoneiro.com.br\/#organization\"},\"potentialAction\":[{\"@type\":\"SearchAction\",\"target\":{\"@type\":\"EntryPoint\",\"urlTemplate\":\"https:\/\/jornaltimoneiro.com.br\/?s={search_term_string}\"},\"query-input\":\"required name=search_term_string\"}],\"inLanguage\":\"pt-BR\"},{\"@type\":\"Organization\",\"@id\":\"https:\/\/jornaltimoneiro.com.br\/#organization\",\"name\":\"Jornal Timoneiro Canoas RS\",\"url\":\"https:\/\/jornaltimoneiro.com.br\/\",\"logo\":{\"@type\":\"ImageObject\",\"inLanguage\":\"pt-BR\",\"@id\":\"https:\/\/jornaltimoneiro.com.br\/#\/schema\/logo\/image\/\",\"url\":\"https:\/\/jornaltimoneiro.com.br\/wp-content\/uploads\/2023\/03\/logonovo.png\",\"contentUrl\":\"https:\/\/jornaltimoneiro.com.br\/wp-content\/uploads\/2023\/03\/logonovo.png\",\"width\":\"469\",\"height\":\"171\",\"caption\":\"Jornal Timoneiro Canoas RS\"},\"image\":{\"@id\":\"https:\/\/jornaltimoneiro.com.br\/#\/schema\/logo\/image\/\"},\"sameAs\":[\"https:\/\/www.facebook.com\/jornaltimoneiro\",\"https:\/\/twitter.com\/_OTimoneiro\",\"https:\/\/www.instagram.com\/jornaltimoneirocanoas\/\",\"https:\/\/www.youtube.com\/@jornalotimoneiro7927\"]},{\"@type\":\"Person\",\"@id\":\"https:\/\/jornaltimoneiro.com.br\/#\/schema\/person\/f63482f1a02b1a9592707865e509ab40\",\"name\":\"Reda\u00e7\u00e3o\",\"image\":{\"@type\":\"ImageObject\",\"inLanguage\":\"pt-BR\",\"@id\":\"https:\/\/jornaltimoneiro.com.br\/#\/schema\/person\/image\/\",\"url\":\"https:\/\/jornaltimoneiro.com.br\/wp-content\/uploads\/2023\/03\/download.jpeg\",\"contentUrl\":\"https:\/\/jornaltimoneiro.com.br\/wp-content\/uploads\/2023\/03\/download.jpeg\",\"caption\":\"Reda\u00e7\u00e3o\"},\"url\":\"https:\/\/jornaltimoneiro.com.br\/index.php\/author\/simone-dutra\/\"}]}<\/script>\n<!-- \/ Yoast SEO plugin. -->","yoast_head_json":{"title":"Vereador Alex \u00c1vila \u00e9 indicado para ser vice do pr\u00e9-candidato Marcelino Muzykant - O Timoneiro Jornal Canoas RS","robots":{"index":"index","follow":"follow","max-snippet":"max-snippet:-1","max-image-preview":"max-image-preview:large","max-video-preview":"max-video-preview:-1"},"canonical":"https:\/\/jornaltimoneiro.com.br\/index.php\/2020\/07\/31\/vereador-alex-avila-e-indicado-para-ser-vice-do-pre-candidato-marcelino-muzykant\/","og_locale":"pt_BR","og_type":"article","og_title":"Vereador Alex \u00c1vila \u00e9 indicado para ser vice do pr\u00e9-candidato Marcelino Muzykant - O Timoneiro Jornal Canoas RS","og_description":"Na quinta-feira, 23, dando mais um passo importante na composi\u00e7\u00e3o de uma grande alian\u00e7a de partidos em torno do nome da pr\u00e9-candidatura a prefeito de Marcelino Muzykant (PP), o Partido Trabalhista Brasileiro (PTB) de Nova Santa Rita indicou, atrav\u00e9s de uma live, com alcance de mais de 14 mil pessoas, o nome do vereador Alex [&hellip;]","og_url":"https:\/\/jornaltimoneiro.com.br\/index.php\/2020\/07\/31\/vereador-alex-avila-e-indicado-para-ser-vice-do-pre-candidato-marcelino-muzykant\/","og_site_name":"O Timoneiro Jornal Canoas RS","article_publisher":"https:\/\/www.facebook.com\/jornaltimoneiro","article_published_time":"2020-07-31T10:00:53+00:00","article_modified_time":"2020-07-30T23:24:37+00:00","og_image":[{"width":"800","height":"654","url":"https:\/\/jornaltimoneiro.com.br\/wp-content\/uploads\/2020\/07\/Alex.jpg","type":"image\/jpeg"}],"author":"Reda\u00e7\u00e3o","twitter_card":"summary_large_image","twitter_creator":"@_OTimoneiro","twitter_site":"@_OTimoneiro","twitter_misc":{"Escrito por":"Reda\u00e7\u00e3o","Est. tempo de leitura":"1 minuto"},"schema":{"@context":"https:\/\/schema.org","@graph":[{"@type":"Article","@id":"https:\/\/jornaltimoneiro.com.br\/index.php\/2020\/07\/31\/vereador-alex-avila-e-indicado-para-ser-vice-do-pre-candidato-marcelino-muzykant\/#article","isPartOf":{"@id":"https:\/\/jornaltimoneiro.com.br\/index.php\/2020\/07\/31\/vereador-alex-avila-e-indicado-para-ser-vice-do-pre-candidato-marcelino-muzykant\/"},"author":{"name":"Reda\u00e7\u00e3o","@id":"https:\/\/jornaltimoneiro.com.br\/#\/schema\/person\/f63482f1a02b1a9592707865e509ab40"},"headline":"Vereador Alex \u00c1vila \u00e9 indicado para ser vice do pr\u00e9-candidato Marcelino Muzykant","datePublished":"2020-07-31T10:00:53+00:00","dateModified":"2020-07-30T23:24:37+00:00","mainEntityOfPage":{"@id":"https:\/\/jornaltimoneiro.com.br\/index.php\/2020\/07\/31\/vereador-alex-avila-e-indicado-para-ser-vice-do-pre-candidato-marcelino-muzykant\/"},"wordCount":272,"commentCount":0,"publisher":{"@id":"https:\/\/jornaltimoneiro.com.br\/#organization"},"articleSection":["Nova Santa Rita"],"inLanguage":"pt-BR","potentialAction":[{"@type":"CommentAction","name":"Comment","target":["https:\/\/jornaltimoneiro.com.br\/index.php\/2020\/07\/31\/vereador-alex-avila-e-indicado-para-ser-vice-do-pre-candidato-marcelino-muzykant\/#respond"]}]},{"@type":"WebPage","@id":"https:\/\/jornaltimoneiro.com.br\/index.php\/2020\/07\/31\/vereador-alex-avila-e-indicado-para-ser-vice-do-pre-candidato-marcelino-muzykant\/","url":"https:\/\/jornaltimoneiro.com.br\/index.php\/2020\/07\/31\/vereador-alex-avila-e-indicado-para-ser-vice-do-pre-candidato-marcelino-muzykant\/","name":"Vereador Alex \u00c1vila \u00e9 indicado para ser vice do pr\u00e9-candidato Marcelino Muzykant - O Timoneiro Jornal Canoas RS","isPartOf":{"@id":"https:\/\/jornaltimoneiro.com.br\/#website"},"datePublished":"2020-07-31T10:00:53+00:00","dateModified":"2020-07-30T23:24:37+00:00","breadcrumb":{"@id":"https:\/\/jornaltimoneiro.com.br\/index.php\/2020\/07\/31\/vereador-alex-avila-e-indicado-para-ser-vice-do-pre-candidato-marcelino-muzykant\/#breadcrumb"},"inLanguage":"pt-BR","potentialAction":[{"@type":"ReadAction","target":["https:\/\/jornaltimoneiro.com.br\/index.php\/2020\/07\/31\/vereador-alex-avila-e-indicado-para-ser-vice-do-pre-candidato-marcelino-muzykant\/"]}]},{"@type":"BreadcrumbList","@id":"https:\/\/jornaltimoneiro.com.br\/index.php\/2020\/07\/31\/vereador-alex-avila-e-indicado-para-ser-vice-do-pre-candidato-marcelino-muzykant\/#breadcrumb","itemListElement":[{"@type":"ListItem","position":1,"name":"In\u00edcio","item":"https:\/\/jornaltimoneiro.com.br\/"},{"@type":"ListItem","position":2,"name":"Vereador Alex \u00c1vila \u00e9 indicado para ser vice do pr\u00e9-candidato Marcelino Muzykant"}]},{"@type":"WebSite","@id":"https:\/\/jornaltimoneiro.com.br\/#website","url":"https:\/\/jornaltimoneiro.com.br\/","name":"Jornal Timoneiro Canoas RS","description":"Jornal O Timoneiro, o verdadeiro jornal de Canoas","publisher":{"@id":"https:\/\/jornaltimoneiro.com.br\/#organization"},"potentialAction":[{"@type":"SearchAction","target":{"@type":"EntryPoint","urlTemplate":"https:\/\/jornaltimoneiro.com.br\/?s={search_term_string}"},"query-input":"required name=search_term_string"}],"inLanguage":"pt-BR"},{"@type":"Organization","@id":"https:\/\/jornaltimoneiro.com.br\/#organization","name":"Jornal Timoneiro Canoas RS","url":"https:\/\/jornaltimoneiro.com.br\/","logo":{"@type":"ImageObject","inLanguage":"pt-BR","@id":"https:\/\/jornaltimoneiro.com.br\/#\/schema\/logo\/image\/","url":"https:\/\/jornaltimoneiro.com.br\/wp-content\/uploads\/2023\/03\/logonovo.png","contentUrl":"https:\/\/jornaltimoneiro.com.br\/wp-content\/uploads\/2023\/03\/logonovo.png","width":"469","height":"171","caption":"Jornal Timoneiro Canoas RS"},"image":{"@id":"https:\/\/jornaltimoneiro.com.br\/#\/schema\/logo\/image\/"},"sameAs":["https:\/\/www.facebook.com\/jornaltimoneiro","https:\/\/twitter.com\/_OTimoneiro","https:\/\/www.instagram.com\/jornaltimoneirocanoas\/","https:\/\/www.youtube.com\/@jornalotimoneiro7927"]},{"@type":"Person","@id":"https:\/\/jornaltimoneiro.com.br\/#\/schema\/person\/f63482f1a02b1a9592707865e509ab40","name":"Reda\u00e7\u00e3o","image":{"@type":"ImageObject","inLanguage":"pt-BR","@id":"https:\/\/jornaltimoneiro.com.br\/#\/schema\/person\/image\/","url":"https:\/\/jornaltimoneiro.com.br\/wp-content\/uploads\/2023\/03\/download.jpeg","contentUrl":"https:\/\/jornaltimoneiro.com.br\/wp-content\/uploads\/2023\/03\/download.jpeg","caption":"Reda\u00e7\u00e3o"},"url":"https:\/\/jornaltimoneiro.com.br\/index.php\/author\/simone-dutra\/"}]}},"_links":{"self":[{"href":"https:\/\/jornaltimoneiro.com.br\/index.php\/wp-json\/wp\/v2\/posts\/17331"}],"collection":[{"href":"https:\/\/jornaltimoneiro.com.br\/index.php\/wp-json\/wp\/v2\/posts"}],"about":[{"href":"https:\/\/jornaltimoneiro.com.br\/index.php\/wp-json\/wp\/v2\/types\/post"}],"author":[{"embeddable":true,"href":"https:\/\/jornaltimoneiro.com.br\/index.php\/wp-json\/wp\/v2\/users\/2"}],"replies":[{"embeddable":true,"href":"https:\/\/jornaltimoneiro.com.br\/index.php\/wp-json\/wp\/v2\/comments?post=17331"}],"version-history":[{"count":1,"href":"https:\/\/jornaltimoneiro.com.br\/index.php\/wp-json\/wp\/v2\/posts\/17331\/revisions"}],"predecessor-version":[{"id":17333,"href":"https:\/\/jornaltimoneiro.com.br\/index.php\/wp-json\/wp\/v2\/posts\/17331\/revisions\/17333"}],"wp:featuredmedia":[{"embeddable":true,"href":"https:\/\/jornaltimoneiro.com.br\/index.php\/wp-json\/wp\/v2\/media\/17332"}],"wp:attachment":[{"href":"https:\/\/jornaltimoneiro.com.br\/index.php\/wp-json\/wp\/v2\/media?parent=17331"}],"wp:term":[{"taxonomy":"category","embeddable":true,"href":"https:\/\/jornaltimoneiro.com.br\/index.php\/wp-json\/wp\/v2\/categories?post=17331"},{"taxonomy":"post_tag","embeddable":true,"href":"https:\/\/jornaltimoneiro.com.br\/index.php\/wp-json\/wp\/v2\/tags?post=17331"}],"curies":[{"name":"wp","href":"https:\/\/api.w.org\/{rel}","templated":true}]}}