{"id":17004,"date":"2020-06-30T13:38:37","date_gmt":"2020-06-30T16:38:37","guid":{"rendered":"https:\/\/jornaltimoneiro.com.br\/?p=17004"},"modified":"2020-06-30T13:39:27","modified_gmt":"2020-06-30T16:39:27","slug":"psol-apresenta-pre-candidato-a-prefeitura","status":"publish","type":"post","link":"https:\/\/jornaltimoneiro.com.br\/index.php\/2020\/06\/30\/psol-apresenta-pre-candidato-a-prefeitura\/","title":{"rendered":"PSOL apresenta pr\u00e9-candidato \u00e0 Prefeitura"},"content":{"rendered":"<p><strong>Graziele Albuquerque<\/strong><\/p>\n<p>O diret\u00f3rio do PSOL em Canoas, que desde sua cria\u00e7\u00e3o na cidade apresenta candidato para concorrer \u00e0 majorit\u00e1ria, decidiu recentemente o nome para a disputa desta ano para a Prefeitura. O candidato ao executivo ser\u00e1 o professor, advogado e soci\u00f3logo Pablo Henrique. <\/p>\n<p>Ativista desde 1996, Pablo \u00e9 o atual Diretor Geral do 20\u00ba N\u00facleo do CPERS Canoas, e com o convite do diret\u00f3rio canoense para representar o partido nas elei\u00e7\u00f5es, teve que se licenciar do cargo onde representa cinco munic\u00edpios e 80 escolas estaduais. \u201cEm respeito \u00e0 nossa categoria, foi feita uma solicita\u00e7\u00e3o junto aos nossos colegas, explicando o motivo pelo qual o Pablo iria se afastar, e que fosse dada essa liberdade para que assim ele fosse se colocar \u00e0 disposi\u00e7\u00e3o de toda a comunidade canoense\u201d, ressaltou Cleusa Werner, professora e presidenta do PSOL Canoas. <\/p>\n<p><strong>Convite para concorrer <\/strong><\/p>\n<p>O partido foi criado em 2005, e desde ent\u00e3o em todas as elei\u00e7\u00f5es municipais, o PSOL apresenta candidatura pr\u00f3pria. Nos \u00faltimos tr\u00eas pleitos o representante escolhido foi o canoense Paulo S\u00e9rgio, que ir\u00e1 concorrer a uma das 21 cadeiras da C\u00e2mara de Vereadores este ano. <\/p>\n<p>De acordo com a presidenta do partido, Pablo foi o escolhido no diret\u00f3rio para substituir o nome do Paulo S\u00e9rgio, que deu sua colabora\u00e7\u00e3o nas \u00faltimas elei\u00e7\u00f5es, e o PSOL precisava de um candidato que fizesse frente com ele. \u201cNo come\u00e7o o Pablo foi resistente, mas fomos persistentes e ele aceitou esse desafio. Ele tem um hist\u00f3rico de luta e atrav\u00e9s dele podemos mudar e mostrar que podemos fazer diferente\u201d, complementou. <\/p>\n<p><strong>Trajet\u00f3ria<\/strong><\/p>\n<p>O pr\u00e9-candidato nunca concorreu para nenhum cargo pol\u00edtico, mas aos 41 anos, tem um curr\u00edculo vasto, e com diversas participa\u00e7\u00f5es importantes dentro do pr\u00f3prio partido, como a sua pr\u00f3pria cria\u00e7\u00e3o dentro de Canoas. Pablo tamb\u00e9m \u00e9 Coordenador Regional da Associa\u00e7\u00e3o Brasileira de Fam\u00edlias Homo e Trans Afetivas (ABRAFH).<\/p>\n<p>\u201cO nosso grupo tem como princ\u00edpio n\u00e3o trair a confian\u00e7a que nos \u00e9 depositada. Nessa conjuntura que a gente vive, n\u00e3o podemos ficar alheios a tudo que est\u00e1 acontecendo. Com esse crescimento exacerbado, como esse pr\u00f3prio governo fascista, n\u00f3s devemos apontar as irregularidades e tamb\u00e9m mostrar o caminho\u201d, concluiu o pr\u00e9-candidato ao executivo. <\/p>\n<p><strong>Vice para compor a chapa <\/strong><\/p>\n<p>De acordo com os dirigentes do PSOL, est\u00e1 acontecendo conversas com o PSTU para ser firmada uma alian\u00e7a entre os partidos, e assim, posteriormente, o Partido Socialista dos Trabalhadores Unificado indicar um nome para ser candidato a vice-prefeito, e consolidar a chapa \u00e0 majorit\u00e1ria. <\/p>\n<p><strong>Plano de governo <\/strong><\/p>\n<p>O PSOL, desde 2008, prepara seu plano de governo com realiza\u00e7\u00f5es de plen\u00e1rias, divididas pelos quatro quadrantes da cidade. De acordo com o pr\u00e9-candidato, o diret\u00f3rio est\u00e1 buscando readequa\u00e7\u00f5es, pois n\u00e3o pode haver esses encontros presenciais e com aglomera\u00e7\u00f5es por conta do quadro de pandemia, mas garantiu que o plano segue sendo a participa\u00e7\u00e3o popular, com a cria\u00e7\u00e3o de conselhos comunit\u00e1rios, com o poder de delibera\u00e7\u00e3o em cima de toda a pol\u00edtica. \u201cTemos quest\u00f5es pontuais dentro da cidade de Canoas, como, por exemplo, a terceiriza\u00e7\u00e3o da sa\u00fade publica, que passa por um momento delicado com casos de corrup\u00e7\u00e3o, o esgoto, onde o canoense depois da Participa\u00e7\u00e3o P\u00fablica Privado (PPP), que foi aprovado pelos nossos vereadores, est\u00e1 pagando muito mais caro na conta de \u00e1gua, e o transporte p\u00fablico, pois todo o cidad\u00e3o tem o direito de ir e vir, e o PSOL ir\u00e1 trabalhar essas pautas, pois temos que garantir a todos os cidad\u00e3os o direito dos servi\u00e7os p\u00fablicos\u201d, concluiu Pablo Henrique.<\/p>\n","protected":false},"excerpt":{"rendered":"<p>Graziele Albuquerque O diret\u00f3rio do PSOL em Canoas, que desde sua cria\u00e7\u00e3o na cidade apresenta candidato para concorrer \u00e0 majorit\u00e1ria, decidiu recentemente o nome para a disputa desta ano para a Prefeitura. O candidato ao executivo ser\u00e1 o professor, advogado e soci\u00f3logo Pablo Henrique. Ativista desde 1996, Pablo \u00e9 o atual Diretor Geral do 20\u00ba [&hellip;]<\/p>\n","protected":false},"author":2,"featured_media":17005,"comment_status":"open","ping_status":"open","sticky":false,"template":"","format":"standard","meta":{"amp_status":"","footnotes":""},"categories":[20],"tags":[],"class_list":["post-17004","post","type-post","status-publish","format-standard","has-post-thumbnail","hentry","category-politica-noticias"],"yoast_head":"<!-- This site is optimized with the Yoast SEO plugin v20.5 - https:\/\/yoast.com\/wordpress\/plugins\/seo\/ -->\n<title>PSOL apresenta pr\u00e9-candidato \u00e0 Prefeitura - O Timoneiro Jornal Canoas RS<\/title>\n<meta name=\"robots\" content=\"index, follow, max-snippet:-1, max-image-preview:large, max-video-preview:-1\" \/>\n<link rel=\"canonical\" href=\"https:\/\/jornaltimoneiro.com.br\/index.php\/2020\/06\/30\/psol-apresenta-pre-candidato-a-prefeitura\/\" \/>\n<meta property=\"og:locale\" content=\"pt_BR\" \/>\n<meta property=\"og:type\" content=\"article\" \/>\n<meta property=\"og:title\" content=\"PSOL apresenta pr\u00e9-candidato \u00e0 Prefeitura - O Timoneiro Jornal Canoas RS\" \/>\n<meta property=\"og:description\" content=\"Graziele Albuquerque O diret\u00f3rio do PSOL em Canoas, que desde sua cria\u00e7\u00e3o na cidade apresenta candidato para concorrer \u00e0 majorit\u00e1ria, decidiu recentemente o nome para a disputa desta ano para a Prefeitura. O candidato ao executivo ser\u00e1 o professor, advogado e soci\u00f3logo Pablo Henrique. Ativista desde 1996, Pablo \u00e9 o atual Diretor Geral do 20\u00ba [&hellip;]\" \/>\n<meta property=\"og:url\" content=\"https:\/\/jornaltimoneiro.com.br\/index.php\/2020\/06\/30\/psol-apresenta-pre-candidato-a-prefeitura\/\" \/>\n<meta property=\"og:site_name\" content=\"O Timoneiro Jornal Canoas RS\" \/>\n<meta property=\"article:publisher\" content=\"https:\/\/www.facebook.com\/jornaltimoneiro\" \/>\n<meta property=\"article:published_time\" content=\"2020-06-30T16:38:37+00:00\" \/>\n<meta property=\"article:modified_time\" content=\"2020-06-30T16:39:27+00:00\" \/>\n<meta property=\"og:image\" content=\"https:\/\/jornaltimoneiro.com.br\/wp-content\/uploads\/2020\/06\/WhatsApp-Image-2020-06-30-at-13.19.34.jpeg\" \/>\n\t<meta property=\"og:image:width\" content=\"1040\" \/>\n\t<meta property=\"og:image:height\" content=\"780\" \/>\n\t<meta property=\"og:image:type\" content=\"image\/jpeg\" \/>\n<meta name=\"author\" content=\"Reda\u00e7\u00e3o\" \/>\n<meta name=\"twitter:card\" content=\"summary_large_image\" \/>\n<meta name=\"twitter:creator\" content=\"@_OTimoneiro\" \/>\n<meta name=\"twitter:site\" content=\"@_OTimoneiro\" \/>\n<meta name=\"twitter:label1\" content=\"Escrito por\" \/>\n\t<meta name=\"twitter:data1\" content=\"Reda\u00e7\u00e3o\" \/>\n\t<meta name=\"twitter:label2\" content=\"Est. tempo de leitura\" \/>\n\t<meta name=\"twitter:data2\" content=\"3 minutos\" \/>\n<script type=\"application\/ld+json\" class=\"yoast-schema-graph\">{\"@context\":\"https:\/\/schema.org\",\"@graph\":[{\"@type\":\"Article\",\"@id\":\"https:\/\/jornaltimoneiro.com.br\/index.php\/2020\/06\/30\/psol-apresenta-pre-candidato-a-prefeitura\/#article\",\"isPartOf\":{\"@id\":\"https:\/\/jornaltimoneiro.com.br\/index.php\/2020\/06\/30\/psol-apresenta-pre-candidato-a-prefeitura\/\"},\"author\":{\"name\":\"Reda\u00e7\u00e3o\",\"@id\":\"https:\/\/jornaltimoneiro.com.br\/#\/schema\/person\/f63482f1a02b1a9592707865e509ab40\"},\"headline\":\"PSOL apresenta pr\u00e9-candidato \u00e0 Prefeitura\",\"datePublished\":\"2020-06-30T16:38:37+00:00\",\"dateModified\":\"2020-06-30T16:39:27+00:00\",\"mainEntityOfPage\":{\"@id\":\"https:\/\/jornaltimoneiro.com.br\/index.php\/2020\/06\/30\/psol-apresenta-pre-candidato-a-prefeitura\/\"},\"wordCount\":631,\"commentCount\":0,\"publisher\":{\"@id\":\"https:\/\/jornaltimoneiro.com.br\/#organization\"},\"articleSection\":[\"Pol\u00edtica\"],\"inLanguage\":\"pt-BR\",\"potentialAction\":[{\"@type\":\"CommentAction\",\"name\":\"Comment\",\"target\":[\"https:\/\/jornaltimoneiro.com.br\/index.php\/2020\/06\/30\/psol-apresenta-pre-candidato-a-prefeitura\/#respond\"]}]},{\"@type\":\"WebPage\",\"@id\":\"https:\/\/jornaltimoneiro.com.br\/index.php\/2020\/06\/30\/psol-apresenta-pre-candidato-a-prefeitura\/\",\"url\":\"https:\/\/jornaltimoneiro.com.br\/index.php\/2020\/06\/30\/psol-apresenta-pre-candidato-a-prefeitura\/\",\"name\":\"PSOL apresenta pr\u00e9-candidato \u00e0 Prefeitura - O Timoneiro Jornal Canoas RS\",\"isPartOf\":{\"@id\":\"https:\/\/jornaltimoneiro.com.br\/#website\"},\"datePublished\":\"2020-06-30T16:38:37+00:00\",\"dateModified\":\"2020-06-30T16:39:27+00:00\",\"breadcrumb\":{\"@id\":\"https:\/\/jornaltimoneiro.com.br\/index.php\/2020\/06\/30\/psol-apresenta-pre-candidato-a-prefeitura\/#breadcrumb\"},\"inLanguage\":\"pt-BR\",\"potentialAction\":[{\"@type\":\"ReadAction\",\"target\":[\"https:\/\/jornaltimoneiro.com.br\/index.php\/2020\/06\/30\/psol-apresenta-pre-candidato-a-prefeitura\/\"]}]},{\"@type\":\"BreadcrumbList\",\"@id\":\"https:\/\/jornaltimoneiro.com.br\/index.php\/2020\/06\/30\/psol-apresenta-pre-candidato-a-prefeitura\/#breadcrumb\",\"itemListElement\":[{\"@type\":\"ListItem\",\"position\":1,\"name\":\"In\u00edcio\",\"item\":\"https:\/\/jornaltimoneiro.com.br\/\"},{\"@type\":\"ListItem\",\"position\":2,\"name\":\"PSOL apresenta pr\u00e9-candidato \u00e0 Prefeitura\"}]},{\"@type\":\"WebSite\",\"@id\":\"https:\/\/jornaltimoneiro.com.br\/#website\",\"url\":\"https:\/\/jornaltimoneiro.com.br\/\",\"name\":\"Jornal Timoneiro Canoas RS\",\"description\":\"Jornal O Timoneiro, o verdadeiro jornal de Canoas\",\"publisher\":{\"@id\":\"https:\/\/jornaltimoneiro.com.br\/#organization\"},\"potentialAction\":[{\"@type\":\"SearchAction\",\"target\":{\"@type\":\"EntryPoint\",\"urlTemplate\":\"https:\/\/jornaltimoneiro.com.br\/?s={search_term_string}\"},\"query-input\":\"required name=search_term_string\"}],\"inLanguage\":\"pt-BR\"},{\"@type\":\"Organization\",\"@id\":\"https:\/\/jornaltimoneiro.com.br\/#organization\",\"name\":\"Jornal Timoneiro Canoas RS\",\"url\":\"https:\/\/jornaltimoneiro.com.br\/\",\"logo\":{\"@type\":\"ImageObject\",\"inLanguage\":\"pt-BR\",\"@id\":\"https:\/\/jornaltimoneiro.com.br\/#\/schema\/logo\/image\/\",\"url\":\"https:\/\/jornaltimoneiro.com.br\/wp-content\/uploads\/2023\/03\/logonovo.png\",\"contentUrl\":\"https:\/\/jornaltimoneiro.com.br\/wp-content\/uploads\/2023\/03\/logonovo.png\",\"width\":\"469\",\"height\":\"171\",\"caption\":\"Jornal Timoneiro Canoas RS\"},\"image\":{\"@id\":\"https:\/\/jornaltimoneiro.com.br\/#\/schema\/logo\/image\/\"},\"sameAs\":[\"https:\/\/www.facebook.com\/jornaltimoneiro\",\"https:\/\/twitter.com\/_OTimoneiro\",\"https:\/\/www.instagram.com\/jornaltimoneirocanoas\/\",\"https:\/\/www.youtube.com\/@jornalotimoneiro7927\"]},{\"@type\":\"Person\",\"@id\":\"https:\/\/jornaltimoneiro.com.br\/#\/schema\/person\/f63482f1a02b1a9592707865e509ab40\",\"name\":\"Reda\u00e7\u00e3o\",\"image\":{\"@type\":\"ImageObject\",\"inLanguage\":\"pt-BR\",\"@id\":\"https:\/\/jornaltimoneiro.com.br\/#\/schema\/person\/image\/\",\"url\":\"https:\/\/jornaltimoneiro.com.br\/wp-content\/uploads\/2023\/03\/download.jpeg\",\"contentUrl\":\"https:\/\/jornaltimoneiro.com.br\/wp-content\/uploads\/2023\/03\/download.jpeg\",\"caption\":\"Reda\u00e7\u00e3o\"},\"url\":\"https:\/\/jornaltimoneiro.com.br\/index.php\/author\/simone-dutra\/\"}]}<\/script>\n<!-- \/ Yoast SEO plugin. -->","yoast_head_json":{"title":"PSOL apresenta pr\u00e9-candidato \u00e0 Prefeitura - O Timoneiro Jornal Canoas RS","robots":{"index":"index","follow":"follow","max-snippet":"max-snippet:-1","max-image-preview":"max-image-preview:large","max-video-preview":"max-video-preview:-1"},"canonical":"https:\/\/jornaltimoneiro.com.br\/index.php\/2020\/06\/30\/psol-apresenta-pre-candidato-a-prefeitura\/","og_locale":"pt_BR","og_type":"article","og_title":"PSOL apresenta pr\u00e9-candidato \u00e0 Prefeitura - O Timoneiro Jornal Canoas RS","og_description":"Graziele Albuquerque O diret\u00f3rio do PSOL em Canoas, que desde sua cria\u00e7\u00e3o na cidade apresenta candidato para concorrer \u00e0 majorit\u00e1ria, decidiu recentemente o nome para a disputa desta ano para a Prefeitura. O candidato ao executivo ser\u00e1 o professor, advogado e soci\u00f3logo Pablo Henrique. Ativista desde 1996, Pablo \u00e9 o atual Diretor Geral do 20\u00ba [&hellip;]","og_url":"https:\/\/jornaltimoneiro.com.br\/index.php\/2020\/06\/30\/psol-apresenta-pre-candidato-a-prefeitura\/","og_site_name":"O Timoneiro Jornal Canoas RS","article_publisher":"https:\/\/www.facebook.com\/jornaltimoneiro","article_published_time":"2020-06-30T16:38:37+00:00","article_modified_time":"2020-06-30T16:39:27+00:00","og_image":[{"width":1040,"height":780,"url":"https:\/\/jornaltimoneiro.com.br\/wp-content\/uploads\/2020\/06\/WhatsApp-Image-2020-06-30-at-13.19.34.jpeg","type":"image\/jpeg"}],"author":"Reda\u00e7\u00e3o","twitter_card":"summary_large_image","twitter_creator":"@_OTimoneiro","twitter_site":"@_OTimoneiro","twitter_misc":{"Escrito por":"Reda\u00e7\u00e3o","Est. tempo de leitura":"3 minutos"},"schema":{"@context":"https:\/\/schema.org","@graph":[{"@type":"Article","@id":"https:\/\/jornaltimoneiro.com.br\/index.php\/2020\/06\/30\/psol-apresenta-pre-candidato-a-prefeitura\/#article","isPartOf":{"@id":"https:\/\/jornaltimoneiro.com.br\/index.php\/2020\/06\/30\/psol-apresenta-pre-candidato-a-prefeitura\/"},"author":{"name":"Reda\u00e7\u00e3o","@id":"https:\/\/jornaltimoneiro.com.br\/#\/schema\/person\/f63482f1a02b1a9592707865e509ab40"},"headline":"PSOL apresenta pr\u00e9-candidato \u00e0 Prefeitura","datePublished":"2020-06-30T16:38:37+00:00","dateModified":"2020-06-30T16:39:27+00:00","mainEntityOfPage":{"@id":"https:\/\/jornaltimoneiro.com.br\/index.php\/2020\/06\/30\/psol-apresenta-pre-candidato-a-prefeitura\/"},"wordCount":631,"commentCount":0,"publisher":{"@id":"https:\/\/jornaltimoneiro.com.br\/#organization"},"articleSection":["Pol\u00edtica"],"inLanguage":"pt-BR","potentialAction":[{"@type":"CommentAction","name":"Comment","target":["https:\/\/jornaltimoneiro.com.br\/index.php\/2020\/06\/30\/psol-apresenta-pre-candidato-a-prefeitura\/#respond"]}]},{"@type":"WebPage","@id":"https:\/\/jornaltimoneiro.com.br\/index.php\/2020\/06\/30\/psol-apresenta-pre-candidato-a-prefeitura\/","url":"https:\/\/jornaltimoneiro.com.br\/index.php\/2020\/06\/30\/psol-apresenta-pre-candidato-a-prefeitura\/","name":"PSOL apresenta pr\u00e9-candidato \u00e0 Prefeitura - O Timoneiro Jornal Canoas RS","isPartOf":{"@id":"https:\/\/jornaltimoneiro.com.br\/#website"},"datePublished":"2020-06-30T16:38:37+00:00","dateModified":"2020-06-30T16:39:27+00:00","breadcrumb":{"@id":"https:\/\/jornaltimoneiro.com.br\/index.php\/2020\/06\/30\/psol-apresenta-pre-candidato-a-prefeitura\/#breadcrumb"},"inLanguage":"pt-BR","potentialAction":[{"@type":"ReadAction","target":["https:\/\/jornaltimoneiro.com.br\/index.php\/2020\/06\/30\/psol-apresenta-pre-candidato-a-prefeitura\/"]}]},{"@type":"BreadcrumbList","@id":"https:\/\/jornaltimoneiro.com.br\/index.php\/2020\/06\/30\/psol-apresenta-pre-candidato-a-prefeitura\/#breadcrumb","itemListElement":[{"@type":"ListItem","position":1,"name":"In\u00edcio","item":"https:\/\/jornaltimoneiro.com.br\/"},{"@type":"ListItem","position":2,"name":"PSOL apresenta pr\u00e9-candidato \u00e0 Prefeitura"}]},{"@type":"WebSite","@id":"https:\/\/jornaltimoneiro.com.br\/#website","url":"https:\/\/jornaltimoneiro.com.br\/","name":"Jornal Timoneiro Canoas RS","description":"Jornal O Timoneiro, o verdadeiro jornal de Canoas","publisher":{"@id":"https:\/\/jornaltimoneiro.com.br\/#organization"},"potentialAction":[{"@type":"SearchAction","target":{"@type":"EntryPoint","urlTemplate":"https:\/\/jornaltimoneiro.com.br\/?s={search_term_string}"},"query-input":"required name=search_term_string"}],"inLanguage":"pt-BR"},{"@type":"Organization","@id":"https:\/\/jornaltimoneiro.com.br\/#organization","name":"Jornal Timoneiro Canoas RS","url":"https:\/\/jornaltimoneiro.com.br\/","logo":{"@type":"ImageObject","inLanguage":"pt-BR","@id":"https:\/\/jornaltimoneiro.com.br\/#\/schema\/logo\/image\/","url":"https:\/\/jornaltimoneiro.com.br\/wp-content\/uploads\/2023\/03\/logonovo.png","contentUrl":"https:\/\/jornaltimoneiro.com.br\/wp-content\/uploads\/2023\/03\/logonovo.png","width":"469","height":"171","caption":"Jornal Timoneiro Canoas RS"},"image":{"@id":"https:\/\/jornaltimoneiro.com.br\/#\/schema\/logo\/image\/"},"sameAs":["https:\/\/www.facebook.com\/jornaltimoneiro","https:\/\/twitter.com\/_OTimoneiro","https:\/\/www.instagram.com\/jornaltimoneirocanoas\/","https:\/\/www.youtube.com\/@jornalotimoneiro7927"]},{"@type":"Person","@id":"https:\/\/jornaltimoneiro.com.br\/#\/schema\/person\/f63482f1a02b1a9592707865e509ab40","name":"Reda\u00e7\u00e3o","image":{"@type":"ImageObject","inLanguage":"pt-BR","@id":"https:\/\/jornaltimoneiro.com.br\/#\/schema\/person\/image\/","url":"https:\/\/jornaltimoneiro.com.br\/wp-content\/uploads\/2023\/03\/download.jpeg","contentUrl":"https:\/\/jornaltimoneiro.com.br\/wp-content\/uploads\/2023\/03\/download.jpeg","caption":"Reda\u00e7\u00e3o"},"url":"https:\/\/jornaltimoneiro.com.br\/index.php\/author\/simone-dutra\/"}]}},"_links":{"self":[{"href":"https:\/\/jornaltimoneiro.com.br\/index.php\/wp-json\/wp\/v2\/posts\/17004"}],"collection":[{"href":"https:\/\/jornaltimoneiro.com.br\/index.php\/wp-json\/wp\/v2\/posts"}],"about":[{"href":"https:\/\/jornaltimoneiro.com.br\/index.php\/wp-json\/wp\/v2\/types\/post"}],"author":[{"embeddable":true,"href":"https:\/\/jornaltimoneiro.com.br\/index.php\/wp-json\/wp\/v2\/users\/2"}],"replies":[{"embeddable":true,"href":"https:\/\/jornaltimoneiro.com.br\/index.php\/wp-json\/wp\/v2\/comments?post=17004"}],"version-history":[{"count":0,"href":"https:\/\/jornaltimoneiro.com.br\/index.php\/wp-json\/wp\/v2\/posts\/17004\/revisions"}],"wp:featuredmedia":[{"embeddable":true,"href":"https:\/\/jornaltimoneiro.com.br\/index.php\/wp-json\/wp\/v2\/media\/17005"}],"wp:attachment":[{"href":"https:\/\/jornaltimoneiro.com.br\/index.php\/wp-json\/wp\/v2\/media?parent=17004"}],"wp:term":[{"taxonomy":"category","embeddable":true,"href":"https:\/\/jornaltimoneiro.com.br\/index.php\/wp-json\/wp\/v2\/categories?post=17004"},{"taxonomy":"post_tag","embeddable":true,"href":"https:\/\/jornaltimoneiro.com.br\/index.php\/wp-json\/wp\/v2\/tags?post=17004"}],"curies":[{"name":"wp","href":"https:\/\/api.w.org\/{rel}","templated":true}]}}