{"id":16991,"date":"2020-06-29T09:48:24","date_gmt":"2020-06-29T12:48:24","guid":{"rendered":"https:\/\/jornaltimoneiro.com.br\/?p=16991"},"modified":"2020-06-30T14:34:47","modified_gmt":"2020-06-30T17:34:47","slug":"prefeitura-informa-que-sistema-de-saude-esta-perto-do-seu-limite-por-conta-do-coronavirus","status":"publish","type":"post","link":"https:\/\/jornaltimoneiro.com.br\/index.php\/2020\/06\/29\/prefeitura-informa-que-sistema-de-saude-esta-perto-do-seu-limite-por-conta-do-coronavirus\/","title":{"rendered":"Prefeitura informa que &#8220;sistema de sa\u00fade est\u00e1 perto do seu limite&#8221; por conta do coronav\u00edrus"},"content":{"rendered":"<p>O prefeito Luiz Carlos Busato, informou no final da noite deste domingo, 28, que o sistema de sa\u00fade de Canoas est\u00e1 perto do seu limite, &#8220;mesmo com todas as medidas para amplia\u00e7\u00e3o de leitos e abertura de hospitais de campanha&#8221;.<\/p>\n<p>&#8220;Informo que acabei de comunicar ao Governo do Estado e aos prefeitos da regi\u00e3o 8 que o sistema de sa\u00fade de Canoas est\u00e1 entrando em seu limite, mesmo com todas as medidas para amplia\u00e7\u00e3o de leitos e abertura de hospitais de campanha. A proximidade desse limite se deve ao fato de que, nas \u00faltimas 72 horas, o n\u00famero de internados com suspeita e confirma\u00e7\u00e3o de coronav\u00edrus mais que dobrou.&#8221;, disse o prefeito.<\/p>\n<p>&#8220;Canoas atende 5 mil pessoas por dia \u2013 al\u00e9m dos canoenses, ga\u00fachos de mais de 150 munic\u00edpios. Com todos, tenho a responsabilidade de ser realista e transparente. A previs\u00e3o de uma situa\u00e7\u00e3o ainda mais aguda, infelizmente, est\u00e1 se confirmando. A expans\u00e3o da pandemia \u00e9 muito grave&#8221;, declarou pelas redes.<\/p>\n<p>Segundo o \u00faltimo balan\u00e7o, a cidade tem 78 leitos de UTI ocupados, de 88 poss\u00edveis &#8211; uma taxa de 88,6%. No HU, hospital onde se concentra os pacientes infectados, 35 leitos est\u00e3o ocupados, de 40 poss\u00edveis- uma taxa de 87 %.   Busato afirmou que mais 10 leitos ser\u00e3o liberados no Hospital Universit\u00e1rio, mas mesmo isso pode n\u00e3o ser suficiente para evitar o aumento da ocupa\u00e7\u00e3o.<\/p>\n","protected":false},"excerpt":{"rendered":"<p>O prefeito Luiz Carlos Busato, informou no final da noite deste domingo, 28, que o sistema de sa\u00fade de Canoas est\u00e1 perto do seu limite, &#8220;mesmo com todas as medidas para amplia\u00e7\u00e3o de leitos e abertura de hospitais de campanha&#8221;. &#8220;Informo que acabei de comunicar ao Governo do Estado e aos prefeitos da regi\u00e3o 8 [&hellip;]<\/p>\n","protected":false},"author":2,"featured_media":16992,"comment_status":"open","ping_status":"open","sticky":false,"template":"","format":"standard","meta":{"amp_status":"","footnotes":""},"categories":[26],"tags":[],"class_list":["post-16991","post","type-post","status-publish","format-standard","has-post-thumbnail","hentry","category-saude"],"yoast_head":"<!-- This site is optimized with the Yoast SEO plugin v20.5 - https:\/\/yoast.com\/wordpress\/plugins\/seo\/ -->\n<title>Prefeitura informa que &quot;sistema de sa\u00fade est\u00e1 perto do seu limite&quot; por conta do coronav\u00edrus - O Timoneiro Jornal Canoas RS<\/title>\n<meta name=\"robots\" content=\"index, follow, max-snippet:-1, max-image-preview:large, max-video-preview:-1\" \/>\n<link rel=\"canonical\" href=\"https:\/\/jornaltimoneiro.com.br\/index.php\/2020\/06\/29\/prefeitura-informa-que-sistema-de-saude-esta-perto-do-seu-limite-por-conta-do-coronavirus\/\" \/>\n<meta property=\"og:locale\" content=\"pt_BR\" \/>\n<meta property=\"og:type\" content=\"article\" \/>\n<meta property=\"og:title\" content=\"Prefeitura informa que &quot;sistema de sa\u00fade est\u00e1 perto do seu limite&quot; por conta do coronav\u00edrus - O Timoneiro Jornal Canoas RS\" \/>\n<meta property=\"og:description\" content=\"O prefeito Luiz Carlos Busato, informou no final da noite deste domingo, 28, que o sistema de sa\u00fade de Canoas est\u00e1 perto do seu limite, &#8220;mesmo com todas as medidas para amplia\u00e7\u00e3o de leitos e abertura de hospitais de campanha&#8221;. &#8220;Informo que acabei de comunicar ao Governo do Estado e aos prefeitos da regi\u00e3o 8 [&hellip;]\" \/>\n<meta property=\"og:url\" content=\"https:\/\/jornaltimoneiro.com.br\/index.php\/2020\/06\/29\/prefeitura-informa-que-sistema-de-saude-esta-perto-do-seu-limite-por-conta-do-coronavirus\/\" \/>\n<meta property=\"og:site_name\" content=\"O Timoneiro Jornal Canoas RS\" \/>\n<meta property=\"article:publisher\" content=\"https:\/\/www.facebook.com\/jornaltimoneiro\" \/>\n<meta property=\"article:published_time\" content=\"2020-06-29T12:48:24+00:00\" \/>\n<meta property=\"article:modified_time\" content=\"2020-06-30T17:34:47+00:00\" \/>\n<meta property=\"og:image\" content=\"https:\/\/jornaltimoneiro.com.br\/wp-content\/uploads\/2020\/06\/5ed55d568ccf7.jpg\" \/>\n\t<meta property=\"og:image:width\" content=\"1280\" \/>\n\t<meta property=\"og:image:height\" content=\"853\" \/>\n\t<meta property=\"og:image:type\" content=\"image\/jpeg\" \/>\n<meta name=\"author\" content=\"Reda\u00e7\u00e3o\" \/>\n<meta name=\"twitter:card\" content=\"summary_large_image\" \/>\n<meta name=\"twitter:creator\" content=\"@_OTimoneiro\" \/>\n<meta name=\"twitter:site\" content=\"@_OTimoneiro\" \/>\n<meta name=\"twitter:label1\" content=\"Escrito por\" \/>\n\t<meta name=\"twitter:data1\" content=\"Reda\u00e7\u00e3o\" \/>\n\t<meta name=\"twitter:label2\" content=\"Est. tempo de leitura\" \/>\n\t<meta name=\"twitter:data2\" content=\"1 minuto\" \/>\n<script type=\"application\/ld+json\" class=\"yoast-schema-graph\">{\"@context\":\"https:\/\/schema.org\",\"@graph\":[{\"@type\":\"Article\",\"@id\":\"https:\/\/jornaltimoneiro.com.br\/index.php\/2020\/06\/29\/prefeitura-informa-que-sistema-de-saude-esta-perto-do-seu-limite-por-conta-do-coronavirus\/#article\",\"isPartOf\":{\"@id\":\"https:\/\/jornaltimoneiro.com.br\/index.php\/2020\/06\/29\/prefeitura-informa-que-sistema-de-saude-esta-perto-do-seu-limite-por-conta-do-coronavirus\/\"},\"author\":{\"name\":\"Reda\u00e7\u00e3o\",\"@id\":\"https:\/\/jornaltimoneiro.com.br\/#\/schema\/person\/f63482f1a02b1a9592707865e509ab40\"},\"headline\":\"Prefeitura informa que &#8220;sistema de sa\u00fade est\u00e1 perto do seu limite&#8221; por conta do coronav\u00edrus\",\"datePublished\":\"2020-06-29T12:48:24+00:00\",\"dateModified\":\"2020-06-30T17:34:47+00:00\",\"mainEntityOfPage\":{\"@id\":\"https:\/\/jornaltimoneiro.com.br\/index.php\/2020\/06\/29\/prefeitura-informa-que-sistema-de-saude-esta-perto-do-seu-limite-por-conta-do-coronavirus\/\"},\"wordCount\":250,\"commentCount\":0,\"publisher\":{\"@id\":\"https:\/\/jornaltimoneiro.com.br\/#organization\"},\"articleSection\":[\"Sa\u00fade\"],\"inLanguage\":\"pt-BR\",\"potentialAction\":[{\"@type\":\"CommentAction\",\"name\":\"Comment\",\"target\":[\"https:\/\/jornaltimoneiro.com.br\/index.php\/2020\/06\/29\/prefeitura-informa-que-sistema-de-saude-esta-perto-do-seu-limite-por-conta-do-coronavirus\/#respond\"]}]},{\"@type\":\"WebPage\",\"@id\":\"https:\/\/jornaltimoneiro.com.br\/index.php\/2020\/06\/29\/prefeitura-informa-que-sistema-de-saude-esta-perto-do-seu-limite-por-conta-do-coronavirus\/\",\"url\":\"https:\/\/jornaltimoneiro.com.br\/index.php\/2020\/06\/29\/prefeitura-informa-que-sistema-de-saude-esta-perto-do-seu-limite-por-conta-do-coronavirus\/\",\"name\":\"Prefeitura informa que \\\"sistema de sa\u00fade est\u00e1 perto do seu limite\\\" por conta do coronav\u00edrus - O Timoneiro Jornal Canoas RS\",\"isPartOf\":{\"@id\":\"https:\/\/jornaltimoneiro.com.br\/#website\"},\"datePublished\":\"2020-06-29T12:48:24+00:00\",\"dateModified\":\"2020-06-30T17:34:47+00:00\",\"breadcrumb\":{\"@id\":\"https:\/\/jornaltimoneiro.com.br\/index.php\/2020\/06\/29\/prefeitura-informa-que-sistema-de-saude-esta-perto-do-seu-limite-por-conta-do-coronavirus\/#breadcrumb\"},\"inLanguage\":\"pt-BR\",\"potentialAction\":[{\"@type\":\"ReadAction\",\"target\":[\"https:\/\/jornaltimoneiro.com.br\/index.php\/2020\/06\/29\/prefeitura-informa-que-sistema-de-saude-esta-perto-do-seu-limite-por-conta-do-coronavirus\/\"]}]},{\"@type\":\"BreadcrumbList\",\"@id\":\"https:\/\/jornaltimoneiro.com.br\/index.php\/2020\/06\/29\/prefeitura-informa-que-sistema-de-saude-esta-perto-do-seu-limite-por-conta-do-coronavirus\/#breadcrumb\",\"itemListElement\":[{\"@type\":\"ListItem\",\"position\":1,\"name\":\"In\u00edcio\",\"item\":\"https:\/\/jornaltimoneiro.com.br\/\"},{\"@type\":\"ListItem\",\"position\":2,\"name\":\"Prefeitura informa que &#8220;sistema de sa\u00fade est\u00e1 perto do seu limite&#8221; por conta do coronav\u00edrus\"}]},{\"@type\":\"WebSite\",\"@id\":\"https:\/\/jornaltimoneiro.com.br\/#website\",\"url\":\"https:\/\/jornaltimoneiro.com.br\/\",\"name\":\"Jornal Timoneiro Canoas RS\",\"description\":\"Jornal O Timoneiro, o verdadeiro jornal de Canoas\",\"publisher\":{\"@id\":\"https:\/\/jornaltimoneiro.com.br\/#organization\"},\"potentialAction\":[{\"@type\":\"SearchAction\",\"target\":{\"@type\":\"EntryPoint\",\"urlTemplate\":\"https:\/\/jornaltimoneiro.com.br\/?s={search_term_string}\"},\"query-input\":\"required name=search_term_string\"}],\"inLanguage\":\"pt-BR\"},{\"@type\":\"Organization\",\"@id\":\"https:\/\/jornaltimoneiro.com.br\/#organization\",\"name\":\"Jornal Timoneiro Canoas RS\",\"url\":\"https:\/\/jornaltimoneiro.com.br\/\",\"logo\":{\"@type\":\"ImageObject\",\"inLanguage\":\"pt-BR\",\"@id\":\"https:\/\/jornaltimoneiro.com.br\/#\/schema\/logo\/image\/\",\"url\":\"https:\/\/jornaltimoneiro.com.br\/wp-content\/uploads\/2023\/03\/logonovo.png\",\"contentUrl\":\"https:\/\/jornaltimoneiro.com.br\/wp-content\/uploads\/2023\/03\/logonovo.png\",\"width\":\"469\",\"height\":\"171\",\"caption\":\"Jornal Timoneiro Canoas RS\"},\"image\":{\"@id\":\"https:\/\/jornaltimoneiro.com.br\/#\/schema\/logo\/image\/\"},\"sameAs\":[\"https:\/\/www.facebook.com\/jornaltimoneiro\",\"https:\/\/twitter.com\/_OTimoneiro\",\"https:\/\/www.instagram.com\/jornaltimoneirocanoas\/\",\"https:\/\/www.youtube.com\/@jornalotimoneiro7927\"]},{\"@type\":\"Person\",\"@id\":\"https:\/\/jornaltimoneiro.com.br\/#\/schema\/person\/f63482f1a02b1a9592707865e509ab40\",\"name\":\"Reda\u00e7\u00e3o\",\"image\":{\"@type\":\"ImageObject\",\"inLanguage\":\"pt-BR\",\"@id\":\"https:\/\/jornaltimoneiro.com.br\/#\/schema\/person\/image\/\",\"url\":\"https:\/\/jornaltimoneiro.com.br\/wp-content\/uploads\/2023\/03\/download.jpeg\",\"contentUrl\":\"https:\/\/jornaltimoneiro.com.br\/wp-content\/uploads\/2023\/03\/download.jpeg\",\"caption\":\"Reda\u00e7\u00e3o\"},\"url\":\"https:\/\/jornaltimoneiro.com.br\/index.php\/author\/simone-dutra\/\"}]}<\/script>\n<!-- \/ Yoast SEO plugin. -->","yoast_head_json":{"title":"Prefeitura informa que \"sistema de sa\u00fade est\u00e1 perto do seu limite\" por conta do coronav\u00edrus - O Timoneiro Jornal Canoas RS","robots":{"index":"index","follow":"follow","max-snippet":"max-snippet:-1","max-image-preview":"max-image-preview:large","max-video-preview":"max-video-preview:-1"},"canonical":"https:\/\/jornaltimoneiro.com.br\/index.php\/2020\/06\/29\/prefeitura-informa-que-sistema-de-saude-esta-perto-do-seu-limite-por-conta-do-coronavirus\/","og_locale":"pt_BR","og_type":"article","og_title":"Prefeitura informa que \"sistema de sa\u00fade est\u00e1 perto do seu limite\" por conta do coronav\u00edrus - O Timoneiro Jornal Canoas RS","og_description":"O prefeito Luiz Carlos Busato, informou no final da noite deste domingo, 28, que o sistema de sa\u00fade de Canoas est\u00e1 perto do seu limite, &#8220;mesmo com todas as medidas para amplia\u00e7\u00e3o de leitos e abertura de hospitais de campanha&#8221;. &#8220;Informo que acabei de comunicar ao Governo do Estado e aos prefeitos da regi\u00e3o 8 [&hellip;]","og_url":"https:\/\/jornaltimoneiro.com.br\/index.php\/2020\/06\/29\/prefeitura-informa-que-sistema-de-saude-esta-perto-do-seu-limite-por-conta-do-coronavirus\/","og_site_name":"O Timoneiro Jornal Canoas RS","article_publisher":"https:\/\/www.facebook.com\/jornaltimoneiro","article_published_time":"2020-06-29T12:48:24+00:00","article_modified_time":"2020-06-30T17:34:47+00:00","og_image":[{"width":1280,"height":853,"url":"https:\/\/jornaltimoneiro.com.br\/wp-content\/uploads\/2020\/06\/5ed55d568ccf7.jpg","type":"image\/jpeg"}],"author":"Reda\u00e7\u00e3o","twitter_card":"summary_large_image","twitter_creator":"@_OTimoneiro","twitter_site":"@_OTimoneiro","twitter_misc":{"Escrito por":"Reda\u00e7\u00e3o","Est. tempo de leitura":"1 minuto"},"schema":{"@context":"https:\/\/schema.org","@graph":[{"@type":"Article","@id":"https:\/\/jornaltimoneiro.com.br\/index.php\/2020\/06\/29\/prefeitura-informa-que-sistema-de-saude-esta-perto-do-seu-limite-por-conta-do-coronavirus\/#article","isPartOf":{"@id":"https:\/\/jornaltimoneiro.com.br\/index.php\/2020\/06\/29\/prefeitura-informa-que-sistema-de-saude-esta-perto-do-seu-limite-por-conta-do-coronavirus\/"},"author":{"name":"Reda\u00e7\u00e3o","@id":"https:\/\/jornaltimoneiro.com.br\/#\/schema\/person\/f63482f1a02b1a9592707865e509ab40"},"headline":"Prefeitura informa que &#8220;sistema de sa\u00fade est\u00e1 perto do seu limite&#8221; por conta do coronav\u00edrus","datePublished":"2020-06-29T12:48:24+00:00","dateModified":"2020-06-30T17:34:47+00:00","mainEntityOfPage":{"@id":"https:\/\/jornaltimoneiro.com.br\/index.php\/2020\/06\/29\/prefeitura-informa-que-sistema-de-saude-esta-perto-do-seu-limite-por-conta-do-coronavirus\/"},"wordCount":250,"commentCount":0,"publisher":{"@id":"https:\/\/jornaltimoneiro.com.br\/#organization"},"articleSection":["Sa\u00fade"],"inLanguage":"pt-BR","potentialAction":[{"@type":"CommentAction","name":"Comment","target":["https:\/\/jornaltimoneiro.com.br\/index.php\/2020\/06\/29\/prefeitura-informa-que-sistema-de-saude-esta-perto-do-seu-limite-por-conta-do-coronavirus\/#respond"]}]},{"@type":"WebPage","@id":"https:\/\/jornaltimoneiro.com.br\/index.php\/2020\/06\/29\/prefeitura-informa-que-sistema-de-saude-esta-perto-do-seu-limite-por-conta-do-coronavirus\/","url":"https:\/\/jornaltimoneiro.com.br\/index.php\/2020\/06\/29\/prefeitura-informa-que-sistema-de-saude-esta-perto-do-seu-limite-por-conta-do-coronavirus\/","name":"Prefeitura informa que \"sistema de sa\u00fade est\u00e1 perto do seu limite\" por conta do coronav\u00edrus - O Timoneiro Jornal Canoas RS","isPartOf":{"@id":"https:\/\/jornaltimoneiro.com.br\/#website"},"datePublished":"2020-06-29T12:48:24+00:00","dateModified":"2020-06-30T17:34:47+00:00","breadcrumb":{"@id":"https:\/\/jornaltimoneiro.com.br\/index.php\/2020\/06\/29\/prefeitura-informa-que-sistema-de-saude-esta-perto-do-seu-limite-por-conta-do-coronavirus\/#breadcrumb"},"inLanguage":"pt-BR","potentialAction":[{"@type":"ReadAction","target":["https:\/\/jornaltimoneiro.com.br\/index.php\/2020\/06\/29\/prefeitura-informa-que-sistema-de-saude-esta-perto-do-seu-limite-por-conta-do-coronavirus\/"]}]},{"@type":"BreadcrumbList","@id":"https:\/\/jornaltimoneiro.com.br\/index.php\/2020\/06\/29\/prefeitura-informa-que-sistema-de-saude-esta-perto-do-seu-limite-por-conta-do-coronavirus\/#breadcrumb","itemListElement":[{"@type":"ListItem","position":1,"name":"In\u00edcio","item":"https:\/\/jornaltimoneiro.com.br\/"},{"@type":"ListItem","position":2,"name":"Prefeitura informa que &#8220;sistema de sa\u00fade est\u00e1 perto do seu limite&#8221; por conta do coronav\u00edrus"}]},{"@type":"WebSite","@id":"https:\/\/jornaltimoneiro.com.br\/#website","url":"https:\/\/jornaltimoneiro.com.br\/","name":"Jornal Timoneiro Canoas RS","description":"Jornal O Timoneiro, o verdadeiro jornal de Canoas","publisher":{"@id":"https:\/\/jornaltimoneiro.com.br\/#organization"},"potentialAction":[{"@type":"SearchAction","target":{"@type":"EntryPoint","urlTemplate":"https:\/\/jornaltimoneiro.com.br\/?s={search_term_string}"},"query-input":"required name=search_term_string"}],"inLanguage":"pt-BR"},{"@type":"Organization","@id":"https:\/\/jornaltimoneiro.com.br\/#organization","name":"Jornal Timoneiro Canoas RS","url":"https:\/\/jornaltimoneiro.com.br\/","logo":{"@type":"ImageObject","inLanguage":"pt-BR","@id":"https:\/\/jornaltimoneiro.com.br\/#\/schema\/logo\/image\/","url":"https:\/\/jornaltimoneiro.com.br\/wp-content\/uploads\/2023\/03\/logonovo.png","contentUrl":"https:\/\/jornaltimoneiro.com.br\/wp-content\/uploads\/2023\/03\/logonovo.png","width":"469","height":"171","caption":"Jornal Timoneiro Canoas RS"},"image":{"@id":"https:\/\/jornaltimoneiro.com.br\/#\/schema\/logo\/image\/"},"sameAs":["https:\/\/www.facebook.com\/jornaltimoneiro","https:\/\/twitter.com\/_OTimoneiro","https:\/\/www.instagram.com\/jornaltimoneirocanoas\/","https:\/\/www.youtube.com\/@jornalotimoneiro7927"]},{"@type":"Person","@id":"https:\/\/jornaltimoneiro.com.br\/#\/schema\/person\/f63482f1a02b1a9592707865e509ab40","name":"Reda\u00e7\u00e3o","image":{"@type":"ImageObject","inLanguage":"pt-BR","@id":"https:\/\/jornaltimoneiro.com.br\/#\/schema\/person\/image\/","url":"https:\/\/jornaltimoneiro.com.br\/wp-content\/uploads\/2023\/03\/download.jpeg","contentUrl":"https:\/\/jornaltimoneiro.com.br\/wp-content\/uploads\/2023\/03\/download.jpeg","caption":"Reda\u00e7\u00e3o"},"url":"https:\/\/jornaltimoneiro.com.br\/index.php\/author\/simone-dutra\/"}]}},"_links":{"self":[{"href":"https:\/\/jornaltimoneiro.com.br\/index.php\/wp-json\/wp\/v2\/posts\/16991"}],"collection":[{"href":"https:\/\/jornaltimoneiro.com.br\/index.php\/wp-json\/wp\/v2\/posts"}],"about":[{"href":"https:\/\/jornaltimoneiro.com.br\/index.php\/wp-json\/wp\/v2\/types\/post"}],"author":[{"embeddable":true,"href":"https:\/\/jornaltimoneiro.com.br\/index.php\/wp-json\/wp\/v2\/users\/2"}],"replies":[{"embeddable":true,"href":"https:\/\/jornaltimoneiro.com.br\/index.php\/wp-json\/wp\/v2\/comments?post=16991"}],"version-history":[{"count":0,"href":"https:\/\/jornaltimoneiro.com.br\/index.php\/wp-json\/wp\/v2\/posts\/16991\/revisions"}],"wp:featuredmedia":[{"embeddable":true,"href":"https:\/\/jornaltimoneiro.com.br\/index.php\/wp-json\/wp\/v2\/media\/16992"}],"wp:attachment":[{"href":"https:\/\/jornaltimoneiro.com.br\/index.php\/wp-json\/wp\/v2\/media?parent=16991"}],"wp:term":[{"taxonomy":"category","embeddable":true,"href":"https:\/\/jornaltimoneiro.com.br\/index.php\/wp-json\/wp\/v2\/categories?post=16991"},{"taxonomy":"post_tag","embeddable":true,"href":"https:\/\/jornaltimoneiro.com.br\/index.php\/wp-json\/wp\/v2\/tags?post=16991"}],"curies":[{"name":"wp","href":"https:\/\/api.w.org\/{rel}","templated":true}]}}