{"id":15902,"date":"2020-03-24T18:47:59","date_gmt":"2020-03-24T21:47:59","guid":{"rendered":"https:\/\/jornaltimoneiro.com.br\/?p=15902"},"modified":"2020-03-24T18:47:59","modified_gmt":"2020-03-24T21:47:59","slug":"canoas-recebe-seis-novas-ambulancias-para-reforcar-o-atendimento-da-saude","status":"publish","type":"post","link":"https:\/\/jornaltimoneiro.com.br\/index.php\/2020\/03\/24\/canoas-recebe-seis-novas-ambulancias-para-reforcar-o-atendimento-da-saude\/","title":{"rendered":"Canoas recebe seis novas ambul\u00e2ncias para refor\u00e7ar o atendimento da sa\u00fade"},"content":{"rendered":"<p><img decoding=\"async\" src=\"https:\/\/jornaltimoneiro.com.br\/wp-content\/uploads\/2020\/03\/Vinicius-Thormann-1.jpg\" alt=\"\" width=\"5470\" height=\"3647\" class=\"alignnone size-full wp-image-15899\" srcset=\"https:\/\/jornaltimoneiro.com.br\/wp-content\/uploads\/2020\/03\/Vinicius-Thormann-1.jpg 5470w, https:\/\/jornaltimoneiro.com.br\/wp-content\/uploads\/2020\/03\/Vinicius-Thormann-1-300x200.jpg 300w, https:\/\/jornaltimoneiro.com.br\/wp-content\/uploads\/2020\/03\/Vinicius-Thormann-1-768x512.jpg 768w, https:\/\/jornaltimoneiro.com.br\/wp-content\/uploads\/2020\/03\/Vinicius-Thormann-1-1024x683.jpg 1024w, https:\/\/jornaltimoneiro.com.br\/wp-content\/uploads\/2020\/03\/Vinicius-Thormann-1-696x464.jpg 696w, https:\/\/jornaltimoneiro.com.br\/wp-content\/uploads\/2020\/03\/Vinicius-Thormann-1-1068x712.jpg 1068w, https:\/\/jornaltimoneiro.com.br\/wp-content\/uploads\/2020\/03\/Vinicius-Thormann-1-630x420.jpg 630w, https:\/\/jornaltimoneiro.com.br\/wp-content\/uploads\/2020\/03\/Vinicius-Thormann-1-1920x1280.jpg 1920w\" sizes=\"(max-width: 5470px) 100vw, 5470px\" \/><\/p>\n<p>Uma not\u00edcia chegou para aliviar a preocupa\u00e7\u00e3o dos canoenses em torno da pandemia do Covid-19: a aquisi\u00e7\u00e3o de seis novas ambul\u00e2ncias. A entrega da frota foi oficializada na tarde da \u00faltima segunda-feira (23), no p\u00e1tio do 15\u00ba Batalh\u00e3o da Pol\u00edcia Militar. Os ve\u00edculos de primeira linha, modernos e com todo o equipamento necess\u00e1rio para atender os pacientes no menor tempo poss\u00edvel logo ser\u00e3o utilizados pelo Servi\u00e7o de Atendimento M\u00f3vel de Urg\u00eancia (SAMU) do munic\u00edpio.<\/p>\n<p>De acordo com o secret\u00e1rio municipal da Sa\u00fade, Fernando Ritter, a solicita\u00e7\u00e3o ao governo federal foi feita em dezembro, e logo em seguida a Organiza\u00e7\u00e3o Mundial da Sa\u00fade emitiu o primeiro alerta para informar a transmiss\u00e3o do novo coronav\u00edrus fora dos pa\u00edses asi\u00e1ticos. \u201cNossa preocupa\u00e7\u00e3o imediata \u00e9 rapidez no deslocamento daqueles que, infelizmente contra\u00edrem o v\u00edrus, \u00e0s estruturas de emerg\u00eancia\u201d, afirmou.<\/p>\n<p>O prefeito Luiz Carlos Busato comemorou a mais nova conquista da cidade. \u201cEstas novas possuem ar condicionado na parte superior e, por sua vez, s\u00e3o mais altas. S\u00e3o carros de primeira qualidade, ideais para o servi\u00e7o de atendimento pr\u00e9-hospitalar e, coincidentemente, chegaram na hora certa. O momento \u00e9 dif\u00edcil, mas precisamos de todo o refor\u00e7o poss\u00edvel nos atendimentos do sistema p\u00fablico de sa\u00fade\u201d, declarou.<\/p>\n","protected":false},"excerpt":{"rendered":"<p>Uma not\u00edcia chegou para aliviar a preocupa\u00e7\u00e3o dos canoenses em torno da pandemia do Covid-19: a aquisi\u00e7\u00e3o de seis novas ambul\u00e2ncias. A entrega da frota foi oficializada na tarde da \u00faltima segunda-feira (23), no p\u00e1tio do 15\u00ba Batalh\u00e3o da Pol\u00edcia Militar. Os ve\u00edculos de primeira linha, modernos e com todo o equipamento necess\u00e1rio para atender [&hellip;]<\/p>\n","protected":false},"author":2,"featured_media":15899,"comment_status":"closed","ping_status":"closed","sticky":false,"template":"","format":"standard","meta":{"amp_status":"","footnotes":""},"categories":[26],"tags":[],"class_list":["post-15902","post","type-post","status-publish","format-standard","has-post-thumbnail","hentry","category-saude"],"yoast_head":"<!-- This site is optimized with the Yoast SEO plugin v20.5 - https:\/\/yoast.com\/wordpress\/plugins\/seo\/ -->\n<title>Canoas recebe seis novas ambul\u00e2ncias para refor\u00e7ar o atendimento da sa\u00fade - O Timoneiro Jornal Canoas RS<\/title>\n<meta name=\"robots\" content=\"index, follow, max-snippet:-1, max-image-preview:large, max-video-preview:-1\" \/>\n<link rel=\"canonical\" href=\"https:\/\/jornaltimoneiro.com.br\/index.php\/2020\/03\/24\/canoas-recebe-seis-novas-ambulancias-para-reforcar-o-atendimento-da-saude\/\" \/>\n<meta property=\"og:locale\" content=\"pt_BR\" \/>\n<meta property=\"og:type\" content=\"article\" \/>\n<meta property=\"og:title\" content=\"Canoas recebe seis novas ambul\u00e2ncias para refor\u00e7ar o atendimento da sa\u00fade - O Timoneiro Jornal Canoas RS\" \/>\n<meta property=\"og:description\" content=\"Uma not\u00edcia chegou para aliviar a preocupa\u00e7\u00e3o dos canoenses em torno da pandemia do Covid-19: a aquisi\u00e7\u00e3o de seis novas ambul\u00e2ncias. A entrega da frota foi oficializada na tarde da \u00faltima segunda-feira (23), no p\u00e1tio do 15\u00ba Batalh\u00e3o da Pol\u00edcia Militar. Os ve\u00edculos de primeira linha, modernos e com todo o equipamento necess\u00e1rio para atender [&hellip;]\" \/>\n<meta property=\"og:url\" content=\"https:\/\/jornaltimoneiro.com.br\/index.php\/2020\/03\/24\/canoas-recebe-seis-novas-ambulancias-para-reforcar-o-atendimento-da-saude\/\" \/>\n<meta property=\"og:site_name\" content=\"O Timoneiro Jornal Canoas RS\" \/>\n<meta property=\"article:publisher\" content=\"https:\/\/www.facebook.com\/jornaltimoneiro\" \/>\n<meta property=\"article:published_time\" content=\"2020-03-24T21:47:59+00:00\" \/>\n<meta property=\"og:image\" content=\"https:\/\/jornaltimoneiro.com.br\/wp-content\/uploads\/2020\/03\/Vinicius-Thormann-1-1024x683.jpg\" \/>\n\t<meta property=\"og:image:width\" content=\"1024\" \/>\n\t<meta property=\"og:image:height\" content=\"683\" \/>\n\t<meta property=\"og:image:type\" content=\"image\/jpeg\" \/>\n<meta name=\"author\" content=\"Reda\u00e7\u00e3o\" \/>\n<meta name=\"twitter:card\" content=\"summary_large_image\" \/>\n<meta name=\"twitter:creator\" content=\"@_OTimoneiro\" \/>\n<meta name=\"twitter:site\" content=\"@_OTimoneiro\" \/>\n<meta name=\"twitter:label1\" content=\"Escrito por\" \/>\n\t<meta name=\"twitter:data1\" content=\"Reda\u00e7\u00e3o\" \/>\n\t<meta name=\"twitter:label2\" content=\"Est. tempo de leitura\" \/>\n\t<meta name=\"twitter:data2\" content=\"1 minuto\" \/>\n<script type=\"application\/ld+json\" class=\"yoast-schema-graph\">{\"@context\":\"https:\/\/schema.org\",\"@graph\":[{\"@type\":\"Article\",\"@id\":\"https:\/\/jornaltimoneiro.com.br\/index.php\/2020\/03\/24\/canoas-recebe-seis-novas-ambulancias-para-reforcar-o-atendimento-da-saude\/#article\",\"isPartOf\":{\"@id\":\"https:\/\/jornaltimoneiro.com.br\/index.php\/2020\/03\/24\/canoas-recebe-seis-novas-ambulancias-para-reforcar-o-atendimento-da-saude\/\"},\"author\":{\"name\":\"Reda\u00e7\u00e3o\",\"@id\":\"https:\/\/jornaltimoneiro.com.br\/#\/schema\/person\/f63482f1a02b1a9592707865e509ab40\"},\"headline\":\"Canoas recebe seis novas ambul\u00e2ncias para refor\u00e7ar o atendimento da sa\u00fade\",\"datePublished\":\"2020-03-24T21:47:59+00:00\",\"dateModified\":\"2020-03-24T21:47:59+00:00\",\"mainEntityOfPage\":{\"@id\":\"https:\/\/jornaltimoneiro.com.br\/index.php\/2020\/03\/24\/canoas-recebe-seis-novas-ambulancias-para-reforcar-o-atendimento-da-saude\/\"},\"wordCount\":246,\"publisher\":{\"@id\":\"https:\/\/jornaltimoneiro.com.br\/#organization\"},\"articleSection\":[\"Sa\u00fade\"],\"inLanguage\":\"pt-BR\"},{\"@type\":\"WebPage\",\"@id\":\"https:\/\/jornaltimoneiro.com.br\/index.php\/2020\/03\/24\/canoas-recebe-seis-novas-ambulancias-para-reforcar-o-atendimento-da-saude\/\",\"url\":\"https:\/\/jornaltimoneiro.com.br\/index.php\/2020\/03\/24\/canoas-recebe-seis-novas-ambulancias-para-reforcar-o-atendimento-da-saude\/\",\"name\":\"Canoas recebe seis novas ambul\u00e2ncias para refor\u00e7ar o atendimento da sa\u00fade - O Timoneiro Jornal Canoas RS\",\"isPartOf\":{\"@id\":\"https:\/\/jornaltimoneiro.com.br\/#website\"},\"datePublished\":\"2020-03-24T21:47:59+00:00\",\"dateModified\":\"2020-03-24T21:47:59+00:00\",\"breadcrumb\":{\"@id\":\"https:\/\/jornaltimoneiro.com.br\/index.php\/2020\/03\/24\/canoas-recebe-seis-novas-ambulancias-para-reforcar-o-atendimento-da-saude\/#breadcrumb\"},\"inLanguage\":\"pt-BR\",\"potentialAction\":[{\"@type\":\"ReadAction\",\"target\":[\"https:\/\/jornaltimoneiro.com.br\/index.php\/2020\/03\/24\/canoas-recebe-seis-novas-ambulancias-para-reforcar-o-atendimento-da-saude\/\"]}]},{\"@type\":\"BreadcrumbList\",\"@id\":\"https:\/\/jornaltimoneiro.com.br\/index.php\/2020\/03\/24\/canoas-recebe-seis-novas-ambulancias-para-reforcar-o-atendimento-da-saude\/#breadcrumb\",\"itemListElement\":[{\"@type\":\"ListItem\",\"position\":1,\"name\":\"In\u00edcio\",\"item\":\"https:\/\/jornaltimoneiro.com.br\/\"},{\"@type\":\"ListItem\",\"position\":2,\"name\":\"Canoas recebe seis novas ambul\u00e2ncias para refor\u00e7ar o atendimento da sa\u00fade\"}]},{\"@type\":\"WebSite\",\"@id\":\"https:\/\/jornaltimoneiro.com.br\/#website\",\"url\":\"https:\/\/jornaltimoneiro.com.br\/\",\"name\":\"Jornal Timoneiro Canoas RS\",\"description\":\"Jornal O Timoneiro, o verdadeiro jornal de Canoas\",\"publisher\":{\"@id\":\"https:\/\/jornaltimoneiro.com.br\/#organization\"},\"potentialAction\":[{\"@type\":\"SearchAction\",\"target\":{\"@type\":\"EntryPoint\",\"urlTemplate\":\"https:\/\/jornaltimoneiro.com.br\/?s={search_term_string}\"},\"query-input\":\"required name=search_term_string\"}],\"inLanguage\":\"pt-BR\"},{\"@type\":\"Organization\",\"@id\":\"https:\/\/jornaltimoneiro.com.br\/#organization\",\"name\":\"Jornal Timoneiro Canoas RS\",\"url\":\"https:\/\/jornaltimoneiro.com.br\/\",\"logo\":{\"@type\":\"ImageObject\",\"inLanguage\":\"pt-BR\",\"@id\":\"https:\/\/jornaltimoneiro.com.br\/#\/schema\/logo\/image\/\",\"url\":\"https:\/\/jornaltimoneiro.com.br\/wp-content\/uploads\/2023\/03\/logonovo.png\",\"contentUrl\":\"https:\/\/jornaltimoneiro.com.br\/wp-content\/uploads\/2023\/03\/logonovo.png\",\"width\":\"469\",\"height\":\"171\",\"caption\":\"Jornal Timoneiro Canoas RS\"},\"image\":{\"@id\":\"https:\/\/jornaltimoneiro.com.br\/#\/schema\/logo\/image\/\"},\"sameAs\":[\"https:\/\/www.facebook.com\/jornaltimoneiro\",\"https:\/\/twitter.com\/_OTimoneiro\",\"https:\/\/www.instagram.com\/jornaltimoneirocanoas\/\",\"https:\/\/www.youtube.com\/@jornalotimoneiro7927\"]},{\"@type\":\"Person\",\"@id\":\"https:\/\/jornaltimoneiro.com.br\/#\/schema\/person\/f63482f1a02b1a9592707865e509ab40\",\"name\":\"Reda\u00e7\u00e3o\",\"image\":{\"@type\":\"ImageObject\",\"inLanguage\":\"pt-BR\",\"@id\":\"https:\/\/jornaltimoneiro.com.br\/#\/schema\/person\/image\/\",\"url\":\"https:\/\/jornaltimoneiro.com.br\/wp-content\/uploads\/2023\/03\/download.jpeg\",\"contentUrl\":\"https:\/\/jornaltimoneiro.com.br\/wp-content\/uploads\/2023\/03\/download.jpeg\",\"caption\":\"Reda\u00e7\u00e3o\"},\"url\":\"https:\/\/jornaltimoneiro.com.br\/index.php\/author\/simone-dutra\/\"}]}<\/script>\n<!-- \/ Yoast SEO plugin. -->","yoast_head_json":{"title":"Canoas recebe seis novas ambul\u00e2ncias para refor\u00e7ar o atendimento da sa\u00fade - O Timoneiro Jornal Canoas RS","robots":{"index":"index","follow":"follow","max-snippet":"max-snippet:-1","max-image-preview":"max-image-preview:large","max-video-preview":"max-video-preview:-1"},"canonical":"https:\/\/jornaltimoneiro.com.br\/index.php\/2020\/03\/24\/canoas-recebe-seis-novas-ambulancias-para-reforcar-o-atendimento-da-saude\/","og_locale":"pt_BR","og_type":"article","og_title":"Canoas recebe seis novas ambul\u00e2ncias para refor\u00e7ar o atendimento da sa\u00fade - O Timoneiro Jornal Canoas RS","og_description":"Uma not\u00edcia chegou para aliviar a preocupa\u00e7\u00e3o dos canoenses em torno da pandemia do Covid-19: a aquisi\u00e7\u00e3o de seis novas ambul\u00e2ncias. A entrega da frota foi oficializada na tarde da \u00faltima segunda-feira (23), no p\u00e1tio do 15\u00ba Batalh\u00e3o da Pol\u00edcia Militar. Os ve\u00edculos de primeira linha, modernos e com todo o equipamento necess\u00e1rio para atender [&hellip;]","og_url":"https:\/\/jornaltimoneiro.com.br\/index.php\/2020\/03\/24\/canoas-recebe-seis-novas-ambulancias-para-reforcar-o-atendimento-da-saude\/","og_site_name":"O Timoneiro Jornal Canoas RS","article_publisher":"https:\/\/www.facebook.com\/jornaltimoneiro","article_published_time":"2020-03-24T21:47:59+00:00","og_image":[{"width":1024,"height":683,"url":"https:\/\/jornaltimoneiro.com.br\/wp-content\/uploads\/2020\/03\/Vinicius-Thormann-1-1024x683.jpg","type":"image\/jpeg"}],"author":"Reda\u00e7\u00e3o","twitter_card":"summary_large_image","twitter_creator":"@_OTimoneiro","twitter_site":"@_OTimoneiro","twitter_misc":{"Escrito por":"Reda\u00e7\u00e3o","Est. tempo de leitura":"1 minuto"},"schema":{"@context":"https:\/\/schema.org","@graph":[{"@type":"Article","@id":"https:\/\/jornaltimoneiro.com.br\/index.php\/2020\/03\/24\/canoas-recebe-seis-novas-ambulancias-para-reforcar-o-atendimento-da-saude\/#article","isPartOf":{"@id":"https:\/\/jornaltimoneiro.com.br\/index.php\/2020\/03\/24\/canoas-recebe-seis-novas-ambulancias-para-reforcar-o-atendimento-da-saude\/"},"author":{"name":"Reda\u00e7\u00e3o","@id":"https:\/\/jornaltimoneiro.com.br\/#\/schema\/person\/f63482f1a02b1a9592707865e509ab40"},"headline":"Canoas recebe seis novas ambul\u00e2ncias para refor\u00e7ar o atendimento da sa\u00fade","datePublished":"2020-03-24T21:47:59+00:00","dateModified":"2020-03-24T21:47:59+00:00","mainEntityOfPage":{"@id":"https:\/\/jornaltimoneiro.com.br\/index.php\/2020\/03\/24\/canoas-recebe-seis-novas-ambulancias-para-reforcar-o-atendimento-da-saude\/"},"wordCount":246,"publisher":{"@id":"https:\/\/jornaltimoneiro.com.br\/#organization"},"articleSection":["Sa\u00fade"],"inLanguage":"pt-BR"},{"@type":"WebPage","@id":"https:\/\/jornaltimoneiro.com.br\/index.php\/2020\/03\/24\/canoas-recebe-seis-novas-ambulancias-para-reforcar-o-atendimento-da-saude\/","url":"https:\/\/jornaltimoneiro.com.br\/index.php\/2020\/03\/24\/canoas-recebe-seis-novas-ambulancias-para-reforcar-o-atendimento-da-saude\/","name":"Canoas recebe seis novas ambul\u00e2ncias para refor\u00e7ar o atendimento da sa\u00fade - O Timoneiro Jornal Canoas RS","isPartOf":{"@id":"https:\/\/jornaltimoneiro.com.br\/#website"},"datePublished":"2020-03-24T21:47:59+00:00","dateModified":"2020-03-24T21:47:59+00:00","breadcrumb":{"@id":"https:\/\/jornaltimoneiro.com.br\/index.php\/2020\/03\/24\/canoas-recebe-seis-novas-ambulancias-para-reforcar-o-atendimento-da-saude\/#breadcrumb"},"inLanguage":"pt-BR","potentialAction":[{"@type":"ReadAction","target":["https:\/\/jornaltimoneiro.com.br\/index.php\/2020\/03\/24\/canoas-recebe-seis-novas-ambulancias-para-reforcar-o-atendimento-da-saude\/"]}]},{"@type":"BreadcrumbList","@id":"https:\/\/jornaltimoneiro.com.br\/index.php\/2020\/03\/24\/canoas-recebe-seis-novas-ambulancias-para-reforcar-o-atendimento-da-saude\/#breadcrumb","itemListElement":[{"@type":"ListItem","position":1,"name":"In\u00edcio","item":"https:\/\/jornaltimoneiro.com.br\/"},{"@type":"ListItem","position":2,"name":"Canoas recebe seis novas ambul\u00e2ncias para refor\u00e7ar o atendimento da sa\u00fade"}]},{"@type":"WebSite","@id":"https:\/\/jornaltimoneiro.com.br\/#website","url":"https:\/\/jornaltimoneiro.com.br\/","name":"Jornal Timoneiro Canoas RS","description":"Jornal O Timoneiro, o verdadeiro jornal de Canoas","publisher":{"@id":"https:\/\/jornaltimoneiro.com.br\/#organization"},"potentialAction":[{"@type":"SearchAction","target":{"@type":"EntryPoint","urlTemplate":"https:\/\/jornaltimoneiro.com.br\/?s={search_term_string}"},"query-input":"required name=search_term_string"}],"inLanguage":"pt-BR"},{"@type":"Organization","@id":"https:\/\/jornaltimoneiro.com.br\/#organization","name":"Jornal Timoneiro Canoas RS","url":"https:\/\/jornaltimoneiro.com.br\/","logo":{"@type":"ImageObject","inLanguage":"pt-BR","@id":"https:\/\/jornaltimoneiro.com.br\/#\/schema\/logo\/image\/","url":"https:\/\/jornaltimoneiro.com.br\/wp-content\/uploads\/2023\/03\/logonovo.png","contentUrl":"https:\/\/jornaltimoneiro.com.br\/wp-content\/uploads\/2023\/03\/logonovo.png","width":"469","height":"171","caption":"Jornal Timoneiro Canoas RS"},"image":{"@id":"https:\/\/jornaltimoneiro.com.br\/#\/schema\/logo\/image\/"},"sameAs":["https:\/\/www.facebook.com\/jornaltimoneiro","https:\/\/twitter.com\/_OTimoneiro","https:\/\/www.instagram.com\/jornaltimoneirocanoas\/","https:\/\/www.youtube.com\/@jornalotimoneiro7927"]},{"@type":"Person","@id":"https:\/\/jornaltimoneiro.com.br\/#\/schema\/person\/f63482f1a02b1a9592707865e509ab40","name":"Reda\u00e7\u00e3o","image":{"@type":"ImageObject","inLanguage":"pt-BR","@id":"https:\/\/jornaltimoneiro.com.br\/#\/schema\/person\/image\/","url":"https:\/\/jornaltimoneiro.com.br\/wp-content\/uploads\/2023\/03\/download.jpeg","contentUrl":"https:\/\/jornaltimoneiro.com.br\/wp-content\/uploads\/2023\/03\/download.jpeg","caption":"Reda\u00e7\u00e3o"},"url":"https:\/\/jornaltimoneiro.com.br\/index.php\/author\/simone-dutra\/"}]}},"_links":{"self":[{"href":"https:\/\/jornaltimoneiro.com.br\/index.php\/wp-json\/wp\/v2\/posts\/15902"}],"collection":[{"href":"https:\/\/jornaltimoneiro.com.br\/index.php\/wp-json\/wp\/v2\/posts"}],"about":[{"href":"https:\/\/jornaltimoneiro.com.br\/index.php\/wp-json\/wp\/v2\/types\/post"}],"author":[{"embeddable":true,"href":"https:\/\/jornaltimoneiro.com.br\/index.php\/wp-json\/wp\/v2\/users\/2"}],"replies":[{"embeddable":true,"href":"https:\/\/jornaltimoneiro.com.br\/index.php\/wp-json\/wp\/v2\/comments?post=15902"}],"version-history":[{"count":0,"href":"https:\/\/jornaltimoneiro.com.br\/index.php\/wp-json\/wp\/v2\/posts\/15902\/revisions"}],"wp:featuredmedia":[{"embeddable":true,"href":"https:\/\/jornaltimoneiro.com.br\/index.php\/wp-json\/wp\/v2\/media\/15899"}],"wp:attachment":[{"href":"https:\/\/jornaltimoneiro.com.br\/index.php\/wp-json\/wp\/v2\/media?parent=15902"}],"wp:term":[{"taxonomy":"category","embeddable":true,"href":"https:\/\/jornaltimoneiro.com.br\/index.php\/wp-json\/wp\/v2\/categories?post=15902"},{"taxonomy":"post_tag","embeddable":true,"href":"https:\/\/jornaltimoneiro.com.br\/index.php\/wp-json\/wp\/v2\/tags?post=15902"}],"curies":[{"name":"wp","href":"https:\/\/api.w.org\/{rel}","templated":true}]}}