{"id":15493,"date":"2020-02-28T08:00:34","date_gmt":"2020-02-28T11:00:34","guid":{"rendered":"https:\/\/jornaltimoneiro.com.br\/?p=15493"},"modified":"2020-03-02T11:29:39","modified_gmt":"2020-03-02T14:29:39","slug":"canoas-sem-carrocas-ganha-placas-para-fortalecer-campanha","status":"publish","type":"post","link":"https:\/\/jornaltimoneiro.com.br\/index.php\/2020\/02\/28\/canoas-sem-carrocas-ganha-placas-para-fortalecer-campanha\/","title":{"rendered":"\u201cCanoas sem carro\u00e7as\u201d ganha placas para fortalecer campanha"},"content":{"rendered":"<p>A Prefeitura de Canoas, por meio da Secretaria Municipal de Transportes e Mobilidade (SMTM), realizou na manh\u00e3 desta sexta-feira, 21, mais uma a\u00e7\u00e3o do programa Canoas Sem Carro\u00e7as. Coibindo a explora\u00e7\u00e3o e os maus tratos nos ve\u00edculos de tra\u00e7\u00e3o animal, novas placas de tr\u00e2nsito foram colocadas no cruzamento da Avenida Guilherme Schell com a Rua Pedro Weingartner. Grande parte do Centro e os bairros S\u00e3o Jos\u00e9, Igara, S\u00e3o Lu\u00eds e Marechal Rondon j\u00e1 possuem a determina\u00e7\u00e3o contra as carro\u00e7as e a expectativa \u00e9 que neste ano o munic\u00edpio inteiro seja contemplado.<br \/>\nSegundo Alexandre Szekir, coordenador do projeto e secret\u00e1rio extraordin\u00e1rio dos Direitos dos Animais, a a\u00e7\u00e3o desta manh\u00e3 faz parte da quinta fase da Redu\u00e7\u00e3o Gradativa de Ve\u00edculos de Tra\u00e7\u00e3o Animal (VTA). \u201cTivemos hoje mais um avan\u00e7o importante no combate \u00e0 explora\u00e7\u00e3o animal\u201d, disse. O Canoas Sem Carro\u00e7as \u00e9 fruto da Lei Municipal 6.164 e cada uma das etapas foi programada em 2018 atrav\u00e9s de diversas fases que abrangem toda a cidade.<br \/>\n \u201cGra\u00e7as aos projetos do governo municipal, otimizamos os programas de conscientiza\u00e7\u00e3o, comprovando que existem outros meios modernos de coleta de res\u00edduos, como carrinhos e bicicletas ecol\u00f3gicas, a exemplo do Bikeko\u201d, relatou. Blitz educativas est\u00e3o sendo realizadas nos bairros que ainda n\u00e3o proibiram o tr\u00e1fego dos VTAs, com o cadastramento social dos carroceiros e a qualifica\u00e7\u00e3o da coleta seletiva de res\u00edduos s\u00f3lidos.<br \/>\nA fiscaliza\u00e7\u00e3o nas regi\u00f5es proibidas \u00e9 feita por agentes de tr\u00e2nsito, que acionam os fiscais da Secretaria Municipal de Meio Ambiente (SMMA), servidores da Secretaria de Servi\u00e7os Urbanos (SMSU) e guardas municipais. Quem for flagrado em ve\u00edculos de tra\u00e7\u00e3o animal recebe primeiramente uma advert\u00eancia, seguida ou n\u00e3o de multa. O animal, o ve\u00edculo e demais equipamentos usados na infra\u00e7\u00e3o ser\u00e3o apreendidos havendo reincid\u00eancia.<\/p>\n","protected":false},"excerpt":{"rendered":"<p>A Prefeitura de Canoas, por meio da Secretaria Municipal de Transportes e Mobilidade (SMTM), realizou na manh\u00e3 desta sexta-feira, 21, mais uma a\u00e7\u00e3o do programa Canoas Sem Carro\u00e7as. Coibindo a explora\u00e7\u00e3o e os maus tratos nos ve\u00edculos de tra\u00e7\u00e3o animal, novas placas de tr\u00e2nsito foram colocadas no cruzamento da Avenida Guilherme Schell com a Rua [&hellip;]<\/p>\n","protected":false},"author":2,"featured_media":15494,"comment_status":"closed","ping_status":"closed","sticky":false,"template":"","format":"standard","meta":{"amp_status":"","footnotes":""},"categories":[23],"tags":[],"class_list":["post-15493","post","type-post","status-publish","format-standard","has-post-thumbnail","hentry","category-geral"],"yoast_head":"<!-- This site is optimized with the Yoast SEO plugin v20.5 - https:\/\/yoast.com\/wordpress\/plugins\/seo\/ -->\n<title>\u201cCanoas sem carro\u00e7as\u201d ganha placas para fortalecer campanha - O Timoneiro Jornal Canoas RS<\/title>\n<meta name=\"robots\" content=\"index, follow, max-snippet:-1, max-image-preview:large, max-video-preview:-1\" \/>\n<link rel=\"canonical\" href=\"https:\/\/jornaltimoneiro.com.br\/index.php\/2020\/02\/28\/canoas-sem-carrocas-ganha-placas-para-fortalecer-campanha\/\" \/>\n<meta property=\"og:locale\" content=\"pt_BR\" \/>\n<meta property=\"og:type\" content=\"article\" \/>\n<meta property=\"og:title\" content=\"\u201cCanoas sem carro\u00e7as\u201d ganha placas para fortalecer campanha - O Timoneiro Jornal Canoas RS\" \/>\n<meta property=\"og:description\" content=\"A Prefeitura de Canoas, por meio da Secretaria Municipal de Transportes e Mobilidade (SMTM), realizou na manh\u00e3 desta sexta-feira, 21, mais uma a\u00e7\u00e3o do programa Canoas Sem Carro\u00e7as. Coibindo a explora\u00e7\u00e3o e os maus tratos nos ve\u00edculos de tra\u00e7\u00e3o animal, novas placas de tr\u00e2nsito foram colocadas no cruzamento da Avenida Guilherme Schell com a Rua [&hellip;]\" \/>\n<meta property=\"og:url\" content=\"https:\/\/jornaltimoneiro.com.br\/index.php\/2020\/02\/28\/canoas-sem-carrocas-ganha-placas-para-fortalecer-campanha\/\" \/>\n<meta property=\"og:site_name\" content=\"O Timoneiro Jornal Canoas RS\" \/>\n<meta property=\"article:publisher\" content=\"https:\/\/www.facebook.com\/jornaltimoneiro\" \/>\n<meta property=\"article:published_time\" content=\"2020-02-28T11:00:34+00:00\" \/>\n<meta property=\"article:modified_time\" content=\"2020-03-02T14:29:39+00:00\" \/>\n<meta property=\"og:image\" content=\"https:\/\/jornaltimoneiro.com.br\/wp-content\/uploads\/2020\/02\/Vinicius-Thormann-2-2-1024x683.jpg\" \/>\n\t<meta property=\"og:image:width\" content=\"1024\" \/>\n\t<meta property=\"og:image:height\" content=\"683\" \/>\n\t<meta property=\"og:image:type\" content=\"image\/jpeg\" \/>\n<meta name=\"author\" content=\"Reda\u00e7\u00e3o\" \/>\n<meta name=\"twitter:card\" content=\"summary_large_image\" \/>\n<meta name=\"twitter:creator\" content=\"@_OTimoneiro\" \/>\n<meta name=\"twitter:site\" content=\"@_OTimoneiro\" \/>\n<meta name=\"twitter:label1\" content=\"Escrito por\" \/>\n\t<meta name=\"twitter:data1\" content=\"Reda\u00e7\u00e3o\" \/>\n\t<meta name=\"twitter:label2\" content=\"Est. tempo de leitura\" \/>\n\t<meta name=\"twitter:data2\" content=\"2 minutos\" \/>\n<script type=\"application\/ld+json\" class=\"yoast-schema-graph\">{\"@context\":\"https:\/\/schema.org\",\"@graph\":[{\"@type\":\"Article\",\"@id\":\"https:\/\/jornaltimoneiro.com.br\/index.php\/2020\/02\/28\/canoas-sem-carrocas-ganha-placas-para-fortalecer-campanha\/#article\",\"isPartOf\":{\"@id\":\"https:\/\/jornaltimoneiro.com.br\/index.php\/2020\/02\/28\/canoas-sem-carrocas-ganha-placas-para-fortalecer-campanha\/\"},\"author\":{\"name\":\"Reda\u00e7\u00e3o\",\"@id\":\"https:\/\/jornaltimoneiro.com.br\/#\/schema\/person\/f63482f1a02b1a9592707865e509ab40\"},\"headline\":\"\u201cCanoas sem carro\u00e7as\u201d ganha placas para fortalecer campanha\",\"datePublished\":\"2020-02-28T11:00:34+00:00\",\"dateModified\":\"2020-03-02T14:29:39+00:00\",\"mainEntityOfPage\":{\"@id\":\"https:\/\/jornaltimoneiro.com.br\/index.php\/2020\/02\/28\/canoas-sem-carrocas-ganha-placas-para-fortalecer-campanha\/\"},\"wordCount\":332,\"publisher\":{\"@id\":\"https:\/\/jornaltimoneiro.com.br\/#organization\"},\"articleSection\":[\"Geral\"],\"inLanguage\":\"pt-BR\"},{\"@type\":\"WebPage\",\"@id\":\"https:\/\/jornaltimoneiro.com.br\/index.php\/2020\/02\/28\/canoas-sem-carrocas-ganha-placas-para-fortalecer-campanha\/\",\"url\":\"https:\/\/jornaltimoneiro.com.br\/index.php\/2020\/02\/28\/canoas-sem-carrocas-ganha-placas-para-fortalecer-campanha\/\",\"name\":\"\u201cCanoas sem carro\u00e7as\u201d ganha placas para fortalecer campanha - O Timoneiro Jornal Canoas RS\",\"isPartOf\":{\"@id\":\"https:\/\/jornaltimoneiro.com.br\/#website\"},\"datePublished\":\"2020-02-28T11:00:34+00:00\",\"dateModified\":\"2020-03-02T14:29:39+00:00\",\"breadcrumb\":{\"@id\":\"https:\/\/jornaltimoneiro.com.br\/index.php\/2020\/02\/28\/canoas-sem-carrocas-ganha-placas-para-fortalecer-campanha\/#breadcrumb\"},\"inLanguage\":\"pt-BR\",\"potentialAction\":[{\"@type\":\"ReadAction\",\"target\":[\"https:\/\/jornaltimoneiro.com.br\/index.php\/2020\/02\/28\/canoas-sem-carrocas-ganha-placas-para-fortalecer-campanha\/\"]}]},{\"@type\":\"BreadcrumbList\",\"@id\":\"https:\/\/jornaltimoneiro.com.br\/index.php\/2020\/02\/28\/canoas-sem-carrocas-ganha-placas-para-fortalecer-campanha\/#breadcrumb\",\"itemListElement\":[{\"@type\":\"ListItem\",\"position\":1,\"name\":\"In\u00edcio\",\"item\":\"https:\/\/jornaltimoneiro.com.br\/\"},{\"@type\":\"ListItem\",\"position\":2,\"name\":\"\u201cCanoas sem carro\u00e7as\u201d ganha placas para fortalecer campanha\"}]},{\"@type\":\"WebSite\",\"@id\":\"https:\/\/jornaltimoneiro.com.br\/#website\",\"url\":\"https:\/\/jornaltimoneiro.com.br\/\",\"name\":\"Jornal Timoneiro Canoas RS\",\"description\":\"Jornal O Timoneiro, o verdadeiro jornal de Canoas\",\"publisher\":{\"@id\":\"https:\/\/jornaltimoneiro.com.br\/#organization\"},\"potentialAction\":[{\"@type\":\"SearchAction\",\"target\":{\"@type\":\"EntryPoint\",\"urlTemplate\":\"https:\/\/jornaltimoneiro.com.br\/?s={search_term_string}\"},\"query-input\":\"required name=search_term_string\"}],\"inLanguage\":\"pt-BR\"},{\"@type\":\"Organization\",\"@id\":\"https:\/\/jornaltimoneiro.com.br\/#organization\",\"name\":\"Jornal Timoneiro Canoas RS\",\"url\":\"https:\/\/jornaltimoneiro.com.br\/\",\"logo\":{\"@type\":\"ImageObject\",\"inLanguage\":\"pt-BR\",\"@id\":\"https:\/\/jornaltimoneiro.com.br\/#\/schema\/logo\/image\/\",\"url\":\"https:\/\/jornaltimoneiro.com.br\/wp-content\/uploads\/2023\/03\/logonovo.png\",\"contentUrl\":\"https:\/\/jornaltimoneiro.com.br\/wp-content\/uploads\/2023\/03\/logonovo.png\",\"width\":\"469\",\"height\":\"171\",\"caption\":\"Jornal Timoneiro Canoas RS\"},\"image\":{\"@id\":\"https:\/\/jornaltimoneiro.com.br\/#\/schema\/logo\/image\/\"},\"sameAs\":[\"https:\/\/www.facebook.com\/jornaltimoneiro\",\"https:\/\/twitter.com\/_OTimoneiro\",\"https:\/\/www.instagram.com\/jornaltimoneirocanoas\/\",\"https:\/\/www.youtube.com\/@jornalotimoneiro7927\"]},{\"@type\":\"Person\",\"@id\":\"https:\/\/jornaltimoneiro.com.br\/#\/schema\/person\/f63482f1a02b1a9592707865e509ab40\",\"name\":\"Reda\u00e7\u00e3o\",\"image\":{\"@type\":\"ImageObject\",\"inLanguage\":\"pt-BR\",\"@id\":\"https:\/\/jornaltimoneiro.com.br\/#\/schema\/person\/image\/\",\"url\":\"https:\/\/jornaltimoneiro.com.br\/wp-content\/uploads\/2023\/03\/download.jpeg\",\"contentUrl\":\"https:\/\/jornaltimoneiro.com.br\/wp-content\/uploads\/2023\/03\/download.jpeg\",\"caption\":\"Reda\u00e7\u00e3o\"},\"url\":\"https:\/\/jornaltimoneiro.com.br\/index.php\/author\/simone-dutra\/\"}]}<\/script>\n<!-- \/ Yoast SEO plugin. -->","yoast_head_json":{"title":"\u201cCanoas sem carro\u00e7as\u201d ganha placas para fortalecer campanha - O Timoneiro Jornal Canoas RS","robots":{"index":"index","follow":"follow","max-snippet":"max-snippet:-1","max-image-preview":"max-image-preview:large","max-video-preview":"max-video-preview:-1"},"canonical":"https:\/\/jornaltimoneiro.com.br\/index.php\/2020\/02\/28\/canoas-sem-carrocas-ganha-placas-para-fortalecer-campanha\/","og_locale":"pt_BR","og_type":"article","og_title":"\u201cCanoas sem carro\u00e7as\u201d ganha placas para fortalecer campanha - O Timoneiro Jornal Canoas RS","og_description":"A Prefeitura de Canoas, por meio da Secretaria Municipal de Transportes e Mobilidade (SMTM), realizou na manh\u00e3 desta sexta-feira, 21, mais uma a\u00e7\u00e3o do programa Canoas Sem Carro\u00e7as. Coibindo a explora\u00e7\u00e3o e os maus tratos nos ve\u00edculos de tra\u00e7\u00e3o animal, novas placas de tr\u00e2nsito foram colocadas no cruzamento da Avenida Guilherme Schell com a Rua [&hellip;]","og_url":"https:\/\/jornaltimoneiro.com.br\/index.php\/2020\/02\/28\/canoas-sem-carrocas-ganha-placas-para-fortalecer-campanha\/","og_site_name":"O Timoneiro Jornal Canoas RS","article_publisher":"https:\/\/www.facebook.com\/jornaltimoneiro","article_published_time":"2020-02-28T11:00:34+00:00","article_modified_time":"2020-03-02T14:29:39+00:00","og_image":[{"width":1024,"height":683,"url":"https:\/\/jornaltimoneiro.com.br\/wp-content\/uploads\/2020\/02\/Vinicius-Thormann-2-2-1024x683.jpg","type":"image\/jpeg"}],"author":"Reda\u00e7\u00e3o","twitter_card":"summary_large_image","twitter_creator":"@_OTimoneiro","twitter_site":"@_OTimoneiro","twitter_misc":{"Escrito por":"Reda\u00e7\u00e3o","Est. tempo de leitura":"2 minutos"},"schema":{"@context":"https:\/\/schema.org","@graph":[{"@type":"Article","@id":"https:\/\/jornaltimoneiro.com.br\/index.php\/2020\/02\/28\/canoas-sem-carrocas-ganha-placas-para-fortalecer-campanha\/#article","isPartOf":{"@id":"https:\/\/jornaltimoneiro.com.br\/index.php\/2020\/02\/28\/canoas-sem-carrocas-ganha-placas-para-fortalecer-campanha\/"},"author":{"name":"Reda\u00e7\u00e3o","@id":"https:\/\/jornaltimoneiro.com.br\/#\/schema\/person\/f63482f1a02b1a9592707865e509ab40"},"headline":"\u201cCanoas sem carro\u00e7as\u201d ganha placas para fortalecer campanha","datePublished":"2020-02-28T11:00:34+00:00","dateModified":"2020-03-02T14:29:39+00:00","mainEntityOfPage":{"@id":"https:\/\/jornaltimoneiro.com.br\/index.php\/2020\/02\/28\/canoas-sem-carrocas-ganha-placas-para-fortalecer-campanha\/"},"wordCount":332,"publisher":{"@id":"https:\/\/jornaltimoneiro.com.br\/#organization"},"articleSection":["Geral"],"inLanguage":"pt-BR"},{"@type":"WebPage","@id":"https:\/\/jornaltimoneiro.com.br\/index.php\/2020\/02\/28\/canoas-sem-carrocas-ganha-placas-para-fortalecer-campanha\/","url":"https:\/\/jornaltimoneiro.com.br\/index.php\/2020\/02\/28\/canoas-sem-carrocas-ganha-placas-para-fortalecer-campanha\/","name":"\u201cCanoas sem carro\u00e7as\u201d ganha placas para fortalecer campanha - O Timoneiro Jornal Canoas RS","isPartOf":{"@id":"https:\/\/jornaltimoneiro.com.br\/#website"},"datePublished":"2020-02-28T11:00:34+00:00","dateModified":"2020-03-02T14:29:39+00:00","breadcrumb":{"@id":"https:\/\/jornaltimoneiro.com.br\/index.php\/2020\/02\/28\/canoas-sem-carrocas-ganha-placas-para-fortalecer-campanha\/#breadcrumb"},"inLanguage":"pt-BR","potentialAction":[{"@type":"ReadAction","target":["https:\/\/jornaltimoneiro.com.br\/index.php\/2020\/02\/28\/canoas-sem-carrocas-ganha-placas-para-fortalecer-campanha\/"]}]},{"@type":"BreadcrumbList","@id":"https:\/\/jornaltimoneiro.com.br\/index.php\/2020\/02\/28\/canoas-sem-carrocas-ganha-placas-para-fortalecer-campanha\/#breadcrumb","itemListElement":[{"@type":"ListItem","position":1,"name":"In\u00edcio","item":"https:\/\/jornaltimoneiro.com.br\/"},{"@type":"ListItem","position":2,"name":"\u201cCanoas sem carro\u00e7as\u201d ganha placas para fortalecer campanha"}]},{"@type":"WebSite","@id":"https:\/\/jornaltimoneiro.com.br\/#website","url":"https:\/\/jornaltimoneiro.com.br\/","name":"Jornal Timoneiro Canoas RS","description":"Jornal O Timoneiro, o verdadeiro jornal de Canoas","publisher":{"@id":"https:\/\/jornaltimoneiro.com.br\/#organization"},"potentialAction":[{"@type":"SearchAction","target":{"@type":"EntryPoint","urlTemplate":"https:\/\/jornaltimoneiro.com.br\/?s={search_term_string}"},"query-input":"required name=search_term_string"}],"inLanguage":"pt-BR"},{"@type":"Organization","@id":"https:\/\/jornaltimoneiro.com.br\/#organization","name":"Jornal Timoneiro Canoas RS","url":"https:\/\/jornaltimoneiro.com.br\/","logo":{"@type":"ImageObject","inLanguage":"pt-BR","@id":"https:\/\/jornaltimoneiro.com.br\/#\/schema\/logo\/image\/","url":"https:\/\/jornaltimoneiro.com.br\/wp-content\/uploads\/2023\/03\/logonovo.png","contentUrl":"https:\/\/jornaltimoneiro.com.br\/wp-content\/uploads\/2023\/03\/logonovo.png","width":"469","height":"171","caption":"Jornal Timoneiro Canoas RS"},"image":{"@id":"https:\/\/jornaltimoneiro.com.br\/#\/schema\/logo\/image\/"},"sameAs":["https:\/\/www.facebook.com\/jornaltimoneiro","https:\/\/twitter.com\/_OTimoneiro","https:\/\/www.instagram.com\/jornaltimoneirocanoas\/","https:\/\/www.youtube.com\/@jornalotimoneiro7927"]},{"@type":"Person","@id":"https:\/\/jornaltimoneiro.com.br\/#\/schema\/person\/f63482f1a02b1a9592707865e509ab40","name":"Reda\u00e7\u00e3o","image":{"@type":"ImageObject","inLanguage":"pt-BR","@id":"https:\/\/jornaltimoneiro.com.br\/#\/schema\/person\/image\/","url":"https:\/\/jornaltimoneiro.com.br\/wp-content\/uploads\/2023\/03\/download.jpeg","contentUrl":"https:\/\/jornaltimoneiro.com.br\/wp-content\/uploads\/2023\/03\/download.jpeg","caption":"Reda\u00e7\u00e3o"},"url":"https:\/\/jornaltimoneiro.com.br\/index.php\/author\/simone-dutra\/"}]}},"_links":{"self":[{"href":"https:\/\/jornaltimoneiro.com.br\/index.php\/wp-json\/wp\/v2\/posts\/15493"}],"collection":[{"href":"https:\/\/jornaltimoneiro.com.br\/index.php\/wp-json\/wp\/v2\/posts"}],"about":[{"href":"https:\/\/jornaltimoneiro.com.br\/index.php\/wp-json\/wp\/v2\/types\/post"}],"author":[{"embeddable":true,"href":"https:\/\/jornaltimoneiro.com.br\/index.php\/wp-json\/wp\/v2\/users\/2"}],"replies":[{"embeddable":true,"href":"https:\/\/jornaltimoneiro.com.br\/index.php\/wp-json\/wp\/v2\/comments?post=15493"}],"version-history":[{"count":0,"href":"https:\/\/jornaltimoneiro.com.br\/index.php\/wp-json\/wp\/v2\/posts\/15493\/revisions"}],"wp:featuredmedia":[{"embeddable":true,"href":"https:\/\/jornaltimoneiro.com.br\/index.php\/wp-json\/wp\/v2\/media\/15494"}],"wp:attachment":[{"href":"https:\/\/jornaltimoneiro.com.br\/index.php\/wp-json\/wp\/v2\/media?parent=15493"}],"wp:term":[{"taxonomy":"category","embeddable":true,"href":"https:\/\/jornaltimoneiro.com.br\/index.php\/wp-json\/wp\/v2\/categories?post=15493"},{"taxonomy":"post_tag","embeddable":true,"href":"https:\/\/jornaltimoneiro.com.br\/index.php\/wp-json\/wp\/v2\/tags?post=15493"}],"curies":[{"name":"wp","href":"https:\/\/api.w.org\/{rel}","templated":true}]}}