{"id":15252,"date":"2020-01-31T12:00:33","date_gmt":"2020-01-31T14:00:33","guid":{"rendered":"https:\/\/jornaltimoneiro.com.br\/?p=15252"},"modified":"2020-01-31T12:00:33","modified_gmt":"2020-01-31T14:00:33","slug":"sessao-extraordinaria-gera-discussao-e-protestos-na-camara-de-vereadores","status":"publish","type":"post","link":"https:\/\/jornaltimoneiro.com.br\/index.php\/2020\/01\/31\/sessao-extraordinaria-gera-discussao-e-protestos-na-camara-de-vereadores\/","title":{"rendered":"Sess\u00e3o Extraordin\u00e1ria gera discuss\u00e3o e protestos na C\u00e2mara de Vereadores"},"content":{"rendered":"<p><img decoding=\"async\" src=\"https:\/\/jornaltimoneiro.com.br\/wp-content\/uploads\/2020\/01\/820fcb31-d987-430b-a51b-fef975437736.jpg\" alt=\"\" width=\"1280\" height=\"853\" class=\"alignnone size-full wp-image-15253\" srcset=\"https:\/\/jornaltimoneiro.com.br\/wp-content\/uploads\/2020\/01\/820fcb31-d987-430b-a51b-fef975437736.jpg 1280w, https:\/\/jornaltimoneiro.com.br\/wp-content\/uploads\/2020\/01\/820fcb31-d987-430b-a51b-fef975437736-300x200.jpg 300w, https:\/\/jornaltimoneiro.com.br\/wp-content\/uploads\/2020\/01\/820fcb31-d987-430b-a51b-fef975437736-768x512.jpg 768w, https:\/\/jornaltimoneiro.com.br\/wp-content\/uploads\/2020\/01\/820fcb31-d987-430b-a51b-fef975437736-1024x682.jpg 1024w, https:\/\/jornaltimoneiro.com.br\/wp-content\/uploads\/2020\/01\/820fcb31-d987-430b-a51b-fef975437736-696x464.jpg 696w, https:\/\/jornaltimoneiro.com.br\/wp-content\/uploads\/2020\/01\/820fcb31-d987-430b-a51b-fef975437736-1068x712.jpg 1068w, https:\/\/jornaltimoneiro.com.br\/wp-content\/uploads\/2020\/01\/820fcb31-d987-430b-a51b-fef975437736-630x420.jpg 630w\" sizes=\"(max-width: 1280px) 100vw, 1280px\" \/><\/p>\n<p>A Sess\u00e3o Extraordin\u00e1ria realizada na manh\u00e3 desta quinta-feira, 30, para debater e aprovar dois Projetos de Lei encaminhados pelo executivo, teve, ap\u00f3s acordo entre vereadores e representantes dos servidores, o seu adiamento, tendo em vista uma maior discuss\u00e3o e debate em cima dos projetos a serem votados. As proposi\u00e7\u00f5es tratam da revis\u00e3o geral anual da remunera\u00e7\u00e3o e subs\u00eddios municipais. <\/p>\n<p>Houve um recesso para uma reuni\u00e3o dos vereadores com os l\u00edderes dos servidores e seu advogado, para o Legislativo ouvir as reivindica\u00e7\u00f5es do funcionalismo.<br \/>\nNo retorno dos trabalhos, o representante dos servidores Everaldo Santos &#8211; Agente Comunit\u00e1rio de Sa\u00fade (ACS) \/Funda\u00e7\u00e3o Municipal de Sa\u00fade (FMS) &#8211; foi convidado pelo presidente da Casa, Patr\u00edcio, a fazer parte da mesa para uso da palavra, com o consentimento dos demais vereadores. Everaldo enalteceu o comparecimento de todos os servidores e falou que n\u00e3o teve o tempo necess\u00e1rio para os ajustes no projeto, e que houve algumas diverg\u00eancias. Os l\u00edderes levaram este relato aos vereadores e foi proposto que n\u00e3o houvesse vota\u00e7\u00e3o do projeto nesta data.<br \/>\nO pedido dos servidores \u00e9 de que seja cumprido na \u00edntegra o compromisso de repasse dos valores. E a Casa se comprometeu em dar suporte para os agentes.<br \/>\nO projeto voltar\u00e1 para sess\u00e3o plen\u00e1ria ap\u00f3s o debate dos mesmos e os ajustes necess\u00e1rios estarem de acordo com o que os servidores est\u00e3o reivindicando.<br \/>\nColocado em discuss\u00e3o, o Projeto de Lei 003\/2020 tamb\u00e9m teve sua discuss\u00e3o adiada, a pedido do L\u00edder do Governo, o vereador Juares Hoy (PTB). <\/p>\n<p><strong>Projetos de lei a serem votados<\/strong><\/p>\n<p>PL 003\/2020 \u2013 Tem por objetivo \u201creestruturar o Regime de Previd\u00eancia Social de Canoas e d\u00e1 outras provid\u00eancias\u201d, fixando em 14% a al\u00edquota de contribui\u00e7\u00e3o previdenci\u00e1ria aos servidores ativos, inativos e pensionistas, dando outras provid\u00eancias.<br \/>\nPL 005\/2020 \u2013 Autoriza o Poder Executivo a pagar aos Agentes Comunit\u00e1rios de Sa\u00fade e Agentes de Combate \u00e0s Endemias, vinculados a Secretaria Municipal da sa\u00fade e Funda\u00e7\u00e3o Municipal de Sa\u00fade de Canoa, pr\u00eamio financeiro, e d\u00e1 outras provid\u00eancias.<br \/>\nNa ocasi\u00e3o, o vereador Paulo Ritter (PT) pediu a palavra para propor mudan\u00e7as na PL 003\/2020. Veja o que Ritter disse na p\u00e1gina 3, Coluna Momento Pol\u00edtico.<\/p>\n","protected":false},"excerpt":{"rendered":"<p>A Sess\u00e3o Extraordin\u00e1ria realizada na manh\u00e3 desta quinta-feira, 30, para debater e aprovar dois Projetos de Lei encaminhados pelo executivo, teve, ap\u00f3s acordo entre vereadores e representantes dos servidores, o seu adiamento, tendo em vista uma maior discuss\u00e3o e debate em cima dos projetos a serem votados. As proposi\u00e7\u00f5es tratam da revis\u00e3o geral anual da [&hellip;]<\/p>\n","protected":false},"author":2,"featured_media":15253,"comment_status":"closed","ping_status":"closed","sticky":false,"template":"","format":"standard","meta":{"amp_status":"","footnotes":""},"categories":[19],"tags":[],"class_list":["post-15252","post","type-post","status-publish","format-standard","has-post-thumbnail","hentry","category-destaques"],"yoast_head":"<!-- This site is optimized with the Yoast SEO plugin v20.5 - https:\/\/yoast.com\/wordpress\/plugins\/seo\/ -->\n<title>Sess\u00e3o Extraordin\u00e1ria gera discuss\u00e3o e protestos na C\u00e2mara de Vereadores - O Timoneiro Jornal Canoas RS<\/title>\n<meta name=\"robots\" content=\"index, follow, max-snippet:-1, max-image-preview:large, max-video-preview:-1\" \/>\n<link rel=\"canonical\" href=\"https:\/\/jornaltimoneiro.com.br\/index.php\/2020\/01\/31\/sessao-extraordinaria-gera-discussao-e-protestos-na-camara-de-vereadores\/\" \/>\n<meta property=\"og:locale\" content=\"pt_BR\" \/>\n<meta property=\"og:type\" content=\"article\" \/>\n<meta property=\"og:title\" content=\"Sess\u00e3o Extraordin\u00e1ria gera discuss\u00e3o e protestos na C\u00e2mara de Vereadores - O Timoneiro Jornal Canoas RS\" \/>\n<meta property=\"og:description\" content=\"A Sess\u00e3o Extraordin\u00e1ria realizada na manh\u00e3 desta quinta-feira, 30, para debater e aprovar dois Projetos de Lei encaminhados pelo executivo, teve, ap\u00f3s acordo entre vereadores e representantes dos servidores, o seu adiamento, tendo em vista uma maior discuss\u00e3o e debate em cima dos projetos a serem votados. As proposi\u00e7\u00f5es tratam da revis\u00e3o geral anual da [&hellip;]\" \/>\n<meta property=\"og:url\" content=\"https:\/\/jornaltimoneiro.com.br\/index.php\/2020\/01\/31\/sessao-extraordinaria-gera-discussao-e-protestos-na-camara-de-vereadores\/\" \/>\n<meta property=\"og:site_name\" content=\"O Timoneiro Jornal Canoas RS\" \/>\n<meta property=\"article:publisher\" content=\"https:\/\/www.facebook.com\/jornaltimoneiro\" \/>\n<meta property=\"article:published_time\" content=\"2020-01-31T14:00:33+00:00\" \/>\n<meta property=\"og:image\" content=\"https:\/\/jornaltimoneiro.com.br\/wp-content\/uploads\/2020\/01\/820fcb31-d987-430b-a51b-fef975437736.jpg\" \/>\n\t<meta property=\"og:image:width\" content=\"1280\" \/>\n\t<meta property=\"og:image:height\" content=\"853\" \/>\n\t<meta property=\"og:image:type\" content=\"image\/jpeg\" \/>\n<meta name=\"author\" content=\"Reda\u00e7\u00e3o\" \/>\n<meta name=\"twitter:card\" content=\"summary_large_image\" \/>\n<meta name=\"twitter:creator\" content=\"@_OTimoneiro\" \/>\n<meta name=\"twitter:site\" content=\"@_OTimoneiro\" \/>\n<meta name=\"twitter:label1\" content=\"Escrito por\" \/>\n\t<meta name=\"twitter:data1\" content=\"Reda\u00e7\u00e3o\" \/>\n\t<meta name=\"twitter:label2\" content=\"Est. tempo de leitura\" \/>\n\t<meta name=\"twitter:data2\" content=\"2 minutos\" \/>\n<script type=\"application\/ld+json\" class=\"yoast-schema-graph\">{\"@context\":\"https:\/\/schema.org\",\"@graph\":[{\"@type\":\"Article\",\"@id\":\"https:\/\/jornaltimoneiro.com.br\/index.php\/2020\/01\/31\/sessao-extraordinaria-gera-discussao-e-protestos-na-camara-de-vereadores\/#article\",\"isPartOf\":{\"@id\":\"https:\/\/jornaltimoneiro.com.br\/index.php\/2020\/01\/31\/sessao-extraordinaria-gera-discussao-e-protestos-na-camara-de-vereadores\/\"},\"author\":{\"name\":\"Reda\u00e7\u00e3o\",\"@id\":\"https:\/\/jornaltimoneiro.com.br\/#\/schema\/person\/f63482f1a02b1a9592707865e509ab40\"},\"headline\":\"Sess\u00e3o Extraordin\u00e1ria gera discuss\u00e3o e protestos na C\u00e2mara de Vereadores\",\"datePublished\":\"2020-01-31T14:00:33+00:00\",\"dateModified\":\"2020-01-31T14:00:33+00:00\",\"mainEntityOfPage\":{\"@id\":\"https:\/\/jornaltimoneiro.com.br\/index.php\/2020\/01\/31\/sessao-extraordinaria-gera-discussao-e-protestos-na-camara-de-vereadores\/\"},\"wordCount\":407,\"publisher\":{\"@id\":\"https:\/\/jornaltimoneiro.com.br\/#organization\"},\"articleSection\":[\"Destaques\"],\"inLanguage\":\"pt-BR\"},{\"@type\":\"WebPage\",\"@id\":\"https:\/\/jornaltimoneiro.com.br\/index.php\/2020\/01\/31\/sessao-extraordinaria-gera-discussao-e-protestos-na-camara-de-vereadores\/\",\"url\":\"https:\/\/jornaltimoneiro.com.br\/index.php\/2020\/01\/31\/sessao-extraordinaria-gera-discussao-e-protestos-na-camara-de-vereadores\/\",\"name\":\"Sess\u00e3o Extraordin\u00e1ria gera discuss\u00e3o e protestos na C\u00e2mara de Vereadores - O Timoneiro Jornal Canoas RS\",\"isPartOf\":{\"@id\":\"https:\/\/jornaltimoneiro.com.br\/#website\"},\"datePublished\":\"2020-01-31T14:00:33+00:00\",\"dateModified\":\"2020-01-31T14:00:33+00:00\",\"breadcrumb\":{\"@id\":\"https:\/\/jornaltimoneiro.com.br\/index.php\/2020\/01\/31\/sessao-extraordinaria-gera-discussao-e-protestos-na-camara-de-vereadores\/#breadcrumb\"},\"inLanguage\":\"pt-BR\",\"potentialAction\":[{\"@type\":\"ReadAction\",\"target\":[\"https:\/\/jornaltimoneiro.com.br\/index.php\/2020\/01\/31\/sessao-extraordinaria-gera-discussao-e-protestos-na-camara-de-vereadores\/\"]}]},{\"@type\":\"BreadcrumbList\",\"@id\":\"https:\/\/jornaltimoneiro.com.br\/index.php\/2020\/01\/31\/sessao-extraordinaria-gera-discussao-e-protestos-na-camara-de-vereadores\/#breadcrumb\",\"itemListElement\":[{\"@type\":\"ListItem\",\"position\":1,\"name\":\"In\u00edcio\",\"item\":\"https:\/\/jornaltimoneiro.com.br\/\"},{\"@type\":\"ListItem\",\"position\":2,\"name\":\"Sess\u00e3o Extraordin\u00e1ria gera discuss\u00e3o e protestos na C\u00e2mara de Vereadores\"}]},{\"@type\":\"WebSite\",\"@id\":\"https:\/\/jornaltimoneiro.com.br\/#website\",\"url\":\"https:\/\/jornaltimoneiro.com.br\/\",\"name\":\"Jornal Timoneiro Canoas RS\",\"description\":\"Jornal O Timoneiro, o verdadeiro jornal de Canoas\",\"publisher\":{\"@id\":\"https:\/\/jornaltimoneiro.com.br\/#organization\"},\"potentialAction\":[{\"@type\":\"SearchAction\",\"target\":{\"@type\":\"EntryPoint\",\"urlTemplate\":\"https:\/\/jornaltimoneiro.com.br\/?s={search_term_string}\"},\"query-input\":\"required name=search_term_string\"}],\"inLanguage\":\"pt-BR\"},{\"@type\":\"Organization\",\"@id\":\"https:\/\/jornaltimoneiro.com.br\/#organization\",\"name\":\"Jornal Timoneiro Canoas RS\",\"url\":\"https:\/\/jornaltimoneiro.com.br\/\",\"logo\":{\"@type\":\"ImageObject\",\"inLanguage\":\"pt-BR\",\"@id\":\"https:\/\/jornaltimoneiro.com.br\/#\/schema\/logo\/image\/\",\"url\":\"https:\/\/jornaltimoneiro.com.br\/wp-content\/uploads\/2023\/03\/logonovo.png\",\"contentUrl\":\"https:\/\/jornaltimoneiro.com.br\/wp-content\/uploads\/2023\/03\/logonovo.png\",\"width\":\"469\",\"height\":\"171\",\"caption\":\"Jornal Timoneiro Canoas RS\"},\"image\":{\"@id\":\"https:\/\/jornaltimoneiro.com.br\/#\/schema\/logo\/image\/\"},\"sameAs\":[\"https:\/\/www.facebook.com\/jornaltimoneiro\",\"https:\/\/twitter.com\/_OTimoneiro\",\"https:\/\/www.instagram.com\/jornaltimoneirocanoas\/\",\"https:\/\/www.youtube.com\/@jornalotimoneiro7927\"]},{\"@type\":\"Person\",\"@id\":\"https:\/\/jornaltimoneiro.com.br\/#\/schema\/person\/f63482f1a02b1a9592707865e509ab40\",\"name\":\"Reda\u00e7\u00e3o\",\"image\":{\"@type\":\"ImageObject\",\"inLanguage\":\"pt-BR\",\"@id\":\"https:\/\/jornaltimoneiro.com.br\/#\/schema\/person\/image\/\",\"url\":\"https:\/\/jornaltimoneiro.com.br\/wp-content\/uploads\/2023\/03\/download.jpeg\",\"contentUrl\":\"https:\/\/jornaltimoneiro.com.br\/wp-content\/uploads\/2023\/03\/download.jpeg\",\"caption\":\"Reda\u00e7\u00e3o\"},\"url\":\"https:\/\/jornaltimoneiro.com.br\/index.php\/author\/simone-dutra\/\"}]}<\/script>\n<!-- \/ Yoast SEO plugin. -->","yoast_head_json":{"title":"Sess\u00e3o Extraordin\u00e1ria gera discuss\u00e3o e protestos na C\u00e2mara de Vereadores - O Timoneiro Jornal Canoas RS","robots":{"index":"index","follow":"follow","max-snippet":"max-snippet:-1","max-image-preview":"max-image-preview:large","max-video-preview":"max-video-preview:-1"},"canonical":"https:\/\/jornaltimoneiro.com.br\/index.php\/2020\/01\/31\/sessao-extraordinaria-gera-discussao-e-protestos-na-camara-de-vereadores\/","og_locale":"pt_BR","og_type":"article","og_title":"Sess\u00e3o Extraordin\u00e1ria gera discuss\u00e3o e protestos na C\u00e2mara de Vereadores - O Timoneiro Jornal Canoas RS","og_description":"A Sess\u00e3o Extraordin\u00e1ria realizada na manh\u00e3 desta quinta-feira, 30, para debater e aprovar dois Projetos de Lei encaminhados pelo executivo, teve, ap\u00f3s acordo entre vereadores e representantes dos servidores, o seu adiamento, tendo em vista uma maior discuss\u00e3o e debate em cima dos projetos a serem votados. As proposi\u00e7\u00f5es tratam da revis\u00e3o geral anual da [&hellip;]","og_url":"https:\/\/jornaltimoneiro.com.br\/index.php\/2020\/01\/31\/sessao-extraordinaria-gera-discussao-e-protestos-na-camara-de-vereadores\/","og_site_name":"O Timoneiro Jornal Canoas RS","article_publisher":"https:\/\/www.facebook.com\/jornaltimoneiro","article_published_time":"2020-01-31T14:00:33+00:00","og_image":[{"width":1280,"height":853,"url":"https:\/\/jornaltimoneiro.com.br\/wp-content\/uploads\/2020\/01\/820fcb31-d987-430b-a51b-fef975437736.jpg","type":"image\/jpeg"}],"author":"Reda\u00e7\u00e3o","twitter_card":"summary_large_image","twitter_creator":"@_OTimoneiro","twitter_site":"@_OTimoneiro","twitter_misc":{"Escrito por":"Reda\u00e7\u00e3o","Est. tempo de leitura":"2 minutos"},"schema":{"@context":"https:\/\/schema.org","@graph":[{"@type":"Article","@id":"https:\/\/jornaltimoneiro.com.br\/index.php\/2020\/01\/31\/sessao-extraordinaria-gera-discussao-e-protestos-na-camara-de-vereadores\/#article","isPartOf":{"@id":"https:\/\/jornaltimoneiro.com.br\/index.php\/2020\/01\/31\/sessao-extraordinaria-gera-discussao-e-protestos-na-camara-de-vereadores\/"},"author":{"name":"Reda\u00e7\u00e3o","@id":"https:\/\/jornaltimoneiro.com.br\/#\/schema\/person\/f63482f1a02b1a9592707865e509ab40"},"headline":"Sess\u00e3o Extraordin\u00e1ria gera discuss\u00e3o e protestos na C\u00e2mara de Vereadores","datePublished":"2020-01-31T14:00:33+00:00","dateModified":"2020-01-31T14:00:33+00:00","mainEntityOfPage":{"@id":"https:\/\/jornaltimoneiro.com.br\/index.php\/2020\/01\/31\/sessao-extraordinaria-gera-discussao-e-protestos-na-camara-de-vereadores\/"},"wordCount":407,"publisher":{"@id":"https:\/\/jornaltimoneiro.com.br\/#organization"},"articleSection":["Destaques"],"inLanguage":"pt-BR"},{"@type":"WebPage","@id":"https:\/\/jornaltimoneiro.com.br\/index.php\/2020\/01\/31\/sessao-extraordinaria-gera-discussao-e-protestos-na-camara-de-vereadores\/","url":"https:\/\/jornaltimoneiro.com.br\/index.php\/2020\/01\/31\/sessao-extraordinaria-gera-discussao-e-protestos-na-camara-de-vereadores\/","name":"Sess\u00e3o Extraordin\u00e1ria gera discuss\u00e3o e protestos na C\u00e2mara de Vereadores - O Timoneiro Jornal Canoas RS","isPartOf":{"@id":"https:\/\/jornaltimoneiro.com.br\/#website"},"datePublished":"2020-01-31T14:00:33+00:00","dateModified":"2020-01-31T14:00:33+00:00","breadcrumb":{"@id":"https:\/\/jornaltimoneiro.com.br\/index.php\/2020\/01\/31\/sessao-extraordinaria-gera-discussao-e-protestos-na-camara-de-vereadores\/#breadcrumb"},"inLanguage":"pt-BR","potentialAction":[{"@type":"ReadAction","target":["https:\/\/jornaltimoneiro.com.br\/index.php\/2020\/01\/31\/sessao-extraordinaria-gera-discussao-e-protestos-na-camara-de-vereadores\/"]}]},{"@type":"BreadcrumbList","@id":"https:\/\/jornaltimoneiro.com.br\/index.php\/2020\/01\/31\/sessao-extraordinaria-gera-discussao-e-protestos-na-camara-de-vereadores\/#breadcrumb","itemListElement":[{"@type":"ListItem","position":1,"name":"In\u00edcio","item":"https:\/\/jornaltimoneiro.com.br\/"},{"@type":"ListItem","position":2,"name":"Sess\u00e3o Extraordin\u00e1ria gera discuss\u00e3o e protestos na C\u00e2mara de Vereadores"}]},{"@type":"WebSite","@id":"https:\/\/jornaltimoneiro.com.br\/#website","url":"https:\/\/jornaltimoneiro.com.br\/","name":"Jornal Timoneiro Canoas RS","description":"Jornal O Timoneiro, o verdadeiro jornal de Canoas","publisher":{"@id":"https:\/\/jornaltimoneiro.com.br\/#organization"},"potentialAction":[{"@type":"SearchAction","target":{"@type":"EntryPoint","urlTemplate":"https:\/\/jornaltimoneiro.com.br\/?s={search_term_string}"},"query-input":"required name=search_term_string"}],"inLanguage":"pt-BR"},{"@type":"Organization","@id":"https:\/\/jornaltimoneiro.com.br\/#organization","name":"Jornal Timoneiro Canoas RS","url":"https:\/\/jornaltimoneiro.com.br\/","logo":{"@type":"ImageObject","inLanguage":"pt-BR","@id":"https:\/\/jornaltimoneiro.com.br\/#\/schema\/logo\/image\/","url":"https:\/\/jornaltimoneiro.com.br\/wp-content\/uploads\/2023\/03\/logonovo.png","contentUrl":"https:\/\/jornaltimoneiro.com.br\/wp-content\/uploads\/2023\/03\/logonovo.png","width":"469","height":"171","caption":"Jornal Timoneiro Canoas RS"},"image":{"@id":"https:\/\/jornaltimoneiro.com.br\/#\/schema\/logo\/image\/"},"sameAs":["https:\/\/www.facebook.com\/jornaltimoneiro","https:\/\/twitter.com\/_OTimoneiro","https:\/\/www.instagram.com\/jornaltimoneirocanoas\/","https:\/\/www.youtube.com\/@jornalotimoneiro7927"]},{"@type":"Person","@id":"https:\/\/jornaltimoneiro.com.br\/#\/schema\/person\/f63482f1a02b1a9592707865e509ab40","name":"Reda\u00e7\u00e3o","image":{"@type":"ImageObject","inLanguage":"pt-BR","@id":"https:\/\/jornaltimoneiro.com.br\/#\/schema\/person\/image\/","url":"https:\/\/jornaltimoneiro.com.br\/wp-content\/uploads\/2023\/03\/download.jpeg","contentUrl":"https:\/\/jornaltimoneiro.com.br\/wp-content\/uploads\/2023\/03\/download.jpeg","caption":"Reda\u00e7\u00e3o"},"url":"https:\/\/jornaltimoneiro.com.br\/index.php\/author\/simone-dutra\/"}]}},"_links":{"self":[{"href":"https:\/\/jornaltimoneiro.com.br\/index.php\/wp-json\/wp\/v2\/posts\/15252"}],"collection":[{"href":"https:\/\/jornaltimoneiro.com.br\/index.php\/wp-json\/wp\/v2\/posts"}],"about":[{"href":"https:\/\/jornaltimoneiro.com.br\/index.php\/wp-json\/wp\/v2\/types\/post"}],"author":[{"embeddable":true,"href":"https:\/\/jornaltimoneiro.com.br\/index.php\/wp-json\/wp\/v2\/users\/2"}],"replies":[{"embeddable":true,"href":"https:\/\/jornaltimoneiro.com.br\/index.php\/wp-json\/wp\/v2\/comments?post=15252"}],"version-history":[{"count":0,"href":"https:\/\/jornaltimoneiro.com.br\/index.php\/wp-json\/wp\/v2\/posts\/15252\/revisions"}],"wp:featuredmedia":[{"embeddable":true,"href":"https:\/\/jornaltimoneiro.com.br\/index.php\/wp-json\/wp\/v2\/media\/15253"}],"wp:attachment":[{"href":"https:\/\/jornaltimoneiro.com.br\/index.php\/wp-json\/wp\/v2\/media?parent=15252"}],"wp:term":[{"taxonomy":"category","embeddable":true,"href":"https:\/\/jornaltimoneiro.com.br\/index.php\/wp-json\/wp\/v2\/categories?post=15252"},{"taxonomy":"post_tag","embeddable":true,"href":"https:\/\/jornaltimoneiro.com.br\/index.php\/wp-json\/wp\/v2\/tags?post=15252"}],"curies":[{"name":"wp","href":"https:\/\/api.w.org\/{rel}","templated":true}]}}