{"id":15121,"date":"2020-01-10T11:27:31","date_gmt":"2020-01-10T13:27:31","guid":{"rendered":"https:\/\/jornaltimoneiro.com.br\/?p=15121"},"modified":"2020-01-28T17:05:25","modified_gmt":"2020-01-28T19:05:25","slug":"novos-conselheiros-tutelares-assumem-cargo-nesta-sexta-feira-10","status":"publish","type":"post","link":"https:\/\/jornaltimoneiro.com.br\/index.php\/2020\/01\/10\/novos-conselheiros-tutelares-assumem-cargo-nesta-sexta-feira-10\/","title":{"rendered":"Novos conselheiros tutelares assumem cargo nesta sexta-feira, 10"},"content":{"rendered":"<p>Os 20 novos conselheiros tutelares canoenses assumem o cargo a partir de hoje no munic\u00edpio, e na \u00faltima ter\u00e7a-feira tomaram posse em cerim\u00f4nia realizada no col\u00e9gio Maria Auxiliadora. <\/p>\n<p>Os conselheiros passaram por tr\u00eas fases eliminat\u00f3rias antes da vota\u00e7\u00e3o: as inscri\u00e7\u00f5es, a avalia\u00e7\u00e3o psicol\u00f3gica e uma prova de conhecimentos. No pleito, realizado em outubro, foi escolhido 20 membros titulares e 20 suplentes. Os empossados ir\u00e3o trabalhar nas quatro microrregi\u00f5es do Conselho Tutelar de Canoas. S\u00e3o elas: Sudoeste (Rio Branco), Sudeste (Niter\u00f3i), Nordeste (Guajuviras) e Noroeste (Mathias Velho).<\/p>\n<p>A fun\u00e7\u00e3o dos conselheiros e conselheiras \u00e9 garantir a prote\u00e7\u00e3o de crian\u00e7as e adolescentes que tenham seus direitos violados, garantindo a efetiva\u00e7\u00e3o de direitos e prote\u00e7\u00e3o, conforme determina o Estatuto da Crian\u00e7a e do Adolescente (ECA).<\/p>\n<p>A conselheira Carla Amaral falou da responsabilidade do cargo. \u201cQue n\u00f3s possamos juntos, todos os conselheiros, com compet\u00eancia e sabedoria, realmente fazer a diferen\u00e7a na vida das crian\u00e7as e adolescentes de Canoas, eu tenho a certeza que vamos fazer um grande mandato. Eu, Carla, particularmente, estou muito feliz e orgulhosa de fazer parte desse colegiado, quero dar o meu melhor na fun\u00e7\u00e3o que irei assumir\u201d. <\/p>\n<p><img decoding=\"async\" src=\"https:\/\/jornaltimoneiro.com.br\/wp-content\/uploads\/2020\/01\/Conselho-tutelar.jpg\" alt=\"\" width=\"1280\" height=\"853\" class=\"alignnone size-full wp-image-15122\" srcset=\"https:\/\/jornaltimoneiro.com.br\/wp-content\/uploads\/2020\/01\/Conselho-tutelar.jpg 1280w, https:\/\/jornaltimoneiro.com.br\/wp-content\/uploads\/2020\/01\/Conselho-tutelar-300x200.jpg 300w, https:\/\/jornaltimoneiro.com.br\/wp-content\/uploads\/2020\/01\/Conselho-tutelar-768x512.jpg 768w, https:\/\/jornaltimoneiro.com.br\/wp-content\/uploads\/2020\/01\/Conselho-tutelar-1024x682.jpg 1024w, https:\/\/jornaltimoneiro.com.br\/wp-content\/uploads\/2020\/01\/Conselho-tutelar-696x464.jpg 696w, https:\/\/jornaltimoneiro.com.br\/wp-content\/uploads\/2020\/01\/Conselho-tutelar-1068x712.jpg 1068w, https:\/\/jornaltimoneiro.com.br\/wp-content\/uploads\/2020\/01\/Conselho-tutelar-630x420.jpg 630w\" sizes=\"(max-width: 1280px) 100vw, 1280px\" \/><\/p>\n<p><strong>Conselheiros empossados: <\/strong><\/p>\n<p>a) Rog\u00e9rio da Silva Ambieda<br \/>\nb) S\u00f4nia Mara Souza Bittencourt do Canto<br \/>\nc) Daiane Almeida Machado<br \/>\nd) Rog\u00e9rio Bahi Behn<br \/>\ne) Carlos Fernando de Almeida Thober<br \/>\nf) Apparicio Lafayete Izidro de Lima<br \/>\ng) Luciana Medina dos Santos<br \/>\nh) Daniel Silveira Cardoso<br \/>\ni) Simone do Prado Kober de Vargas<br \/>\nj) Dilvio de Oliveira Ramos<br \/>\nk) Larissa dos Santos<br \/>\nl) Fabiane Scherer<br \/>\nm) Carla Iracema Amaral<br \/>\nn) Karla Cust\u00f3dio Silva da Cunha<br \/>\no) Alcindo Rodrigues Pereira<br \/>\np) Elis\u00e2ngela Siqueira de Oliveira<br \/>\nq) Flavia da Silva Gon\u00e7alves<br \/>\nr) Mariana Bonatto<br \/>\ns) Carmen Regina Silva Nunes<br \/>\nt) Jaqueline Andrigo da Silva<\/p>\n","protected":false},"excerpt":{"rendered":"<p>Os 20 novos conselheiros tutelares canoenses assumem o cargo a partir de hoje no munic\u00edpio, e na \u00faltima ter\u00e7a-feira tomaram posse em cerim\u00f4nia realizada no col\u00e9gio Maria Auxiliadora. Os conselheiros passaram por tr\u00eas fases eliminat\u00f3rias antes da vota\u00e7\u00e3o: as inscri\u00e7\u00f5es, a avalia\u00e7\u00e3o psicol\u00f3gica e uma prova de conhecimentos. No pleito, realizado em outubro, foi escolhido [&hellip;]<\/p>\n","protected":false},"author":2,"featured_media":15122,"comment_status":"closed","ping_status":"closed","sticky":false,"template":"","format":"standard","meta":{"amp_status":"","footnotes":""},"categories":[23],"tags":[],"class_list":["post-15121","post","type-post","status-publish","format-standard","has-post-thumbnail","hentry","category-geral"],"yoast_head":"<!-- This site is optimized with the Yoast SEO plugin v20.5 - https:\/\/yoast.com\/wordpress\/plugins\/seo\/ -->\n<title>Novos conselheiros tutelares assumem cargo nesta sexta-feira, 10 - O Timoneiro Jornal Canoas RS<\/title>\n<meta name=\"robots\" content=\"index, follow, max-snippet:-1, max-image-preview:large, max-video-preview:-1\" \/>\n<link rel=\"canonical\" href=\"https:\/\/jornaltimoneiro.com.br\/index.php\/2020\/01\/10\/novos-conselheiros-tutelares-assumem-cargo-nesta-sexta-feira-10\/\" \/>\n<meta property=\"og:locale\" content=\"pt_BR\" \/>\n<meta property=\"og:type\" content=\"article\" \/>\n<meta property=\"og:title\" content=\"Novos conselheiros tutelares assumem cargo nesta sexta-feira, 10 - O Timoneiro Jornal Canoas RS\" \/>\n<meta property=\"og:description\" content=\"Os 20 novos conselheiros tutelares canoenses assumem o cargo a partir de hoje no munic\u00edpio, e na \u00faltima ter\u00e7a-feira tomaram posse em cerim\u00f4nia realizada no col\u00e9gio Maria Auxiliadora. Os conselheiros passaram por tr\u00eas fases eliminat\u00f3rias antes da vota\u00e7\u00e3o: as inscri\u00e7\u00f5es, a avalia\u00e7\u00e3o psicol\u00f3gica e uma prova de conhecimentos. No pleito, realizado em outubro, foi escolhido [&hellip;]\" \/>\n<meta property=\"og:url\" content=\"https:\/\/jornaltimoneiro.com.br\/index.php\/2020\/01\/10\/novos-conselheiros-tutelares-assumem-cargo-nesta-sexta-feira-10\/\" \/>\n<meta property=\"og:site_name\" content=\"O Timoneiro Jornal Canoas RS\" \/>\n<meta property=\"article:publisher\" content=\"https:\/\/www.facebook.com\/jornaltimoneiro\" \/>\n<meta property=\"article:published_time\" content=\"2020-01-10T13:27:31+00:00\" \/>\n<meta property=\"article:modified_time\" content=\"2020-01-28T19:05:25+00:00\" \/>\n<meta property=\"og:image\" content=\"https:\/\/jornaltimoneiro.com.br\/wp-content\/uploads\/2020\/01\/Conselho-tutelar.jpg\" \/>\n\t<meta property=\"og:image:width\" content=\"1280\" \/>\n\t<meta property=\"og:image:height\" content=\"853\" \/>\n\t<meta property=\"og:image:type\" content=\"image\/jpeg\" \/>\n<meta name=\"author\" content=\"Reda\u00e7\u00e3o\" \/>\n<meta name=\"twitter:card\" content=\"summary_large_image\" \/>\n<meta name=\"twitter:creator\" content=\"@_OTimoneiro\" \/>\n<meta name=\"twitter:site\" content=\"@_OTimoneiro\" \/>\n<meta name=\"twitter:label1\" content=\"Escrito por\" \/>\n\t<meta name=\"twitter:data1\" content=\"Reda\u00e7\u00e3o\" \/>\n\t<meta name=\"twitter:label2\" content=\"Est. tempo de leitura\" \/>\n\t<meta name=\"twitter:data2\" content=\"2 minutos\" \/>\n<script type=\"application\/ld+json\" class=\"yoast-schema-graph\">{\"@context\":\"https:\/\/schema.org\",\"@graph\":[{\"@type\":\"Article\",\"@id\":\"https:\/\/jornaltimoneiro.com.br\/index.php\/2020\/01\/10\/novos-conselheiros-tutelares-assumem-cargo-nesta-sexta-feira-10\/#article\",\"isPartOf\":{\"@id\":\"https:\/\/jornaltimoneiro.com.br\/index.php\/2020\/01\/10\/novos-conselheiros-tutelares-assumem-cargo-nesta-sexta-feira-10\/\"},\"author\":{\"name\":\"Reda\u00e7\u00e3o\",\"@id\":\"https:\/\/jornaltimoneiro.com.br\/#\/schema\/person\/f63482f1a02b1a9592707865e509ab40\"},\"headline\":\"Novos conselheiros tutelares assumem cargo nesta sexta-feira, 10\",\"datePublished\":\"2020-01-10T13:27:31+00:00\",\"dateModified\":\"2020-01-28T19:05:25+00:00\",\"mainEntityOfPage\":{\"@id\":\"https:\/\/jornaltimoneiro.com.br\/index.php\/2020\/01\/10\/novos-conselheiros-tutelares-assumem-cargo-nesta-sexta-feira-10\/\"},\"wordCount\":320,\"publisher\":{\"@id\":\"https:\/\/jornaltimoneiro.com.br\/#organization\"},\"articleSection\":[\"Geral\"],\"inLanguage\":\"pt-BR\"},{\"@type\":\"WebPage\",\"@id\":\"https:\/\/jornaltimoneiro.com.br\/index.php\/2020\/01\/10\/novos-conselheiros-tutelares-assumem-cargo-nesta-sexta-feira-10\/\",\"url\":\"https:\/\/jornaltimoneiro.com.br\/index.php\/2020\/01\/10\/novos-conselheiros-tutelares-assumem-cargo-nesta-sexta-feira-10\/\",\"name\":\"Novos conselheiros tutelares assumem cargo nesta sexta-feira, 10 - O Timoneiro Jornal Canoas RS\",\"isPartOf\":{\"@id\":\"https:\/\/jornaltimoneiro.com.br\/#website\"},\"datePublished\":\"2020-01-10T13:27:31+00:00\",\"dateModified\":\"2020-01-28T19:05:25+00:00\",\"breadcrumb\":{\"@id\":\"https:\/\/jornaltimoneiro.com.br\/index.php\/2020\/01\/10\/novos-conselheiros-tutelares-assumem-cargo-nesta-sexta-feira-10\/#breadcrumb\"},\"inLanguage\":\"pt-BR\",\"potentialAction\":[{\"@type\":\"ReadAction\",\"target\":[\"https:\/\/jornaltimoneiro.com.br\/index.php\/2020\/01\/10\/novos-conselheiros-tutelares-assumem-cargo-nesta-sexta-feira-10\/\"]}]},{\"@type\":\"BreadcrumbList\",\"@id\":\"https:\/\/jornaltimoneiro.com.br\/index.php\/2020\/01\/10\/novos-conselheiros-tutelares-assumem-cargo-nesta-sexta-feira-10\/#breadcrumb\",\"itemListElement\":[{\"@type\":\"ListItem\",\"position\":1,\"name\":\"In\u00edcio\",\"item\":\"https:\/\/jornaltimoneiro.com.br\/\"},{\"@type\":\"ListItem\",\"position\":2,\"name\":\"Novos conselheiros tutelares assumem cargo nesta sexta-feira, 10\"}]},{\"@type\":\"WebSite\",\"@id\":\"https:\/\/jornaltimoneiro.com.br\/#website\",\"url\":\"https:\/\/jornaltimoneiro.com.br\/\",\"name\":\"Jornal Timoneiro Canoas RS\",\"description\":\"Jornal O Timoneiro, o verdadeiro jornal de Canoas\",\"publisher\":{\"@id\":\"https:\/\/jornaltimoneiro.com.br\/#organization\"},\"potentialAction\":[{\"@type\":\"SearchAction\",\"target\":{\"@type\":\"EntryPoint\",\"urlTemplate\":\"https:\/\/jornaltimoneiro.com.br\/?s={search_term_string}\"},\"query-input\":\"required name=search_term_string\"}],\"inLanguage\":\"pt-BR\"},{\"@type\":\"Organization\",\"@id\":\"https:\/\/jornaltimoneiro.com.br\/#organization\",\"name\":\"Jornal Timoneiro Canoas RS\",\"url\":\"https:\/\/jornaltimoneiro.com.br\/\",\"logo\":{\"@type\":\"ImageObject\",\"inLanguage\":\"pt-BR\",\"@id\":\"https:\/\/jornaltimoneiro.com.br\/#\/schema\/logo\/image\/\",\"url\":\"https:\/\/jornaltimoneiro.com.br\/wp-content\/uploads\/2023\/03\/logonovo.png\",\"contentUrl\":\"https:\/\/jornaltimoneiro.com.br\/wp-content\/uploads\/2023\/03\/logonovo.png\",\"width\":\"469\",\"height\":\"171\",\"caption\":\"Jornal Timoneiro Canoas RS\"},\"image\":{\"@id\":\"https:\/\/jornaltimoneiro.com.br\/#\/schema\/logo\/image\/\"},\"sameAs\":[\"https:\/\/www.facebook.com\/jornaltimoneiro\",\"https:\/\/twitter.com\/_OTimoneiro\",\"https:\/\/www.instagram.com\/jornaltimoneirocanoas\/\",\"https:\/\/www.youtube.com\/@jornalotimoneiro7927\"]},{\"@type\":\"Person\",\"@id\":\"https:\/\/jornaltimoneiro.com.br\/#\/schema\/person\/f63482f1a02b1a9592707865e509ab40\",\"name\":\"Reda\u00e7\u00e3o\",\"image\":{\"@type\":\"ImageObject\",\"inLanguage\":\"pt-BR\",\"@id\":\"https:\/\/jornaltimoneiro.com.br\/#\/schema\/person\/image\/\",\"url\":\"https:\/\/jornaltimoneiro.com.br\/wp-content\/uploads\/2023\/03\/download.jpeg\",\"contentUrl\":\"https:\/\/jornaltimoneiro.com.br\/wp-content\/uploads\/2023\/03\/download.jpeg\",\"caption\":\"Reda\u00e7\u00e3o\"},\"url\":\"https:\/\/jornaltimoneiro.com.br\/index.php\/author\/simone-dutra\/\"}]}<\/script>\n<!-- \/ Yoast SEO plugin. -->","yoast_head_json":{"title":"Novos conselheiros tutelares assumem cargo nesta sexta-feira, 10 - O Timoneiro Jornal Canoas RS","robots":{"index":"index","follow":"follow","max-snippet":"max-snippet:-1","max-image-preview":"max-image-preview:large","max-video-preview":"max-video-preview:-1"},"canonical":"https:\/\/jornaltimoneiro.com.br\/index.php\/2020\/01\/10\/novos-conselheiros-tutelares-assumem-cargo-nesta-sexta-feira-10\/","og_locale":"pt_BR","og_type":"article","og_title":"Novos conselheiros tutelares assumem cargo nesta sexta-feira, 10 - O Timoneiro Jornal Canoas RS","og_description":"Os 20 novos conselheiros tutelares canoenses assumem o cargo a partir de hoje no munic\u00edpio, e na \u00faltima ter\u00e7a-feira tomaram posse em cerim\u00f4nia realizada no col\u00e9gio Maria Auxiliadora. Os conselheiros passaram por tr\u00eas fases eliminat\u00f3rias antes da vota\u00e7\u00e3o: as inscri\u00e7\u00f5es, a avalia\u00e7\u00e3o psicol\u00f3gica e uma prova de conhecimentos. No pleito, realizado em outubro, foi escolhido [&hellip;]","og_url":"https:\/\/jornaltimoneiro.com.br\/index.php\/2020\/01\/10\/novos-conselheiros-tutelares-assumem-cargo-nesta-sexta-feira-10\/","og_site_name":"O Timoneiro Jornal Canoas RS","article_publisher":"https:\/\/www.facebook.com\/jornaltimoneiro","article_published_time":"2020-01-10T13:27:31+00:00","article_modified_time":"2020-01-28T19:05:25+00:00","og_image":[{"width":1280,"height":853,"url":"https:\/\/jornaltimoneiro.com.br\/wp-content\/uploads\/2020\/01\/Conselho-tutelar.jpg","type":"image\/jpeg"}],"author":"Reda\u00e7\u00e3o","twitter_card":"summary_large_image","twitter_creator":"@_OTimoneiro","twitter_site":"@_OTimoneiro","twitter_misc":{"Escrito por":"Reda\u00e7\u00e3o","Est. tempo de leitura":"2 minutos"},"schema":{"@context":"https:\/\/schema.org","@graph":[{"@type":"Article","@id":"https:\/\/jornaltimoneiro.com.br\/index.php\/2020\/01\/10\/novos-conselheiros-tutelares-assumem-cargo-nesta-sexta-feira-10\/#article","isPartOf":{"@id":"https:\/\/jornaltimoneiro.com.br\/index.php\/2020\/01\/10\/novos-conselheiros-tutelares-assumem-cargo-nesta-sexta-feira-10\/"},"author":{"name":"Reda\u00e7\u00e3o","@id":"https:\/\/jornaltimoneiro.com.br\/#\/schema\/person\/f63482f1a02b1a9592707865e509ab40"},"headline":"Novos conselheiros tutelares assumem cargo nesta sexta-feira, 10","datePublished":"2020-01-10T13:27:31+00:00","dateModified":"2020-01-28T19:05:25+00:00","mainEntityOfPage":{"@id":"https:\/\/jornaltimoneiro.com.br\/index.php\/2020\/01\/10\/novos-conselheiros-tutelares-assumem-cargo-nesta-sexta-feira-10\/"},"wordCount":320,"publisher":{"@id":"https:\/\/jornaltimoneiro.com.br\/#organization"},"articleSection":["Geral"],"inLanguage":"pt-BR"},{"@type":"WebPage","@id":"https:\/\/jornaltimoneiro.com.br\/index.php\/2020\/01\/10\/novos-conselheiros-tutelares-assumem-cargo-nesta-sexta-feira-10\/","url":"https:\/\/jornaltimoneiro.com.br\/index.php\/2020\/01\/10\/novos-conselheiros-tutelares-assumem-cargo-nesta-sexta-feira-10\/","name":"Novos conselheiros tutelares assumem cargo nesta sexta-feira, 10 - O Timoneiro Jornal Canoas RS","isPartOf":{"@id":"https:\/\/jornaltimoneiro.com.br\/#website"},"datePublished":"2020-01-10T13:27:31+00:00","dateModified":"2020-01-28T19:05:25+00:00","breadcrumb":{"@id":"https:\/\/jornaltimoneiro.com.br\/index.php\/2020\/01\/10\/novos-conselheiros-tutelares-assumem-cargo-nesta-sexta-feira-10\/#breadcrumb"},"inLanguage":"pt-BR","potentialAction":[{"@type":"ReadAction","target":["https:\/\/jornaltimoneiro.com.br\/index.php\/2020\/01\/10\/novos-conselheiros-tutelares-assumem-cargo-nesta-sexta-feira-10\/"]}]},{"@type":"BreadcrumbList","@id":"https:\/\/jornaltimoneiro.com.br\/index.php\/2020\/01\/10\/novos-conselheiros-tutelares-assumem-cargo-nesta-sexta-feira-10\/#breadcrumb","itemListElement":[{"@type":"ListItem","position":1,"name":"In\u00edcio","item":"https:\/\/jornaltimoneiro.com.br\/"},{"@type":"ListItem","position":2,"name":"Novos conselheiros tutelares assumem cargo nesta sexta-feira, 10"}]},{"@type":"WebSite","@id":"https:\/\/jornaltimoneiro.com.br\/#website","url":"https:\/\/jornaltimoneiro.com.br\/","name":"Jornal Timoneiro Canoas RS","description":"Jornal O Timoneiro, o verdadeiro jornal de Canoas","publisher":{"@id":"https:\/\/jornaltimoneiro.com.br\/#organization"},"potentialAction":[{"@type":"SearchAction","target":{"@type":"EntryPoint","urlTemplate":"https:\/\/jornaltimoneiro.com.br\/?s={search_term_string}"},"query-input":"required name=search_term_string"}],"inLanguage":"pt-BR"},{"@type":"Organization","@id":"https:\/\/jornaltimoneiro.com.br\/#organization","name":"Jornal Timoneiro Canoas RS","url":"https:\/\/jornaltimoneiro.com.br\/","logo":{"@type":"ImageObject","inLanguage":"pt-BR","@id":"https:\/\/jornaltimoneiro.com.br\/#\/schema\/logo\/image\/","url":"https:\/\/jornaltimoneiro.com.br\/wp-content\/uploads\/2023\/03\/logonovo.png","contentUrl":"https:\/\/jornaltimoneiro.com.br\/wp-content\/uploads\/2023\/03\/logonovo.png","width":"469","height":"171","caption":"Jornal Timoneiro Canoas RS"},"image":{"@id":"https:\/\/jornaltimoneiro.com.br\/#\/schema\/logo\/image\/"},"sameAs":["https:\/\/www.facebook.com\/jornaltimoneiro","https:\/\/twitter.com\/_OTimoneiro","https:\/\/www.instagram.com\/jornaltimoneirocanoas\/","https:\/\/www.youtube.com\/@jornalotimoneiro7927"]},{"@type":"Person","@id":"https:\/\/jornaltimoneiro.com.br\/#\/schema\/person\/f63482f1a02b1a9592707865e509ab40","name":"Reda\u00e7\u00e3o","image":{"@type":"ImageObject","inLanguage":"pt-BR","@id":"https:\/\/jornaltimoneiro.com.br\/#\/schema\/person\/image\/","url":"https:\/\/jornaltimoneiro.com.br\/wp-content\/uploads\/2023\/03\/download.jpeg","contentUrl":"https:\/\/jornaltimoneiro.com.br\/wp-content\/uploads\/2023\/03\/download.jpeg","caption":"Reda\u00e7\u00e3o"},"url":"https:\/\/jornaltimoneiro.com.br\/index.php\/author\/simone-dutra\/"}]}},"_links":{"self":[{"href":"https:\/\/jornaltimoneiro.com.br\/index.php\/wp-json\/wp\/v2\/posts\/15121"}],"collection":[{"href":"https:\/\/jornaltimoneiro.com.br\/index.php\/wp-json\/wp\/v2\/posts"}],"about":[{"href":"https:\/\/jornaltimoneiro.com.br\/index.php\/wp-json\/wp\/v2\/types\/post"}],"author":[{"embeddable":true,"href":"https:\/\/jornaltimoneiro.com.br\/index.php\/wp-json\/wp\/v2\/users\/2"}],"replies":[{"embeddable":true,"href":"https:\/\/jornaltimoneiro.com.br\/index.php\/wp-json\/wp\/v2\/comments?post=15121"}],"version-history":[{"count":0,"href":"https:\/\/jornaltimoneiro.com.br\/index.php\/wp-json\/wp\/v2\/posts\/15121\/revisions"}],"wp:featuredmedia":[{"embeddable":true,"href":"https:\/\/jornaltimoneiro.com.br\/index.php\/wp-json\/wp\/v2\/media\/15122"}],"wp:attachment":[{"href":"https:\/\/jornaltimoneiro.com.br\/index.php\/wp-json\/wp\/v2\/media?parent=15121"}],"wp:term":[{"taxonomy":"category","embeddable":true,"href":"https:\/\/jornaltimoneiro.com.br\/index.php\/wp-json\/wp\/v2\/categories?post=15121"},{"taxonomy":"post_tag","embeddable":true,"href":"https:\/\/jornaltimoneiro.com.br\/index.php\/wp-json\/wp\/v2\/tags?post=15121"}],"curies":[{"name":"wp","href":"https:\/\/api.w.org\/{rel}","templated":true}]}}