{"id":15080,"date":"2020-01-03T11:21:14","date_gmt":"2020-01-03T13:21:14","guid":{"rendered":"https:\/\/jornaltimoneiro.com.br\/?p=15080"},"modified":"2020-01-07T16:39:36","modified_gmt":"2020-01-07T18:39:36","slug":"programa-recomecar-coloca-1100-apenados-do-sistema-prisional-a-trabalhar","status":"publish","type":"post","link":"https:\/\/jornaltimoneiro.com.br\/index.php\/2020\/01\/03\/programa-recomecar-coloca-1100-apenados-do-sistema-prisional-a-trabalhar\/","title":{"rendered":"Programa Recome\u00e7ar coloca 1100 apenados do sistema prisional a trabalhar"},"content":{"rendered":"<p>O Programa Recome\u00e7ar, capitaneado pela Secretaria Municipal de Desenvolvimento Social (SMDS), busca ressocializar apenados do sistema prisional em regime semiaberto por meio de servi\u00e7os prestados ao munic\u00edpio. Atualmente h\u00e1 96 reeducandos em atividade e novos est\u00e3o sendo selecionados. A m\u00e3o de obra vem sendo empregada na Central de distribui\u00e7\u00e3o de Alimentos (CDA), nos Centros de Refer\u00eancia de Assist\u00eancia Social (CRAS), no Centro de Refer\u00eancia Especializado de Assist\u00eancia Social (CREAS), nas quatro sedes dos Conselhos Tutelares, em trabalhos realizadas pelas Secretarias dos Transportes e de Obras, na Defesa Civil e na cozinha do pr\u00f3prio Instituto Penal de Canoas (IPC).<\/p>\n<p>Mais de 3.982 detentos j\u00e1 passaram pelo Programa, nos \u00faltimos cinco anos. Em 2019, foram 1.100 reeducandos inclu\u00eddos, demonstrando a preocupa\u00e7\u00e3o da atual gest\u00e3o municipal com o impacto social gerado. A previs\u00e3o da Secretaria \u00e9 ampliar os servi\u00e7os para apenados do regime fechado para a confec\u00e7\u00e3o t\u00eaxtil de uniformes para professores da rede municipal de ensino e roupas de cama para abastecimento do Hospital de Pronto Socorro e do Hospital Universit\u00e1rio de Canoas.<\/p>\n<p>A iniciativa, realizada por meio de um conv\u00eanio entre a Prefeitura de Canoas e a Secretaria de Seguran\u00e7a P\u00fablica do Estado do Rio Grande do Sul, s\u00f3 distribui as fun\u00e7\u00f5es depois do apenado passar por uma entrevista, al\u00e9m de an\u00e1lise do delito cometido, da experi\u00eancia profissional e do desejo em ter atividade laboral por parte do candidato a reeducando. Pela jornada de trabalho, os apenados contam com redu\u00e7\u00e3o de pena, conforme prev\u00ea a legisla\u00e7\u00e3o, recebem R$ 900 mensais e uma cesta b\u00e1sica mensal, valores estes quase quatro vezes menos do que custaria um funcion\u00e1rio contratado com v\u00ednculo empregat\u00edcio para essas atividades.<\/p>\n","protected":false},"excerpt":{"rendered":"<p>O Programa Recome\u00e7ar, capitaneado pela Secretaria Municipal de Desenvolvimento Social (SMDS), busca ressocializar apenados do sistema prisional em regime semiaberto por meio de servi\u00e7os prestados ao munic\u00edpio. Atualmente h\u00e1 96 reeducandos em atividade e novos est\u00e3o sendo selecionados. A m\u00e3o de obra vem sendo empregada na Central de distribui\u00e7\u00e3o de Alimentos (CDA), nos Centros de [&hellip;]<\/p>\n","protected":false},"author":2,"featured_media":15082,"comment_status":"closed","ping_status":"closed","sticky":false,"template":"","format":"standard","meta":{"amp_status":"","footnotes":""},"categories":[23],"tags":[],"class_list":["post-15080","post","type-post","status-publish","format-standard","has-post-thumbnail","hentry","category-geral"],"yoast_head":"<!-- This site is optimized with the Yoast SEO plugin v20.5 - https:\/\/yoast.com\/wordpress\/plugins\/seo\/ -->\n<title>Programa Recome\u00e7ar coloca 1100 apenados do sistema prisional a trabalhar - O Timoneiro Jornal Canoas RS<\/title>\n<meta name=\"robots\" content=\"index, follow, max-snippet:-1, max-image-preview:large, max-video-preview:-1\" \/>\n<link rel=\"canonical\" href=\"https:\/\/jornaltimoneiro.com.br\/index.php\/2020\/01\/03\/programa-recomecar-coloca-1100-apenados-do-sistema-prisional-a-trabalhar\/\" \/>\n<meta property=\"og:locale\" content=\"pt_BR\" \/>\n<meta property=\"og:type\" content=\"article\" \/>\n<meta property=\"og:title\" content=\"Programa Recome\u00e7ar coloca 1100 apenados do sistema prisional a trabalhar - O Timoneiro Jornal Canoas RS\" \/>\n<meta property=\"og:description\" content=\"O Programa Recome\u00e7ar, capitaneado pela Secretaria Municipal de Desenvolvimento Social (SMDS), busca ressocializar apenados do sistema prisional em regime semiaberto por meio de servi\u00e7os prestados ao munic\u00edpio. Atualmente h\u00e1 96 reeducandos em atividade e novos est\u00e3o sendo selecionados. A m\u00e3o de obra vem sendo empregada na Central de distribui\u00e7\u00e3o de Alimentos (CDA), nos Centros de [&hellip;]\" \/>\n<meta property=\"og:url\" content=\"https:\/\/jornaltimoneiro.com.br\/index.php\/2020\/01\/03\/programa-recomecar-coloca-1100-apenados-do-sistema-prisional-a-trabalhar\/\" \/>\n<meta property=\"og:site_name\" content=\"O Timoneiro Jornal Canoas RS\" \/>\n<meta property=\"article:publisher\" content=\"https:\/\/www.facebook.com\/jornaltimoneiro\" \/>\n<meta property=\"article:published_time\" content=\"2020-01-03T13:21:14+00:00\" \/>\n<meta property=\"article:modified_time\" content=\"2020-01-07T18:39:36+00:00\" \/>\n<meta property=\"og:image\" content=\"https:\/\/jornaltimoneiro.com.br\/wp-content\/uploads\/2020\/01\/Revitaliza\u00e7\u00e3o-do-Terminal-Mathias-Velho-conta-com-trabalho-dos-reeducandos-do-programa-Recome\u00e7ar-Vinicius-Thormann-26-1024x683.jpg\" \/>\n\t<meta property=\"og:image:width\" content=\"1024\" \/>\n\t<meta property=\"og:image:height\" content=\"683\" \/>\n\t<meta property=\"og:image:type\" content=\"image\/jpeg\" \/>\n<meta name=\"author\" content=\"Reda\u00e7\u00e3o\" \/>\n<meta name=\"twitter:card\" content=\"summary_large_image\" \/>\n<meta name=\"twitter:creator\" content=\"@_OTimoneiro\" \/>\n<meta name=\"twitter:site\" content=\"@_OTimoneiro\" \/>\n<meta name=\"twitter:label1\" content=\"Escrito por\" \/>\n\t<meta name=\"twitter:data1\" content=\"Reda\u00e7\u00e3o\" \/>\n\t<meta name=\"twitter:label2\" content=\"Est. tempo de leitura\" \/>\n\t<meta name=\"twitter:data2\" content=\"1 minuto\" \/>\n<script type=\"application\/ld+json\" class=\"yoast-schema-graph\">{\"@context\":\"https:\/\/schema.org\",\"@graph\":[{\"@type\":\"Article\",\"@id\":\"https:\/\/jornaltimoneiro.com.br\/index.php\/2020\/01\/03\/programa-recomecar-coloca-1100-apenados-do-sistema-prisional-a-trabalhar\/#article\",\"isPartOf\":{\"@id\":\"https:\/\/jornaltimoneiro.com.br\/index.php\/2020\/01\/03\/programa-recomecar-coloca-1100-apenados-do-sistema-prisional-a-trabalhar\/\"},\"author\":{\"name\":\"Reda\u00e7\u00e3o\",\"@id\":\"https:\/\/jornaltimoneiro.com.br\/#\/schema\/person\/f63482f1a02b1a9592707865e509ab40\"},\"headline\":\"Programa Recome\u00e7ar coloca 1100 apenados do sistema prisional a trabalhar\",\"datePublished\":\"2020-01-03T13:21:14+00:00\",\"dateModified\":\"2020-01-07T18:39:36+00:00\",\"mainEntityOfPage\":{\"@id\":\"https:\/\/jornaltimoneiro.com.br\/index.php\/2020\/01\/03\/programa-recomecar-coloca-1100-apenados-do-sistema-prisional-a-trabalhar\/\"},\"wordCount\":308,\"publisher\":{\"@id\":\"https:\/\/jornaltimoneiro.com.br\/#organization\"},\"articleSection\":[\"Geral\"],\"inLanguage\":\"pt-BR\"},{\"@type\":\"WebPage\",\"@id\":\"https:\/\/jornaltimoneiro.com.br\/index.php\/2020\/01\/03\/programa-recomecar-coloca-1100-apenados-do-sistema-prisional-a-trabalhar\/\",\"url\":\"https:\/\/jornaltimoneiro.com.br\/index.php\/2020\/01\/03\/programa-recomecar-coloca-1100-apenados-do-sistema-prisional-a-trabalhar\/\",\"name\":\"Programa Recome\u00e7ar coloca 1100 apenados do sistema prisional a trabalhar - O Timoneiro Jornal Canoas RS\",\"isPartOf\":{\"@id\":\"https:\/\/jornaltimoneiro.com.br\/#website\"},\"datePublished\":\"2020-01-03T13:21:14+00:00\",\"dateModified\":\"2020-01-07T18:39:36+00:00\",\"breadcrumb\":{\"@id\":\"https:\/\/jornaltimoneiro.com.br\/index.php\/2020\/01\/03\/programa-recomecar-coloca-1100-apenados-do-sistema-prisional-a-trabalhar\/#breadcrumb\"},\"inLanguage\":\"pt-BR\",\"potentialAction\":[{\"@type\":\"ReadAction\",\"target\":[\"https:\/\/jornaltimoneiro.com.br\/index.php\/2020\/01\/03\/programa-recomecar-coloca-1100-apenados-do-sistema-prisional-a-trabalhar\/\"]}]},{\"@type\":\"BreadcrumbList\",\"@id\":\"https:\/\/jornaltimoneiro.com.br\/index.php\/2020\/01\/03\/programa-recomecar-coloca-1100-apenados-do-sistema-prisional-a-trabalhar\/#breadcrumb\",\"itemListElement\":[{\"@type\":\"ListItem\",\"position\":1,\"name\":\"In\u00edcio\",\"item\":\"https:\/\/jornaltimoneiro.com.br\/\"},{\"@type\":\"ListItem\",\"position\":2,\"name\":\"Programa Recome\u00e7ar coloca 1100 apenados do sistema prisional a trabalhar\"}]},{\"@type\":\"WebSite\",\"@id\":\"https:\/\/jornaltimoneiro.com.br\/#website\",\"url\":\"https:\/\/jornaltimoneiro.com.br\/\",\"name\":\"Jornal Timoneiro Canoas RS\",\"description\":\"Jornal O Timoneiro, o verdadeiro jornal de Canoas\",\"publisher\":{\"@id\":\"https:\/\/jornaltimoneiro.com.br\/#organization\"},\"potentialAction\":[{\"@type\":\"SearchAction\",\"target\":{\"@type\":\"EntryPoint\",\"urlTemplate\":\"https:\/\/jornaltimoneiro.com.br\/?s={search_term_string}\"},\"query-input\":\"required name=search_term_string\"}],\"inLanguage\":\"pt-BR\"},{\"@type\":\"Organization\",\"@id\":\"https:\/\/jornaltimoneiro.com.br\/#organization\",\"name\":\"Jornal Timoneiro Canoas RS\",\"url\":\"https:\/\/jornaltimoneiro.com.br\/\",\"logo\":{\"@type\":\"ImageObject\",\"inLanguage\":\"pt-BR\",\"@id\":\"https:\/\/jornaltimoneiro.com.br\/#\/schema\/logo\/image\/\",\"url\":\"https:\/\/jornaltimoneiro.com.br\/wp-content\/uploads\/2023\/03\/logonovo.png\",\"contentUrl\":\"https:\/\/jornaltimoneiro.com.br\/wp-content\/uploads\/2023\/03\/logonovo.png\",\"width\":\"469\",\"height\":\"171\",\"caption\":\"Jornal Timoneiro Canoas RS\"},\"image\":{\"@id\":\"https:\/\/jornaltimoneiro.com.br\/#\/schema\/logo\/image\/\"},\"sameAs\":[\"https:\/\/www.facebook.com\/jornaltimoneiro\",\"https:\/\/twitter.com\/_OTimoneiro\",\"https:\/\/www.instagram.com\/jornaltimoneirocanoas\/\",\"https:\/\/www.youtube.com\/@jornalotimoneiro7927\"]},{\"@type\":\"Person\",\"@id\":\"https:\/\/jornaltimoneiro.com.br\/#\/schema\/person\/f63482f1a02b1a9592707865e509ab40\",\"name\":\"Reda\u00e7\u00e3o\",\"image\":{\"@type\":\"ImageObject\",\"inLanguage\":\"pt-BR\",\"@id\":\"https:\/\/jornaltimoneiro.com.br\/#\/schema\/person\/image\/\",\"url\":\"https:\/\/jornaltimoneiro.com.br\/wp-content\/uploads\/2023\/03\/download.jpeg\",\"contentUrl\":\"https:\/\/jornaltimoneiro.com.br\/wp-content\/uploads\/2023\/03\/download.jpeg\",\"caption\":\"Reda\u00e7\u00e3o\"},\"url\":\"https:\/\/jornaltimoneiro.com.br\/index.php\/author\/simone-dutra\/\"}]}<\/script>\n<!-- \/ Yoast SEO plugin. -->","yoast_head_json":{"title":"Programa Recome\u00e7ar coloca 1100 apenados do sistema prisional a trabalhar - O Timoneiro Jornal Canoas RS","robots":{"index":"index","follow":"follow","max-snippet":"max-snippet:-1","max-image-preview":"max-image-preview:large","max-video-preview":"max-video-preview:-1"},"canonical":"https:\/\/jornaltimoneiro.com.br\/index.php\/2020\/01\/03\/programa-recomecar-coloca-1100-apenados-do-sistema-prisional-a-trabalhar\/","og_locale":"pt_BR","og_type":"article","og_title":"Programa Recome\u00e7ar coloca 1100 apenados do sistema prisional a trabalhar - O Timoneiro Jornal Canoas RS","og_description":"O Programa Recome\u00e7ar, capitaneado pela Secretaria Municipal de Desenvolvimento Social (SMDS), busca ressocializar apenados do sistema prisional em regime semiaberto por meio de servi\u00e7os prestados ao munic\u00edpio. Atualmente h\u00e1 96 reeducandos em atividade e novos est\u00e3o sendo selecionados. A m\u00e3o de obra vem sendo empregada na Central de distribui\u00e7\u00e3o de Alimentos (CDA), nos Centros de [&hellip;]","og_url":"https:\/\/jornaltimoneiro.com.br\/index.php\/2020\/01\/03\/programa-recomecar-coloca-1100-apenados-do-sistema-prisional-a-trabalhar\/","og_site_name":"O Timoneiro Jornal Canoas RS","article_publisher":"https:\/\/www.facebook.com\/jornaltimoneiro","article_published_time":"2020-01-03T13:21:14+00:00","article_modified_time":"2020-01-07T18:39:36+00:00","og_image":[{"width":1024,"height":683,"url":"https:\/\/jornaltimoneiro.com.br\/wp-content\/uploads\/2020\/01\/Revitaliza\u00e7\u00e3o-do-Terminal-Mathias-Velho-conta-com-trabalho-dos-reeducandos-do-programa-Recome\u00e7ar-Vinicius-Thormann-26-1024x683.jpg","type":"image\/jpeg"}],"author":"Reda\u00e7\u00e3o","twitter_card":"summary_large_image","twitter_creator":"@_OTimoneiro","twitter_site":"@_OTimoneiro","twitter_misc":{"Escrito por":"Reda\u00e7\u00e3o","Est. tempo de leitura":"1 minuto"},"schema":{"@context":"https:\/\/schema.org","@graph":[{"@type":"Article","@id":"https:\/\/jornaltimoneiro.com.br\/index.php\/2020\/01\/03\/programa-recomecar-coloca-1100-apenados-do-sistema-prisional-a-trabalhar\/#article","isPartOf":{"@id":"https:\/\/jornaltimoneiro.com.br\/index.php\/2020\/01\/03\/programa-recomecar-coloca-1100-apenados-do-sistema-prisional-a-trabalhar\/"},"author":{"name":"Reda\u00e7\u00e3o","@id":"https:\/\/jornaltimoneiro.com.br\/#\/schema\/person\/f63482f1a02b1a9592707865e509ab40"},"headline":"Programa Recome\u00e7ar coloca 1100 apenados do sistema prisional a trabalhar","datePublished":"2020-01-03T13:21:14+00:00","dateModified":"2020-01-07T18:39:36+00:00","mainEntityOfPage":{"@id":"https:\/\/jornaltimoneiro.com.br\/index.php\/2020\/01\/03\/programa-recomecar-coloca-1100-apenados-do-sistema-prisional-a-trabalhar\/"},"wordCount":308,"publisher":{"@id":"https:\/\/jornaltimoneiro.com.br\/#organization"},"articleSection":["Geral"],"inLanguage":"pt-BR"},{"@type":"WebPage","@id":"https:\/\/jornaltimoneiro.com.br\/index.php\/2020\/01\/03\/programa-recomecar-coloca-1100-apenados-do-sistema-prisional-a-trabalhar\/","url":"https:\/\/jornaltimoneiro.com.br\/index.php\/2020\/01\/03\/programa-recomecar-coloca-1100-apenados-do-sistema-prisional-a-trabalhar\/","name":"Programa Recome\u00e7ar coloca 1100 apenados do sistema prisional a trabalhar - O Timoneiro Jornal Canoas RS","isPartOf":{"@id":"https:\/\/jornaltimoneiro.com.br\/#website"},"datePublished":"2020-01-03T13:21:14+00:00","dateModified":"2020-01-07T18:39:36+00:00","breadcrumb":{"@id":"https:\/\/jornaltimoneiro.com.br\/index.php\/2020\/01\/03\/programa-recomecar-coloca-1100-apenados-do-sistema-prisional-a-trabalhar\/#breadcrumb"},"inLanguage":"pt-BR","potentialAction":[{"@type":"ReadAction","target":["https:\/\/jornaltimoneiro.com.br\/index.php\/2020\/01\/03\/programa-recomecar-coloca-1100-apenados-do-sistema-prisional-a-trabalhar\/"]}]},{"@type":"BreadcrumbList","@id":"https:\/\/jornaltimoneiro.com.br\/index.php\/2020\/01\/03\/programa-recomecar-coloca-1100-apenados-do-sistema-prisional-a-trabalhar\/#breadcrumb","itemListElement":[{"@type":"ListItem","position":1,"name":"In\u00edcio","item":"https:\/\/jornaltimoneiro.com.br\/"},{"@type":"ListItem","position":2,"name":"Programa Recome\u00e7ar coloca 1100 apenados do sistema prisional a trabalhar"}]},{"@type":"WebSite","@id":"https:\/\/jornaltimoneiro.com.br\/#website","url":"https:\/\/jornaltimoneiro.com.br\/","name":"Jornal Timoneiro Canoas RS","description":"Jornal O Timoneiro, o verdadeiro jornal de Canoas","publisher":{"@id":"https:\/\/jornaltimoneiro.com.br\/#organization"},"potentialAction":[{"@type":"SearchAction","target":{"@type":"EntryPoint","urlTemplate":"https:\/\/jornaltimoneiro.com.br\/?s={search_term_string}"},"query-input":"required name=search_term_string"}],"inLanguage":"pt-BR"},{"@type":"Organization","@id":"https:\/\/jornaltimoneiro.com.br\/#organization","name":"Jornal Timoneiro Canoas RS","url":"https:\/\/jornaltimoneiro.com.br\/","logo":{"@type":"ImageObject","inLanguage":"pt-BR","@id":"https:\/\/jornaltimoneiro.com.br\/#\/schema\/logo\/image\/","url":"https:\/\/jornaltimoneiro.com.br\/wp-content\/uploads\/2023\/03\/logonovo.png","contentUrl":"https:\/\/jornaltimoneiro.com.br\/wp-content\/uploads\/2023\/03\/logonovo.png","width":"469","height":"171","caption":"Jornal Timoneiro Canoas RS"},"image":{"@id":"https:\/\/jornaltimoneiro.com.br\/#\/schema\/logo\/image\/"},"sameAs":["https:\/\/www.facebook.com\/jornaltimoneiro","https:\/\/twitter.com\/_OTimoneiro","https:\/\/www.instagram.com\/jornaltimoneirocanoas\/","https:\/\/www.youtube.com\/@jornalotimoneiro7927"]},{"@type":"Person","@id":"https:\/\/jornaltimoneiro.com.br\/#\/schema\/person\/f63482f1a02b1a9592707865e509ab40","name":"Reda\u00e7\u00e3o","image":{"@type":"ImageObject","inLanguage":"pt-BR","@id":"https:\/\/jornaltimoneiro.com.br\/#\/schema\/person\/image\/","url":"https:\/\/jornaltimoneiro.com.br\/wp-content\/uploads\/2023\/03\/download.jpeg","contentUrl":"https:\/\/jornaltimoneiro.com.br\/wp-content\/uploads\/2023\/03\/download.jpeg","caption":"Reda\u00e7\u00e3o"},"url":"https:\/\/jornaltimoneiro.com.br\/index.php\/author\/simone-dutra\/"}]}},"_links":{"self":[{"href":"https:\/\/jornaltimoneiro.com.br\/index.php\/wp-json\/wp\/v2\/posts\/15080"}],"collection":[{"href":"https:\/\/jornaltimoneiro.com.br\/index.php\/wp-json\/wp\/v2\/posts"}],"about":[{"href":"https:\/\/jornaltimoneiro.com.br\/index.php\/wp-json\/wp\/v2\/types\/post"}],"author":[{"embeddable":true,"href":"https:\/\/jornaltimoneiro.com.br\/index.php\/wp-json\/wp\/v2\/users\/2"}],"replies":[{"embeddable":true,"href":"https:\/\/jornaltimoneiro.com.br\/index.php\/wp-json\/wp\/v2\/comments?post=15080"}],"version-history":[{"count":0,"href":"https:\/\/jornaltimoneiro.com.br\/index.php\/wp-json\/wp\/v2\/posts\/15080\/revisions"}],"wp:featuredmedia":[{"embeddable":true,"href":"https:\/\/jornaltimoneiro.com.br\/index.php\/wp-json\/wp\/v2\/media\/15082"}],"wp:attachment":[{"href":"https:\/\/jornaltimoneiro.com.br\/index.php\/wp-json\/wp\/v2\/media?parent=15080"}],"wp:term":[{"taxonomy":"category","embeddable":true,"href":"https:\/\/jornaltimoneiro.com.br\/index.php\/wp-json\/wp\/v2\/categories?post=15080"},{"taxonomy":"post_tag","embeddable":true,"href":"https:\/\/jornaltimoneiro.com.br\/index.php\/wp-json\/wp\/v2\/tags?post=15080"}],"curies":[{"name":"wp","href":"https:\/\/api.w.org\/{rel}","templated":true}]}}