{"id":15071,"date":"2019-12-27T15:29:23","date_gmt":"2019-12-27T17:29:23","guid":{"rendered":"https:\/\/jornaltimoneiro.com.br\/?p=15071"},"modified":"2020-01-03T18:21:51","modified_gmt":"2020-01-03T20:21:51","slug":"a-uniao-que-deu-certo-e-fez-o-bem-neste-natal","status":"publish","type":"post","link":"https:\/\/jornaltimoneiro.com.br\/index.php\/2019\/12\/27\/a-uniao-que-deu-certo-e-fez-o-bem-neste-natal\/","title":{"rendered":"A uni\u00e3o que deu certo e fez o bem neste Natal"},"content":{"rendered":"<p><img decoding=\"async\" src=\"https:\/\/jornaltimoneiro.com.br\/wp-content\/uploads\/2019\/12\/DSC0361.jpg\" alt=\"\" width=\"4496\" height=\"3000\" class=\"alignnone size-full wp-image-15073\" srcset=\"https:\/\/jornaltimoneiro.com.br\/wp-content\/uploads\/2019\/12\/DSC0361.jpg 4496w, https:\/\/jornaltimoneiro.com.br\/wp-content\/uploads\/2019\/12\/DSC0361-300x200.jpg 300w, https:\/\/jornaltimoneiro.com.br\/wp-content\/uploads\/2019\/12\/DSC0361-768x512.jpg 768w, https:\/\/jornaltimoneiro.com.br\/wp-content\/uploads\/2019\/12\/DSC0361-1024x683.jpg 1024w, https:\/\/jornaltimoneiro.com.br\/wp-content\/uploads\/2019\/12\/DSC0361-696x464.jpg 696w, https:\/\/jornaltimoneiro.com.br\/wp-content\/uploads\/2019\/12\/DSC0361-1068x713.jpg 1068w, https:\/\/jornaltimoneiro.com.br\/wp-content\/uploads\/2019\/12\/DSC0361-629x420.jpg 629w, https:\/\/jornaltimoneiro.com.br\/wp-content\/uploads\/2019\/12\/DSC0361-1920x1281.jpg 1920w\" sizes=\"(max-width: 4496px) 100vw, 4496px\" \/><\/p>\n<p>Com a chegada das festas de fim de ano, como o Natal, a solidariedade e a empatia s\u00e3o palavras que permeiam a mente de pessoas que criam iniciativas para ajudar o pr\u00f3ximo. <\/p>\n<p>O grupo \u201cN\u00f3s somos a diferen\u00e7a\u201d, juntamente com as microempresas canoenses Lojas Fam, Casas Londres, Madeira e Ferragem Da R\u00f3tula e Construtora Casa e Constru\u00e7\u00e3o promoveram uma verdadeira festa de Natal para crian\u00e7as, no bairro Est\u00e2ncia Velha. <\/p>\n<p>A comemora\u00e7\u00e3o aconteceu na tarde de ter\u00e7a-feira, 24, onde 150 crian\u00e7as receberam brinquedos do Papai-Noel. Tamb\u00e9m teve distribui\u00e7\u00e3o de refrigerante, cachorro-quente e guloseimas. <\/p>\n<p>Durante o evento, tamb\u00e9m foram distribu\u00eddas 150 cestas b\u00e1sicas.  Os integrantes do \u201cSomos a diferen\u00e7a\u201d durante todo o m\u00eas de dezembro fizeram visitas no Sine da cidade, e realizaram um cadastro de pessoas que estavam atr\u00e1s de emprego e passando necessidade.<br \/>\nO morador do bairro Harmonia, Jos\u00e9 Machado, foi uns dos contemplados com uma cesta b\u00e1sica, e ficou emocionado quando a recebeu.  \u201cSimplesmente eles garantiam a ceia da minha fam\u00edlia hoje. Estou desempregado h\u00e1 nove meses e minha mulher tamb\u00e9m est\u00e1. Estou levando ainda presentes para os meus tr\u00eas filhos\u201d, contou. <\/p>\n<div id=\"attachment_15072\" style=\"width: 3601px\" class=\"wp-caption alignnone\"><img decoding=\"async\" aria-describedby=\"caption-attachment-15072\" src=\"https:\/\/jornaltimoneiro.com.br\/wp-content\/uploads\/2019\/12\/Foto-principal.jpg\" alt=\"\" width=\"3591\" height=\"2477\" class=\"size-full wp-image-15072\" srcset=\"https:\/\/jornaltimoneiro.com.br\/wp-content\/uploads\/2019\/12\/Foto-principal.jpg 3591w, https:\/\/jornaltimoneiro.com.br\/wp-content\/uploads\/2019\/12\/Foto-principal-300x207.jpg 300w, https:\/\/jornaltimoneiro.com.br\/wp-content\/uploads\/2019\/12\/Foto-principal-768x530.jpg 768w, https:\/\/jornaltimoneiro.com.br\/wp-content\/uploads\/2019\/12\/Foto-principal-1024x706.jpg 1024w, https:\/\/jornaltimoneiro.com.br\/wp-content\/uploads\/2019\/12\/Foto-principal-100x70.jpg 100w, https:\/\/jornaltimoneiro.com.br\/wp-content\/uploads\/2019\/12\/Foto-principal-218x150.jpg 218w, https:\/\/jornaltimoneiro.com.br\/wp-content\/uploads\/2019\/12\/Foto-principal-696x480.jpg 696w, https:\/\/jornaltimoneiro.com.br\/wp-content\/uploads\/2019\/12\/Foto-principal-1068x737.jpg 1068w, https:\/\/jornaltimoneiro.com.br\/wp-content\/uploads\/2019\/12\/Foto-principal-609x420.jpg 609w, https:\/\/jornaltimoneiro.com.br\/wp-content\/uploads\/2019\/12\/Foto-principal-1920x1324.jpg 1920w\" sizes=\"(max-width: 3591px) 100vw, 3591px\" \/><p id=\"caption-attachment-15072\" class=\"wp-caption-text\">????????????????????????????????????<\/p><\/div>\n","protected":false},"excerpt":{"rendered":"<p>Com a chegada das festas de fim de ano, como o Natal, a solidariedade e a empatia s\u00e3o palavras que permeiam a mente de pessoas que criam iniciativas para ajudar o pr\u00f3ximo. O grupo \u201cN\u00f3s somos a diferen\u00e7a\u201d, juntamente com as microempresas canoenses Lojas Fam, Casas Londres, Madeira e Ferragem Da R\u00f3tula e Construtora Casa [&hellip;]<\/p>\n","protected":false},"author":2,"featured_media":15074,"comment_status":"closed","ping_status":"closed","sticky":false,"template":"","format":"standard","meta":{"amp_status":"","footnotes":""},"categories":[23],"tags":[],"class_list":["post-15071","post","type-post","status-publish","format-standard","has-post-thumbnail","hentry","category-geral"],"yoast_head":"<!-- This site is optimized with the Yoast SEO plugin v20.5 - https:\/\/yoast.com\/wordpress\/plugins\/seo\/ -->\n<title>A uni\u00e3o que deu certo e fez o bem neste Natal - O Timoneiro Jornal Canoas RS<\/title>\n<meta name=\"robots\" content=\"index, follow, max-snippet:-1, max-image-preview:large, max-video-preview:-1\" \/>\n<link rel=\"canonical\" href=\"https:\/\/jornaltimoneiro.com.br\/index.php\/2019\/12\/27\/a-uniao-que-deu-certo-e-fez-o-bem-neste-natal\/\" \/>\n<meta property=\"og:locale\" content=\"pt_BR\" \/>\n<meta property=\"og:type\" content=\"article\" \/>\n<meta property=\"og:title\" content=\"A uni\u00e3o que deu certo e fez o bem neste Natal - O Timoneiro Jornal Canoas RS\" \/>\n<meta property=\"og:description\" content=\"Com a chegada das festas de fim de ano, como o Natal, a solidariedade e a empatia s\u00e3o palavras que permeiam a mente de pessoas que criam iniciativas para ajudar o pr\u00f3ximo. O grupo \u201cN\u00f3s somos a diferen\u00e7a\u201d, juntamente com as microempresas canoenses Lojas Fam, Casas Londres, Madeira e Ferragem Da R\u00f3tula e Construtora Casa [&hellip;]\" \/>\n<meta property=\"og:url\" content=\"https:\/\/jornaltimoneiro.com.br\/index.php\/2019\/12\/27\/a-uniao-que-deu-certo-e-fez-o-bem-neste-natal\/\" \/>\n<meta property=\"og:site_name\" content=\"O Timoneiro Jornal Canoas RS\" \/>\n<meta property=\"article:publisher\" content=\"https:\/\/www.facebook.com\/jornaltimoneiro\" \/>\n<meta property=\"article:published_time\" content=\"2019-12-27T17:29:23+00:00\" \/>\n<meta property=\"article:modified_time\" content=\"2020-01-03T20:21:51+00:00\" \/>\n<meta property=\"og:image\" content=\"https:\/\/jornaltimoneiro.com.br\/wp-content\/uploads\/2019\/12\/DSC0347-1024x708.jpg\" \/>\n\t<meta property=\"og:image:width\" content=\"1024\" \/>\n\t<meta property=\"og:image:height\" content=\"708\" \/>\n\t<meta property=\"og:image:type\" content=\"image\/jpeg\" \/>\n<meta name=\"author\" content=\"Reda\u00e7\u00e3o\" \/>\n<meta name=\"twitter:card\" content=\"summary_large_image\" \/>\n<meta name=\"twitter:creator\" content=\"@_OTimoneiro\" \/>\n<meta name=\"twitter:site\" content=\"@_OTimoneiro\" \/>\n<meta name=\"twitter:label1\" content=\"Escrito por\" \/>\n\t<meta name=\"twitter:data1\" content=\"Reda\u00e7\u00e3o\" \/>\n\t<meta name=\"twitter:label2\" content=\"Est. tempo de leitura\" \/>\n\t<meta name=\"twitter:data2\" content=\"1 minuto\" \/>\n<script type=\"application\/ld+json\" class=\"yoast-schema-graph\">{\"@context\":\"https:\/\/schema.org\",\"@graph\":[{\"@type\":\"Article\",\"@id\":\"https:\/\/jornaltimoneiro.com.br\/index.php\/2019\/12\/27\/a-uniao-que-deu-certo-e-fez-o-bem-neste-natal\/#article\",\"isPartOf\":{\"@id\":\"https:\/\/jornaltimoneiro.com.br\/index.php\/2019\/12\/27\/a-uniao-que-deu-certo-e-fez-o-bem-neste-natal\/\"},\"author\":{\"name\":\"Reda\u00e7\u00e3o\",\"@id\":\"https:\/\/jornaltimoneiro.com.br\/#\/schema\/person\/f63482f1a02b1a9592707865e509ab40\"},\"headline\":\"A uni\u00e3o que deu certo e fez o bem neste Natal\",\"datePublished\":\"2019-12-27T17:29:23+00:00\",\"dateModified\":\"2020-01-03T20:21:51+00:00\",\"mainEntityOfPage\":{\"@id\":\"https:\/\/jornaltimoneiro.com.br\/index.php\/2019\/12\/27\/a-uniao-que-deu-certo-e-fez-o-bem-neste-natal\/\"},\"wordCount\":222,\"publisher\":{\"@id\":\"https:\/\/jornaltimoneiro.com.br\/#organization\"},\"articleSection\":[\"Geral\"],\"inLanguage\":\"pt-BR\"},{\"@type\":\"WebPage\",\"@id\":\"https:\/\/jornaltimoneiro.com.br\/index.php\/2019\/12\/27\/a-uniao-que-deu-certo-e-fez-o-bem-neste-natal\/\",\"url\":\"https:\/\/jornaltimoneiro.com.br\/index.php\/2019\/12\/27\/a-uniao-que-deu-certo-e-fez-o-bem-neste-natal\/\",\"name\":\"A uni\u00e3o que deu certo e fez o bem neste Natal - O Timoneiro Jornal Canoas RS\",\"isPartOf\":{\"@id\":\"https:\/\/jornaltimoneiro.com.br\/#website\"},\"datePublished\":\"2019-12-27T17:29:23+00:00\",\"dateModified\":\"2020-01-03T20:21:51+00:00\",\"breadcrumb\":{\"@id\":\"https:\/\/jornaltimoneiro.com.br\/index.php\/2019\/12\/27\/a-uniao-que-deu-certo-e-fez-o-bem-neste-natal\/#breadcrumb\"},\"inLanguage\":\"pt-BR\",\"potentialAction\":[{\"@type\":\"ReadAction\",\"target\":[\"https:\/\/jornaltimoneiro.com.br\/index.php\/2019\/12\/27\/a-uniao-que-deu-certo-e-fez-o-bem-neste-natal\/\"]}]},{\"@type\":\"BreadcrumbList\",\"@id\":\"https:\/\/jornaltimoneiro.com.br\/index.php\/2019\/12\/27\/a-uniao-que-deu-certo-e-fez-o-bem-neste-natal\/#breadcrumb\",\"itemListElement\":[{\"@type\":\"ListItem\",\"position\":1,\"name\":\"In\u00edcio\",\"item\":\"https:\/\/jornaltimoneiro.com.br\/\"},{\"@type\":\"ListItem\",\"position\":2,\"name\":\"A uni\u00e3o que deu certo e fez o bem neste Natal\"}]},{\"@type\":\"WebSite\",\"@id\":\"https:\/\/jornaltimoneiro.com.br\/#website\",\"url\":\"https:\/\/jornaltimoneiro.com.br\/\",\"name\":\"Jornal Timoneiro Canoas RS\",\"description\":\"Jornal O Timoneiro, o verdadeiro jornal de Canoas\",\"publisher\":{\"@id\":\"https:\/\/jornaltimoneiro.com.br\/#organization\"},\"potentialAction\":[{\"@type\":\"SearchAction\",\"target\":{\"@type\":\"EntryPoint\",\"urlTemplate\":\"https:\/\/jornaltimoneiro.com.br\/?s={search_term_string}\"},\"query-input\":\"required name=search_term_string\"}],\"inLanguage\":\"pt-BR\"},{\"@type\":\"Organization\",\"@id\":\"https:\/\/jornaltimoneiro.com.br\/#organization\",\"name\":\"Jornal Timoneiro Canoas RS\",\"url\":\"https:\/\/jornaltimoneiro.com.br\/\",\"logo\":{\"@type\":\"ImageObject\",\"inLanguage\":\"pt-BR\",\"@id\":\"https:\/\/jornaltimoneiro.com.br\/#\/schema\/logo\/image\/\",\"url\":\"https:\/\/jornaltimoneiro.com.br\/wp-content\/uploads\/2023\/03\/logonovo.png\",\"contentUrl\":\"https:\/\/jornaltimoneiro.com.br\/wp-content\/uploads\/2023\/03\/logonovo.png\",\"width\":\"469\",\"height\":\"171\",\"caption\":\"Jornal Timoneiro Canoas RS\"},\"image\":{\"@id\":\"https:\/\/jornaltimoneiro.com.br\/#\/schema\/logo\/image\/\"},\"sameAs\":[\"https:\/\/www.facebook.com\/jornaltimoneiro\",\"https:\/\/twitter.com\/_OTimoneiro\",\"https:\/\/www.instagram.com\/jornaltimoneirocanoas\/\",\"https:\/\/www.youtube.com\/@jornalotimoneiro7927\"]},{\"@type\":\"Person\",\"@id\":\"https:\/\/jornaltimoneiro.com.br\/#\/schema\/person\/f63482f1a02b1a9592707865e509ab40\",\"name\":\"Reda\u00e7\u00e3o\",\"image\":{\"@type\":\"ImageObject\",\"inLanguage\":\"pt-BR\",\"@id\":\"https:\/\/jornaltimoneiro.com.br\/#\/schema\/person\/image\/\",\"url\":\"https:\/\/jornaltimoneiro.com.br\/wp-content\/uploads\/2023\/03\/download.jpeg\",\"contentUrl\":\"https:\/\/jornaltimoneiro.com.br\/wp-content\/uploads\/2023\/03\/download.jpeg\",\"caption\":\"Reda\u00e7\u00e3o\"},\"url\":\"https:\/\/jornaltimoneiro.com.br\/index.php\/author\/simone-dutra\/\"}]}<\/script>\n<!-- \/ Yoast SEO plugin. -->","yoast_head_json":{"title":"A uni\u00e3o que deu certo e fez o bem neste Natal - O Timoneiro Jornal Canoas RS","robots":{"index":"index","follow":"follow","max-snippet":"max-snippet:-1","max-image-preview":"max-image-preview:large","max-video-preview":"max-video-preview:-1"},"canonical":"https:\/\/jornaltimoneiro.com.br\/index.php\/2019\/12\/27\/a-uniao-que-deu-certo-e-fez-o-bem-neste-natal\/","og_locale":"pt_BR","og_type":"article","og_title":"A uni\u00e3o que deu certo e fez o bem neste Natal - O Timoneiro Jornal Canoas RS","og_description":"Com a chegada das festas de fim de ano, como o Natal, a solidariedade e a empatia s\u00e3o palavras que permeiam a mente de pessoas que criam iniciativas para ajudar o pr\u00f3ximo. O grupo \u201cN\u00f3s somos a diferen\u00e7a\u201d, juntamente com as microempresas canoenses Lojas Fam, Casas Londres, Madeira e Ferragem Da R\u00f3tula e Construtora Casa [&hellip;]","og_url":"https:\/\/jornaltimoneiro.com.br\/index.php\/2019\/12\/27\/a-uniao-que-deu-certo-e-fez-o-bem-neste-natal\/","og_site_name":"O Timoneiro Jornal Canoas RS","article_publisher":"https:\/\/www.facebook.com\/jornaltimoneiro","article_published_time":"2019-12-27T17:29:23+00:00","article_modified_time":"2020-01-03T20:21:51+00:00","og_image":[{"width":1024,"height":708,"url":"https:\/\/jornaltimoneiro.com.br\/wp-content\/uploads\/2019\/12\/DSC0347-1024x708.jpg","type":"image\/jpeg"}],"author":"Reda\u00e7\u00e3o","twitter_card":"summary_large_image","twitter_creator":"@_OTimoneiro","twitter_site":"@_OTimoneiro","twitter_misc":{"Escrito por":"Reda\u00e7\u00e3o","Est. tempo de leitura":"1 minuto"},"schema":{"@context":"https:\/\/schema.org","@graph":[{"@type":"Article","@id":"https:\/\/jornaltimoneiro.com.br\/index.php\/2019\/12\/27\/a-uniao-que-deu-certo-e-fez-o-bem-neste-natal\/#article","isPartOf":{"@id":"https:\/\/jornaltimoneiro.com.br\/index.php\/2019\/12\/27\/a-uniao-que-deu-certo-e-fez-o-bem-neste-natal\/"},"author":{"name":"Reda\u00e7\u00e3o","@id":"https:\/\/jornaltimoneiro.com.br\/#\/schema\/person\/f63482f1a02b1a9592707865e509ab40"},"headline":"A uni\u00e3o que deu certo e fez o bem neste Natal","datePublished":"2019-12-27T17:29:23+00:00","dateModified":"2020-01-03T20:21:51+00:00","mainEntityOfPage":{"@id":"https:\/\/jornaltimoneiro.com.br\/index.php\/2019\/12\/27\/a-uniao-que-deu-certo-e-fez-o-bem-neste-natal\/"},"wordCount":222,"publisher":{"@id":"https:\/\/jornaltimoneiro.com.br\/#organization"},"articleSection":["Geral"],"inLanguage":"pt-BR"},{"@type":"WebPage","@id":"https:\/\/jornaltimoneiro.com.br\/index.php\/2019\/12\/27\/a-uniao-que-deu-certo-e-fez-o-bem-neste-natal\/","url":"https:\/\/jornaltimoneiro.com.br\/index.php\/2019\/12\/27\/a-uniao-que-deu-certo-e-fez-o-bem-neste-natal\/","name":"A uni\u00e3o que deu certo e fez o bem neste Natal - O Timoneiro Jornal Canoas RS","isPartOf":{"@id":"https:\/\/jornaltimoneiro.com.br\/#website"},"datePublished":"2019-12-27T17:29:23+00:00","dateModified":"2020-01-03T20:21:51+00:00","breadcrumb":{"@id":"https:\/\/jornaltimoneiro.com.br\/index.php\/2019\/12\/27\/a-uniao-que-deu-certo-e-fez-o-bem-neste-natal\/#breadcrumb"},"inLanguage":"pt-BR","potentialAction":[{"@type":"ReadAction","target":["https:\/\/jornaltimoneiro.com.br\/index.php\/2019\/12\/27\/a-uniao-que-deu-certo-e-fez-o-bem-neste-natal\/"]}]},{"@type":"BreadcrumbList","@id":"https:\/\/jornaltimoneiro.com.br\/index.php\/2019\/12\/27\/a-uniao-que-deu-certo-e-fez-o-bem-neste-natal\/#breadcrumb","itemListElement":[{"@type":"ListItem","position":1,"name":"In\u00edcio","item":"https:\/\/jornaltimoneiro.com.br\/"},{"@type":"ListItem","position":2,"name":"A uni\u00e3o que deu certo e fez o bem neste Natal"}]},{"@type":"WebSite","@id":"https:\/\/jornaltimoneiro.com.br\/#website","url":"https:\/\/jornaltimoneiro.com.br\/","name":"Jornal Timoneiro Canoas RS","description":"Jornal O Timoneiro, o verdadeiro jornal de Canoas","publisher":{"@id":"https:\/\/jornaltimoneiro.com.br\/#organization"},"potentialAction":[{"@type":"SearchAction","target":{"@type":"EntryPoint","urlTemplate":"https:\/\/jornaltimoneiro.com.br\/?s={search_term_string}"},"query-input":"required name=search_term_string"}],"inLanguage":"pt-BR"},{"@type":"Organization","@id":"https:\/\/jornaltimoneiro.com.br\/#organization","name":"Jornal Timoneiro Canoas RS","url":"https:\/\/jornaltimoneiro.com.br\/","logo":{"@type":"ImageObject","inLanguage":"pt-BR","@id":"https:\/\/jornaltimoneiro.com.br\/#\/schema\/logo\/image\/","url":"https:\/\/jornaltimoneiro.com.br\/wp-content\/uploads\/2023\/03\/logonovo.png","contentUrl":"https:\/\/jornaltimoneiro.com.br\/wp-content\/uploads\/2023\/03\/logonovo.png","width":"469","height":"171","caption":"Jornal Timoneiro Canoas RS"},"image":{"@id":"https:\/\/jornaltimoneiro.com.br\/#\/schema\/logo\/image\/"},"sameAs":["https:\/\/www.facebook.com\/jornaltimoneiro","https:\/\/twitter.com\/_OTimoneiro","https:\/\/www.instagram.com\/jornaltimoneirocanoas\/","https:\/\/www.youtube.com\/@jornalotimoneiro7927"]},{"@type":"Person","@id":"https:\/\/jornaltimoneiro.com.br\/#\/schema\/person\/f63482f1a02b1a9592707865e509ab40","name":"Reda\u00e7\u00e3o","image":{"@type":"ImageObject","inLanguage":"pt-BR","@id":"https:\/\/jornaltimoneiro.com.br\/#\/schema\/person\/image\/","url":"https:\/\/jornaltimoneiro.com.br\/wp-content\/uploads\/2023\/03\/download.jpeg","contentUrl":"https:\/\/jornaltimoneiro.com.br\/wp-content\/uploads\/2023\/03\/download.jpeg","caption":"Reda\u00e7\u00e3o"},"url":"https:\/\/jornaltimoneiro.com.br\/index.php\/author\/simone-dutra\/"}]}},"_links":{"self":[{"href":"https:\/\/jornaltimoneiro.com.br\/index.php\/wp-json\/wp\/v2\/posts\/15071"}],"collection":[{"href":"https:\/\/jornaltimoneiro.com.br\/index.php\/wp-json\/wp\/v2\/posts"}],"about":[{"href":"https:\/\/jornaltimoneiro.com.br\/index.php\/wp-json\/wp\/v2\/types\/post"}],"author":[{"embeddable":true,"href":"https:\/\/jornaltimoneiro.com.br\/index.php\/wp-json\/wp\/v2\/users\/2"}],"replies":[{"embeddable":true,"href":"https:\/\/jornaltimoneiro.com.br\/index.php\/wp-json\/wp\/v2\/comments?post=15071"}],"version-history":[{"count":0,"href":"https:\/\/jornaltimoneiro.com.br\/index.php\/wp-json\/wp\/v2\/posts\/15071\/revisions"}],"wp:featuredmedia":[{"embeddable":true,"href":"https:\/\/jornaltimoneiro.com.br\/index.php\/wp-json\/wp\/v2\/media\/15074"}],"wp:attachment":[{"href":"https:\/\/jornaltimoneiro.com.br\/index.php\/wp-json\/wp\/v2\/media?parent=15071"}],"wp:term":[{"taxonomy":"category","embeddable":true,"href":"https:\/\/jornaltimoneiro.com.br\/index.php\/wp-json\/wp\/v2\/categories?post=15071"},{"taxonomy":"post_tag","embeddable":true,"href":"https:\/\/jornaltimoneiro.com.br\/index.php\/wp-json\/wp\/v2\/tags?post=15071"}],"curies":[{"name":"wp","href":"https:\/\/api.w.org\/{rel}","templated":true}]}}