{"id":1506,"date":"2015-11-03T10:12:56","date_gmt":"2015-11-03T12:12:56","guid":{"rendered":"http:\/\/otimoneiro.com.br\/?p=1506"},"modified":"2015-11-03T10:12:56","modified_gmt":"2015-11-03T12:12:56","slug":"disputas-por-vagas-em-creches-comecam-nesta-terca-em-canoas","status":"publish","type":"post","link":"https:\/\/jornaltimoneiro.com.br\/index.php\/2015\/11\/03\/disputas-por-vagas-em-creches-comecam-nesta-terca-em-canoas\/","title":{"rendered":"Disputas por vagas em creches come\u00e7am nesta ter\u00e7a em Canoas"},"content":{"rendered":"<p>Conseguir uma vaga para as crian\u00e7as \u00e9 sempre uma batalha \u00e1rdua para os pais ou respons\u00e1veis no munic\u00edpio. Os interessados em vagas nas creches da rede municipal para o ano letivo de 2016 j\u00e1 podem come\u00e7ar a corrida para efetuar inscri\u00e7\u00e3o. O per\u00edodo neste ano ser\u00e1 de ter\u00e7a-feira, 3, at\u00e9 a ter\u00e7a-feira, 17 de novembro. \u00a0Segundo a Prefeitura Municipal de Canoas, aqueles que n\u00e3o tiverem acesso \u00e0 rede poder\u00e3o comparecer a uma das cinco subprefeituras da cidade. Em 2015, segundo a atual administra\u00e7\u00e3o, o n\u00famero total de vagas chega a seis mil.<\/p>\n<p>Neste ano, o Canoastec desenvolveu um sistema informatizado para o acesso das fam\u00edlias \u00e0s inscri\u00e7\u00f5es e atender a demanda de vagas em cada regi\u00e3o. O respons\u00e1vel dever\u00e1 ter em m\u00e3os, na hora da inscri\u00e7\u00e3o, o n\u00famero do CPF para cadastrar o nome da crian\u00e7a. As vagas ser\u00e3o distribu\u00eddas de acordo com sorteio p\u00fablico a ser realizado em 2015, mas ainda sem data definida.<\/p>\n<p>&nbsp;<\/p>\n<p><strong>Servi\u00e7o<\/strong><\/p>\n<p><strong>Inscri\u00e7\u00e3o:<\/strong> Para se inscrever \u00e9 necess\u00e1rio entrar no site <a href=\"http:\/\/sistemas.canoas.rs.gov.br\/siei\/\">http:\/\/sistemas.canoas.rs.gov.br\/siei\/<\/a>. Este, por\u00e9m, s\u00f3 estar\u00e1 dispon\u00edvel a partir do dia 3 de novembro, ap\u00f3s a meia noite.<\/p>\n<p><strong>Contato:<\/strong> Telefone Secretaria Municipal de Educa\u00e7\u00e3o: (51) 3428 5206<\/p>\n<p>&nbsp;<\/p>\n<p><strong>Endere\u00e7os das subprefeituras<\/strong><\/p>\n<p><strong>Regi\u00e3o Central<\/strong><\/p>\n<p>Rua Domingos Martins, 290 &#8211; telefone 3428 3397<\/p>\n<p><strong>Regi\u00e3o Nordeste<\/strong><\/p>\n<p>Rua Alexandre de Gusm\u00e3o, 2080 &#8211; telefone 3465 4433<\/p>\n<p><strong>Regi\u00e3o Noroeste<\/strong><\/p>\n<p>Rua Candel\u00e1ria, 441 &#8211; telefone 3466 1660<\/p>\n<p><strong>Regi\u00e3o Sudeste<\/strong><\/p>\n<p>Rua Marechal Rondon, 100 &#8211; telefone 3475 2525<\/p>\n<p><strong>Regi\u00e3o Sudoeste<\/strong><\/p>\n<p>Rua Edgar Fritz M\u00fcller, 430 &#8211; telefone 3472 0454<\/p>\n<p>&nbsp;<\/p>\n<p><!--more--><\/p>\n<p>Leia mais:<\/p>\n<blockquote>\n<h1 class=\"entry-title single-title\"><a href=\"http:\/\/otimoneiro.com.br\/crianca-de-sete-meses-nao-consegue-vaga-em-creche-do-municipio\/\">Crian\u00e7a de sete meses n\u00e3o consegue vaga em creche do munic\u00edpio<\/a><\/h1>\n<\/blockquote>\n","protected":false},"excerpt":{"rendered":"<p>Conseguir uma vaga para as crian\u00e7as \u00e9 sempre uma batalha \u00e1rdua para os pais ou respons\u00e1veis no munic\u00edpio. Os interessados em vagas nas creches da rede municipal para o ano letivo de 2016 j\u00e1 podem come\u00e7ar a corrida para efetuar inscri\u00e7\u00e3o. O per\u00edodo neste ano ser\u00e1 de ter\u00e7a-feira, 3, at\u00e9 a ter\u00e7a-feira, 17 de novembro. [&hellip;]<\/p>\n","protected":false},"author":1,"featured_media":0,"comment_status":"open","ping_status":"open","sticky":false,"template":"","format":"standard","meta":{"amp_status":"","footnotes":""},"categories":[19,27,22],"tags":[31,32,33],"class_list":["post-1506","post","type-post","status-publish","format-standard","hentry","category-destaques","category-ensino","category-noticias","tag-canoas","tag-creche","tag-inscricoes"],"yoast_head":"<!-- This site is optimized with the Yoast SEO plugin v20.5 - https:\/\/yoast.com\/wordpress\/plugins\/seo\/ -->\n<title>Disputas por vagas em creches come\u00e7am nesta ter\u00e7a em Canoas - O Timoneiro Jornal Canoas RS<\/title>\n<meta name=\"robots\" content=\"index, follow, max-snippet:-1, max-image-preview:large, max-video-preview:-1\" \/>\n<link rel=\"canonical\" href=\"https:\/\/jornaltimoneiro.com.br\/index.php\/2015\/11\/03\/disputas-por-vagas-em-creches-comecam-nesta-terca-em-canoas\/\" \/>\n<meta property=\"og:locale\" content=\"pt_BR\" \/>\n<meta property=\"og:type\" content=\"article\" \/>\n<meta property=\"og:title\" content=\"Disputas por vagas em creches come\u00e7am nesta ter\u00e7a em Canoas - O Timoneiro Jornal Canoas RS\" \/>\n<meta property=\"og:description\" content=\"Conseguir uma vaga para as crian\u00e7as \u00e9 sempre uma batalha \u00e1rdua para os pais ou respons\u00e1veis no munic\u00edpio. Os interessados em vagas nas creches da rede municipal para o ano letivo de 2016 j\u00e1 podem come\u00e7ar a corrida para efetuar inscri\u00e7\u00e3o. O per\u00edodo neste ano ser\u00e1 de ter\u00e7a-feira, 3, at\u00e9 a ter\u00e7a-feira, 17 de novembro. [&hellip;]\" \/>\n<meta property=\"og:url\" content=\"https:\/\/jornaltimoneiro.com.br\/index.php\/2015\/11\/03\/disputas-por-vagas-em-creches-comecam-nesta-terca-em-canoas\/\" \/>\n<meta property=\"og:site_name\" content=\"O Timoneiro Jornal Canoas RS\" \/>\n<meta property=\"article:publisher\" content=\"https:\/\/www.facebook.com\/jornaltimoneiro\" \/>\n<meta property=\"article:published_time\" content=\"2015-11-03T12:12:56+00:00\" \/>\n<meta name=\"author\" content=\"Reda\u00e7\u00e3o\" \/>\n<meta name=\"twitter:card\" content=\"summary_large_image\" \/>\n<meta name=\"twitter:creator\" content=\"@_OTimoneiro\" \/>\n<meta name=\"twitter:site\" content=\"@_OTimoneiro\" \/>\n<meta name=\"twitter:label1\" content=\"Escrito por\" \/>\n\t<meta name=\"twitter:data1\" content=\"Reda\u00e7\u00e3o\" \/>\n\t<meta name=\"twitter:label2\" content=\"Est. tempo de leitura\" \/>\n\t<meta name=\"twitter:data2\" content=\"1 minuto\" \/>\n<script type=\"application\/ld+json\" class=\"yoast-schema-graph\">{\"@context\":\"https:\/\/schema.org\",\"@graph\":[{\"@type\":\"Article\",\"@id\":\"https:\/\/jornaltimoneiro.com.br\/index.php\/2015\/11\/03\/disputas-por-vagas-em-creches-comecam-nesta-terca-em-canoas\/#article\",\"isPartOf\":{\"@id\":\"https:\/\/jornaltimoneiro.com.br\/index.php\/2015\/11\/03\/disputas-por-vagas-em-creches-comecam-nesta-terca-em-canoas\/\"},\"author\":{\"name\":\"Reda\u00e7\u00e3o\",\"@id\":\"https:\/\/jornaltimoneiro.com.br\/#\/schema\/person\/620efd1d8244466117482be494360b08\"},\"headline\":\"Disputas por vagas em creches come\u00e7am nesta ter\u00e7a em Canoas\",\"datePublished\":\"2015-11-03T12:12:56+00:00\",\"dateModified\":\"2015-11-03T12:12:56+00:00\",\"mainEntityOfPage\":{\"@id\":\"https:\/\/jornaltimoneiro.com.br\/index.php\/2015\/11\/03\/disputas-por-vagas-em-creches-comecam-nesta-terca-em-canoas\/\"},\"wordCount\":294,\"commentCount\":0,\"publisher\":{\"@id\":\"https:\/\/jornaltimoneiro.com.br\/#organization\"},\"keywords\":[\"canoas\",\"creche\",\"inscri\u00e7\u00f5es\"],\"articleSection\":[\"Destaques\",\"Ensino\",\"Not\u00edcias\"],\"inLanguage\":\"pt-BR\",\"potentialAction\":[{\"@type\":\"CommentAction\",\"name\":\"Comment\",\"target\":[\"https:\/\/jornaltimoneiro.com.br\/index.php\/2015\/11\/03\/disputas-por-vagas-em-creches-comecam-nesta-terca-em-canoas\/#respond\"]}]},{\"@type\":\"WebPage\",\"@id\":\"https:\/\/jornaltimoneiro.com.br\/index.php\/2015\/11\/03\/disputas-por-vagas-em-creches-comecam-nesta-terca-em-canoas\/\",\"url\":\"https:\/\/jornaltimoneiro.com.br\/index.php\/2015\/11\/03\/disputas-por-vagas-em-creches-comecam-nesta-terca-em-canoas\/\",\"name\":\"Disputas por vagas em creches come\u00e7am nesta ter\u00e7a em Canoas - O Timoneiro Jornal Canoas RS\",\"isPartOf\":{\"@id\":\"https:\/\/jornaltimoneiro.com.br\/#website\"},\"datePublished\":\"2015-11-03T12:12:56+00:00\",\"dateModified\":\"2015-11-03T12:12:56+00:00\",\"breadcrumb\":{\"@id\":\"https:\/\/jornaltimoneiro.com.br\/index.php\/2015\/11\/03\/disputas-por-vagas-em-creches-comecam-nesta-terca-em-canoas\/#breadcrumb\"},\"inLanguage\":\"pt-BR\",\"potentialAction\":[{\"@type\":\"ReadAction\",\"target\":[\"https:\/\/jornaltimoneiro.com.br\/index.php\/2015\/11\/03\/disputas-por-vagas-em-creches-comecam-nesta-terca-em-canoas\/\"]}]},{\"@type\":\"BreadcrumbList\",\"@id\":\"https:\/\/jornaltimoneiro.com.br\/index.php\/2015\/11\/03\/disputas-por-vagas-em-creches-comecam-nesta-terca-em-canoas\/#breadcrumb\",\"itemListElement\":[{\"@type\":\"ListItem\",\"position\":1,\"name\":\"In\u00edcio\",\"item\":\"https:\/\/jornaltimoneiro.com.br\/\"},{\"@type\":\"ListItem\",\"position\":2,\"name\":\"Disputas por vagas em creches come\u00e7am nesta ter\u00e7a em Canoas\"}]},{\"@type\":\"WebSite\",\"@id\":\"https:\/\/jornaltimoneiro.com.br\/#website\",\"url\":\"https:\/\/jornaltimoneiro.com.br\/\",\"name\":\"Jornal Timoneiro Canoas RS\",\"description\":\"Jornal O Timoneiro, o verdadeiro jornal de Canoas\",\"publisher\":{\"@id\":\"https:\/\/jornaltimoneiro.com.br\/#organization\"},\"potentialAction\":[{\"@type\":\"SearchAction\",\"target\":{\"@type\":\"EntryPoint\",\"urlTemplate\":\"https:\/\/jornaltimoneiro.com.br\/?s={search_term_string}\"},\"query-input\":\"required name=search_term_string\"}],\"inLanguage\":\"pt-BR\"},{\"@type\":\"Organization\",\"@id\":\"https:\/\/jornaltimoneiro.com.br\/#organization\",\"name\":\"Jornal Timoneiro Canoas RS\",\"url\":\"https:\/\/jornaltimoneiro.com.br\/\",\"logo\":{\"@type\":\"ImageObject\",\"inLanguage\":\"pt-BR\",\"@id\":\"https:\/\/jornaltimoneiro.com.br\/#\/schema\/logo\/image\/\",\"url\":\"https:\/\/jornaltimoneiro.com.br\/wp-content\/uploads\/2023\/03\/logonovo.png\",\"contentUrl\":\"https:\/\/jornaltimoneiro.com.br\/wp-content\/uploads\/2023\/03\/logonovo.png\",\"width\":\"469\",\"height\":\"171\",\"caption\":\"Jornal Timoneiro Canoas RS\"},\"image\":{\"@id\":\"https:\/\/jornaltimoneiro.com.br\/#\/schema\/logo\/image\/\"},\"sameAs\":[\"https:\/\/www.facebook.com\/jornaltimoneiro\",\"https:\/\/twitter.com\/_OTimoneiro\",\"https:\/\/www.instagram.com\/jornaltimoneirocanoas\/\",\"https:\/\/www.youtube.com\/@jornalotimoneiro7927\"]},{\"@type\":\"Person\",\"@id\":\"https:\/\/jornaltimoneiro.com.br\/#\/schema\/person\/620efd1d8244466117482be494360b08\",\"name\":\"Reda\u00e7\u00e3o\",\"image\":{\"@type\":\"ImageObject\",\"inLanguage\":\"pt-BR\",\"@id\":\"https:\/\/jornaltimoneiro.com.br\/#\/schema\/person\/image\/\",\"url\":\"https:\/\/secure.gravatar.com\/avatar\/2f04e1b304682a8d9db336c7acd77f08?s=96&d=mm&r=g\",\"contentUrl\":\"https:\/\/secure.gravatar.com\/avatar\/2f04e1b304682a8d9db336c7acd77f08?s=96&d=mm&r=g\",\"caption\":\"Reda\u00e7\u00e3o\"},\"url\":\"https:\/\/jornaltimoneiro.com.br\/index.php\/author\/timoneirocanoas\/\"}]}<\/script>\n<!-- \/ Yoast SEO plugin. -->","yoast_head_json":{"title":"Disputas por vagas em creches come\u00e7am nesta ter\u00e7a em Canoas - O Timoneiro Jornal Canoas RS","robots":{"index":"index","follow":"follow","max-snippet":"max-snippet:-1","max-image-preview":"max-image-preview:large","max-video-preview":"max-video-preview:-1"},"canonical":"https:\/\/jornaltimoneiro.com.br\/index.php\/2015\/11\/03\/disputas-por-vagas-em-creches-comecam-nesta-terca-em-canoas\/","og_locale":"pt_BR","og_type":"article","og_title":"Disputas por vagas em creches come\u00e7am nesta ter\u00e7a em Canoas - O Timoneiro Jornal Canoas RS","og_description":"Conseguir uma vaga para as crian\u00e7as \u00e9 sempre uma batalha \u00e1rdua para os pais ou respons\u00e1veis no munic\u00edpio. Os interessados em vagas nas creches da rede municipal para o ano letivo de 2016 j\u00e1 podem come\u00e7ar a corrida para efetuar inscri\u00e7\u00e3o. O per\u00edodo neste ano ser\u00e1 de ter\u00e7a-feira, 3, at\u00e9 a ter\u00e7a-feira, 17 de novembro. [&hellip;]","og_url":"https:\/\/jornaltimoneiro.com.br\/index.php\/2015\/11\/03\/disputas-por-vagas-em-creches-comecam-nesta-terca-em-canoas\/","og_site_name":"O Timoneiro Jornal Canoas RS","article_publisher":"https:\/\/www.facebook.com\/jornaltimoneiro","article_published_time":"2015-11-03T12:12:56+00:00","author":"Reda\u00e7\u00e3o","twitter_card":"summary_large_image","twitter_creator":"@_OTimoneiro","twitter_site":"@_OTimoneiro","twitter_misc":{"Escrito por":"Reda\u00e7\u00e3o","Est. tempo de leitura":"1 minuto"},"schema":{"@context":"https:\/\/schema.org","@graph":[{"@type":"Article","@id":"https:\/\/jornaltimoneiro.com.br\/index.php\/2015\/11\/03\/disputas-por-vagas-em-creches-comecam-nesta-terca-em-canoas\/#article","isPartOf":{"@id":"https:\/\/jornaltimoneiro.com.br\/index.php\/2015\/11\/03\/disputas-por-vagas-em-creches-comecam-nesta-terca-em-canoas\/"},"author":{"name":"Reda\u00e7\u00e3o","@id":"https:\/\/jornaltimoneiro.com.br\/#\/schema\/person\/620efd1d8244466117482be494360b08"},"headline":"Disputas por vagas em creches come\u00e7am nesta ter\u00e7a em Canoas","datePublished":"2015-11-03T12:12:56+00:00","dateModified":"2015-11-03T12:12:56+00:00","mainEntityOfPage":{"@id":"https:\/\/jornaltimoneiro.com.br\/index.php\/2015\/11\/03\/disputas-por-vagas-em-creches-comecam-nesta-terca-em-canoas\/"},"wordCount":294,"commentCount":0,"publisher":{"@id":"https:\/\/jornaltimoneiro.com.br\/#organization"},"keywords":["canoas","creche","inscri\u00e7\u00f5es"],"articleSection":["Destaques","Ensino","Not\u00edcias"],"inLanguage":"pt-BR","potentialAction":[{"@type":"CommentAction","name":"Comment","target":["https:\/\/jornaltimoneiro.com.br\/index.php\/2015\/11\/03\/disputas-por-vagas-em-creches-comecam-nesta-terca-em-canoas\/#respond"]}]},{"@type":"WebPage","@id":"https:\/\/jornaltimoneiro.com.br\/index.php\/2015\/11\/03\/disputas-por-vagas-em-creches-comecam-nesta-terca-em-canoas\/","url":"https:\/\/jornaltimoneiro.com.br\/index.php\/2015\/11\/03\/disputas-por-vagas-em-creches-comecam-nesta-terca-em-canoas\/","name":"Disputas por vagas em creches come\u00e7am nesta ter\u00e7a em Canoas - O Timoneiro Jornal Canoas RS","isPartOf":{"@id":"https:\/\/jornaltimoneiro.com.br\/#website"},"datePublished":"2015-11-03T12:12:56+00:00","dateModified":"2015-11-03T12:12:56+00:00","breadcrumb":{"@id":"https:\/\/jornaltimoneiro.com.br\/index.php\/2015\/11\/03\/disputas-por-vagas-em-creches-comecam-nesta-terca-em-canoas\/#breadcrumb"},"inLanguage":"pt-BR","potentialAction":[{"@type":"ReadAction","target":["https:\/\/jornaltimoneiro.com.br\/index.php\/2015\/11\/03\/disputas-por-vagas-em-creches-comecam-nesta-terca-em-canoas\/"]}]},{"@type":"BreadcrumbList","@id":"https:\/\/jornaltimoneiro.com.br\/index.php\/2015\/11\/03\/disputas-por-vagas-em-creches-comecam-nesta-terca-em-canoas\/#breadcrumb","itemListElement":[{"@type":"ListItem","position":1,"name":"In\u00edcio","item":"https:\/\/jornaltimoneiro.com.br\/"},{"@type":"ListItem","position":2,"name":"Disputas por vagas em creches come\u00e7am nesta ter\u00e7a em Canoas"}]},{"@type":"WebSite","@id":"https:\/\/jornaltimoneiro.com.br\/#website","url":"https:\/\/jornaltimoneiro.com.br\/","name":"Jornal Timoneiro Canoas RS","description":"Jornal O Timoneiro, o verdadeiro jornal de Canoas","publisher":{"@id":"https:\/\/jornaltimoneiro.com.br\/#organization"},"potentialAction":[{"@type":"SearchAction","target":{"@type":"EntryPoint","urlTemplate":"https:\/\/jornaltimoneiro.com.br\/?s={search_term_string}"},"query-input":"required name=search_term_string"}],"inLanguage":"pt-BR"},{"@type":"Organization","@id":"https:\/\/jornaltimoneiro.com.br\/#organization","name":"Jornal Timoneiro Canoas RS","url":"https:\/\/jornaltimoneiro.com.br\/","logo":{"@type":"ImageObject","inLanguage":"pt-BR","@id":"https:\/\/jornaltimoneiro.com.br\/#\/schema\/logo\/image\/","url":"https:\/\/jornaltimoneiro.com.br\/wp-content\/uploads\/2023\/03\/logonovo.png","contentUrl":"https:\/\/jornaltimoneiro.com.br\/wp-content\/uploads\/2023\/03\/logonovo.png","width":"469","height":"171","caption":"Jornal Timoneiro Canoas RS"},"image":{"@id":"https:\/\/jornaltimoneiro.com.br\/#\/schema\/logo\/image\/"},"sameAs":["https:\/\/www.facebook.com\/jornaltimoneiro","https:\/\/twitter.com\/_OTimoneiro","https:\/\/www.instagram.com\/jornaltimoneirocanoas\/","https:\/\/www.youtube.com\/@jornalotimoneiro7927"]},{"@type":"Person","@id":"https:\/\/jornaltimoneiro.com.br\/#\/schema\/person\/620efd1d8244466117482be494360b08","name":"Reda\u00e7\u00e3o","image":{"@type":"ImageObject","inLanguage":"pt-BR","@id":"https:\/\/jornaltimoneiro.com.br\/#\/schema\/person\/image\/","url":"https:\/\/secure.gravatar.com\/avatar\/2f04e1b304682a8d9db336c7acd77f08?s=96&d=mm&r=g","contentUrl":"https:\/\/secure.gravatar.com\/avatar\/2f04e1b304682a8d9db336c7acd77f08?s=96&d=mm&r=g","caption":"Reda\u00e7\u00e3o"},"url":"https:\/\/jornaltimoneiro.com.br\/index.php\/author\/timoneirocanoas\/"}]}},"_links":{"self":[{"href":"https:\/\/jornaltimoneiro.com.br\/index.php\/wp-json\/wp\/v2\/posts\/1506"}],"collection":[{"href":"https:\/\/jornaltimoneiro.com.br\/index.php\/wp-json\/wp\/v2\/posts"}],"about":[{"href":"https:\/\/jornaltimoneiro.com.br\/index.php\/wp-json\/wp\/v2\/types\/post"}],"author":[{"embeddable":true,"href":"https:\/\/jornaltimoneiro.com.br\/index.php\/wp-json\/wp\/v2\/users\/1"}],"replies":[{"embeddable":true,"href":"https:\/\/jornaltimoneiro.com.br\/index.php\/wp-json\/wp\/v2\/comments?post=1506"}],"version-history":[{"count":0,"href":"https:\/\/jornaltimoneiro.com.br\/index.php\/wp-json\/wp\/v2\/posts\/1506\/revisions"}],"wp:attachment":[{"href":"https:\/\/jornaltimoneiro.com.br\/index.php\/wp-json\/wp\/v2\/media?parent=1506"}],"wp:term":[{"taxonomy":"category","embeddable":true,"href":"https:\/\/jornaltimoneiro.com.br\/index.php\/wp-json\/wp\/v2\/categories?post=1506"},{"taxonomy":"post_tag","embeddable":true,"href":"https:\/\/jornaltimoneiro.com.br\/index.php\/wp-json\/wp\/v2\/tags?post=1506"}],"curies":[{"name":"wp","href":"https:\/\/api.w.org\/{rel}","templated":true}]}}