{"id":15056,"date":"2019-12-24T14:41:49","date_gmt":"2019-12-24T16:41:49","guid":{"rendered":"https:\/\/jornaltimoneiro.com.br\/?p=15056"},"modified":"2020-01-03T18:22:15","modified_gmt":"2020-01-03T20:22:15","slug":"morre-dona-amelia-nascimento-coordenadora-de-acoes-sociais-no-rio-branco-aos-96-anos","status":"publish","type":"post","link":"https:\/\/jornaltimoneiro.com.br\/index.php\/2019\/12\/24\/morre-dona-amelia-nascimento-coordenadora-de-acoes-sociais-no-rio-branco-aos-96-anos\/","title":{"rendered":"Morre dona Am\u00e9lia Nascimento, coordenadora de a\u00e7\u00f5es sociais no Rio Branco, aos 96 anos"},"content":{"rendered":"<p><img decoding=\"async\" class=\"alignnone size-full wp-image-15057\" src=\"https:\/\/jornaltimoneiro.com.br\/wp-content\/uploads\/2019\/12\/WhatsApp-Image-2019-12-24-at-13.37.44.jpeg\" alt=\"\" width=\"700\" height=\"927\" srcset=\"https:\/\/jornaltimoneiro.com.br\/wp-content\/uploads\/2019\/12\/WhatsApp-Image-2019-12-24-at-13.37.44.jpeg 700w, https:\/\/jornaltimoneiro.com.br\/wp-content\/uploads\/2019\/12\/WhatsApp-Image-2019-12-24-at-13.37.44-227x300.jpeg 227w, https:\/\/jornaltimoneiro.com.br\/wp-content\/uploads\/2019\/12\/WhatsApp-Image-2019-12-24-at-13.37.44-696x922.jpeg 696w, https:\/\/jornaltimoneiro.com.br\/wp-content\/uploads\/2019\/12\/WhatsApp-Image-2019-12-24-at-13.37.44-317x420.jpeg 317w\" sizes=\"(max-width: 700px) 100vw, 700px\" \/><\/p>\n<p>Faleceu, \u00e0s 6h desta ter\u00e7a-feira, 24, dona Am\u00e9lia Antunes Nascimento, aos 96 anos de idade. Am\u00e9lia era vi\u00fava do ex-vereador Alcides Nascimento e uma das das maiores lideran\u00e7as do bairro Rio Branco, em Canoas, com atividades ligadas \u00e0 Par\u00f3quia Imaculada Concei\u00e7\u00e3o, da qual era colaboradora e coordenava a\u00e7\u00f5es sociais.<\/p>\n<p>Uma missa de corpo presente ser\u00e1 realizada ainda nesta ter\u00e7a-feira, \u00e0s 14h30, na Par\u00f3quia Imaculada Concei\u00e7\u00e3o (R. Ana Nery, 1309 &#8211; Rio Branco, Canoas) e seu sepultamento ser\u00e1 \u00e0s 20h no cemit\u00e9rio S\u00e3o Vicente (Av. Santos Ferreira, 3721 &#8211; Est\u00e2ncia Velha, Canoas).<\/p>\n","protected":false},"excerpt":{"rendered":"<p>Faleceu, \u00e0s 6h desta ter\u00e7a-feira, 24, dona Am\u00e9lia Antunes Nascimento, aos 96 anos de idade. Am\u00e9lia era vi\u00fava do ex-vereador Alcides Nascimento e uma das das maiores lideran\u00e7as do bairro Rio Branco, em Canoas, com atividades ligadas \u00e0 Par\u00f3quia Imaculada Concei\u00e7\u00e3o, da qual era colaboradora e coordenava a\u00e7\u00f5es sociais. Uma missa de corpo presente ser\u00e1 [&hellip;]<\/p>\n","protected":false},"author":2,"featured_media":15057,"comment_status":"closed","ping_status":"closed","sticky":false,"template":"","format":"standard","meta":{"amp_status":"","footnotes":""},"categories":[23],"tags":[],"class_list":["post-15056","post","type-post","status-publish","format-standard","has-post-thumbnail","hentry","category-geral"],"yoast_head":"<!-- This site is optimized with the Yoast SEO plugin v20.5 - https:\/\/yoast.com\/wordpress\/plugins\/seo\/ -->\n<title>Morre dona Am\u00e9lia Nascimento, coordenadora de a\u00e7\u00f5es sociais no Rio Branco, aos 96 anos - O Timoneiro Jornal Canoas RS<\/title>\n<meta name=\"robots\" content=\"index, follow, max-snippet:-1, max-image-preview:large, max-video-preview:-1\" \/>\n<link rel=\"canonical\" href=\"https:\/\/jornaltimoneiro.com.br\/index.php\/2019\/12\/24\/morre-dona-amelia-nascimento-coordenadora-de-acoes-sociais-no-rio-branco-aos-96-anos\/\" \/>\n<meta property=\"og:locale\" content=\"pt_BR\" \/>\n<meta property=\"og:type\" content=\"article\" \/>\n<meta property=\"og:title\" content=\"Morre dona Am\u00e9lia Nascimento, coordenadora de a\u00e7\u00f5es sociais no Rio Branco, aos 96 anos - O Timoneiro Jornal Canoas RS\" \/>\n<meta property=\"og:description\" content=\"Faleceu, \u00e0s 6h desta ter\u00e7a-feira, 24, dona Am\u00e9lia Antunes Nascimento, aos 96 anos de idade. Am\u00e9lia era vi\u00fava do ex-vereador Alcides Nascimento e uma das das maiores lideran\u00e7as do bairro Rio Branco, em Canoas, com atividades ligadas \u00e0 Par\u00f3quia Imaculada Concei\u00e7\u00e3o, da qual era colaboradora e coordenava a\u00e7\u00f5es sociais. Uma missa de corpo presente ser\u00e1 [&hellip;]\" \/>\n<meta property=\"og:url\" content=\"https:\/\/jornaltimoneiro.com.br\/index.php\/2019\/12\/24\/morre-dona-amelia-nascimento-coordenadora-de-acoes-sociais-no-rio-branco-aos-96-anos\/\" \/>\n<meta property=\"og:site_name\" content=\"O Timoneiro Jornal Canoas RS\" \/>\n<meta property=\"article:publisher\" content=\"https:\/\/www.facebook.com\/jornaltimoneiro\" \/>\n<meta property=\"article:published_time\" content=\"2019-12-24T16:41:49+00:00\" \/>\n<meta property=\"article:modified_time\" content=\"2020-01-03T20:22:15+00:00\" \/>\n<meta property=\"og:image\" content=\"https:\/\/jornaltimoneiro.com.br\/wp-content\/uploads\/2019\/12\/WhatsApp-Image-2019-12-24-at-13.37.44.jpeg\" \/>\n\t<meta property=\"og:image:width\" content=\"700\" \/>\n\t<meta property=\"og:image:height\" content=\"927\" \/>\n\t<meta property=\"og:image:type\" content=\"image\/jpeg\" \/>\n<meta name=\"author\" content=\"Reda\u00e7\u00e3o\" \/>\n<meta name=\"twitter:card\" content=\"summary_large_image\" \/>\n<meta name=\"twitter:creator\" content=\"@_OTimoneiro\" \/>\n<meta name=\"twitter:site\" content=\"@_OTimoneiro\" \/>\n<meta name=\"twitter:label1\" content=\"Escrito por\" \/>\n\t<meta name=\"twitter:data1\" content=\"Reda\u00e7\u00e3o\" \/>\n\t<meta name=\"twitter:label2\" content=\"Est. tempo de leitura\" \/>\n\t<meta name=\"twitter:data2\" content=\"1 minuto\" \/>\n<script type=\"application\/ld+json\" class=\"yoast-schema-graph\">{\"@context\":\"https:\/\/schema.org\",\"@graph\":[{\"@type\":\"Article\",\"@id\":\"https:\/\/jornaltimoneiro.com.br\/index.php\/2019\/12\/24\/morre-dona-amelia-nascimento-coordenadora-de-acoes-sociais-no-rio-branco-aos-96-anos\/#article\",\"isPartOf\":{\"@id\":\"https:\/\/jornaltimoneiro.com.br\/index.php\/2019\/12\/24\/morre-dona-amelia-nascimento-coordenadora-de-acoes-sociais-no-rio-branco-aos-96-anos\/\"},\"author\":{\"name\":\"Reda\u00e7\u00e3o\",\"@id\":\"https:\/\/jornaltimoneiro.com.br\/#\/schema\/person\/f63482f1a02b1a9592707865e509ab40\"},\"headline\":\"Morre dona Am\u00e9lia Nascimento, coordenadora de a\u00e7\u00f5es sociais no Rio Branco, aos 96 anos\",\"datePublished\":\"2019-12-24T16:41:49+00:00\",\"dateModified\":\"2020-01-03T20:22:15+00:00\",\"mainEntityOfPage\":{\"@id\":\"https:\/\/jornaltimoneiro.com.br\/index.php\/2019\/12\/24\/morre-dona-amelia-nascimento-coordenadora-de-acoes-sociais-no-rio-branco-aos-96-anos\/\"},\"wordCount\":115,\"publisher\":{\"@id\":\"https:\/\/jornaltimoneiro.com.br\/#organization\"},\"articleSection\":[\"Geral\"],\"inLanguage\":\"pt-BR\"},{\"@type\":\"WebPage\",\"@id\":\"https:\/\/jornaltimoneiro.com.br\/index.php\/2019\/12\/24\/morre-dona-amelia-nascimento-coordenadora-de-acoes-sociais-no-rio-branco-aos-96-anos\/\",\"url\":\"https:\/\/jornaltimoneiro.com.br\/index.php\/2019\/12\/24\/morre-dona-amelia-nascimento-coordenadora-de-acoes-sociais-no-rio-branco-aos-96-anos\/\",\"name\":\"Morre dona Am\u00e9lia Nascimento, coordenadora de a\u00e7\u00f5es sociais no Rio Branco, aos 96 anos - O Timoneiro Jornal Canoas RS\",\"isPartOf\":{\"@id\":\"https:\/\/jornaltimoneiro.com.br\/#website\"},\"datePublished\":\"2019-12-24T16:41:49+00:00\",\"dateModified\":\"2020-01-03T20:22:15+00:00\",\"breadcrumb\":{\"@id\":\"https:\/\/jornaltimoneiro.com.br\/index.php\/2019\/12\/24\/morre-dona-amelia-nascimento-coordenadora-de-acoes-sociais-no-rio-branco-aos-96-anos\/#breadcrumb\"},\"inLanguage\":\"pt-BR\",\"potentialAction\":[{\"@type\":\"ReadAction\",\"target\":[\"https:\/\/jornaltimoneiro.com.br\/index.php\/2019\/12\/24\/morre-dona-amelia-nascimento-coordenadora-de-acoes-sociais-no-rio-branco-aos-96-anos\/\"]}]},{\"@type\":\"BreadcrumbList\",\"@id\":\"https:\/\/jornaltimoneiro.com.br\/index.php\/2019\/12\/24\/morre-dona-amelia-nascimento-coordenadora-de-acoes-sociais-no-rio-branco-aos-96-anos\/#breadcrumb\",\"itemListElement\":[{\"@type\":\"ListItem\",\"position\":1,\"name\":\"In\u00edcio\",\"item\":\"https:\/\/jornaltimoneiro.com.br\/\"},{\"@type\":\"ListItem\",\"position\":2,\"name\":\"Morre dona Am\u00e9lia Nascimento, coordenadora de a\u00e7\u00f5es sociais no Rio Branco, aos 96 anos\"}]},{\"@type\":\"WebSite\",\"@id\":\"https:\/\/jornaltimoneiro.com.br\/#website\",\"url\":\"https:\/\/jornaltimoneiro.com.br\/\",\"name\":\"Jornal Timoneiro Canoas RS\",\"description\":\"Jornal O Timoneiro, o verdadeiro jornal de Canoas\",\"publisher\":{\"@id\":\"https:\/\/jornaltimoneiro.com.br\/#organization\"},\"potentialAction\":[{\"@type\":\"SearchAction\",\"target\":{\"@type\":\"EntryPoint\",\"urlTemplate\":\"https:\/\/jornaltimoneiro.com.br\/?s={search_term_string}\"},\"query-input\":\"required name=search_term_string\"}],\"inLanguage\":\"pt-BR\"},{\"@type\":\"Organization\",\"@id\":\"https:\/\/jornaltimoneiro.com.br\/#organization\",\"name\":\"Jornal Timoneiro Canoas RS\",\"url\":\"https:\/\/jornaltimoneiro.com.br\/\",\"logo\":{\"@type\":\"ImageObject\",\"inLanguage\":\"pt-BR\",\"@id\":\"https:\/\/jornaltimoneiro.com.br\/#\/schema\/logo\/image\/\",\"url\":\"https:\/\/jornaltimoneiro.com.br\/wp-content\/uploads\/2023\/03\/logonovo.png\",\"contentUrl\":\"https:\/\/jornaltimoneiro.com.br\/wp-content\/uploads\/2023\/03\/logonovo.png\",\"width\":\"469\",\"height\":\"171\",\"caption\":\"Jornal Timoneiro Canoas RS\"},\"image\":{\"@id\":\"https:\/\/jornaltimoneiro.com.br\/#\/schema\/logo\/image\/\"},\"sameAs\":[\"https:\/\/www.facebook.com\/jornaltimoneiro\",\"https:\/\/twitter.com\/_OTimoneiro\",\"https:\/\/www.instagram.com\/jornaltimoneirocanoas\/\",\"https:\/\/www.youtube.com\/@jornalotimoneiro7927\"]},{\"@type\":\"Person\",\"@id\":\"https:\/\/jornaltimoneiro.com.br\/#\/schema\/person\/f63482f1a02b1a9592707865e509ab40\",\"name\":\"Reda\u00e7\u00e3o\",\"image\":{\"@type\":\"ImageObject\",\"inLanguage\":\"pt-BR\",\"@id\":\"https:\/\/jornaltimoneiro.com.br\/#\/schema\/person\/image\/\",\"url\":\"https:\/\/jornaltimoneiro.com.br\/wp-content\/uploads\/2023\/03\/download.jpeg\",\"contentUrl\":\"https:\/\/jornaltimoneiro.com.br\/wp-content\/uploads\/2023\/03\/download.jpeg\",\"caption\":\"Reda\u00e7\u00e3o\"},\"url\":\"https:\/\/jornaltimoneiro.com.br\/index.php\/author\/simone-dutra\/\"}]}<\/script>\n<!-- \/ Yoast SEO plugin. -->","yoast_head_json":{"title":"Morre dona Am\u00e9lia Nascimento, coordenadora de a\u00e7\u00f5es sociais no Rio Branco, aos 96 anos - O Timoneiro Jornal Canoas RS","robots":{"index":"index","follow":"follow","max-snippet":"max-snippet:-1","max-image-preview":"max-image-preview:large","max-video-preview":"max-video-preview:-1"},"canonical":"https:\/\/jornaltimoneiro.com.br\/index.php\/2019\/12\/24\/morre-dona-amelia-nascimento-coordenadora-de-acoes-sociais-no-rio-branco-aos-96-anos\/","og_locale":"pt_BR","og_type":"article","og_title":"Morre dona Am\u00e9lia Nascimento, coordenadora de a\u00e7\u00f5es sociais no Rio Branco, aos 96 anos - O Timoneiro Jornal Canoas RS","og_description":"Faleceu, \u00e0s 6h desta ter\u00e7a-feira, 24, dona Am\u00e9lia Antunes Nascimento, aos 96 anos de idade. Am\u00e9lia era vi\u00fava do ex-vereador Alcides Nascimento e uma das das maiores lideran\u00e7as do bairro Rio Branco, em Canoas, com atividades ligadas \u00e0 Par\u00f3quia Imaculada Concei\u00e7\u00e3o, da qual era colaboradora e coordenava a\u00e7\u00f5es sociais. Uma missa de corpo presente ser\u00e1 [&hellip;]","og_url":"https:\/\/jornaltimoneiro.com.br\/index.php\/2019\/12\/24\/morre-dona-amelia-nascimento-coordenadora-de-acoes-sociais-no-rio-branco-aos-96-anos\/","og_site_name":"O Timoneiro Jornal Canoas RS","article_publisher":"https:\/\/www.facebook.com\/jornaltimoneiro","article_published_time":"2019-12-24T16:41:49+00:00","article_modified_time":"2020-01-03T20:22:15+00:00","og_image":[{"width":700,"height":927,"url":"https:\/\/jornaltimoneiro.com.br\/wp-content\/uploads\/2019\/12\/WhatsApp-Image-2019-12-24-at-13.37.44.jpeg","type":"image\/jpeg"}],"author":"Reda\u00e7\u00e3o","twitter_card":"summary_large_image","twitter_creator":"@_OTimoneiro","twitter_site":"@_OTimoneiro","twitter_misc":{"Escrito por":"Reda\u00e7\u00e3o","Est. tempo de leitura":"1 minuto"},"schema":{"@context":"https:\/\/schema.org","@graph":[{"@type":"Article","@id":"https:\/\/jornaltimoneiro.com.br\/index.php\/2019\/12\/24\/morre-dona-amelia-nascimento-coordenadora-de-acoes-sociais-no-rio-branco-aos-96-anos\/#article","isPartOf":{"@id":"https:\/\/jornaltimoneiro.com.br\/index.php\/2019\/12\/24\/morre-dona-amelia-nascimento-coordenadora-de-acoes-sociais-no-rio-branco-aos-96-anos\/"},"author":{"name":"Reda\u00e7\u00e3o","@id":"https:\/\/jornaltimoneiro.com.br\/#\/schema\/person\/f63482f1a02b1a9592707865e509ab40"},"headline":"Morre dona Am\u00e9lia Nascimento, coordenadora de a\u00e7\u00f5es sociais no Rio Branco, aos 96 anos","datePublished":"2019-12-24T16:41:49+00:00","dateModified":"2020-01-03T20:22:15+00:00","mainEntityOfPage":{"@id":"https:\/\/jornaltimoneiro.com.br\/index.php\/2019\/12\/24\/morre-dona-amelia-nascimento-coordenadora-de-acoes-sociais-no-rio-branco-aos-96-anos\/"},"wordCount":115,"publisher":{"@id":"https:\/\/jornaltimoneiro.com.br\/#organization"},"articleSection":["Geral"],"inLanguage":"pt-BR"},{"@type":"WebPage","@id":"https:\/\/jornaltimoneiro.com.br\/index.php\/2019\/12\/24\/morre-dona-amelia-nascimento-coordenadora-de-acoes-sociais-no-rio-branco-aos-96-anos\/","url":"https:\/\/jornaltimoneiro.com.br\/index.php\/2019\/12\/24\/morre-dona-amelia-nascimento-coordenadora-de-acoes-sociais-no-rio-branco-aos-96-anos\/","name":"Morre dona Am\u00e9lia Nascimento, coordenadora de a\u00e7\u00f5es sociais no Rio Branco, aos 96 anos - O Timoneiro Jornal Canoas RS","isPartOf":{"@id":"https:\/\/jornaltimoneiro.com.br\/#website"},"datePublished":"2019-12-24T16:41:49+00:00","dateModified":"2020-01-03T20:22:15+00:00","breadcrumb":{"@id":"https:\/\/jornaltimoneiro.com.br\/index.php\/2019\/12\/24\/morre-dona-amelia-nascimento-coordenadora-de-acoes-sociais-no-rio-branco-aos-96-anos\/#breadcrumb"},"inLanguage":"pt-BR","potentialAction":[{"@type":"ReadAction","target":["https:\/\/jornaltimoneiro.com.br\/index.php\/2019\/12\/24\/morre-dona-amelia-nascimento-coordenadora-de-acoes-sociais-no-rio-branco-aos-96-anos\/"]}]},{"@type":"BreadcrumbList","@id":"https:\/\/jornaltimoneiro.com.br\/index.php\/2019\/12\/24\/morre-dona-amelia-nascimento-coordenadora-de-acoes-sociais-no-rio-branco-aos-96-anos\/#breadcrumb","itemListElement":[{"@type":"ListItem","position":1,"name":"In\u00edcio","item":"https:\/\/jornaltimoneiro.com.br\/"},{"@type":"ListItem","position":2,"name":"Morre dona Am\u00e9lia Nascimento, coordenadora de a\u00e7\u00f5es sociais no Rio Branco, aos 96 anos"}]},{"@type":"WebSite","@id":"https:\/\/jornaltimoneiro.com.br\/#website","url":"https:\/\/jornaltimoneiro.com.br\/","name":"Jornal Timoneiro Canoas RS","description":"Jornal O Timoneiro, o verdadeiro jornal de Canoas","publisher":{"@id":"https:\/\/jornaltimoneiro.com.br\/#organization"},"potentialAction":[{"@type":"SearchAction","target":{"@type":"EntryPoint","urlTemplate":"https:\/\/jornaltimoneiro.com.br\/?s={search_term_string}"},"query-input":"required name=search_term_string"}],"inLanguage":"pt-BR"},{"@type":"Organization","@id":"https:\/\/jornaltimoneiro.com.br\/#organization","name":"Jornal Timoneiro Canoas RS","url":"https:\/\/jornaltimoneiro.com.br\/","logo":{"@type":"ImageObject","inLanguage":"pt-BR","@id":"https:\/\/jornaltimoneiro.com.br\/#\/schema\/logo\/image\/","url":"https:\/\/jornaltimoneiro.com.br\/wp-content\/uploads\/2023\/03\/logonovo.png","contentUrl":"https:\/\/jornaltimoneiro.com.br\/wp-content\/uploads\/2023\/03\/logonovo.png","width":"469","height":"171","caption":"Jornal Timoneiro Canoas RS"},"image":{"@id":"https:\/\/jornaltimoneiro.com.br\/#\/schema\/logo\/image\/"},"sameAs":["https:\/\/www.facebook.com\/jornaltimoneiro","https:\/\/twitter.com\/_OTimoneiro","https:\/\/www.instagram.com\/jornaltimoneirocanoas\/","https:\/\/www.youtube.com\/@jornalotimoneiro7927"]},{"@type":"Person","@id":"https:\/\/jornaltimoneiro.com.br\/#\/schema\/person\/f63482f1a02b1a9592707865e509ab40","name":"Reda\u00e7\u00e3o","image":{"@type":"ImageObject","inLanguage":"pt-BR","@id":"https:\/\/jornaltimoneiro.com.br\/#\/schema\/person\/image\/","url":"https:\/\/jornaltimoneiro.com.br\/wp-content\/uploads\/2023\/03\/download.jpeg","contentUrl":"https:\/\/jornaltimoneiro.com.br\/wp-content\/uploads\/2023\/03\/download.jpeg","caption":"Reda\u00e7\u00e3o"},"url":"https:\/\/jornaltimoneiro.com.br\/index.php\/author\/simone-dutra\/"}]}},"_links":{"self":[{"href":"https:\/\/jornaltimoneiro.com.br\/index.php\/wp-json\/wp\/v2\/posts\/15056"}],"collection":[{"href":"https:\/\/jornaltimoneiro.com.br\/index.php\/wp-json\/wp\/v2\/posts"}],"about":[{"href":"https:\/\/jornaltimoneiro.com.br\/index.php\/wp-json\/wp\/v2\/types\/post"}],"author":[{"embeddable":true,"href":"https:\/\/jornaltimoneiro.com.br\/index.php\/wp-json\/wp\/v2\/users\/2"}],"replies":[{"embeddable":true,"href":"https:\/\/jornaltimoneiro.com.br\/index.php\/wp-json\/wp\/v2\/comments?post=15056"}],"version-history":[{"count":0,"href":"https:\/\/jornaltimoneiro.com.br\/index.php\/wp-json\/wp\/v2\/posts\/15056\/revisions"}],"wp:featuredmedia":[{"embeddable":true,"href":"https:\/\/jornaltimoneiro.com.br\/index.php\/wp-json\/wp\/v2\/media\/15057"}],"wp:attachment":[{"href":"https:\/\/jornaltimoneiro.com.br\/index.php\/wp-json\/wp\/v2\/media?parent=15056"}],"wp:term":[{"taxonomy":"category","embeddable":true,"href":"https:\/\/jornaltimoneiro.com.br\/index.php\/wp-json\/wp\/v2\/categories?post=15056"},{"taxonomy":"post_tag","embeddable":true,"href":"https:\/\/jornaltimoneiro.com.br\/index.php\/wp-json\/wp\/v2\/tags?post=15056"}],"curies":[{"name":"wp","href":"https:\/\/api.w.org\/{rel}","templated":true}]}}