{"id":15022,"date":"2019-12-20T12:40:21","date_gmt":"2019-12-20T14:40:21","guid":{"rendered":"https:\/\/jornaltimoneiro.com.br\/?p=15022"},"modified":"2020-01-03T18:24:25","modified_gmt":"2020-01-03T20:24:25","slug":"multidao-de-funcionarios-da-sogal-se-aglomera-em-frente-a-prefeitura-e-camara-de-vereadores-de-canoas","status":"publish","type":"post","link":"https:\/\/jornaltimoneiro.com.br\/index.php\/2019\/12\/20\/multidao-de-funcionarios-da-sogal-se-aglomera-em-frente-a-prefeitura-e-camara-de-vereadores-de-canoas\/","title":{"rendered":"Multid\u00e3o de funcion\u00e1rios da Sogal se aglomera em frente \u00e0 Prefeitura e C\u00e2mara de Vereadores de Canoas"},"content":{"rendered":"<p><img decoding=\"async\" class=\"alignnone size-full wp-image-15044\" src=\"https:\/\/jornaltimoneiro.com.br\/wp-content\/uploads\/2019\/12\/WhatsApp-Image-2019-12-20-at-15.53.57.jpeg\" alt=\"\" width=\"1280\" height=\"562\" srcset=\"https:\/\/jornaltimoneiro.com.br\/wp-content\/uploads\/2019\/12\/WhatsApp-Image-2019-12-20-at-15.53.57.jpeg 1280w, https:\/\/jornaltimoneiro.com.br\/wp-content\/uploads\/2019\/12\/WhatsApp-Image-2019-12-20-at-15.53.57-300x132.jpeg 300w, https:\/\/jornaltimoneiro.com.br\/wp-content\/uploads\/2019\/12\/WhatsApp-Image-2019-12-20-at-15.53.57-768x337.jpeg 768w, https:\/\/jornaltimoneiro.com.br\/wp-content\/uploads\/2019\/12\/WhatsApp-Image-2019-12-20-at-15.53.57-1024x450.jpeg 1024w, https:\/\/jornaltimoneiro.com.br\/wp-content\/uploads\/2019\/12\/WhatsApp-Image-2019-12-20-at-15.53.57-696x306.jpeg 696w, https:\/\/jornaltimoneiro.com.br\/wp-content\/uploads\/2019\/12\/WhatsApp-Image-2019-12-20-at-15.53.57-1068x469.jpeg 1068w, https:\/\/jornaltimoneiro.com.br\/wp-content\/uploads\/2019\/12\/WhatsApp-Image-2019-12-20-at-15.53.57-957x420.jpeg 957w\" sizes=\"(max-width: 1280px) 100vw, 1280px\" \/><\/p>\n<p>Est\u00e3o reunidos desde \u00e0s 9h desta sexta-feira, 20, funcion\u00e1rios, vereadores e populares na\u00a0 C\u00e2mara de Vereadores, para a vota\u00e7\u00e3o do Projeto de Lei 64\/2019 que pretende estender contratos da Sogal por mais 10 anos, por recomenda\u00e7\u00e3o do Minist\u00e9rio P\u00fablico.<\/p>\n<p>O projeto deu entrada na sexta-feira, 6, no Legislativo canoense e precisa de 15 dias para ser analisado e estar apto \u00e0 vota\u00e7\u00e3o. Para isto, s\u00e3o necess\u00e1rios 14 votos para ser aprovado.<\/p>\n<p>Nos \u00faltimos dias, integrantes do Sindicato dos Rodovi\u00e1rios e demais trabalhadores foram vistos na C\u00e2mara de Vereadores, o que poderia ser uma tentativa de negocia\u00e7\u00e3o com os parlamentares para aprovar o PL. Hoje, eles tomam conta da frente do pr\u00e9dio da Prefeitura e da C\u00e2mara de Vereadores, em um manifesto que fez com que agentes de tr\u00e2nsito do munic\u00edpio bloqueassem a Rua Ipiranga.<\/p>\n<p>Fota parada<\/p>\n<p><img decoding=\"async\" class=\"alignnone size-full wp-image-15023\" src=\"https:\/\/jornaltimoneiro.com.br\/wp-content\/uploads\/2019\/12\/WhatsApp-Image-2019-12-20-at-11.59.00.jpeg\" alt=\"\" width=\"1280\" height=\"1219\" srcset=\"https:\/\/jornaltimoneiro.com.br\/wp-content\/uploads\/2019\/12\/WhatsApp-Image-2019-12-20-at-11.59.00.jpeg 1280w, https:\/\/jornaltimoneiro.com.br\/wp-content\/uploads\/2019\/12\/WhatsApp-Image-2019-12-20-at-11.59.00-300x286.jpeg 300w, https:\/\/jornaltimoneiro.com.br\/wp-content\/uploads\/2019\/12\/WhatsApp-Image-2019-12-20-at-11.59.00-768x731.jpeg 768w, https:\/\/jornaltimoneiro.com.br\/wp-content\/uploads\/2019\/12\/WhatsApp-Image-2019-12-20-at-11.59.00-1024x975.jpeg 1024w, https:\/\/jornaltimoneiro.com.br\/wp-content\/uploads\/2019\/12\/WhatsApp-Image-2019-12-20-at-11.59.00-696x663.jpeg 696w, https:\/\/jornaltimoneiro.com.br\/wp-content\/uploads\/2019\/12\/WhatsApp-Image-2019-12-20-at-11.59.00-1068x1017.jpeg 1068w, https:\/\/jornaltimoneiro.com.br\/wp-content\/uploads\/2019\/12\/WhatsApp-Image-2019-12-20-at-11.59.00-441x420.jpeg 441w\" sizes=\"(max-width: 1280px) 100vw, 1280px\" \/><\/p>\n<p>Dentro da casa legislativa, os funcion\u00e1rios da empresa se aglomeram e pressionam os vereadores presentes. Segundo nossa cobertura apurou, at\u00e9 o momento ningu\u00e9m votou e a empresa Sogal mandou paralisar o servi\u00e7os dos \u00f4nibus, que est\u00e3o, em parte, estacionados na Avenida Vitor Barreto.<\/p>\n<p>Mais informa\u00e7\u00f5es a qualquer momento.<\/p>\n<p>&nbsp;<\/p>\n","protected":false},"excerpt":{"rendered":"<p>Est\u00e3o reunidos desde \u00e0s 9h desta sexta-feira, 20, funcion\u00e1rios, vereadores e populares na\u00a0 C\u00e2mara de Vereadores, para a vota\u00e7\u00e3o do Projeto de Lei 64\/2019 que pretende estender contratos da Sogal por mais 10 anos, por recomenda\u00e7\u00e3o do Minist\u00e9rio P\u00fablico. O projeto deu entrada na sexta-feira, 6, no Legislativo canoense e precisa de 15 dias para [&hellip;]<\/p>\n","protected":false},"author":2,"featured_media":15044,"comment_status":"closed","ping_status":"closed","sticky":false,"template":"","format":"standard","meta":{"amp_status":"","footnotes":""},"categories":[23],"tags":[],"class_list":["post-15022","post","type-post","status-publish","format-standard","has-post-thumbnail","hentry","category-geral"],"yoast_head":"<!-- This site is optimized with the Yoast SEO plugin v20.5 - https:\/\/yoast.com\/wordpress\/plugins\/seo\/ -->\n<title>Multid\u00e3o de funcion\u00e1rios da Sogal se aglomera em frente \u00e0 Prefeitura e C\u00e2mara de Vereadores de Canoas - O Timoneiro Jornal Canoas RS<\/title>\n<meta name=\"robots\" content=\"index, follow, max-snippet:-1, max-image-preview:large, max-video-preview:-1\" \/>\n<link rel=\"canonical\" href=\"https:\/\/jornaltimoneiro.com.br\/index.php\/2019\/12\/20\/multidao-de-funcionarios-da-sogal-se-aglomera-em-frente-a-prefeitura-e-camara-de-vereadores-de-canoas\/\" \/>\n<meta property=\"og:locale\" content=\"pt_BR\" \/>\n<meta property=\"og:type\" content=\"article\" \/>\n<meta property=\"og:title\" content=\"Multid\u00e3o de funcion\u00e1rios da Sogal se aglomera em frente \u00e0 Prefeitura e C\u00e2mara de Vereadores de Canoas - O Timoneiro Jornal Canoas RS\" \/>\n<meta property=\"og:description\" content=\"Est\u00e3o reunidos desde \u00e0s 9h desta sexta-feira, 20, funcion\u00e1rios, vereadores e populares na\u00a0 C\u00e2mara de Vereadores, para a vota\u00e7\u00e3o do Projeto de Lei 64\/2019 que pretende estender contratos da Sogal por mais 10 anos, por recomenda\u00e7\u00e3o do Minist\u00e9rio P\u00fablico. O projeto deu entrada na sexta-feira, 6, no Legislativo canoense e precisa de 15 dias para [&hellip;]\" \/>\n<meta property=\"og:url\" content=\"https:\/\/jornaltimoneiro.com.br\/index.php\/2019\/12\/20\/multidao-de-funcionarios-da-sogal-se-aglomera-em-frente-a-prefeitura-e-camara-de-vereadores-de-canoas\/\" \/>\n<meta property=\"og:site_name\" content=\"O Timoneiro Jornal Canoas RS\" \/>\n<meta property=\"article:publisher\" content=\"https:\/\/www.facebook.com\/jornaltimoneiro\" \/>\n<meta property=\"article:published_time\" content=\"2019-12-20T14:40:21+00:00\" \/>\n<meta property=\"article:modified_time\" content=\"2020-01-03T20:24:25+00:00\" \/>\n<meta property=\"og:image\" content=\"https:\/\/jornaltimoneiro.com.br\/wp-content\/uploads\/2019\/12\/WhatsApp-Image-2019-12-20-at-15.53.57.jpeg\" \/>\n\t<meta property=\"og:image:width\" content=\"1280\" \/>\n\t<meta property=\"og:image:height\" content=\"562\" \/>\n\t<meta property=\"og:image:type\" content=\"image\/jpeg\" \/>\n<meta name=\"author\" content=\"Reda\u00e7\u00e3o\" \/>\n<meta name=\"twitter:card\" content=\"summary_large_image\" \/>\n<meta name=\"twitter:creator\" content=\"@_OTimoneiro\" \/>\n<meta name=\"twitter:site\" content=\"@_OTimoneiro\" \/>\n<meta name=\"twitter:label1\" content=\"Escrito por\" \/>\n\t<meta name=\"twitter:data1\" content=\"Reda\u00e7\u00e3o\" \/>\n\t<meta name=\"twitter:label2\" content=\"Est. tempo de leitura\" \/>\n\t<meta name=\"twitter:data2\" content=\"1 minuto\" \/>\n<script type=\"application\/ld+json\" class=\"yoast-schema-graph\">{\"@context\":\"https:\/\/schema.org\",\"@graph\":[{\"@type\":\"Article\",\"@id\":\"https:\/\/jornaltimoneiro.com.br\/index.php\/2019\/12\/20\/multidao-de-funcionarios-da-sogal-se-aglomera-em-frente-a-prefeitura-e-camara-de-vereadores-de-canoas\/#article\",\"isPartOf\":{\"@id\":\"https:\/\/jornaltimoneiro.com.br\/index.php\/2019\/12\/20\/multidao-de-funcionarios-da-sogal-se-aglomera-em-frente-a-prefeitura-e-camara-de-vereadores-de-canoas\/\"},\"author\":{\"name\":\"Reda\u00e7\u00e3o\",\"@id\":\"https:\/\/jornaltimoneiro.com.br\/#\/schema\/person\/f63482f1a02b1a9592707865e509ab40\"},\"headline\":\"Multid\u00e3o de funcion\u00e1rios da Sogal se aglomera em frente \u00e0 Prefeitura e C\u00e2mara de Vereadores de Canoas\",\"datePublished\":\"2019-12-20T14:40:21+00:00\",\"dateModified\":\"2020-01-03T20:24:25+00:00\",\"mainEntityOfPage\":{\"@id\":\"https:\/\/jornaltimoneiro.com.br\/index.php\/2019\/12\/20\/multidao-de-funcionarios-da-sogal-se-aglomera-em-frente-a-prefeitura-e-camara-de-vereadores-de-canoas\/\"},\"wordCount\":219,\"publisher\":{\"@id\":\"https:\/\/jornaltimoneiro.com.br\/#organization\"},\"articleSection\":[\"Geral\"],\"inLanguage\":\"pt-BR\"},{\"@type\":\"WebPage\",\"@id\":\"https:\/\/jornaltimoneiro.com.br\/index.php\/2019\/12\/20\/multidao-de-funcionarios-da-sogal-se-aglomera-em-frente-a-prefeitura-e-camara-de-vereadores-de-canoas\/\",\"url\":\"https:\/\/jornaltimoneiro.com.br\/index.php\/2019\/12\/20\/multidao-de-funcionarios-da-sogal-se-aglomera-em-frente-a-prefeitura-e-camara-de-vereadores-de-canoas\/\",\"name\":\"Multid\u00e3o de funcion\u00e1rios da Sogal se aglomera em frente \u00e0 Prefeitura e C\u00e2mara de Vereadores de Canoas - O Timoneiro Jornal Canoas RS\",\"isPartOf\":{\"@id\":\"https:\/\/jornaltimoneiro.com.br\/#website\"},\"datePublished\":\"2019-12-20T14:40:21+00:00\",\"dateModified\":\"2020-01-03T20:24:25+00:00\",\"breadcrumb\":{\"@id\":\"https:\/\/jornaltimoneiro.com.br\/index.php\/2019\/12\/20\/multidao-de-funcionarios-da-sogal-se-aglomera-em-frente-a-prefeitura-e-camara-de-vereadores-de-canoas\/#breadcrumb\"},\"inLanguage\":\"pt-BR\",\"potentialAction\":[{\"@type\":\"ReadAction\",\"target\":[\"https:\/\/jornaltimoneiro.com.br\/index.php\/2019\/12\/20\/multidao-de-funcionarios-da-sogal-se-aglomera-em-frente-a-prefeitura-e-camara-de-vereadores-de-canoas\/\"]}]},{\"@type\":\"BreadcrumbList\",\"@id\":\"https:\/\/jornaltimoneiro.com.br\/index.php\/2019\/12\/20\/multidao-de-funcionarios-da-sogal-se-aglomera-em-frente-a-prefeitura-e-camara-de-vereadores-de-canoas\/#breadcrumb\",\"itemListElement\":[{\"@type\":\"ListItem\",\"position\":1,\"name\":\"In\u00edcio\",\"item\":\"https:\/\/jornaltimoneiro.com.br\/\"},{\"@type\":\"ListItem\",\"position\":2,\"name\":\"Multid\u00e3o de funcion\u00e1rios da Sogal se aglomera em frente \u00e0 Prefeitura e C\u00e2mara de Vereadores de Canoas\"}]},{\"@type\":\"WebSite\",\"@id\":\"https:\/\/jornaltimoneiro.com.br\/#website\",\"url\":\"https:\/\/jornaltimoneiro.com.br\/\",\"name\":\"Jornal Timoneiro Canoas RS\",\"description\":\"Jornal O Timoneiro, o verdadeiro jornal de Canoas\",\"publisher\":{\"@id\":\"https:\/\/jornaltimoneiro.com.br\/#organization\"},\"potentialAction\":[{\"@type\":\"SearchAction\",\"target\":{\"@type\":\"EntryPoint\",\"urlTemplate\":\"https:\/\/jornaltimoneiro.com.br\/?s={search_term_string}\"},\"query-input\":\"required name=search_term_string\"}],\"inLanguage\":\"pt-BR\"},{\"@type\":\"Organization\",\"@id\":\"https:\/\/jornaltimoneiro.com.br\/#organization\",\"name\":\"Jornal Timoneiro Canoas RS\",\"url\":\"https:\/\/jornaltimoneiro.com.br\/\",\"logo\":{\"@type\":\"ImageObject\",\"inLanguage\":\"pt-BR\",\"@id\":\"https:\/\/jornaltimoneiro.com.br\/#\/schema\/logo\/image\/\",\"url\":\"https:\/\/jornaltimoneiro.com.br\/wp-content\/uploads\/2023\/03\/logonovo.png\",\"contentUrl\":\"https:\/\/jornaltimoneiro.com.br\/wp-content\/uploads\/2023\/03\/logonovo.png\",\"width\":\"469\",\"height\":\"171\",\"caption\":\"Jornal Timoneiro Canoas RS\"},\"image\":{\"@id\":\"https:\/\/jornaltimoneiro.com.br\/#\/schema\/logo\/image\/\"},\"sameAs\":[\"https:\/\/www.facebook.com\/jornaltimoneiro\",\"https:\/\/twitter.com\/_OTimoneiro\",\"https:\/\/www.instagram.com\/jornaltimoneirocanoas\/\",\"https:\/\/www.youtube.com\/@jornalotimoneiro7927\"]},{\"@type\":\"Person\",\"@id\":\"https:\/\/jornaltimoneiro.com.br\/#\/schema\/person\/f63482f1a02b1a9592707865e509ab40\",\"name\":\"Reda\u00e7\u00e3o\",\"image\":{\"@type\":\"ImageObject\",\"inLanguage\":\"pt-BR\",\"@id\":\"https:\/\/jornaltimoneiro.com.br\/#\/schema\/person\/image\/\",\"url\":\"https:\/\/jornaltimoneiro.com.br\/wp-content\/uploads\/2023\/03\/download.jpeg\",\"contentUrl\":\"https:\/\/jornaltimoneiro.com.br\/wp-content\/uploads\/2023\/03\/download.jpeg\",\"caption\":\"Reda\u00e7\u00e3o\"},\"url\":\"https:\/\/jornaltimoneiro.com.br\/index.php\/author\/simone-dutra\/\"}]}<\/script>\n<!-- \/ Yoast SEO plugin. -->","yoast_head_json":{"title":"Multid\u00e3o de funcion\u00e1rios da Sogal se aglomera em frente \u00e0 Prefeitura e C\u00e2mara de Vereadores de Canoas - O Timoneiro Jornal Canoas RS","robots":{"index":"index","follow":"follow","max-snippet":"max-snippet:-1","max-image-preview":"max-image-preview:large","max-video-preview":"max-video-preview:-1"},"canonical":"https:\/\/jornaltimoneiro.com.br\/index.php\/2019\/12\/20\/multidao-de-funcionarios-da-sogal-se-aglomera-em-frente-a-prefeitura-e-camara-de-vereadores-de-canoas\/","og_locale":"pt_BR","og_type":"article","og_title":"Multid\u00e3o de funcion\u00e1rios da Sogal se aglomera em frente \u00e0 Prefeitura e C\u00e2mara de Vereadores de Canoas - O Timoneiro Jornal Canoas RS","og_description":"Est\u00e3o reunidos desde \u00e0s 9h desta sexta-feira, 20, funcion\u00e1rios, vereadores e populares na\u00a0 C\u00e2mara de Vereadores, para a vota\u00e7\u00e3o do Projeto de Lei 64\/2019 que pretende estender contratos da Sogal por mais 10 anos, por recomenda\u00e7\u00e3o do Minist\u00e9rio P\u00fablico. O projeto deu entrada na sexta-feira, 6, no Legislativo canoense e precisa de 15 dias para [&hellip;]","og_url":"https:\/\/jornaltimoneiro.com.br\/index.php\/2019\/12\/20\/multidao-de-funcionarios-da-sogal-se-aglomera-em-frente-a-prefeitura-e-camara-de-vereadores-de-canoas\/","og_site_name":"O Timoneiro Jornal Canoas RS","article_publisher":"https:\/\/www.facebook.com\/jornaltimoneiro","article_published_time":"2019-12-20T14:40:21+00:00","article_modified_time":"2020-01-03T20:24:25+00:00","og_image":[{"width":1280,"height":562,"url":"https:\/\/jornaltimoneiro.com.br\/wp-content\/uploads\/2019\/12\/WhatsApp-Image-2019-12-20-at-15.53.57.jpeg","type":"image\/jpeg"}],"author":"Reda\u00e7\u00e3o","twitter_card":"summary_large_image","twitter_creator":"@_OTimoneiro","twitter_site":"@_OTimoneiro","twitter_misc":{"Escrito por":"Reda\u00e7\u00e3o","Est. tempo de leitura":"1 minuto"},"schema":{"@context":"https:\/\/schema.org","@graph":[{"@type":"Article","@id":"https:\/\/jornaltimoneiro.com.br\/index.php\/2019\/12\/20\/multidao-de-funcionarios-da-sogal-se-aglomera-em-frente-a-prefeitura-e-camara-de-vereadores-de-canoas\/#article","isPartOf":{"@id":"https:\/\/jornaltimoneiro.com.br\/index.php\/2019\/12\/20\/multidao-de-funcionarios-da-sogal-se-aglomera-em-frente-a-prefeitura-e-camara-de-vereadores-de-canoas\/"},"author":{"name":"Reda\u00e7\u00e3o","@id":"https:\/\/jornaltimoneiro.com.br\/#\/schema\/person\/f63482f1a02b1a9592707865e509ab40"},"headline":"Multid\u00e3o de funcion\u00e1rios da Sogal se aglomera em frente \u00e0 Prefeitura e C\u00e2mara de Vereadores de Canoas","datePublished":"2019-12-20T14:40:21+00:00","dateModified":"2020-01-03T20:24:25+00:00","mainEntityOfPage":{"@id":"https:\/\/jornaltimoneiro.com.br\/index.php\/2019\/12\/20\/multidao-de-funcionarios-da-sogal-se-aglomera-em-frente-a-prefeitura-e-camara-de-vereadores-de-canoas\/"},"wordCount":219,"publisher":{"@id":"https:\/\/jornaltimoneiro.com.br\/#organization"},"articleSection":["Geral"],"inLanguage":"pt-BR"},{"@type":"WebPage","@id":"https:\/\/jornaltimoneiro.com.br\/index.php\/2019\/12\/20\/multidao-de-funcionarios-da-sogal-se-aglomera-em-frente-a-prefeitura-e-camara-de-vereadores-de-canoas\/","url":"https:\/\/jornaltimoneiro.com.br\/index.php\/2019\/12\/20\/multidao-de-funcionarios-da-sogal-se-aglomera-em-frente-a-prefeitura-e-camara-de-vereadores-de-canoas\/","name":"Multid\u00e3o de funcion\u00e1rios da Sogal se aglomera em frente \u00e0 Prefeitura e C\u00e2mara de Vereadores de Canoas - O Timoneiro Jornal Canoas RS","isPartOf":{"@id":"https:\/\/jornaltimoneiro.com.br\/#website"},"datePublished":"2019-12-20T14:40:21+00:00","dateModified":"2020-01-03T20:24:25+00:00","breadcrumb":{"@id":"https:\/\/jornaltimoneiro.com.br\/index.php\/2019\/12\/20\/multidao-de-funcionarios-da-sogal-se-aglomera-em-frente-a-prefeitura-e-camara-de-vereadores-de-canoas\/#breadcrumb"},"inLanguage":"pt-BR","potentialAction":[{"@type":"ReadAction","target":["https:\/\/jornaltimoneiro.com.br\/index.php\/2019\/12\/20\/multidao-de-funcionarios-da-sogal-se-aglomera-em-frente-a-prefeitura-e-camara-de-vereadores-de-canoas\/"]}]},{"@type":"BreadcrumbList","@id":"https:\/\/jornaltimoneiro.com.br\/index.php\/2019\/12\/20\/multidao-de-funcionarios-da-sogal-se-aglomera-em-frente-a-prefeitura-e-camara-de-vereadores-de-canoas\/#breadcrumb","itemListElement":[{"@type":"ListItem","position":1,"name":"In\u00edcio","item":"https:\/\/jornaltimoneiro.com.br\/"},{"@type":"ListItem","position":2,"name":"Multid\u00e3o de funcion\u00e1rios da Sogal se aglomera em frente \u00e0 Prefeitura e C\u00e2mara de Vereadores de Canoas"}]},{"@type":"WebSite","@id":"https:\/\/jornaltimoneiro.com.br\/#website","url":"https:\/\/jornaltimoneiro.com.br\/","name":"Jornal Timoneiro Canoas RS","description":"Jornal O Timoneiro, o verdadeiro jornal de Canoas","publisher":{"@id":"https:\/\/jornaltimoneiro.com.br\/#organization"},"potentialAction":[{"@type":"SearchAction","target":{"@type":"EntryPoint","urlTemplate":"https:\/\/jornaltimoneiro.com.br\/?s={search_term_string}"},"query-input":"required name=search_term_string"}],"inLanguage":"pt-BR"},{"@type":"Organization","@id":"https:\/\/jornaltimoneiro.com.br\/#organization","name":"Jornal Timoneiro Canoas RS","url":"https:\/\/jornaltimoneiro.com.br\/","logo":{"@type":"ImageObject","inLanguage":"pt-BR","@id":"https:\/\/jornaltimoneiro.com.br\/#\/schema\/logo\/image\/","url":"https:\/\/jornaltimoneiro.com.br\/wp-content\/uploads\/2023\/03\/logonovo.png","contentUrl":"https:\/\/jornaltimoneiro.com.br\/wp-content\/uploads\/2023\/03\/logonovo.png","width":"469","height":"171","caption":"Jornal Timoneiro Canoas RS"},"image":{"@id":"https:\/\/jornaltimoneiro.com.br\/#\/schema\/logo\/image\/"},"sameAs":["https:\/\/www.facebook.com\/jornaltimoneiro","https:\/\/twitter.com\/_OTimoneiro","https:\/\/www.instagram.com\/jornaltimoneirocanoas\/","https:\/\/www.youtube.com\/@jornalotimoneiro7927"]},{"@type":"Person","@id":"https:\/\/jornaltimoneiro.com.br\/#\/schema\/person\/f63482f1a02b1a9592707865e509ab40","name":"Reda\u00e7\u00e3o","image":{"@type":"ImageObject","inLanguage":"pt-BR","@id":"https:\/\/jornaltimoneiro.com.br\/#\/schema\/person\/image\/","url":"https:\/\/jornaltimoneiro.com.br\/wp-content\/uploads\/2023\/03\/download.jpeg","contentUrl":"https:\/\/jornaltimoneiro.com.br\/wp-content\/uploads\/2023\/03\/download.jpeg","caption":"Reda\u00e7\u00e3o"},"url":"https:\/\/jornaltimoneiro.com.br\/index.php\/author\/simone-dutra\/"}]}},"_links":{"self":[{"href":"https:\/\/jornaltimoneiro.com.br\/index.php\/wp-json\/wp\/v2\/posts\/15022"}],"collection":[{"href":"https:\/\/jornaltimoneiro.com.br\/index.php\/wp-json\/wp\/v2\/posts"}],"about":[{"href":"https:\/\/jornaltimoneiro.com.br\/index.php\/wp-json\/wp\/v2\/types\/post"}],"author":[{"embeddable":true,"href":"https:\/\/jornaltimoneiro.com.br\/index.php\/wp-json\/wp\/v2\/users\/2"}],"replies":[{"embeddable":true,"href":"https:\/\/jornaltimoneiro.com.br\/index.php\/wp-json\/wp\/v2\/comments?post=15022"}],"version-history":[{"count":0,"href":"https:\/\/jornaltimoneiro.com.br\/index.php\/wp-json\/wp\/v2\/posts\/15022\/revisions"}],"wp:featuredmedia":[{"embeddable":true,"href":"https:\/\/jornaltimoneiro.com.br\/index.php\/wp-json\/wp\/v2\/media\/15044"}],"wp:attachment":[{"href":"https:\/\/jornaltimoneiro.com.br\/index.php\/wp-json\/wp\/v2\/media?parent=15022"}],"wp:term":[{"taxonomy":"category","embeddable":true,"href":"https:\/\/jornaltimoneiro.com.br\/index.php\/wp-json\/wp\/v2\/categories?post=15022"},{"taxonomy":"post_tag","embeddable":true,"href":"https:\/\/jornaltimoneiro.com.br\/index.php\/wp-json\/wp\/v2\/tags?post=15022"}],"curies":[{"name":"wp","href":"https:\/\/api.w.org\/{rel}","templated":true}]}}