{"id":15019,"date":"2019-12-19T17:29:56","date_gmt":"2019-12-19T19:29:56","guid":{"rendered":"https:\/\/jornaltimoneiro.com.br\/?p=15019"},"modified":"2019-12-19T17:29:56","modified_gmt":"2019-12-19T19:29:56","slug":"ifrs-oferece-vagas-para-mestrado-em-educacao","status":"publish","type":"post","link":"https:\/\/jornaltimoneiro.com.br\/index.php\/2019\/12\/19\/ifrs-oferece-vagas-para-mestrado-em-educacao\/","title":{"rendered":"IFRS oferece vagas para Mestrado em Educa\u00e7\u00e3o"},"content":{"rendered":"<p>O Instituto Federal do Rio Grande do Sul (IFRS) oferece 24 vagas na sele\u00e7\u00e3o para o Mestrado Profissional em Educa\u00e7\u00e3o Profissional e Tecnol\u00f3gica (ProfEPT). O curso \u00e9 gratuito e aberto a pessoas com curso superior (licenciatura, bacharelado ou de tecnologia) em qualquer \u00e1rea. As aulas ser\u00e3o realizadas \u00e0s sextas-feiras, manh\u00e3 e tarde, no Campus Porto Alegre, a partir de agosto de 2020. <\/p>\n<p><strong>Sobre as vagas:<\/strong><\/p>\n<p>Das 24 vagas, a metade \u00e9 reservada para servidores permanentes ativos da Rede Federal de Educa\u00e7\u00e3o Profissional, Cient\u00edfica e Tecnol\u00f3gica*. As demais s\u00e3o para ampla concorr\u00eancia, sendo nove na categoria \u201cgeral\u201d, uma vaga para a cota de pessoa com defici\u00eancia (PcD) e duas para a cota de pretos, pardos e ind\u00edgenas (PPI).<\/p>\n<p>O Edital com os detalhes do Exame Nacional de Acesso (ENA), informa\u00e7\u00f5es sobre o funcionamento do curso e do Programa ProfEPT foi publicado. O mestrado \u00e9 ofertado em rede nacional, totalizando 913 vagas distribu\u00eddas em todos os estados do Brasil.<\/p>\n<p><strong><br \/>\nSobre a sele\u00e7\u00e3o:<\/strong><\/p>\n<p>As inscri\u00e7\u00f5es ocorrer\u00e3o de 13 de fevereiro a 18 de mar\u00e7o de 2020 e a prova, no dia 17 de maio de 2020. Ser\u00e3o 50 quest\u00f5es de m\u00faltipla escolha sobre as Bases Conceituais e Hist\u00f3ricas da Educa\u00e7\u00e3o Profissional e Tecnol\u00f3gica, sobre Metodologias de Pesquisa e Teorias e Pr\u00e1ticas de Ensino e Aprendizagem. As refer\u00eancias bibliogr\u00e1ficas est\u00e3o dispon\u00edveis no edital.<\/p>\n<p>Observa\u00e7\u00e3o: Recursos ao Edital poder\u00e3o ser enviados at\u00e9 o dia 19 de dezembro de 2019 para o e-mail do Programa: profept@ifes.edu.br. Outros esclarecimentos podem ser solicitados pelo e-mail: profeptifrs@ifrs.edu.br<\/p>\n<p> * Fazem parte da Rede Federal de Educa\u00e7\u00e3o Profissional, Cient\u00edfica e Tecnol\u00f3gica: Institutos Federais de Educa\u00e7\u00e3o, Ci\u00eancia e Tecnologia; Centros Federais de Educa\u00e7\u00e3o Tecnol\u00f3gica e Col\u00e9gio Pedro II.<\/p>\n<p><strong>Sobre o IFRS<\/strong><\/p>\n<p> O Instituto Federal de Educa\u00e7\u00e3o, Ci\u00eancia e Tecnologia do Rio Grande do Sul (IFRS) oferece cursos gratuitos em 16 munic\u00edpios do Rio Grande do Sul. S\u00e3o cursos de n\u00edvel m\u00e9dio (t\u00e9cnicos que podem ser cursados de forma integrada, concomitante e subsequente ao Ensino M\u00e9dio), superiores (de gradua\u00e7\u00e3o e p\u00f3s-gradua\u00e7\u00e3o) e de extens\u00e3o. O IFRS \u00e9 uma institui\u00e7\u00e3o federal de ensino p\u00fablico e gratuito.<\/p>\n<p>As unidades do Instituto s\u00e3o: Campus Alvorada, Campus Bento Gon\u00e7alves, Campus Canoas, Campus Caxias do Sul, Campus Erechim, Campus Farroupilha, Campus Feliz, Campus Ibirub\u00e1, Campus Os\u00f3rio, Campus Porto Alegre, Campus Restinga (Porto Alegre), Campus Rio Grande, Campus Rolante, Campus Sert\u00e3o, Campus Vacaria, Campus Veran\u00f3polis e Campus Viam\u00e3o. A Reitoria est\u00e1 localizada no munic\u00edpio de Bento Gon\u00e7alves.<\/p>\n<p>No total, s\u00e3o cerca de 22 mil alunos e 200 op\u00e7\u00f5es de cursos. Mais informa\u00e7\u00f5es no site <a href=\"http:\/\/www.ifrs.edu.br\">www.ifrs.edu.br<\/a> .<\/p>\n","protected":false},"excerpt":{"rendered":"<p>O Instituto Federal do Rio Grande do Sul (IFRS) oferece 24 vagas na sele\u00e7\u00e3o para o Mestrado Profissional em Educa\u00e7\u00e3o Profissional e Tecnol\u00f3gica (ProfEPT). O curso \u00e9 gratuito e aberto a pessoas com curso superior (licenciatura, bacharelado ou de tecnologia) em qualquer \u00e1rea. As aulas ser\u00e3o realizadas \u00e0s sextas-feiras, manh\u00e3 e tarde, no Campus Porto [&hellip;]<\/p>\n","protected":false},"author":2,"featured_media":15020,"comment_status":"closed","ping_status":"closed","sticky":false,"template":"","format":"standard","meta":{"amp_status":"","footnotes":""},"categories":[23],"tags":[],"class_list":["post-15019","post","type-post","status-publish","format-standard","has-post-thumbnail","hentry","category-geral"],"yoast_head":"<!-- This site is optimized with the Yoast SEO plugin v20.5 - https:\/\/yoast.com\/wordpress\/plugins\/seo\/ -->\n<title>IFRS oferece vagas para Mestrado em Educa\u00e7\u00e3o - O Timoneiro Jornal Canoas RS<\/title>\n<meta name=\"robots\" content=\"index, follow, max-snippet:-1, max-image-preview:large, max-video-preview:-1\" \/>\n<link rel=\"canonical\" href=\"https:\/\/jornaltimoneiro.com.br\/index.php\/2019\/12\/19\/ifrs-oferece-vagas-para-mestrado-em-educacao\/\" \/>\n<meta property=\"og:locale\" content=\"pt_BR\" \/>\n<meta property=\"og:type\" content=\"article\" \/>\n<meta property=\"og:title\" content=\"IFRS oferece vagas para Mestrado em Educa\u00e7\u00e3o - O Timoneiro Jornal Canoas RS\" \/>\n<meta property=\"og:description\" content=\"O Instituto Federal do Rio Grande do Sul (IFRS) oferece 24 vagas na sele\u00e7\u00e3o para o Mestrado Profissional em Educa\u00e7\u00e3o Profissional e Tecnol\u00f3gica (ProfEPT). O curso \u00e9 gratuito e aberto a pessoas com curso superior (licenciatura, bacharelado ou de tecnologia) em qualquer \u00e1rea. As aulas ser\u00e3o realizadas \u00e0s sextas-feiras, manh\u00e3 e tarde, no Campus Porto [&hellip;]\" \/>\n<meta property=\"og:url\" content=\"https:\/\/jornaltimoneiro.com.br\/index.php\/2019\/12\/19\/ifrs-oferece-vagas-para-mestrado-em-educacao\/\" \/>\n<meta property=\"og:site_name\" content=\"O Timoneiro Jornal Canoas RS\" \/>\n<meta property=\"article:publisher\" content=\"https:\/\/www.facebook.com\/jornaltimoneiro\" \/>\n<meta property=\"article:published_time\" content=\"2019-12-19T19:29:56+00:00\" \/>\n<meta property=\"og:image\" content=\"https:\/\/jornaltimoneiro.com.br\/wp-content\/uploads\/2019\/12\/horizontal-nova-01.jpg\" \/>\n\t<meta property=\"og:image:width\" content=\"854\" \/>\n\t<meta property=\"og:image:height\" content=\"352\" \/>\n\t<meta property=\"og:image:type\" content=\"image\/jpeg\" \/>\n<meta name=\"author\" content=\"Reda\u00e7\u00e3o\" \/>\n<meta name=\"twitter:card\" content=\"summary_large_image\" \/>\n<meta name=\"twitter:creator\" content=\"@_OTimoneiro\" \/>\n<meta name=\"twitter:site\" content=\"@_OTimoneiro\" \/>\n<meta name=\"twitter:label1\" content=\"Escrito por\" \/>\n\t<meta name=\"twitter:data1\" content=\"Reda\u00e7\u00e3o\" \/>\n\t<meta name=\"twitter:label2\" content=\"Est. tempo de leitura\" \/>\n\t<meta name=\"twitter:data2\" content=\"2 minutos\" \/>\n<script type=\"application\/ld+json\" class=\"yoast-schema-graph\">{\"@context\":\"https:\/\/schema.org\",\"@graph\":[{\"@type\":\"Article\",\"@id\":\"https:\/\/jornaltimoneiro.com.br\/index.php\/2019\/12\/19\/ifrs-oferece-vagas-para-mestrado-em-educacao\/#article\",\"isPartOf\":{\"@id\":\"https:\/\/jornaltimoneiro.com.br\/index.php\/2019\/12\/19\/ifrs-oferece-vagas-para-mestrado-em-educacao\/\"},\"author\":{\"name\":\"Reda\u00e7\u00e3o\",\"@id\":\"https:\/\/jornaltimoneiro.com.br\/#\/schema\/person\/f63482f1a02b1a9592707865e509ab40\"},\"headline\":\"IFRS oferece vagas para Mestrado em Educa\u00e7\u00e3o\",\"datePublished\":\"2019-12-19T19:29:56+00:00\",\"dateModified\":\"2019-12-19T19:29:56+00:00\",\"mainEntityOfPage\":{\"@id\":\"https:\/\/jornaltimoneiro.com.br\/index.php\/2019\/12\/19\/ifrs-oferece-vagas-para-mestrado-em-educacao\/\"},\"wordCount\":476,\"publisher\":{\"@id\":\"https:\/\/jornaltimoneiro.com.br\/#organization\"},\"articleSection\":[\"Geral\"],\"inLanguage\":\"pt-BR\"},{\"@type\":\"WebPage\",\"@id\":\"https:\/\/jornaltimoneiro.com.br\/index.php\/2019\/12\/19\/ifrs-oferece-vagas-para-mestrado-em-educacao\/\",\"url\":\"https:\/\/jornaltimoneiro.com.br\/index.php\/2019\/12\/19\/ifrs-oferece-vagas-para-mestrado-em-educacao\/\",\"name\":\"IFRS oferece vagas para Mestrado em Educa\u00e7\u00e3o - O Timoneiro Jornal Canoas RS\",\"isPartOf\":{\"@id\":\"https:\/\/jornaltimoneiro.com.br\/#website\"},\"datePublished\":\"2019-12-19T19:29:56+00:00\",\"dateModified\":\"2019-12-19T19:29:56+00:00\",\"breadcrumb\":{\"@id\":\"https:\/\/jornaltimoneiro.com.br\/index.php\/2019\/12\/19\/ifrs-oferece-vagas-para-mestrado-em-educacao\/#breadcrumb\"},\"inLanguage\":\"pt-BR\",\"potentialAction\":[{\"@type\":\"ReadAction\",\"target\":[\"https:\/\/jornaltimoneiro.com.br\/index.php\/2019\/12\/19\/ifrs-oferece-vagas-para-mestrado-em-educacao\/\"]}]},{\"@type\":\"BreadcrumbList\",\"@id\":\"https:\/\/jornaltimoneiro.com.br\/index.php\/2019\/12\/19\/ifrs-oferece-vagas-para-mestrado-em-educacao\/#breadcrumb\",\"itemListElement\":[{\"@type\":\"ListItem\",\"position\":1,\"name\":\"In\u00edcio\",\"item\":\"https:\/\/jornaltimoneiro.com.br\/\"},{\"@type\":\"ListItem\",\"position\":2,\"name\":\"IFRS oferece vagas para Mestrado em Educa\u00e7\u00e3o\"}]},{\"@type\":\"WebSite\",\"@id\":\"https:\/\/jornaltimoneiro.com.br\/#website\",\"url\":\"https:\/\/jornaltimoneiro.com.br\/\",\"name\":\"Jornal Timoneiro Canoas RS\",\"description\":\"Jornal O Timoneiro, o verdadeiro jornal de Canoas\",\"publisher\":{\"@id\":\"https:\/\/jornaltimoneiro.com.br\/#organization\"},\"potentialAction\":[{\"@type\":\"SearchAction\",\"target\":{\"@type\":\"EntryPoint\",\"urlTemplate\":\"https:\/\/jornaltimoneiro.com.br\/?s={search_term_string}\"},\"query-input\":\"required name=search_term_string\"}],\"inLanguage\":\"pt-BR\"},{\"@type\":\"Organization\",\"@id\":\"https:\/\/jornaltimoneiro.com.br\/#organization\",\"name\":\"Jornal Timoneiro Canoas RS\",\"url\":\"https:\/\/jornaltimoneiro.com.br\/\",\"logo\":{\"@type\":\"ImageObject\",\"inLanguage\":\"pt-BR\",\"@id\":\"https:\/\/jornaltimoneiro.com.br\/#\/schema\/logo\/image\/\",\"url\":\"https:\/\/jornaltimoneiro.com.br\/wp-content\/uploads\/2023\/03\/logonovo.png\",\"contentUrl\":\"https:\/\/jornaltimoneiro.com.br\/wp-content\/uploads\/2023\/03\/logonovo.png\",\"width\":\"469\",\"height\":\"171\",\"caption\":\"Jornal Timoneiro Canoas RS\"},\"image\":{\"@id\":\"https:\/\/jornaltimoneiro.com.br\/#\/schema\/logo\/image\/\"},\"sameAs\":[\"https:\/\/www.facebook.com\/jornaltimoneiro\",\"https:\/\/twitter.com\/_OTimoneiro\",\"https:\/\/www.instagram.com\/jornaltimoneirocanoas\/\",\"https:\/\/www.youtube.com\/@jornalotimoneiro7927\"]},{\"@type\":\"Person\",\"@id\":\"https:\/\/jornaltimoneiro.com.br\/#\/schema\/person\/f63482f1a02b1a9592707865e509ab40\",\"name\":\"Reda\u00e7\u00e3o\",\"image\":{\"@type\":\"ImageObject\",\"inLanguage\":\"pt-BR\",\"@id\":\"https:\/\/jornaltimoneiro.com.br\/#\/schema\/person\/image\/\",\"url\":\"https:\/\/jornaltimoneiro.com.br\/wp-content\/uploads\/2023\/03\/download.jpeg\",\"contentUrl\":\"https:\/\/jornaltimoneiro.com.br\/wp-content\/uploads\/2023\/03\/download.jpeg\",\"caption\":\"Reda\u00e7\u00e3o\"},\"url\":\"https:\/\/jornaltimoneiro.com.br\/index.php\/author\/simone-dutra\/\"}]}<\/script>\n<!-- \/ Yoast SEO plugin. -->","yoast_head_json":{"title":"IFRS oferece vagas para Mestrado em Educa\u00e7\u00e3o - O Timoneiro Jornal Canoas RS","robots":{"index":"index","follow":"follow","max-snippet":"max-snippet:-1","max-image-preview":"max-image-preview:large","max-video-preview":"max-video-preview:-1"},"canonical":"https:\/\/jornaltimoneiro.com.br\/index.php\/2019\/12\/19\/ifrs-oferece-vagas-para-mestrado-em-educacao\/","og_locale":"pt_BR","og_type":"article","og_title":"IFRS oferece vagas para Mestrado em Educa\u00e7\u00e3o - O Timoneiro Jornal Canoas RS","og_description":"O Instituto Federal do Rio Grande do Sul (IFRS) oferece 24 vagas na sele\u00e7\u00e3o para o Mestrado Profissional em Educa\u00e7\u00e3o Profissional e Tecnol\u00f3gica (ProfEPT). O curso \u00e9 gratuito e aberto a pessoas com curso superior (licenciatura, bacharelado ou de tecnologia) em qualquer \u00e1rea. As aulas ser\u00e3o realizadas \u00e0s sextas-feiras, manh\u00e3 e tarde, no Campus Porto [&hellip;]","og_url":"https:\/\/jornaltimoneiro.com.br\/index.php\/2019\/12\/19\/ifrs-oferece-vagas-para-mestrado-em-educacao\/","og_site_name":"O Timoneiro Jornal Canoas RS","article_publisher":"https:\/\/www.facebook.com\/jornaltimoneiro","article_published_time":"2019-12-19T19:29:56+00:00","og_image":[{"width":854,"height":352,"url":"https:\/\/jornaltimoneiro.com.br\/wp-content\/uploads\/2019\/12\/horizontal-nova-01.jpg","type":"image\/jpeg"}],"author":"Reda\u00e7\u00e3o","twitter_card":"summary_large_image","twitter_creator":"@_OTimoneiro","twitter_site":"@_OTimoneiro","twitter_misc":{"Escrito por":"Reda\u00e7\u00e3o","Est. tempo de leitura":"2 minutos"},"schema":{"@context":"https:\/\/schema.org","@graph":[{"@type":"Article","@id":"https:\/\/jornaltimoneiro.com.br\/index.php\/2019\/12\/19\/ifrs-oferece-vagas-para-mestrado-em-educacao\/#article","isPartOf":{"@id":"https:\/\/jornaltimoneiro.com.br\/index.php\/2019\/12\/19\/ifrs-oferece-vagas-para-mestrado-em-educacao\/"},"author":{"name":"Reda\u00e7\u00e3o","@id":"https:\/\/jornaltimoneiro.com.br\/#\/schema\/person\/f63482f1a02b1a9592707865e509ab40"},"headline":"IFRS oferece vagas para Mestrado em Educa\u00e7\u00e3o","datePublished":"2019-12-19T19:29:56+00:00","dateModified":"2019-12-19T19:29:56+00:00","mainEntityOfPage":{"@id":"https:\/\/jornaltimoneiro.com.br\/index.php\/2019\/12\/19\/ifrs-oferece-vagas-para-mestrado-em-educacao\/"},"wordCount":476,"publisher":{"@id":"https:\/\/jornaltimoneiro.com.br\/#organization"},"articleSection":["Geral"],"inLanguage":"pt-BR"},{"@type":"WebPage","@id":"https:\/\/jornaltimoneiro.com.br\/index.php\/2019\/12\/19\/ifrs-oferece-vagas-para-mestrado-em-educacao\/","url":"https:\/\/jornaltimoneiro.com.br\/index.php\/2019\/12\/19\/ifrs-oferece-vagas-para-mestrado-em-educacao\/","name":"IFRS oferece vagas para Mestrado em Educa\u00e7\u00e3o - O Timoneiro Jornal Canoas RS","isPartOf":{"@id":"https:\/\/jornaltimoneiro.com.br\/#website"},"datePublished":"2019-12-19T19:29:56+00:00","dateModified":"2019-12-19T19:29:56+00:00","breadcrumb":{"@id":"https:\/\/jornaltimoneiro.com.br\/index.php\/2019\/12\/19\/ifrs-oferece-vagas-para-mestrado-em-educacao\/#breadcrumb"},"inLanguage":"pt-BR","potentialAction":[{"@type":"ReadAction","target":["https:\/\/jornaltimoneiro.com.br\/index.php\/2019\/12\/19\/ifrs-oferece-vagas-para-mestrado-em-educacao\/"]}]},{"@type":"BreadcrumbList","@id":"https:\/\/jornaltimoneiro.com.br\/index.php\/2019\/12\/19\/ifrs-oferece-vagas-para-mestrado-em-educacao\/#breadcrumb","itemListElement":[{"@type":"ListItem","position":1,"name":"In\u00edcio","item":"https:\/\/jornaltimoneiro.com.br\/"},{"@type":"ListItem","position":2,"name":"IFRS oferece vagas para Mestrado em Educa\u00e7\u00e3o"}]},{"@type":"WebSite","@id":"https:\/\/jornaltimoneiro.com.br\/#website","url":"https:\/\/jornaltimoneiro.com.br\/","name":"Jornal Timoneiro Canoas RS","description":"Jornal O Timoneiro, o verdadeiro jornal de Canoas","publisher":{"@id":"https:\/\/jornaltimoneiro.com.br\/#organization"},"potentialAction":[{"@type":"SearchAction","target":{"@type":"EntryPoint","urlTemplate":"https:\/\/jornaltimoneiro.com.br\/?s={search_term_string}"},"query-input":"required name=search_term_string"}],"inLanguage":"pt-BR"},{"@type":"Organization","@id":"https:\/\/jornaltimoneiro.com.br\/#organization","name":"Jornal Timoneiro Canoas RS","url":"https:\/\/jornaltimoneiro.com.br\/","logo":{"@type":"ImageObject","inLanguage":"pt-BR","@id":"https:\/\/jornaltimoneiro.com.br\/#\/schema\/logo\/image\/","url":"https:\/\/jornaltimoneiro.com.br\/wp-content\/uploads\/2023\/03\/logonovo.png","contentUrl":"https:\/\/jornaltimoneiro.com.br\/wp-content\/uploads\/2023\/03\/logonovo.png","width":"469","height":"171","caption":"Jornal Timoneiro Canoas RS"},"image":{"@id":"https:\/\/jornaltimoneiro.com.br\/#\/schema\/logo\/image\/"},"sameAs":["https:\/\/www.facebook.com\/jornaltimoneiro","https:\/\/twitter.com\/_OTimoneiro","https:\/\/www.instagram.com\/jornaltimoneirocanoas\/","https:\/\/www.youtube.com\/@jornalotimoneiro7927"]},{"@type":"Person","@id":"https:\/\/jornaltimoneiro.com.br\/#\/schema\/person\/f63482f1a02b1a9592707865e509ab40","name":"Reda\u00e7\u00e3o","image":{"@type":"ImageObject","inLanguage":"pt-BR","@id":"https:\/\/jornaltimoneiro.com.br\/#\/schema\/person\/image\/","url":"https:\/\/jornaltimoneiro.com.br\/wp-content\/uploads\/2023\/03\/download.jpeg","contentUrl":"https:\/\/jornaltimoneiro.com.br\/wp-content\/uploads\/2023\/03\/download.jpeg","caption":"Reda\u00e7\u00e3o"},"url":"https:\/\/jornaltimoneiro.com.br\/index.php\/author\/simone-dutra\/"}]}},"_links":{"self":[{"href":"https:\/\/jornaltimoneiro.com.br\/index.php\/wp-json\/wp\/v2\/posts\/15019"}],"collection":[{"href":"https:\/\/jornaltimoneiro.com.br\/index.php\/wp-json\/wp\/v2\/posts"}],"about":[{"href":"https:\/\/jornaltimoneiro.com.br\/index.php\/wp-json\/wp\/v2\/types\/post"}],"author":[{"embeddable":true,"href":"https:\/\/jornaltimoneiro.com.br\/index.php\/wp-json\/wp\/v2\/users\/2"}],"replies":[{"embeddable":true,"href":"https:\/\/jornaltimoneiro.com.br\/index.php\/wp-json\/wp\/v2\/comments?post=15019"}],"version-history":[{"count":0,"href":"https:\/\/jornaltimoneiro.com.br\/index.php\/wp-json\/wp\/v2\/posts\/15019\/revisions"}],"wp:featuredmedia":[{"embeddable":true,"href":"https:\/\/jornaltimoneiro.com.br\/index.php\/wp-json\/wp\/v2\/media\/15020"}],"wp:attachment":[{"href":"https:\/\/jornaltimoneiro.com.br\/index.php\/wp-json\/wp\/v2\/media?parent=15019"}],"wp:term":[{"taxonomy":"category","embeddable":true,"href":"https:\/\/jornaltimoneiro.com.br\/index.php\/wp-json\/wp\/v2\/categories?post=15019"},{"taxonomy":"post_tag","embeddable":true,"href":"https:\/\/jornaltimoneiro.com.br\/index.php\/wp-json\/wp\/v2\/tags?post=15019"}],"curies":[{"name":"wp","href":"https:\/\/api.w.org\/{rel}","templated":true}]}}