{"id":15013,"date":"2019-12-13T11:39:58","date_gmt":"2019-12-13T13:39:58","guid":{"rendered":"https:\/\/jornaltimoneiro.com.br\/?p=15013"},"modified":"2019-12-13T11:39:58","modified_gmt":"2019-12-13T13:39:58","slug":"apav-volei-apresenta-elenco-que-disputara-superliga-b","status":"publish","type":"post","link":"https:\/\/jornaltimoneiro.com.br\/index.php\/2019\/12\/13\/apav-volei-apresenta-elenco-que-disputara-superliga-b\/","title":{"rendered":"APAV V\u00f4lei apresenta elenco que disputar\u00e1 Superliga B"},"content":{"rendered":"<p><img decoding=\"async\" src=\"https:\/\/jornaltimoneiro.com.br\/wp-content\/uploads\/2019\/12\/77122141_3314489655290598_1012908414025596928_o.jpg\" alt=\"\" width=\"960\" height=\"630\" class=\"alignnone size-full wp-image-15014\" srcset=\"https:\/\/jornaltimoneiro.com.br\/wp-content\/uploads\/2019\/12\/77122141_3314489655290598_1012908414025596928_o.jpg 960w, https:\/\/jornaltimoneiro.com.br\/wp-content\/uploads\/2019\/12\/77122141_3314489655290598_1012908414025596928_o-300x197.jpg 300w, https:\/\/jornaltimoneiro.com.br\/wp-content\/uploads\/2019\/12\/77122141_3314489655290598_1012908414025596928_o-768x504.jpg 768w, https:\/\/jornaltimoneiro.com.br\/wp-content\/uploads\/2019\/12\/77122141_3314489655290598_1012908414025596928_o-696x457.jpg 696w, https:\/\/jornaltimoneiro.com.br\/wp-content\/uploads\/2019\/12\/77122141_3314489655290598_1012908414025596928_o-741x486.jpg 741w, https:\/\/jornaltimoneiro.com.br\/wp-content\/uploads\/2019\/12\/77122141_3314489655290598_1012908414025596928_o-640x420.jpg 640w\" sizes=\"(max-width: 960px) 100vw, 960px\" \/><\/p>\n<p>Ap\u00f3s confirmar a sequ\u00eancia de seu projeto, a APAV V\u00f4lei apresentou-se oficialmente nesta segunda-feira para a temporada 2019\/20. Ao lado dos atletas da base, que j\u00e1 treinavam em Canoas, os novos refor\u00e7os chegaram ao clube para a reta final da prepara\u00e7\u00e3o visando \u00e0 disputa da Superliga B, a partir de janeiro do pr\u00f3ximo ano.<br \/>\nCom a presen\u00e7a de parceiros e apoiadores no Gin\u00e1sio Poliesportivo La Salle, o diretor institucional Almir Beltrame destacou o planejamento para a montagem da nova equipe.<br \/>\n\u2013 Buscamos mesclar jovens com os mais experientes. Estou muito contente, pois obtivemos \u00eaxito em todas as tentativas de contrata\u00e7\u00e3o, e os atletas j\u00e1 est\u00e3o treinando para a estreia.<br \/>\nNo comando de quadra pelo segundo ano consecutivo, o t\u00e9cnico Marcelinho Ramos apontou o que espera ao final do novo desafio.<br \/>\n\u2013 Tecnicamente, o time \u00e9 um pouco superior ao que montamos no ano passado. Estamos no in\u00edcio de um trabalho, o que cria uma expectativa grande. Trouxemos atletas que estavam no time campe\u00e3o (Botafogo) da \u00faltima Superliga B. Ent\u00e3o, juntamente com o nosso trabalho, temos motivos para acreditar primeiro em conseguir uma semifinal.<br \/>\nAp\u00f3s completar 10 anos de funda\u00e7\u00e3o em novembro, a APAV seguir\u00e1 como \u00fanico representante do Rio Grande do Sul no cen\u00e1rio nacional do voleibol.<br \/>\n\u2013 Com muito esfor\u00e7o e vontade esta \u00e9 mais uma etapa que iniciamos. Porque n\u00e3o desistimos, porque est\u00e1 no nosso sangue, na vontade de fazer o melhor pelo v\u00f4lei ga\u00facho. Eu e o Gustavo (Endres, coordenador t\u00e9cnico) estamos capitaneando esse processo novamente. Vamos em frente acreditando ser poss\u00edvel chegar outra na Superliga A \u2013 encerrou Almir.<br \/>\nA APAV V\u00f4lei estreia na Superliga B dia 18 de janeiro, em local e hor\u00e1rios ainda a serem divulgados pela Confedera\u00e7\u00e3o Brasileira de V\u00f4lei (CBV).<\/p>\n","protected":false},"excerpt":{"rendered":"<p>Ap\u00f3s confirmar a sequ\u00eancia de seu projeto, a APAV V\u00f4lei apresentou-se oficialmente nesta segunda-feira para a temporada 2019\/20. Ao lado dos atletas da base, que j\u00e1 treinavam em Canoas, os novos refor\u00e7os chegaram ao clube para a reta final da prepara\u00e7\u00e3o visando \u00e0 disputa da Superliga B, a partir de janeiro do pr\u00f3ximo ano. Com [&hellip;]<\/p>\n","protected":false},"author":2,"featured_media":15014,"comment_status":"closed","ping_status":"closed","sticky":false,"template":"","format":"standard","meta":{"amp_status":"","footnotes":""},"categories":[23],"tags":[],"class_list":["post-15013","post","type-post","status-publish","format-standard","has-post-thumbnail","hentry","category-geral"],"yoast_head":"<!-- This site is optimized with the Yoast SEO plugin v20.5 - https:\/\/yoast.com\/wordpress\/plugins\/seo\/ -->\n<title>APAV V\u00f4lei apresenta elenco que disputar\u00e1 Superliga B - O Timoneiro Jornal Canoas RS<\/title>\n<meta name=\"robots\" content=\"index, follow, max-snippet:-1, max-image-preview:large, max-video-preview:-1\" \/>\n<link rel=\"canonical\" href=\"https:\/\/jornaltimoneiro.com.br\/index.php\/2019\/12\/13\/apav-volei-apresenta-elenco-que-disputara-superliga-b\/\" \/>\n<meta property=\"og:locale\" content=\"pt_BR\" \/>\n<meta property=\"og:type\" content=\"article\" \/>\n<meta property=\"og:title\" content=\"APAV V\u00f4lei apresenta elenco que disputar\u00e1 Superliga B - O Timoneiro Jornal Canoas RS\" \/>\n<meta property=\"og:description\" content=\"Ap\u00f3s confirmar a sequ\u00eancia de seu projeto, a APAV V\u00f4lei apresentou-se oficialmente nesta segunda-feira para a temporada 2019\/20. Ao lado dos atletas da base, que j\u00e1 treinavam em Canoas, os novos refor\u00e7os chegaram ao clube para a reta final da prepara\u00e7\u00e3o visando \u00e0 disputa da Superliga B, a partir de janeiro do pr\u00f3ximo ano. Com [&hellip;]\" \/>\n<meta property=\"og:url\" content=\"https:\/\/jornaltimoneiro.com.br\/index.php\/2019\/12\/13\/apav-volei-apresenta-elenco-que-disputara-superliga-b\/\" \/>\n<meta property=\"og:site_name\" content=\"O Timoneiro Jornal Canoas RS\" \/>\n<meta property=\"article:publisher\" content=\"https:\/\/www.facebook.com\/jornaltimoneiro\" \/>\n<meta property=\"article:published_time\" content=\"2019-12-13T13:39:58+00:00\" \/>\n<meta property=\"og:image\" content=\"https:\/\/jornaltimoneiro.com.br\/wp-content\/uploads\/2019\/12\/77122141_3314489655290598_1012908414025596928_o.jpg\" \/>\n\t<meta property=\"og:image:width\" content=\"960\" \/>\n\t<meta property=\"og:image:height\" content=\"630\" \/>\n\t<meta property=\"og:image:type\" content=\"image\/jpeg\" \/>\n<meta name=\"author\" content=\"Reda\u00e7\u00e3o\" \/>\n<meta name=\"twitter:card\" content=\"summary_large_image\" \/>\n<meta name=\"twitter:creator\" content=\"@_OTimoneiro\" \/>\n<meta name=\"twitter:site\" content=\"@_OTimoneiro\" \/>\n<meta name=\"twitter:label1\" content=\"Escrito por\" \/>\n\t<meta name=\"twitter:data1\" content=\"Reda\u00e7\u00e3o\" \/>\n\t<meta name=\"twitter:label2\" content=\"Est. tempo de leitura\" \/>\n\t<meta name=\"twitter:data2\" content=\"2 minutos\" \/>\n<script type=\"application\/ld+json\" class=\"yoast-schema-graph\">{\"@context\":\"https:\/\/schema.org\",\"@graph\":[{\"@type\":\"Article\",\"@id\":\"https:\/\/jornaltimoneiro.com.br\/index.php\/2019\/12\/13\/apav-volei-apresenta-elenco-que-disputara-superliga-b\/#article\",\"isPartOf\":{\"@id\":\"https:\/\/jornaltimoneiro.com.br\/index.php\/2019\/12\/13\/apav-volei-apresenta-elenco-que-disputara-superliga-b\/\"},\"author\":{\"name\":\"Reda\u00e7\u00e3o\",\"@id\":\"https:\/\/jornaltimoneiro.com.br\/#\/schema\/person\/f63482f1a02b1a9592707865e509ab40\"},\"headline\":\"APAV V\u00f4lei apresenta elenco que disputar\u00e1 Superliga B\",\"datePublished\":\"2019-12-13T13:39:58+00:00\",\"dateModified\":\"2019-12-13T13:39:58+00:00\",\"mainEntityOfPage\":{\"@id\":\"https:\/\/jornaltimoneiro.com.br\/index.php\/2019\/12\/13\/apav-volei-apresenta-elenco-que-disputara-superliga-b\/\"},\"wordCount\":314,\"publisher\":{\"@id\":\"https:\/\/jornaltimoneiro.com.br\/#organization\"},\"articleSection\":[\"Geral\"],\"inLanguage\":\"pt-BR\"},{\"@type\":\"WebPage\",\"@id\":\"https:\/\/jornaltimoneiro.com.br\/index.php\/2019\/12\/13\/apav-volei-apresenta-elenco-que-disputara-superliga-b\/\",\"url\":\"https:\/\/jornaltimoneiro.com.br\/index.php\/2019\/12\/13\/apav-volei-apresenta-elenco-que-disputara-superliga-b\/\",\"name\":\"APAV V\u00f4lei apresenta elenco que disputar\u00e1 Superliga B - O Timoneiro Jornal Canoas RS\",\"isPartOf\":{\"@id\":\"https:\/\/jornaltimoneiro.com.br\/#website\"},\"datePublished\":\"2019-12-13T13:39:58+00:00\",\"dateModified\":\"2019-12-13T13:39:58+00:00\",\"breadcrumb\":{\"@id\":\"https:\/\/jornaltimoneiro.com.br\/index.php\/2019\/12\/13\/apav-volei-apresenta-elenco-que-disputara-superliga-b\/#breadcrumb\"},\"inLanguage\":\"pt-BR\",\"potentialAction\":[{\"@type\":\"ReadAction\",\"target\":[\"https:\/\/jornaltimoneiro.com.br\/index.php\/2019\/12\/13\/apav-volei-apresenta-elenco-que-disputara-superliga-b\/\"]}]},{\"@type\":\"BreadcrumbList\",\"@id\":\"https:\/\/jornaltimoneiro.com.br\/index.php\/2019\/12\/13\/apav-volei-apresenta-elenco-que-disputara-superliga-b\/#breadcrumb\",\"itemListElement\":[{\"@type\":\"ListItem\",\"position\":1,\"name\":\"In\u00edcio\",\"item\":\"https:\/\/jornaltimoneiro.com.br\/\"},{\"@type\":\"ListItem\",\"position\":2,\"name\":\"APAV V\u00f4lei apresenta elenco que disputar\u00e1 Superliga B\"}]},{\"@type\":\"WebSite\",\"@id\":\"https:\/\/jornaltimoneiro.com.br\/#website\",\"url\":\"https:\/\/jornaltimoneiro.com.br\/\",\"name\":\"Jornal Timoneiro Canoas RS\",\"description\":\"Jornal O Timoneiro, o verdadeiro jornal de Canoas\",\"publisher\":{\"@id\":\"https:\/\/jornaltimoneiro.com.br\/#organization\"},\"potentialAction\":[{\"@type\":\"SearchAction\",\"target\":{\"@type\":\"EntryPoint\",\"urlTemplate\":\"https:\/\/jornaltimoneiro.com.br\/?s={search_term_string}\"},\"query-input\":\"required name=search_term_string\"}],\"inLanguage\":\"pt-BR\"},{\"@type\":\"Organization\",\"@id\":\"https:\/\/jornaltimoneiro.com.br\/#organization\",\"name\":\"Jornal Timoneiro Canoas RS\",\"url\":\"https:\/\/jornaltimoneiro.com.br\/\",\"logo\":{\"@type\":\"ImageObject\",\"inLanguage\":\"pt-BR\",\"@id\":\"https:\/\/jornaltimoneiro.com.br\/#\/schema\/logo\/image\/\",\"url\":\"https:\/\/jornaltimoneiro.com.br\/wp-content\/uploads\/2023\/03\/logonovo.png\",\"contentUrl\":\"https:\/\/jornaltimoneiro.com.br\/wp-content\/uploads\/2023\/03\/logonovo.png\",\"width\":\"469\",\"height\":\"171\",\"caption\":\"Jornal Timoneiro Canoas RS\"},\"image\":{\"@id\":\"https:\/\/jornaltimoneiro.com.br\/#\/schema\/logo\/image\/\"},\"sameAs\":[\"https:\/\/www.facebook.com\/jornaltimoneiro\",\"https:\/\/twitter.com\/_OTimoneiro\",\"https:\/\/www.instagram.com\/jornaltimoneirocanoas\/\",\"https:\/\/www.youtube.com\/@jornalotimoneiro7927\"]},{\"@type\":\"Person\",\"@id\":\"https:\/\/jornaltimoneiro.com.br\/#\/schema\/person\/f63482f1a02b1a9592707865e509ab40\",\"name\":\"Reda\u00e7\u00e3o\",\"image\":{\"@type\":\"ImageObject\",\"inLanguage\":\"pt-BR\",\"@id\":\"https:\/\/jornaltimoneiro.com.br\/#\/schema\/person\/image\/\",\"url\":\"https:\/\/jornaltimoneiro.com.br\/wp-content\/uploads\/2023\/03\/download.jpeg\",\"contentUrl\":\"https:\/\/jornaltimoneiro.com.br\/wp-content\/uploads\/2023\/03\/download.jpeg\",\"caption\":\"Reda\u00e7\u00e3o\"},\"url\":\"https:\/\/jornaltimoneiro.com.br\/index.php\/author\/simone-dutra\/\"}]}<\/script>\n<!-- \/ Yoast SEO plugin. -->","yoast_head_json":{"title":"APAV V\u00f4lei apresenta elenco que disputar\u00e1 Superliga B - O Timoneiro Jornal Canoas RS","robots":{"index":"index","follow":"follow","max-snippet":"max-snippet:-1","max-image-preview":"max-image-preview:large","max-video-preview":"max-video-preview:-1"},"canonical":"https:\/\/jornaltimoneiro.com.br\/index.php\/2019\/12\/13\/apav-volei-apresenta-elenco-que-disputara-superliga-b\/","og_locale":"pt_BR","og_type":"article","og_title":"APAV V\u00f4lei apresenta elenco que disputar\u00e1 Superliga B - O Timoneiro Jornal Canoas RS","og_description":"Ap\u00f3s confirmar a sequ\u00eancia de seu projeto, a APAV V\u00f4lei apresentou-se oficialmente nesta segunda-feira para a temporada 2019\/20. Ao lado dos atletas da base, que j\u00e1 treinavam em Canoas, os novos refor\u00e7os chegaram ao clube para a reta final da prepara\u00e7\u00e3o visando \u00e0 disputa da Superliga B, a partir de janeiro do pr\u00f3ximo ano. Com [&hellip;]","og_url":"https:\/\/jornaltimoneiro.com.br\/index.php\/2019\/12\/13\/apav-volei-apresenta-elenco-que-disputara-superliga-b\/","og_site_name":"O Timoneiro Jornal Canoas RS","article_publisher":"https:\/\/www.facebook.com\/jornaltimoneiro","article_published_time":"2019-12-13T13:39:58+00:00","og_image":[{"width":960,"height":630,"url":"https:\/\/jornaltimoneiro.com.br\/wp-content\/uploads\/2019\/12\/77122141_3314489655290598_1012908414025596928_o.jpg","type":"image\/jpeg"}],"author":"Reda\u00e7\u00e3o","twitter_card":"summary_large_image","twitter_creator":"@_OTimoneiro","twitter_site":"@_OTimoneiro","twitter_misc":{"Escrito por":"Reda\u00e7\u00e3o","Est. tempo de leitura":"2 minutos"},"schema":{"@context":"https:\/\/schema.org","@graph":[{"@type":"Article","@id":"https:\/\/jornaltimoneiro.com.br\/index.php\/2019\/12\/13\/apav-volei-apresenta-elenco-que-disputara-superliga-b\/#article","isPartOf":{"@id":"https:\/\/jornaltimoneiro.com.br\/index.php\/2019\/12\/13\/apav-volei-apresenta-elenco-que-disputara-superliga-b\/"},"author":{"name":"Reda\u00e7\u00e3o","@id":"https:\/\/jornaltimoneiro.com.br\/#\/schema\/person\/f63482f1a02b1a9592707865e509ab40"},"headline":"APAV V\u00f4lei apresenta elenco que disputar\u00e1 Superliga B","datePublished":"2019-12-13T13:39:58+00:00","dateModified":"2019-12-13T13:39:58+00:00","mainEntityOfPage":{"@id":"https:\/\/jornaltimoneiro.com.br\/index.php\/2019\/12\/13\/apav-volei-apresenta-elenco-que-disputara-superliga-b\/"},"wordCount":314,"publisher":{"@id":"https:\/\/jornaltimoneiro.com.br\/#organization"},"articleSection":["Geral"],"inLanguage":"pt-BR"},{"@type":"WebPage","@id":"https:\/\/jornaltimoneiro.com.br\/index.php\/2019\/12\/13\/apav-volei-apresenta-elenco-que-disputara-superliga-b\/","url":"https:\/\/jornaltimoneiro.com.br\/index.php\/2019\/12\/13\/apav-volei-apresenta-elenco-que-disputara-superliga-b\/","name":"APAV V\u00f4lei apresenta elenco que disputar\u00e1 Superliga B - O Timoneiro Jornal Canoas RS","isPartOf":{"@id":"https:\/\/jornaltimoneiro.com.br\/#website"},"datePublished":"2019-12-13T13:39:58+00:00","dateModified":"2019-12-13T13:39:58+00:00","breadcrumb":{"@id":"https:\/\/jornaltimoneiro.com.br\/index.php\/2019\/12\/13\/apav-volei-apresenta-elenco-que-disputara-superliga-b\/#breadcrumb"},"inLanguage":"pt-BR","potentialAction":[{"@type":"ReadAction","target":["https:\/\/jornaltimoneiro.com.br\/index.php\/2019\/12\/13\/apav-volei-apresenta-elenco-que-disputara-superliga-b\/"]}]},{"@type":"BreadcrumbList","@id":"https:\/\/jornaltimoneiro.com.br\/index.php\/2019\/12\/13\/apav-volei-apresenta-elenco-que-disputara-superliga-b\/#breadcrumb","itemListElement":[{"@type":"ListItem","position":1,"name":"In\u00edcio","item":"https:\/\/jornaltimoneiro.com.br\/"},{"@type":"ListItem","position":2,"name":"APAV V\u00f4lei apresenta elenco que disputar\u00e1 Superliga B"}]},{"@type":"WebSite","@id":"https:\/\/jornaltimoneiro.com.br\/#website","url":"https:\/\/jornaltimoneiro.com.br\/","name":"Jornal Timoneiro Canoas RS","description":"Jornal O Timoneiro, o verdadeiro jornal de Canoas","publisher":{"@id":"https:\/\/jornaltimoneiro.com.br\/#organization"},"potentialAction":[{"@type":"SearchAction","target":{"@type":"EntryPoint","urlTemplate":"https:\/\/jornaltimoneiro.com.br\/?s={search_term_string}"},"query-input":"required name=search_term_string"}],"inLanguage":"pt-BR"},{"@type":"Organization","@id":"https:\/\/jornaltimoneiro.com.br\/#organization","name":"Jornal Timoneiro Canoas RS","url":"https:\/\/jornaltimoneiro.com.br\/","logo":{"@type":"ImageObject","inLanguage":"pt-BR","@id":"https:\/\/jornaltimoneiro.com.br\/#\/schema\/logo\/image\/","url":"https:\/\/jornaltimoneiro.com.br\/wp-content\/uploads\/2023\/03\/logonovo.png","contentUrl":"https:\/\/jornaltimoneiro.com.br\/wp-content\/uploads\/2023\/03\/logonovo.png","width":"469","height":"171","caption":"Jornal Timoneiro Canoas RS"},"image":{"@id":"https:\/\/jornaltimoneiro.com.br\/#\/schema\/logo\/image\/"},"sameAs":["https:\/\/www.facebook.com\/jornaltimoneiro","https:\/\/twitter.com\/_OTimoneiro","https:\/\/www.instagram.com\/jornaltimoneirocanoas\/","https:\/\/www.youtube.com\/@jornalotimoneiro7927"]},{"@type":"Person","@id":"https:\/\/jornaltimoneiro.com.br\/#\/schema\/person\/f63482f1a02b1a9592707865e509ab40","name":"Reda\u00e7\u00e3o","image":{"@type":"ImageObject","inLanguage":"pt-BR","@id":"https:\/\/jornaltimoneiro.com.br\/#\/schema\/person\/image\/","url":"https:\/\/jornaltimoneiro.com.br\/wp-content\/uploads\/2023\/03\/download.jpeg","contentUrl":"https:\/\/jornaltimoneiro.com.br\/wp-content\/uploads\/2023\/03\/download.jpeg","caption":"Reda\u00e7\u00e3o"},"url":"https:\/\/jornaltimoneiro.com.br\/index.php\/author\/simone-dutra\/"}]}},"_links":{"self":[{"href":"https:\/\/jornaltimoneiro.com.br\/index.php\/wp-json\/wp\/v2\/posts\/15013"}],"collection":[{"href":"https:\/\/jornaltimoneiro.com.br\/index.php\/wp-json\/wp\/v2\/posts"}],"about":[{"href":"https:\/\/jornaltimoneiro.com.br\/index.php\/wp-json\/wp\/v2\/types\/post"}],"author":[{"embeddable":true,"href":"https:\/\/jornaltimoneiro.com.br\/index.php\/wp-json\/wp\/v2\/users\/2"}],"replies":[{"embeddable":true,"href":"https:\/\/jornaltimoneiro.com.br\/index.php\/wp-json\/wp\/v2\/comments?post=15013"}],"version-history":[{"count":0,"href":"https:\/\/jornaltimoneiro.com.br\/index.php\/wp-json\/wp\/v2\/posts\/15013\/revisions"}],"wp:featuredmedia":[{"embeddable":true,"href":"https:\/\/jornaltimoneiro.com.br\/index.php\/wp-json\/wp\/v2\/media\/15014"}],"wp:attachment":[{"href":"https:\/\/jornaltimoneiro.com.br\/index.php\/wp-json\/wp\/v2\/media?parent=15013"}],"wp:term":[{"taxonomy":"category","embeddable":true,"href":"https:\/\/jornaltimoneiro.com.br\/index.php\/wp-json\/wp\/v2\/categories?post=15013"},{"taxonomy":"post_tag","embeddable":true,"href":"https:\/\/jornaltimoneiro.com.br\/index.php\/wp-json\/wp\/v2\/tags?post=15013"}],"curies":[{"name":"wp","href":"https:\/\/api.w.org\/{rel}","templated":true}]}}