{"id":15000,"date":"2019-12-13T11:10:26","date_gmt":"2019-12-13T13:10:26","guid":{"rendered":"https:\/\/jornaltimoneiro.com.br\/?p=15000"},"modified":"2019-12-13T11:10:26","modified_gmt":"2019-12-13T13:10:26","slug":"fundacao-de-saude-abre-edital-para-contratacao-de-quatro-medicos-e-cadastro-reserva","status":"publish","type":"post","link":"https:\/\/jornaltimoneiro.com.br\/index.php\/2019\/12\/13\/fundacao-de-saude-abre-edital-para-contratacao-de-quatro-medicos-e-cadastro-reserva\/","title":{"rendered":"Funda\u00e7\u00e3o de Sa\u00fade abre edital para contrata\u00e7\u00e3o de quatro m\u00e9dicos e cadastro reserva"},"content":{"rendered":"<p>A Funda\u00e7\u00e3o Municipal de Sa\u00fade de Canoas (FMSC) abriu processo seletivo simplificado para a contrata\u00e7\u00e3o de quatro m\u00e9dicos e forma\u00e7\u00e3o de cadastro reserva de m\u00e9dico generalista. O contrato emergencial e com prazo determinado de 12 meses, prorrog\u00e1veis por at\u00e9 24 meses, prev\u00ea carga hor\u00e1ria de 30 e 40 horas semanais. A sele\u00e7\u00e3o dos candidatos ser\u00e1 feita atrav\u00e9s da an\u00e1lise de t\u00edtulos e da experi\u00eancia profissional.<\/p>\n<p>Link para inscri\u00e7\u00e3o: http:\/\/formsus.datasus.gov.br\/site\/formulario.php?id_aplicacao=52717<\/p>\n<p>Os m\u00e9dicos aprovados dever\u00e3o atuar nas diferentes unidades de sa\u00fade do munic\u00edpio. Os sal\u00e1rios s\u00e3o de R$ 9.874,68, para 30 horas, e R$ 13.166,24, para os profissionais que cumprirem 40 horas semanais. Al\u00e9m do vencimento b\u00e1sico, os profissionais ainda ter\u00e3o benef\u00edcios como vale-alimenta\u00e7\u00e3o, vale-transporte, aux\u00edlio-creche e acr\u00e9scimos por forma\u00e7\u00e3o, que podem aumentar em at\u00e9 33% o sal\u00e1rio dos profissionais. S\u00e3o contratados seis m\u00e9dicos generalistas, dois para cada carga hor\u00e1ria, al\u00e9m de forma\u00e7\u00e3o de cadastro reserva.<\/p>\n<p>As inscri\u00e7\u00f5es se encerram no dia 2 de janeiro e devem ser realizadas, exclusivamente, por meio eletr\u00f4nico. O edital completo pode ser visualizado no site da Funda\u00e7\u00e3o.<\/p>\n","protected":false},"excerpt":{"rendered":"<p>A Funda\u00e7\u00e3o Municipal de Sa\u00fade de Canoas (FMSC) abriu processo seletivo simplificado para a contrata\u00e7\u00e3o de quatro m\u00e9dicos e forma\u00e7\u00e3o de cadastro reserva de m\u00e9dico generalista. O contrato emergencial e com prazo determinado de 12 meses, prorrog\u00e1veis por at\u00e9 24 meses, prev\u00ea carga hor\u00e1ria de 30 e 40 horas semanais. A sele\u00e7\u00e3o dos candidatos ser\u00e1 [&hellip;]<\/p>\n","protected":false},"author":2,"featured_media":15001,"comment_status":"closed","ping_status":"closed","sticky":false,"template":"","format":"standard","meta":{"amp_status":"","footnotes":""},"categories":[23],"tags":[],"class_list":["post-15000","post","type-post","status-publish","format-standard","has-post-thumbnail","hentry","category-geral"],"yoast_head":"<!-- This site is optimized with the Yoast SEO plugin v20.5 - https:\/\/yoast.com\/wordpress\/plugins\/seo\/ -->\n<title>Funda\u00e7\u00e3o de Sa\u00fade abre edital para contrata\u00e7\u00e3o de quatro m\u00e9dicos e cadastro reserva - O Timoneiro Jornal Canoas RS<\/title>\n<meta name=\"robots\" content=\"index, follow, max-snippet:-1, max-image-preview:large, max-video-preview:-1\" \/>\n<link rel=\"canonical\" href=\"https:\/\/jornaltimoneiro.com.br\/index.php\/2019\/12\/13\/fundacao-de-saude-abre-edital-para-contratacao-de-quatro-medicos-e-cadastro-reserva\/\" \/>\n<meta property=\"og:locale\" content=\"pt_BR\" \/>\n<meta property=\"og:type\" content=\"article\" \/>\n<meta property=\"og:title\" content=\"Funda\u00e7\u00e3o de Sa\u00fade abre edital para contrata\u00e7\u00e3o de quatro m\u00e9dicos e cadastro reserva - O Timoneiro Jornal Canoas RS\" \/>\n<meta property=\"og:description\" content=\"A Funda\u00e7\u00e3o Municipal de Sa\u00fade de Canoas (FMSC) abriu processo seletivo simplificado para a contrata\u00e7\u00e3o de quatro m\u00e9dicos e forma\u00e7\u00e3o de cadastro reserva de m\u00e9dico generalista. O contrato emergencial e com prazo determinado de 12 meses, prorrog\u00e1veis por at\u00e9 24 meses, prev\u00ea carga hor\u00e1ria de 30 e 40 horas semanais. A sele\u00e7\u00e3o dos candidatos ser\u00e1 [&hellip;]\" \/>\n<meta property=\"og:url\" content=\"https:\/\/jornaltimoneiro.com.br\/index.php\/2019\/12\/13\/fundacao-de-saude-abre-edital-para-contratacao-de-quatro-medicos-e-cadastro-reserva\/\" \/>\n<meta property=\"og:site_name\" content=\"O Timoneiro Jornal Canoas RS\" \/>\n<meta property=\"article:publisher\" content=\"https:\/\/www.facebook.com\/jornaltimoneiro\" \/>\n<meta property=\"article:published_time\" content=\"2019-12-13T13:10:26+00:00\" \/>\n<meta property=\"og:image\" content=\"https:\/\/jornaltimoneiro.com.br\/wp-content\/uploads\/2019\/12\/fmsc.jpg\" \/>\n\t<meta property=\"og:image:width\" content=\"500\" \/>\n\t<meta property=\"og:image:height\" content=\"357\" \/>\n\t<meta property=\"og:image:type\" content=\"image\/jpeg\" \/>\n<meta name=\"author\" content=\"Reda\u00e7\u00e3o\" \/>\n<meta name=\"twitter:card\" content=\"summary_large_image\" \/>\n<meta name=\"twitter:creator\" content=\"@_OTimoneiro\" \/>\n<meta name=\"twitter:site\" content=\"@_OTimoneiro\" \/>\n<meta name=\"twitter:label1\" content=\"Escrito por\" \/>\n\t<meta name=\"twitter:data1\" content=\"Reda\u00e7\u00e3o\" \/>\n\t<meta name=\"twitter:label2\" content=\"Est. tempo de leitura\" \/>\n\t<meta name=\"twitter:data2\" content=\"1 minuto\" \/>\n<script type=\"application\/ld+json\" class=\"yoast-schema-graph\">{\"@context\":\"https:\/\/schema.org\",\"@graph\":[{\"@type\":\"Article\",\"@id\":\"https:\/\/jornaltimoneiro.com.br\/index.php\/2019\/12\/13\/fundacao-de-saude-abre-edital-para-contratacao-de-quatro-medicos-e-cadastro-reserva\/#article\",\"isPartOf\":{\"@id\":\"https:\/\/jornaltimoneiro.com.br\/index.php\/2019\/12\/13\/fundacao-de-saude-abre-edital-para-contratacao-de-quatro-medicos-e-cadastro-reserva\/\"},\"author\":{\"name\":\"Reda\u00e7\u00e3o\",\"@id\":\"https:\/\/jornaltimoneiro.com.br\/#\/schema\/person\/f63482f1a02b1a9592707865e509ab40\"},\"headline\":\"Funda\u00e7\u00e3o de Sa\u00fade abre edital para contrata\u00e7\u00e3o de quatro m\u00e9dicos e cadastro reserva\",\"datePublished\":\"2019-12-13T13:10:26+00:00\",\"dateModified\":\"2019-12-13T13:10:26+00:00\",\"mainEntityOfPage\":{\"@id\":\"https:\/\/jornaltimoneiro.com.br\/index.php\/2019\/12\/13\/fundacao-de-saude-abre-edital-para-contratacao-de-quatro-medicos-e-cadastro-reserva\/\"},\"wordCount\":224,\"publisher\":{\"@id\":\"https:\/\/jornaltimoneiro.com.br\/#organization\"},\"articleSection\":[\"Geral\"],\"inLanguage\":\"pt-BR\"},{\"@type\":\"WebPage\",\"@id\":\"https:\/\/jornaltimoneiro.com.br\/index.php\/2019\/12\/13\/fundacao-de-saude-abre-edital-para-contratacao-de-quatro-medicos-e-cadastro-reserva\/\",\"url\":\"https:\/\/jornaltimoneiro.com.br\/index.php\/2019\/12\/13\/fundacao-de-saude-abre-edital-para-contratacao-de-quatro-medicos-e-cadastro-reserva\/\",\"name\":\"Funda\u00e7\u00e3o de Sa\u00fade abre edital para contrata\u00e7\u00e3o de quatro m\u00e9dicos e cadastro reserva - O Timoneiro Jornal Canoas RS\",\"isPartOf\":{\"@id\":\"https:\/\/jornaltimoneiro.com.br\/#website\"},\"datePublished\":\"2019-12-13T13:10:26+00:00\",\"dateModified\":\"2019-12-13T13:10:26+00:00\",\"breadcrumb\":{\"@id\":\"https:\/\/jornaltimoneiro.com.br\/index.php\/2019\/12\/13\/fundacao-de-saude-abre-edital-para-contratacao-de-quatro-medicos-e-cadastro-reserva\/#breadcrumb\"},\"inLanguage\":\"pt-BR\",\"potentialAction\":[{\"@type\":\"ReadAction\",\"target\":[\"https:\/\/jornaltimoneiro.com.br\/index.php\/2019\/12\/13\/fundacao-de-saude-abre-edital-para-contratacao-de-quatro-medicos-e-cadastro-reserva\/\"]}]},{\"@type\":\"BreadcrumbList\",\"@id\":\"https:\/\/jornaltimoneiro.com.br\/index.php\/2019\/12\/13\/fundacao-de-saude-abre-edital-para-contratacao-de-quatro-medicos-e-cadastro-reserva\/#breadcrumb\",\"itemListElement\":[{\"@type\":\"ListItem\",\"position\":1,\"name\":\"In\u00edcio\",\"item\":\"https:\/\/jornaltimoneiro.com.br\/\"},{\"@type\":\"ListItem\",\"position\":2,\"name\":\"Funda\u00e7\u00e3o de Sa\u00fade abre edital para contrata\u00e7\u00e3o de quatro m\u00e9dicos e cadastro reserva\"}]},{\"@type\":\"WebSite\",\"@id\":\"https:\/\/jornaltimoneiro.com.br\/#website\",\"url\":\"https:\/\/jornaltimoneiro.com.br\/\",\"name\":\"Jornal Timoneiro Canoas RS\",\"description\":\"Jornal O Timoneiro, o verdadeiro jornal de Canoas\",\"publisher\":{\"@id\":\"https:\/\/jornaltimoneiro.com.br\/#organization\"},\"potentialAction\":[{\"@type\":\"SearchAction\",\"target\":{\"@type\":\"EntryPoint\",\"urlTemplate\":\"https:\/\/jornaltimoneiro.com.br\/?s={search_term_string}\"},\"query-input\":\"required name=search_term_string\"}],\"inLanguage\":\"pt-BR\"},{\"@type\":\"Organization\",\"@id\":\"https:\/\/jornaltimoneiro.com.br\/#organization\",\"name\":\"Jornal Timoneiro Canoas RS\",\"url\":\"https:\/\/jornaltimoneiro.com.br\/\",\"logo\":{\"@type\":\"ImageObject\",\"inLanguage\":\"pt-BR\",\"@id\":\"https:\/\/jornaltimoneiro.com.br\/#\/schema\/logo\/image\/\",\"url\":\"https:\/\/jornaltimoneiro.com.br\/wp-content\/uploads\/2023\/03\/logonovo.png\",\"contentUrl\":\"https:\/\/jornaltimoneiro.com.br\/wp-content\/uploads\/2023\/03\/logonovo.png\",\"width\":\"469\",\"height\":\"171\",\"caption\":\"Jornal Timoneiro Canoas RS\"},\"image\":{\"@id\":\"https:\/\/jornaltimoneiro.com.br\/#\/schema\/logo\/image\/\"},\"sameAs\":[\"https:\/\/www.facebook.com\/jornaltimoneiro\",\"https:\/\/twitter.com\/_OTimoneiro\",\"https:\/\/www.instagram.com\/jornaltimoneirocanoas\/\",\"https:\/\/www.youtube.com\/@jornalotimoneiro7927\"]},{\"@type\":\"Person\",\"@id\":\"https:\/\/jornaltimoneiro.com.br\/#\/schema\/person\/f63482f1a02b1a9592707865e509ab40\",\"name\":\"Reda\u00e7\u00e3o\",\"image\":{\"@type\":\"ImageObject\",\"inLanguage\":\"pt-BR\",\"@id\":\"https:\/\/jornaltimoneiro.com.br\/#\/schema\/person\/image\/\",\"url\":\"https:\/\/jornaltimoneiro.com.br\/wp-content\/uploads\/2023\/03\/download.jpeg\",\"contentUrl\":\"https:\/\/jornaltimoneiro.com.br\/wp-content\/uploads\/2023\/03\/download.jpeg\",\"caption\":\"Reda\u00e7\u00e3o\"},\"url\":\"https:\/\/jornaltimoneiro.com.br\/index.php\/author\/simone-dutra\/\"}]}<\/script>\n<!-- \/ Yoast SEO plugin. -->","yoast_head_json":{"title":"Funda\u00e7\u00e3o de Sa\u00fade abre edital para contrata\u00e7\u00e3o de quatro m\u00e9dicos e cadastro reserva - O Timoneiro Jornal Canoas RS","robots":{"index":"index","follow":"follow","max-snippet":"max-snippet:-1","max-image-preview":"max-image-preview:large","max-video-preview":"max-video-preview:-1"},"canonical":"https:\/\/jornaltimoneiro.com.br\/index.php\/2019\/12\/13\/fundacao-de-saude-abre-edital-para-contratacao-de-quatro-medicos-e-cadastro-reserva\/","og_locale":"pt_BR","og_type":"article","og_title":"Funda\u00e7\u00e3o de Sa\u00fade abre edital para contrata\u00e7\u00e3o de quatro m\u00e9dicos e cadastro reserva - O Timoneiro Jornal Canoas RS","og_description":"A Funda\u00e7\u00e3o Municipal de Sa\u00fade de Canoas (FMSC) abriu processo seletivo simplificado para a contrata\u00e7\u00e3o de quatro m\u00e9dicos e forma\u00e7\u00e3o de cadastro reserva de m\u00e9dico generalista. O contrato emergencial e com prazo determinado de 12 meses, prorrog\u00e1veis por at\u00e9 24 meses, prev\u00ea carga hor\u00e1ria de 30 e 40 horas semanais. A sele\u00e7\u00e3o dos candidatos ser\u00e1 [&hellip;]","og_url":"https:\/\/jornaltimoneiro.com.br\/index.php\/2019\/12\/13\/fundacao-de-saude-abre-edital-para-contratacao-de-quatro-medicos-e-cadastro-reserva\/","og_site_name":"O Timoneiro Jornal Canoas RS","article_publisher":"https:\/\/www.facebook.com\/jornaltimoneiro","article_published_time":"2019-12-13T13:10:26+00:00","og_image":[{"width":500,"height":357,"url":"https:\/\/jornaltimoneiro.com.br\/wp-content\/uploads\/2019\/12\/fmsc.jpg","type":"image\/jpeg"}],"author":"Reda\u00e7\u00e3o","twitter_card":"summary_large_image","twitter_creator":"@_OTimoneiro","twitter_site":"@_OTimoneiro","twitter_misc":{"Escrito por":"Reda\u00e7\u00e3o","Est. tempo de leitura":"1 minuto"},"schema":{"@context":"https:\/\/schema.org","@graph":[{"@type":"Article","@id":"https:\/\/jornaltimoneiro.com.br\/index.php\/2019\/12\/13\/fundacao-de-saude-abre-edital-para-contratacao-de-quatro-medicos-e-cadastro-reserva\/#article","isPartOf":{"@id":"https:\/\/jornaltimoneiro.com.br\/index.php\/2019\/12\/13\/fundacao-de-saude-abre-edital-para-contratacao-de-quatro-medicos-e-cadastro-reserva\/"},"author":{"name":"Reda\u00e7\u00e3o","@id":"https:\/\/jornaltimoneiro.com.br\/#\/schema\/person\/f63482f1a02b1a9592707865e509ab40"},"headline":"Funda\u00e7\u00e3o de Sa\u00fade abre edital para contrata\u00e7\u00e3o de quatro m\u00e9dicos e cadastro reserva","datePublished":"2019-12-13T13:10:26+00:00","dateModified":"2019-12-13T13:10:26+00:00","mainEntityOfPage":{"@id":"https:\/\/jornaltimoneiro.com.br\/index.php\/2019\/12\/13\/fundacao-de-saude-abre-edital-para-contratacao-de-quatro-medicos-e-cadastro-reserva\/"},"wordCount":224,"publisher":{"@id":"https:\/\/jornaltimoneiro.com.br\/#organization"},"articleSection":["Geral"],"inLanguage":"pt-BR"},{"@type":"WebPage","@id":"https:\/\/jornaltimoneiro.com.br\/index.php\/2019\/12\/13\/fundacao-de-saude-abre-edital-para-contratacao-de-quatro-medicos-e-cadastro-reserva\/","url":"https:\/\/jornaltimoneiro.com.br\/index.php\/2019\/12\/13\/fundacao-de-saude-abre-edital-para-contratacao-de-quatro-medicos-e-cadastro-reserva\/","name":"Funda\u00e7\u00e3o de Sa\u00fade abre edital para contrata\u00e7\u00e3o de quatro m\u00e9dicos e cadastro reserva - O Timoneiro Jornal Canoas RS","isPartOf":{"@id":"https:\/\/jornaltimoneiro.com.br\/#website"},"datePublished":"2019-12-13T13:10:26+00:00","dateModified":"2019-12-13T13:10:26+00:00","breadcrumb":{"@id":"https:\/\/jornaltimoneiro.com.br\/index.php\/2019\/12\/13\/fundacao-de-saude-abre-edital-para-contratacao-de-quatro-medicos-e-cadastro-reserva\/#breadcrumb"},"inLanguage":"pt-BR","potentialAction":[{"@type":"ReadAction","target":["https:\/\/jornaltimoneiro.com.br\/index.php\/2019\/12\/13\/fundacao-de-saude-abre-edital-para-contratacao-de-quatro-medicos-e-cadastro-reserva\/"]}]},{"@type":"BreadcrumbList","@id":"https:\/\/jornaltimoneiro.com.br\/index.php\/2019\/12\/13\/fundacao-de-saude-abre-edital-para-contratacao-de-quatro-medicos-e-cadastro-reserva\/#breadcrumb","itemListElement":[{"@type":"ListItem","position":1,"name":"In\u00edcio","item":"https:\/\/jornaltimoneiro.com.br\/"},{"@type":"ListItem","position":2,"name":"Funda\u00e7\u00e3o de Sa\u00fade abre edital para contrata\u00e7\u00e3o de quatro m\u00e9dicos e cadastro reserva"}]},{"@type":"WebSite","@id":"https:\/\/jornaltimoneiro.com.br\/#website","url":"https:\/\/jornaltimoneiro.com.br\/","name":"Jornal Timoneiro Canoas RS","description":"Jornal O Timoneiro, o verdadeiro jornal de Canoas","publisher":{"@id":"https:\/\/jornaltimoneiro.com.br\/#organization"},"potentialAction":[{"@type":"SearchAction","target":{"@type":"EntryPoint","urlTemplate":"https:\/\/jornaltimoneiro.com.br\/?s={search_term_string}"},"query-input":"required name=search_term_string"}],"inLanguage":"pt-BR"},{"@type":"Organization","@id":"https:\/\/jornaltimoneiro.com.br\/#organization","name":"Jornal Timoneiro Canoas RS","url":"https:\/\/jornaltimoneiro.com.br\/","logo":{"@type":"ImageObject","inLanguage":"pt-BR","@id":"https:\/\/jornaltimoneiro.com.br\/#\/schema\/logo\/image\/","url":"https:\/\/jornaltimoneiro.com.br\/wp-content\/uploads\/2023\/03\/logonovo.png","contentUrl":"https:\/\/jornaltimoneiro.com.br\/wp-content\/uploads\/2023\/03\/logonovo.png","width":"469","height":"171","caption":"Jornal Timoneiro Canoas RS"},"image":{"@id":"https:\/\/jornaltimoneiro.com.br\/#\/schema\/logo\/image\/"},"sameAs":["https:\/\/www.facebook.com\/jornaltimoneiro","https:\/\/twitter.com\/_OTimoneiro","https:\/\/www.instagram.com\/jornaltimoneirocanoas\/","https:\/\/www.youtube.com\/@jornalotimoneiro7927"]},{"@type":"Person","@id":"https:\/\/jornaltimoneiro.com.br\/#\/schema\/person\/f63482f1a02b1a9592707865e509ab40","name":"Reda\u00e7\u00e3o","image":{"@type":"ImageObject","inLanguage":"pt-BR","@id":"https:\/\/jornaltimoneiro.com.br\/#\/schema\/person\/image\/","url":"https:\/\/jornaltimoneiro.com.br\/wp-content\/uploads\/2023\/03\/download.jpeg","contentUrl":"https:\/\/jornaltimoneiro.com.br\/wp-content\/uploads\/2023\/03\/download.jpeg","caption":"Reda\u00e7\u00e3o"},"url":"https:\/\/jornaltimoneiro.com.br\/index.php\/author\/simone-dutra\/"}]}},"_links":{"self":[{"href":"https:\/\/jornaltimoneiro.com.br\/index.php\/wp-json\/wp\/v2\/posts\/15000"}],"collection":[{"href":"https:\/\/jornaltimoneiro.com.br\/index.php\/wp-json\/wp\/v2\/posts"}],"about":[{"href":"https:\/\/jornaltimoneiro.com.br\/index.php\/wp-json\/wp\/v2\/types\/post"}],"author":[{"embeddable":true,"href":"https:\/\/jornaltimoneiro.com.br\/index.php\/wp-json\/wp\/v2\/users\/2"}],"replies":[{"embeddable":true,"href":"https:\/\/jornaltimoneiro.com.br\/index.php\/wp-json\/wp\/v2\/comments?post=15000"}],"version-history":[{"count":0,"href":"https:\/\/jornaltimoneiro.com.br\/index.php\/wp-json\/wp\/v2\/posts\/15000\/revisions"}],"wp:featuredmedia":[{"embeddable":true,"href":"https:\/\/jornaltimoneiro.com.br\/index.php\/wp-json\/wp\/v2\/media\/15001"}],"wp:attachment":[{"href":"https:\/\/jornaltimoneiro.com.br\/index.php\/wp-json\/wp\/v2\/media?parent=15000"}],"wp:term":[{"taxonomy":"category","embeddable":true,"href":"https:\/\/jornaltimoneiro.com.br\/index.php\/wp-json\/wp\/v2\/categories?post=15000"},{"taxonomy":"post_tag","embeddable":true,"href":"https:\/\/jornaltimoneiro.com.br\/index.php\/wp-json\/wp\/v2\/tags?post=15000"}],"curies":[{"name":"wp","href":"https:\/\/api.w.org\/{rel}","templated":true}]}}