{"id":14711,"date":"2019-10-18T10:59:53","date_gmt":"2019-10-18T13:59:53","guid":{"rendered":"https:\/\/jornaltimoneiro.com.br\/?p=14711"},"modified":"2019-10-18T10:59:53","modified_gmt":"2019-10-18T13:59:53","slug":"programa-municipal-de-castracao-de-animais-abre-inscricoes","status":"publish","type":"post","link":"https:\/\/jornaltimoneiro.com.br\/index.php\/2019\/10\/18\/programa-municipal-de-castracao-de-animais-abre-inscricoes\/","title":{"rendered":"Programa Municipal de Castra\u00e7\u00e3o de Animais abre inscri\u00e7\u00f5es"},"content":{"rendered":"<p>Foram anunciados os requisitos para inscri\u00e7\u00f5es e cadastramento de entidades protetoras e protetores para a realiza\u00e7\u00e3o de p\u00f3s-operat\u00f3rio do Programa Municipal de Castra\u00e7\u00e3o de Animais, realizado pela Prefeitura de Nova Santa Rita.<br \/>\nPropriet\u00e1rio de c\u00e3o \/ C\u00e3o comunit\u00e1rio<br \/>\n\u2022\tResidir no munic\u00edpio de Nova Santa Rita e ter idade m\u00ednima de 21 anos.<br \/>\n\u2022\tFazer parte do Programa Bolsa fam\u00edlia (renda per capta R$ 178,00)<br \/>\n\u2022\tDocumentos necess\u00e1rio RG, CPF e comprovante de resid\u00eancia atualizado<br \/>\n\u2022\tTer um TUTOR SOLID\u00c1RIO que fique respons\u00e1vel pelo cadastro do animal<br \/>\n\u2022\tO animal precisa morar naquela rua a mais de cinco meses (ser\u00e1 fiscalizado pela SMMA)<br \/>\n\u2022\tTer um lar tempor\u00e1rio para fazer o p\u00f3s-operat\u00f3rio (de 8 \u00e1 10 dias)<br \/>\nAnimais<br \/>\n\u2022\tDevem ser de esp\u00e9cie canina ou felina.<br \/>\n\u2022\tSer SRD (Sem Ra\u00e7a Definida)<br \/>\n\u2022\tN\u00e3o serem utilizados para fins comerciais ou de competi\u00e7\u00f5es.<br \/>\n\u2022\tAnimal em boas condi\u00e7\u00f5es de sa\u00fade, n\u00e3o estar obeso, caqu\u00e9tico ou apresentar doen\u00e7a e desgaste f\u00edsico ou an\u00eamico ou doen\u00e7as de pele aparentes.<br \/>\n\u2022\tF\u00eameas N\u00c3O devem estar no CIO, PRENHAS ou AMAMENTANDO no dia da cirurgia.<br \/>\nQuem pode se credenciar?<br \/>\nPoder\u00e3o se credenciar junto \u00e0 SMMA os Protetores e as Entidades Protetoras de Animais atuantes no Munic\u00edpio de Nova Santa Rita, e com resid\u00eancia ou sede nesta cidade, e que possuam local adequado e baias compat\u00edveis de acordo com o n\u00famero de animais que pretendem abrigar.<\/p>\n<p>Para o credenciamento, os interessados, dever\u00e3o preencher o formul\u00e1rio de inscri\u00e7\u00e3o, dispon\u00edvel na SMMA munido de seus documentos.<\/p>\n<p><strong>Programa 100% gratuito<\/strong><\/p>\n<p>Nenhuma taxa pode ser cobrada dos inscritos para realiza\u00e7\u00e3o do procedimento cir\u00fargico de castra\u00e7\u00e3o.<br \/>\nPrimeira etapa do programa vai priorizar animais que vivem nas escolas, reparti\u00e7\u00e3o publica que vivem na rua (sem dono) e de fam\u00edlias em extrema situa\u00e7\u00e3o de vulnerabilidade.<br \/>\nAus\u00eancia &#8211; Em caso de cancelamento, este dever\u00e1 ser confirmado com 48 horas de anteced\u00eancia, a fim de oportunizar o atendimento de outros animais. A desist\u00eancia sem justificativa impossibilitar\u00e1 o solicitante de realizar nova agenda durante o per\u00edodo de 12 meses.<br \/>\nPara mais informa\u00e7\u00f5es 51 3479 2239.<\/p>\n","protected":false},"excerpt":{"rendered":"<p>Foram anunciados os requisitos para inscri\u00e7\u00f5es e cadastramento de entidades protetoras e protetores para a realiza\u00e7\u00e3o de p\u00f3s-operat\u00f3rio do Programa Municipal de Castra\u00e7\u00e3o de Animais, realizado pela Prefeitura de Nova Santa Rita. Propriet\u00e1rio de c\u00e3o \/ C\u00e3o comunit\u00e1rio \u2022 Residir no munic\u00edpio de Nova Santa Rita e ter idade m\u00ednima de 21 anos. \u2022 Fazer [&hellip;]<\/p>\n","protected":false},"author":2,"featured_media":14712,"comment_status":"closed","ping_status":"closed","sticky":false,"template":"","format":"standard","meta":{"amp_status":"","footnotes":""},"categories":[178],"tags":[],"class_list":["post-14711","post","type-post","status-publish","format-standard","has-post-thumbnail","hentry","category-nsr"],"yoast_head":"<!-- This site is optimized with the Yoast SEO plugin v20.5 - https:\/\/yoast.com\/wordpress\/plugins\/seo\/ -->\n<title>Programa Municipal de Castra\u00e7\u00e3o de Animais abre inscri\u00e7\u00f5es - O Timoneiro Jornal Canoas RS<\/title>\n<meta name=\"robots\" content=\"index, follow, max-snippet:-1, max-image-preview:large, max-video-preview:-1\" \/>\n<link rel=\"canonical\" href=\"https:\/\/jornaltimoneiro.com.br\/index.php\/2019\/10\/18\/programa-municipal-de-castracao-de-animais-abre-inscricoes\/\" \/>\n<meta property=\"og:locale\" content=\"pt_BR\" \/>\n<meta property=\"og:type\" content=\"article\" \/>\n<meta property=\"og:title\" content=\"Programa Municipal de Castra\u00e7\u00e3o de Animais abre inscri\u00e7\u00f5es - O Timoneiro Jornal Canoas RS\" \/>\n<meta property=\"og:description\" content=\"Foram anunciados os requisitos para inscri\u00e7\u00f5es e cadastramento de entidades protetoras e protetores para a realiza\u00e7\u00e3o de p\u00f3s-operat\u00f3rio do Programa Municipal de Castra\u00e7\u00e3o de Animais, realizado pela Prefeitura de Nova Santa Rita. Propriet\u00e1rio de c\u00e3o \/ C\u00e3o comunit\u00e1rio \u2022 Residir no munic\u00edpio de Nova Santa Rita e ter idade m\u00ednima de 21 anos. \u2022 Fazer [&hellip;]\" \/>\n<meta property=\"og:url\" content=\"https:\/\/jornaltimoneiro.com.br\/index.php\/2019\/10\/18\/programa-municipal-de-castracao-de-animais-abre-inscricoes\/\" \/>\n<meta property=\"og:site_name\" content=\"O Timoneiro Jornal Canoas RS\" \/>\n<meta property=\"article:publisher\" content=\"https:\/\/www.facebook.com\/jornaltimoneiro\" \/>\n<meta property=\"article:published_time\" content=\"2019-10-18T13:59:53+00:00\" \/>\n<meta property=\"og:image\" content=\"https:\/\/jornaltimoneiro.com.br\/wp-content\/uploads\/2019\/10\/atende.jpg\" \/>\n\t<meta property=\"og:image:width\" content=\"960\" \/>\n\t<meta property=\"og:image:height\" content=\"960\" \/>\n\t<meta property=\"og:image:type\" content=\"image\/jpeg\" \/>\n<meta name=\"author\" content=\"Reda\u00e7\u00e3o\" \/>\n<meta name=\"twitter:card\" content=\"summary_large_image\" \/>\n<meta name=\"twitter:creator\" content=\"@_OTimoneiro\" \/>\n<meta name=\"twitter:site\" content=\"@_OTimoneiro\" \/>\n<meta name=\"twitter:label1\" content=\"Escrito por\" \/>\n\t<meta name=\"twitter:data1\" content=\"Reda\u00e7\u00e3o\" \/>\n\t<meta name=\"twitter:label2\" content=\"Est. tempo de leitura\" \/>\n\t<meta name=\"twitter:data2\" content=\"2 minutos\" \/>\n<script type=\"application\/ld+json\" class=\"yoast-schema-graph\">{\"@context\":\"https:\/\/schema.org\",\"@graph\":[{\"@type\":\"Article\",\"@id\":\"https:\/\/jornaltimoneiro.com.br\/index.php\/2019\/10\/18\/programa-municipal-de-castracao-de-animais-abre-inscricoes\/#article\",\"isPartOf\":{\"@id\":\"https:\/\/jornaltimoneiro.com.br\/index.php\/2019\/10\/18\/programa-municipal-de-castracao-de-animais-abre-inscricoes\/\"},\"author\":{\"name\":\"Reda\u00e7\u00e3o\",\"@id\":\"https:\/\/jornaltimoneiro.com.br\/#\/schema\/person\/f63482f1a02b1a9592707865e509ab40\"},\"headline\":\"Programa Municipal de Castra\u00e7\u00e3o de Animais abre inscri\u00e7\u00f5es\",\"datePublished\":\"2019-10-18T13:59:53+00:00\",\"dateModified\":\"2019-10-18T13:59:53+00:00\",\"mainEntityOfPage\":{\"@id\":\"https:\/\/jornaltimoneiro.com.br\/index.php\/2019\/10\/18\/programa-municipal-de-castracao-de-animais-abre-inscricoes\/\"},\"wordCount\":378,\"publisher\":{\"@id\":\"https:\/\/jornaltimoneiro.com.br\/#organization\"},\"articleSection\":[\"Nova Santa Rita\"],\"inLanguage\":\"pt-BR\"},{\"@type\":\"WebPage\",\"@id\":\"https:\/\/jornaltimoneiro.com.br\/index.php\/2019\/10\/18\/programa-municipal-de-castracao-de-animais-abre-inscricoes\/\",\"url\":\"https:\/\/jornaltimoneiro.com.br\/index.php\/2019\/10\/18\/programa-municipal-de-castracao-de-animais-abre-inscricoes\/\",\"name\":\"Programa Municipal de Castra\u00e7\u00e3o de Animais abre inscri\u00e7\u00f5es - O Timoneiro Jornal Canoas RS\",\"isPartOf\":{\"@id\":\"https:\/\/jornaltimoneiro.com.br\/#website\"},\"datePublished\":\"2019-10-18T13:59:53+00:00\",\"dateModified\":\"2019-10-18T13:59:53+00:00\",\"breadcrumb\":{\"@id\":\"https:\/\/jornaltimoneiro.com.br\/index.php\/2019\/10\/18\/programa-municipal-de-castracao-de-animais-abre-inscricoes\/#breadcrumb\"},\"inLanguage\":\"pt-BR\",\"potentialAction\":[{\"@type\":\"ReadAction\",\"target\":[\"https:\/\/jornaltimoneiro.com.br\/index.php\/2019\/10\/18\/programa-municipal-de-castracao-de-animais-abre-inscricoes\/\"]}]},{\"@type\":\"BreadcrumbList\",\"@id\":\"https:\/\/jornaltimoneiro.com.br\/index.php\/2019\/10\/18\/programa-municipal-de-castracao-de-animais-abre-inscricoes\/#breadcrumb\",\"itemListElement\":[{\"@type\":\"ListItem\",\"position\":1,\"name\":\"In\u00edcio\",\"item\":\"https:\/\/jornaltimoneiro.com.br\/\"},{\"@type\":\"ListItem\",\"position\":2,\"name\":\"Programa Municipal de Castra\u00e7\u00e3o de Animais abre inscri\u00e7\u00f5es\"}]},{\"@type\":\"WebSite\",\"@id\":\"https:\/\/jornaltimoneiro.com.br\/#website\",\"url\":\"https:\/\/jornaltimoneiro.com.br\/\",\"name\":\"Jornal Timoneiro Canoas RS\",\"description\":\"Jornal O Timoneiro, o verdadeiro jornal de Canoas\",\"publisher\":{\"@id\":\"https:\/\/jornaltimoneiro.com.br\/#organization\"},\"potentialAction\":[{\"@type\":\"SearchAction\",\"target\":{\"@type\":\"EntryPoint\",\"urlTemplate\":\"https:\/\/jornaltimoneiro.com.br\/?s={search_term_string}\"},\"query-input\":\"required name=search_term_string\"}],\"inLanguage\":\"pt-BR\"},{\"@type\":\"Organization\",\"@id\":\"https:\/\/jornaltimoneiro.com.br\/#organization\",\"name\":\"Jornal Timoneiro Canoas RS\",\"url\":\"https:\/\/jornaltimoneiro.com.br\/\",\"logo\":{\"@type\":\"ImageObject\",\"inLanguage\":\"pt-BR\",\"@id\":\"https:\/\/jornaltimoneiro.com.br\/#\/schema\/logo\/image\/\",\"url\":\"https:\/\/jornaltimoneiro.com.br\/wp-content\/uploads\/2023\/03\/logonovo.png\",\"contentUrl\":\"https:\/\/jornaltimoneiro.com.br\/wp-content\/uploads\/2023\/03\/logonovo.png\",\"width\":\"469\",\"height\":\"171\",\"caption\":\"Jornal Timoneiro Canoas RS\"},\"image\":{\"@id\":\"https:\/\/jornaltimoneiro.com.br\/#\/schema\/logo\/image\/\"},\"sameAs\":[\"https:\/\/www.facebook.com\/jornaltimoneiro\",\"https:\/\/twitter.com\/_OTimoneiro\",\"https:\/\/www.instagram.com\/jornaltimoneirocanoas\/\",\"https:\/\/www.youtube.com\/@jornalotimoneiro7927\"]},{\"@type\":\"Person\",\"@id\":\"https:\/\/jornaltimoneiro.com.br\/#\/schema\/person\/f63482f1a02b1a9592707865e509ab40\",\"name\":\"Reda\u00e7\u00e3o\",\"image\":{\"@type\":\"ImageObject\",\"inLanguage\":\"pt-BR\",\"@id\":\"https:\/\/jornaltimoneiro.com.br\/#\/schema\/person\/image\/\",\"url\":\"https:\/\/jornaltimoneiro.com.br\/wp-content\/uploads\/2023\/03\/download.jpeg\",\"contentUrl\":\"https:\/\/jornaltimoneiro.com.br\/wp-content\/uploads\/2023\/03\/download.jpeg\",\"caption\":\"Reda\u00e7\u00e3o\"},\"url\":\"https:\/\/jornaltimoneiro.com.br\/index.php\/author\/simone-dutra\/\"}]}<\/script>\n<!-- \/ Yoast SEO plugin. -->","yoast_head_json":{"title":"Programa Municipal de Castra\u00e7\u00e3o de Animais abre inscri\u00e7\u00f5es - O Timoneiro Jornal Canoas RS","robots":{"index":"index","follow":"follow","max-snippet":"max-snippet:-1","max-image-preview":"max-image-preview:large","max-video-preview":"max-video-preview:-1"},"canonical":"https:\/\/jornaltimoneiro.com.br\/index.php\/2019\/10\/18\/programa-municipal-de-castracao-de-animais-abre-inscricoes\/","og_locale":"pt_BR","og_type":"article","og_title":"Programa Municipal de Castra\u00e7\u00e3o de Animais abre inscri\u00e7\u00f5es - O Timoneiro Jornal Canoas RS","og_description":"Foram anunciados os requisitos para inscri\u00e7\u00f5es e cadastramento de entidades protetoras e protetores para a realiza\u00e7\u00e3o de p\u00f3s-operat\u00f3rio do Programa Municipal de Castra\u00e7\u00e3o de Animais, realizado pela Prefeitura de Nova Santa Rita. Propriet\u00e1rio de c\u00e3o \/ C\u00e3o comunit\u00e1rio \u2022 Residir no munic\u00edpio de Nova Santa Rita e ter idade m\u00ednima de 21 anos. \u2022 Fazer [&hellip;]","og_url":"https:\/\/jornaltimoneiro.com.br\/index.php\/2019\/10\/18\/programa-municipal-de-castracao-de-animais-abre-inscricoes\/","og_site_name":"O Timoneiro Jornal Canoas RS","article_publisher":"https:\/\/www.facebook.com\/jornaltimoneiro","article_published_time":"2019-10-18T13:59:53+00:00","og_image":[{"width":960,"height":960,"url":"https:\/\/jornaltimoneiro.com.br\/wp-content\/uploads\/2019\/10\/atende.jpg","type":"image\/jpeg"}],"author":"Reda\u00e7\u00e3o","twitter_card":"summary_large_image","twitter_creator":"@_OTimoneiro","twitter_site":"@_OTimoneiro","twitter_misc":{"Escrito por":"Reda\u00e7\u00e3o","Est. tempo de leitura":"2 minutos"},"schema":{"@context":"https:\/\/schema.org","@graph":[{"@type":"Article","@id":"https:\/\/jornaltimoneiro.com.br\/index.php\/2019\/10\/18\/programa-municipal-de-castracao-de-animais-abre-inscricoes\/#article","isPartOf":{"@id":"https:\/\/jornaltimoneiro.com.br\/index.php\/2019\/10\/18\/programa-municipal-de-castracao-de-animais-abre-inscricoes\/"},"author":{"name":"Reda\u00e7\u00e3o","@id":"https:\/\/jornaltimoneiro.com.br\/#\/schema\/person\/f63482f1a02b1a9592707865e509ab40"},"headline":"Programa Municipal de Castra\u00e7\u00e3o de Animais abre inscri\u00e7\u00f5es","datePublished":"2019-10-18T13:59:53+00:00","dateModified":"2019-10-18T13:59:53+00:00","mainEntityOfPage":{"@id":"https:\/\/jornaltimoneiro.com.br\/index.php\/2019\/10\/18\/programa-municipal-de-castracao-de-animais-abre-inscricoes\/"},"wordCount":378,"publisher":{"@id":"https:\/\/jornaltimoneiro.com.br\/#organization"},"articleSection":["Nova Santa Rita"],"inLanguage":"pt-BR"},{"@type":"WebPage","@id":"https:\/\/jornaltimoneiro.com.br\/index.php\/2019\/10\/18\/programa-municipal-de-castracao-de-animais-abre-inscricoes\/","url":"https:\/\/jornaltimoneiro.com.br\/index.php\/2019\/10\/18\/programa-municipal-de-castracao-de-animais-abre-inscricoes\/","name":"Programa Municipal de Castra\u00e7\u00e3o de Animais abre inscri\u00e7\u00f5es - O Timoneiro Jornal Canoas RS","isPartOf":{"@id":"https:\/\/jornaltimoneiro.com.br\/#website"},"datePublished":"2019-10-18T13:59:53+00:00","dateModified":"2019-10-18T13:59:53+00:00","breadcrumb":{"@id":"https:\/\/jornaltimoneiro.com.br\/index.php\/2019\/10\/18\/programa-municipal-de-castracao-de-animais-abre-inscricoes\/#breadcrumb"},"inLanguage":"pt-BR","potentialAction":[{"@type":"ReadAction","target":["https:\/\/jornaltimoneiro.com.br\/index.php\/2019\/10\/18\/programa-municipal-de-castracao-de-animais-abre-inscricoes\/"]}]},{"@type":"BreadcrumbList","@id":"https:\/\/jornaltimoneiro.com.br\/index.php\/2019\/10\/18\/programa-municipal-de-castracao-de-animais-abre-inscricoes\/#breadcrumb","itemListElement":[{"@type":"ListItem","position":1,"name":"In\u00edcio","item":"https:\/\/jornaltimoneiro.com.br\/"},{"@type":"ListItem","position":2,"name":"Programa Municipal de Castra\u00e7\u00e3o de Animais abre inscri\u00e7\u00f5es"}]},{"@type":"WebSite","@id":"https:\/\/jornaltimoneiro.com.br\/#website","url":"https:\/\/jornaltimoneiro.com.br\/","name":"Jornal Timoneiro Canoas RS","description":"Jornal O Timoneiro, o verdadeiro jornal de Canoas","publisher":{"@id":"https:\/\/jornaltimoneiro.com.br\/#organization"},"potentialAction":[{"@type":"SearchAction","target":{"@type":"EntryPoint","urlTemplate":"https:\/\/jornaltimoneiro.com.br\/?s={search_term_string}"},"query-input":"required name=search_term_string"}],"inLanguage":"pt-BR"},{"@type":"Organization","@id":"https:\/\/jornaltimoneiro.com.br\/#organization","name":"Jornal Timoneiro Canoas RS","url":"https:\/\/jornaltimoneiro.com.br\/","logo":{"@type":"ImageObject","inLanguage":"pt-BR","@id":"https:\/\/jornaltimoneiro.com.br\/#\/schema\/logo\/image\/","url":"https:\/\/jornaltimoneiro.com.br\/wp-content\/uploads\/2023\/03\/logonovo.png","contentUrl":"https:\/\/jornaltimoneiro.com.br\/wp-content\/uploads\/2023\/03\/logonovo.png","width":"469","height":"171","caption":"Jornal Timoneiro Canoas RS"},"image":{"@id":"https:\/\/jornaltimoneiro.com.br\/#\/schema\/logo\/image\/"},"sameAs":["https:\/\/www.facebook.com\/jornaltimoneiro","https:\/\/twitter.com\/_OTimoneiro","https:\/\/www.instagram.com\/jornaltimoneirocanoas\/","https:\/\/www.youtube.com\/@jornalotimoneiro7927"]},{"@type":"Person","@id":"https:\/\/jornaltimoneiro.com.br\/#\/schema\/person\/f63482f1a02b1a9592707865e509ab40","name":"Reda\u00e7\u00e3o","image":{"@type":"ImageObject","inLanguage":"pt-BR","@id":"https:\/\/jornaltimoneiro.com.br\/#\/schema\/person\/image\/","url":"https:\/\/jornaltimoneiro.com.br\/wp-content\/uploads\/2023\/03\/download.jpeg","contentUrl":"https:\/\/jornaltimoneiro.com.br\/wp-content\/uploads\/2023\/03\/download.jpeg","caption":"Reda\u00e7\u00e3o"},"url":"https:\/\/jornaltimoneiro.com.br\/index.php\/author\/simone-dutra\/"}]}},"_links":{"self":[{"href":"https:\/\/jornaltimoneiro.com.br\/index.php\/wp-json\/wp\/v2\/posts\/14711"}],"collection":[{"href":"https:\/\/jornaltimoneiro.com.br\/index.php\/wp-json\/wp\/v2\/posts"}],"about":[{"href":"https:\/\/jornaltimoneiro.com.br\/index.php\/wp-json\/wp\/v2\/types\/post"}],"author":[{"embeddable":true,"href":"https:\/\/jornaltimoneiro.com.br\/index.php\/wp-json\/wp\/v2\/users\/2"}],"replies":[{"embeddable":true,"href":"https:\/\/jornaltimoneiro.com.br\/index.php\/wp-json\/wp\/v2\/comments?post=14711"}],"version-history":[{"count":0,"href":"https:\/\/jornaltimoneiro.com.br\/index.php\/wp-json\/wp\/v2\/posts\/14711\/revisions"}],"wp:featuredmedia":[{"embeddable":true,"href":"https:\/\/jornaltimoneiro.com.br\/index.php\/wp-json\/wp\/v2\/media\/14712"}],"wp:attachment":[{"href":"https:\/\/jornaltimoneiro.com.br\/index.php\/wp-json\/wp\/v2\/media?parent=14711"}],"wp:term":[{"taxonomy":"category","embeddable":true,"href":"https:\/\/jornaltimoneiro.com.br\/index.php\/wp-json\/wp\/v2\/categories?post=14711"},{"taxonomy":"post_tag","embeddable":true,"href":"https:\/\/jornaltimoneiro.com.br\/index.php\/wp-json\/wp\/v2\/tags?post=14711"}],"curies":[{"name":"wp","href":"https:\/\/api.w.org\/{rel}","templated":true}]}}