{"id":14705,"date":"2019-10-18T10:48:51","date_gmt":"2019-10-18T13:48:51","guid":{"rendered":"https:\/\/jornaltimoneiro.com.br\/?p=14705"},"modified":"2019-10-18T10:48:51","modified_gmt":"2019-10-18T13:48:51","slug":"leia-a-serie-de-entrevistas-o-que-o-seu-vereador-anda-fazendo-com-o-parlamentar-patricio-psd","status":"publish","type":"post","link":"https:\/\/jornaltimoneiro.com.br\/index.php\/2019\/10\/18\/leia-a-serie-de-entrevistas-o-que-o-seu-vereador-anda-fazendo-com-o-parlamentar-patricio-psd\/","title":{"rendered":"Leia a s\u00e9rie de entrevistas &#8220;O que o seu vereador anda fazendo&#8230;&#8221; com o parlamentar Patricio (PSD)"},"content":{"rendered":"<p><strong>Jornal Timoneiro: O que j\u00e1 realizou durante o seu mandato?<br \/>\nVereador Jos\u00e9 Carlos Patricio:<\/strong> Apresentei v\u00e1rios projetos de lei entre eles o Banco de oportunidades de Canoas, cujo projeto nasceu de uma proposta apresentada por mim, uma ferramenta online para disponibiliza\u00e7\u00e3o de vagas de emprego na nossa cidade. Para os cidad\u00e3os canoenses encontrarem facilmente as empresas que podem ofertar essas vagas.<br \/>\nPara o empres\u00e1rio uma forma f\u00e1cil e r\u00e1pida de buscar o candidato para preencher a vaga na sua empresa. Assim, o Banco de Oportunidades surge como elo entre as duas pontas.<br \/>\nElaborei tamb\u00e9m em Canoas o Projeto de Lei n\u00ba 63\/2019, para implanta\u00e7\u00e3o do Empreendedorismo na Escola, como tema transversal na grade curricular. Tal proposi\u00e7\u00e3o visa que esta ferramenta se torne relevante na mudan\u00e7a de comportamento dos alunos, estimulando a capacidade de cria\u00e7\u00e3o e observa\u00e7\u00e3o dos nossos jovens, fazendo com que os alunos da rede p\u00fablica possam se destacar e superar os desafios futuros, como os altos e baixos do mercado de trabalho.<br \/>\nTamb\u00e9m enfatizo projetos pessoais tais como, o Vereador na Escola, onde inseri na rotina di\u00e1ria do meu gabinete, as Campanhas de Conscientiza\u00e7\u00e3o feitas nas nossas EMEFS e EMEIS do munic\u00edpio, como Nancy Panseira, Theodoro Bogen, Pernambuco, Nelson Paim Terra, V\u00f3 Sara, Nilton Leal, Cirne Lima, etc. Nestas campanhas, temos o objetivo de alertar nossas crian\u00e7as e jovens, sobre acidentes de tr\u00e2nsito, preven\u00e7\u00e3o contra a dengue e alerta sobre o peso excessivo nas mochilas escolares, proposi\u00e7\u00e3o de minha autoria que deu origem \u00e0 Lei n\u00b0 5523\/2010, bem como o cuidado com o meio ambiente.<\/p>\n<p><strong>Timoneiro: Quais as principais demandas dos populares que procuram o seu gabinete?<br \/>\nPatricio:<\/strong> Possu\u00edmos v\u00e1rios canais de comunica\u00e7\u00e3o com o cidad\u00e3o, nossas redes sociais, e o whatssapp dispon\u00edvel 24 horas por dia, canal por onde recebo demandas, como por exemplo: l\u00e2mpadas queimadas, recolhimento de entulhos, sobre sinaliza\u00e7\u00e3o de transito, transporte coletivo, ruas que necessitam de conserto no asfalto, o que muitas vezes \u00e9 decorrente de um buraco aberto para consertar vazamentos de \u00e1gua, o que implica em fazer solicita\u00e7\u00f5es e cobran\u00e7as \u00e0 Corsan, como tamb\u00e9m as demandas da RGE Sul, com demandas como postes de madeira em situa\u00e7\u00e3o de risco. Tanto o conserto do vazamento da \u00e1gua como a situa\u00e7\u00e3o dos postes, ficamos atentos do inicio at\u00e9 o fim da demanda. Prezando pelo respeito e responsabilidade das empresas concession\u00e1rias, como tamb\u00e9m da Prefeitura.<\/p>\n<p><strong>Timoneiro: Das promessas de campanha, o que ainda falta ser realizado?<br \/>\nPatricio:<\/strong> N\u00e3o fiz promessas, trabalho com conhecimento e experi\u00eancia para realizar o que o mandato me permite. Assim fico a vontade para dizer que n\u00e3o prometo o que n\u00e3o posso cumprir e quem me conhece de verdade, sabe que \u00e9 assim.<\/p>\n<p><strong>Timoneiro: Pretende se candidatar na elei\u00e7\u00e3o de 2020?<br \/>\nPatricio:<\/strong> Sim, pretendo para dar continuidade aos projetos que acredito serem de relev\u00e2ncia para a comunidade canoense. Porque permitiram encurtar o caminho na busca de solu\u00e7\u00f5es para problemas que est\u00e3o pr\u00f3ximos ao que eu posso resolver, ou o que eu possa dar um bom encaminhamento, sempre respaldado pela lei que confere a mim esta prerrogativa. Quanto aos projetos de conscientiza\u00e7\u00e3o, que s\u00e3o projetos educativos na verdade, tenho levado para frente das escolas as informa\u00e7\u00f5es que todo o cidad\u00e3o precisa e merece ter pr\u00f3ximo de si, \u00e9 naquele momento que podemos olhar olho no olho, e trocar id\u00e9ias com o cidad\u00e3o, como tamb\u00e9m com toda a comunidade escolar, e ouvi-los principalmente. <\/p>\n","protected":false},"excerpt":{"rendered":"<p>Jornal Timoneiro: O que j\u00e1 realizou durante o seu mandato? Vereador Jos\u00e9 Carlos Patricio: Apresentei v\u00e1rios projetos de lei entre eles o Banco de oportunidades de Canoas, cujo projeto nasceu de uma proposta apresentada por mim, uma ferramenta online para disponibiliza\u00e7\u00e3o de vagas de emprego na nossa cidade. Para os cidad\u00e3os canoenses encontrarem facilmente as [&hellip;]<\/p>\n","protected":false},"author":2,"featured_media":14706,"comment_status":"closed","ping_status":"closed","sticky":false,"template":"","format":"standard","meta":{"amp_status":"","footnotes":""},"categories":[20],"tags":[],"class_list":["post-14705","post","type-post","status-publish","format-standard","has-post-thumbnail","hentry","category-politica-noticias"],"yoast_head":"<!-- This site is optimized with the Yoast SEO plugin v20.5 - https:\/\/yoast.com\/wordpress\/plugins\/seo\/ -->\n<title>Leia a s\u00e9rie de entrevistas &quot;O que o seu vereador anda fazendo...&quot; com o parlamentar Patricio (PSD) - O Timoneiro Jornal Canoas RS<\/title>\n<meta name=\"robots\" content=\"index, follow, max-snippet:-1, max-image-preview:large, max-video-preview:-1\" \/>\n<link rel=\"canonical\" href=\"https:\/\/jornaltimoneiro.com.br\/index.php\/2019\/10\/18\/leia-a-serie-de-entrevistas-o-que-o-seu-vereador-anda-fazendo-com-o-parlamentar-patricio-psd\/\" \/>\n<meta property=\"og:locale\" content=\"pt_BR\" \/>\n<meta property=\"og:type\" content=\"article\" \/>\n<meta property=\"og:title\" content=\"Leia a s\u00e9rie de entrevistas &quot;O que o seu vereador anda fazendo...&quot; com o parlamentar Patricio (PSD) - O Timoneiro Jornal Canoas RS\" \/>\n<meta property=\"og:description\" content=\"Jornal Timoneiro: O que j\u00e1 realizou durante o seu mandato? Vereador Jos\u00e9 Carlos Patricio: Apresentei v\u00e1rios projetos de lei entre eles o Banco de oportunidades de Canoas, cujo projeto nasceu de uma proposta apresentada por mim, uma ferramenta online para disponibiliza\u00e7\u00e3o de vagas de emprego na nossa cidade. Para os cidad\u00e3os canoenses encontrarem facilmente as [&hellip;]\" \/>\n<meta property=\"og:url\" content=\"https:\/\/jornaltimoneiro.com.br\/index.php\/2019\/10\/18\/leia-a-serie-de-entrevistas-o-que-o-seu-vereador-anda-fazendo-com-o-parlamentar-patricio-psd\/\" \/>\n<meta property=\"og:site_name\" content=\"O Timoneiro Jornal Canoas RS\" \/>\n<meta property=\"article:publisher\" content=\"https:\/\/www.facebook.com\/jornaltimoneiro\" \/>\n<meta property=\"article:published_time\" content=\"2019-10-18T13:48:51+00:00\" \/>\n<meta property=\"og:image\" content=\"https:\/\/jornaltimoneiro.com.br\/wp-content\/uploads\/2019\/10\/53264626_10211877654571351_4700605860227842048_n.jpg\" \/>\n\t<meta property=\"og:image:width\" content=\"720\" \/>\n\t<meta property=\"og:image:height\" content=\"720\" \/>\n\t<meta property=\"og:image:type\" content=\"image\/jpeg\" \/>\n<meta name=\"author\" content=\"Reda\u00e7\u00e3o\" \/>\n<meta name=\"twitter:card\" content=\"summary_large_image\" \/>\n<meta name=\"twitter:creator\" content=\"@_OTimoneiro\" \/>\n<meta name=\"twitter:site\" content=\"@_OTimoneiro\" \/>\n<meta name=\"twitter:label1\" content=\"Escrito por\" \/>\n\t<meta name=\"twitter:data1\" content=\"Reda\u00e7\u00e3o\" \/>\n\t<meta name=\"twitter:label2\" content=\"Est. tempo de leitura\" \/>\n\t<meta name=\"twitter:data2\" content=\"3 minutos\" \/>\n<script type=\"application\/ld+json\" class=\"yoast-schema-graph\">{\"@context\":\"https:\/\/schema.org\",\"@graph\":[{\"@type\":\"Article\",\"@id\":\"https:\/\/jornaltimoneiro.com.br\/index.php\/2019\/10\/18\/leia-a-serie-de-entrevistas-o-que-o-seu-vereador-anda-fazendo-com-o-parlamentar-patricio-psd\/#article\",\"isPartOf\":{\"@id\":\"https:\/\/jornaltimoneiro.com.br\/index.php\/2019\/10\/18\/leia-a-serie-de-entrevistas-o-que-o-seu-vereador-anda-fazendo-com-o-parlamentar-patricio-psd\/\"},\"author\":{\"name\":\"Reda\u00e7\u00e3o\",\"@id\":\"https:\/\/jornaltimoneiro.com.br\/#\/schema\/person\/f63482f1a02b1a9592707865e509ab40\"},\"headline\":\"Leia a s\u00e9rie de entrevistas &#8220;O que o seu vereador anda fazendo&#8230;&#8221; com o parlamentar Patricio (PSD)\",\"datePublished\":\"2019-10-18T13:48:51+00:00\",\"dateModified\":\"2019-10-18T13:48:51+00:00\",\"mainEntityOfPage\":{\"@id\":\"https:\/\/jornaltimoneiro.com.br\/index.php\/2019\/10\/18\/leia-a-serie-de-entrevistas-o-que-o-seu-vereador-anda-fazendo-com-o-parlamentar-patricio-psd\/\"},\"wordCount\":621,\"publisher\":{\"@id\":\"https:\/\/jornaltimoneiro.com.br\/#organization\"},\"articleSection\":[\"Pol\u00edtica\"],\"inLanguage\":\"pt-BR\"},{\"@type\":\"WebPage\",\"@id\":\"https:\/\/jornaltimoneiro.com.br\/index.php\/2019\/10\/18\/leia-a-serie-de-entrevistas-o-que-o-seu-vereador-anda-fazendo-com-o-parlamentar-patricio-psd\/\",\"url\":\"https:\/\/jornaltimoneiro.com.br\/index.php\/2019\/10\/18\/leia-a-serie-de-entrevistas-o-que-o-seu-vereador-anda-fazendo-com-o-parlamentar-patricio-psd\/\",\"name\":\"Leia a s\u00e9rie de entrevistas \\\"O que o seu vereador anda fazendo...\\\" com o parlamentar Patricio (PSD) - O Timoneiro Jornal Canoas RS\",\"isPartOf\":{\"@id\":\"https:\/\/jornaltimoneiro.com.br\/#website\"},\"datePublished\":\"2019-10-18T13:48:51+00:00\",\"dateModified\":\"2019-10-18T13:48:51+00:00\",\"breadcrumb\":{\"@id\":\"https:\/\/jornaltimoneiro.com.br\/index.php\/2019\/10\/18\/leia-a-serie-de-entrevistas-o-que-o-seu-vereador-anda-fazendo-com-o-parlamentar-patricio-psd\/#breadcrumb\"},\"inLanguage\":\"pt-BR\",\"potentialAction\":[{\"@type\":\"ReadAction\",\"target\":[\"https:\/\/jornaltimoneiro.com.br\/index.php\/2019\/10\/18\/leia-a-serie-de-entrevistas-o-que-o-seu-vereador-anda-fazendo-com-o-parlamentar-patricio-psd\/\"]}]},{\"@type\":\"BreadcrumbList\",\"@id\":\"https:\/\/jornaltimoneiro.com.br\/index.php\/2019\/10\/18\/leia-a-serie-de-entrevistas-o-que-o-seu-vereador-anda-fazendo-com-o-parlamentar-patricio-psd\/#breadcrumb\",\"itemListElement\":[{\"@type\":\"ListItem\",\"position\":1,\"name\":\"In\u00edcio\",\"item\":\"https:\/\/jornaltimoneiro.com.br\/\"},{\"@type\":\"ListItem\",\"position\":2,\"name\":\"Leia a s\u00e9rie de entrevistas &#8220;O que o seu vereador anda fazendo&#8230;&#8221; com o parlamentar Patricio (PSD)\"}]},{\"@type\":\"WebSite\",\"@id\":\"https:\/\/jornaltimoneiro.com.br\/#website\",\"url\":\"https:\/\/jornaltimoneiro.com.br\/\",\"name\":\"Jornal Timoneiro Canoas RS\",\"description\":\"Jornal O Timoneiro, o verdadeiro jornal de Canoas\",\"publisher\":{\"@id\":\"https:\/\/jornaltimoneiro.com.br\/#organization\"},\"potentialAction\":[{\"@type\":\"SearchAction\",\"target\":{\"@type\":\"EntryPoint\",\"urlTemplate\":\"https:\/\/jornaltimoneiro.com.br\/?s={search_term_string}\"},\"query-input\":\"required name=search_term_string\"}],\"inLanguage\":\"pt-BR\"},{\"@type\":\"Organization\",\"@id\":\"https:\/\/jornaltimoneiro.com.br\/#organization\",\"name\":\"Jornal Timoneiro Canoas RS\",\"url\":\"https:\/\/jornaltimoneiro.com.br\/\",\"logo\":{\"@type\":\"ImageObject\",\"inLanguage\":\"pt-BR\",\"@id\":\"https:\/\/jornaltimoneiro.com.br\/#\/schema\/logo\/image\/\",\"url\":\"https:\/\/jornaltimoneiro.com.br\/wp-content\/uploads\/2023\/03\/logonovo.png\",\"contentUrl\":\"https:\/\/jornaltimoneiro.com.br\/wp-content\/uploads\/2023\/03\/logonovo.png\",\"width\":\"469\",\"height\":\"171\",\"caption\":\"Jornal Timoneiro Canoas RS\"},\"image\":{\"@id\":\"https:\/\/jornaltimoneiro.com.br\/#\/schema\/logo\/image\/\"},\"sameAs\":[\"https:\/\/www.facebook.com\/jornaltimoneiro\",\"https:\/\/twitter.com\/_OTimoneiro\",\"https:\/\/www.instagram.com\/jornaltimoneirocanoas\/\",\"https:\/\/www.youtube.com\/@jornalotimoneiro7927\"]},{\"@type\":\"Person\",\"@id\":\"https:\/\/jornaltimoneiro.com.br\/#\/schema\/person\/f63482f1a02b1a9592707865e509ab40\",\"name\":\"Reda\u00e7\u00e3o\",\"image\":{\"@type\":\"ImageObject\",\"inLanguage\":\"pt-BR\",\"@id\":\"https:\/\/jornaltimoneiro.com.br\/#\/schema\/person\/image\/\",\"url\":\"https:\/\/jornaltimoneiro.com.br\/wp-content\/uploads\/2023\/03\/download.jpeg\",\"contentUrl\":\"https:\/\/jornaltimoneiro.com.br\/wp-content\/uploads\/2023\/03\/download.jpeg\",\"caption\":\"Reda\u00e7\u00e3o\"},\"url\":\"https:\/\/jornaltimoneiro.com.br\/index.php\/author\/simone-dutra\/\"}]}<\/script>\n<!-- \/ Yoast SEO plugin. -->","yoast_head_json":{"title":"Leia a s\u00e9rie de entrevistas \"O que o seu vereador anda fazendo...\" com o parlamentar Patricio (PSD) - O Timoneiro Jornal Canoas RS","robots":{"index":"index","follow":"follow","max-snippet":"max-snippet:-1","max-image-preview":"max-image-preview:large","max-video-preview":"max-video-preview:-1"},"canonical":"https:\/\/jornaltimoneiro.com.br\/index.php\/2019\/10\/18\/leia-a-serie-de-entrevistas-o-que-o-seu-vereador-anda-fazendo-com-o-parlamentar-patricio-psd\/","og_locale":"pt_BR","og_type":"article","og_title":"Leia a s\u00e9rie de entrevistas \"O que o seu vereador anda fazendo...\" com o parlamentar Patricio (PSD) - O Timoneiro Jornal Canoas RS","og_description":"Jornal Timoneiro: O que j\u00e1 realizou durante o seu mandato? Vereador Jos\u00e9 Carlos Patricio: Apresentei v\u00e1rios projetos de lei entre eles o Banco de oportunidades de Canoas, cujo projeto nasceu de uma proposta apresentada por mim, uma ferramenta online para disponibiliza\u00e7\u00e3o de vagas de emprego na nossa cidade. Para os cidad\u00e3os canoenses encontrarem facilmente as [&hellip;]","og_url":"https:\/\/jornaltimoneiro.com.br\/index.php\/2019\/10\/18\/leia-a-serie-de-entrevistas-o-que-o-seu-vereador-anda-fazendo-com-o-parlamentar-patricio-psd\/","og_site_name":"O Timoneiro Jornal Canoas RS","article_publisher":"https:\/\/www.facebook.com\/jornaltimoneiro","article_published_time":"2019-10-18T13:48:51+00:00","og_image":[{"width":720,"height":720,"url":"https:\/\/jornaltimoneiro.com.br\/wp-content\/uploads\/2019\/10\/53264626_10211877654571351_4700605860227842048_n.jpg","type":"image\/jpeg"}],"author":"Reda\u00e7\u00e3o","twitter_card":"summary_large_image","twitter_creator":"@_OTimoneiro","twitter_site":"@_OTimoneiro","twitter_misc":{"Escrito por":"Reda\u00e7\u00e3o","Est. tempo de leitura":"3 minutos"},"schema":{"@context":"https:\/\/schema.org","@graph":[{"@type":"Article","@id":"https:\/\/jornaltimoneiro.com.br\/index.php\/2019\/10\/18\/leia-a-serie-de-entrevistas-o-que-o-seu-vereador-anda-fazendo-com-o-parlamentar-patricio-psd\/#article","isPartOf":{"@id":"https:\/\/jornaltimoneiro.com.br\/index.php\/2019\/10\/18\/leia-a-serie-de-entrevistas-o-que-o-seu-vereador-anda-fazendo-com-o-parlamentar-patricio-psd\/"},"author":{"name":"Reda\u00e7\u00e3o","@id":"https:\/\/jornaltimoneiro.com.br\/#\/schema\/person\/f63482f1a02b1a9592707865e509ab40"},"headline":"Leia a s\u00e9rie de entrevistas &#8220;O que o seu vereador anda fazendo&#8230;&#8221; com o parlamentar Patricio (PSD)","datePublished":"2019-10-18T13:48:51+00:00","dateModified":"2019-10-18T13:48:51+00:00","mainEntityOfPage":{"@id":"https:\/\/jornaltimoneiro.com.br\/index.php\/2019\/10\/18\/leia-a-serie-de-entrevistas-o-que-o-seu-vereador-anda-fazendo-com-o-parlamentar-patricio-psd\/"},"wordCount":621,"publisher":{"@id":"https:\/\/jornaltimoneiro.com.br\/#organization"},"articleSection":["Pol\u00edtica"],"inLanguage":"pt-BR"},{"@type":"WebPage","@id":"https:\/\/jornaltimoneiro.com.br\/index.php\/2019\/10\/18\/leia-a-serie-de-entrevistas-o-que-o-seu-vereador-anda-fazendo-com-o-parlamentar-patricio-psd\/","url":"https:\/\/jornaltimoneiro.com.br\/index.php\/2019\/10\/18\/leia-a-serie-de-entrevistas-o-que-o-seu-vereador-anda-fazendo-com-o-parlamentar-patricio-psd\/","name":"Leia a s\u00e9rie de entrevistas \"O que o seu vereador anda fazendo...\" com o parlamentar Patricio (PSD) - O Timoneiro Jornal Canoas RS","isPartOf":{"@id":"https:\/\/jornaltimoneiro.com.br\/#website"},"datePublished":"2019-10-18T13:48:51+00:00","dateModified":"2019-10-18T13:48:51+00:00","breadcrumb":{"@id":"https:\/\/jornaltimoneiro.com.br\/index.php\/2019\/10\/18\/leia-a-serie-de-entrevistas-o-que-o-seu-vereador-anda-fazendo-com-o-parlamentar-patricio-psd\/#breadcrumb"},"inLanguage":"pt-BR","potentialAction":[{"@type":"ReadAction","target":["https:\/\/jornaltimoneiro.com.br\/index.php\/2019\/10\/18\/leia-a-serie-de-entrevistas-o-que-o-seu-vereador-anda-fazendo-com-o-parlamentar-patricio-psd\/"]}]},{"@type":"BreadcrumbList","@id":"https:\/\/jornaltimoneiro.com.br\/index.php\/2019\/10\/18\/leia-a-serie-de-entrevistas-o-que-o-seu-vereador-anda-fazendo-com-o-parlamentar-patricio-psd\/#breadcrumb","itemListElement":[{"@type":"ListItem","position":1,"name":"In\u00edcio","item":"https:\/\/jornaltimoneiro.com.br\/"},{"@type":"ListItem","position":2,"name":"Leia a s\u00e9rie de entrevistas &#8220;O que o seu vereador anda fazendo&#8230;&#8221; com o parlamentar Patricio (PSD)"}]},{"@type":"WebSite","@id":"https:\/\/jornaltimoneiro.com.br\/#website","url":"https:\/\/jornaltimoneiro.com.br\/","name":"Jornal Timoneiro Canoas RS","description":"Jornal O Timoneiro, o verdadeiro jornal de Canoas","publisher":{"@id":"https:\/\/jornaltimoneiro.com.br\/#organization"},"potentialAction":[{"@type":"SearchAction","target":{"@type":"EntryPoint","urlTemplate":"https:\/\/jornaltimoneiro.com.br\/?s={search_term_string}"},"query-input":"required name=search_term_string"}],"inLanguage":"pt-BR"},{"@type":"Organization","@id":"https:\/\/jornaltimoneiro.com.br\/#organization","name":"Jornal Timoneiro Canoas RS","url":"https:\/\/jornaltimoneiro.com.br\/","logo":{"@type":"ImageObject","inLanguage":"pt-BR","@id":"https:\/\/jornaltimoneiro.com.br\/#\/schema\/logo\/image\/","url":"https:\/\/jornaltimoneiro.com.br\/wp-content\/uploads\/2023\/03\/logonovo.png","contentUrl":"https:\/\/jornaltimoneiro.com.br\/wp-content\/uploads\/2023\/03\/logonovo.png","width":"469","height":"171","caption":"Jornal Timoneiro Canoas RS"},"image":{"@id":"https:\/\/jornaltimoneiro.com.br\/#\/schema\/logo\/image\/"},"sameAs":["https:\/\/www.facebook.com\/jornaltimoneiro","https:\/\/twitter.com\/_OTimoneiro","https:\/\/www.instagram.com\/jornaltimoneirocanoas\/","https:\/\/www.youtube.com\/@jornalotimoneiro7927"]},{"@type":"Person","@id":"https:\/\/jornaltimoneiro.com.br\/#\/schema\/person\/f63482f1a02b1a9592707865e509ab40","name":"Reda\u00e7\u00e3o","image":{"@type":"ImageObject","inLanguage":"pt-BR","@id":"https:\/\/jornaltimoneiro.com.br\/#\/schema\/person\/image\/","url":"https:\/\/jornaltimoneiro.com.br\/wp-content\/uploads\/2023\/03\/download.jpeg","contentUrl":"https:\/\/jornaltimoneiro.com.br\/wp-content\/uploads\/2023\/03\/download.jpeg","caption":"Reda\u00e7\u00e3o"},"url":"https:\/\/jornaltimoneiro.com.br\/index.php\/author\/simone-dutra\/"}]}},"_links":{"self":[{"href":"https:\/\/jornaltimoneiro.com.br\/index.php\/wp-json\/wp\/v2\/posts\/14705"}],"collection":[{"href":"https:\/\/jornaltimoneiro.com.br\/index.php\/wp-json\/wp\/v2\/posts"}],"about":[{"href":"https:\/\/jornaltimoneiro.com.br\/index.php\/wp-json\/wp\/v2\/types\/post"}],"author":[{"embeddable":true,"href":"https:\/\/jornaltimoneiro.com.br\/index.php\/wp-json\/wp\/v2\/users\/2"}],"replies":[{"embeddable":true,"href":"https:\/\/jornaltimoneiro.com.br\/index.php\/wp-json\/wp\/v2\/comments?post=14705"}],"version-history":[{"count":0,"href":"https:\/\/jornaltimoneiro.com.br\/index.php\/wp-json\/wp\/v2\/posts\/14705\/revisions"}],"wp:featuredmedia":[{"embeddable":true,"href":"https:\/\/jornaltimoneiro.com.br\/index.php\/wp-json\/wp\/v2\/media\/14706"}],"wp:attachment":[{"href":"https:\/\/jornaltimoneiro.com.br\/index.php\/wp-json\/wp\/v2\/media?parent=14705"}],"wp:term":[{"taxonomy":"category","embeddable":true,"href":"https:\/\/jornaltimoneiro.com.br\/index.php\/wp-json\/wp\/v2\/categories?post=14705"},{"taxonomy":"post_tag","embeddable":true,"href":"https:\/\/jornaltimoneiro.com.br\/index.php\/wp-json\/wp\/v2\/tags?post=14705"}],"curies":[{"name":"wp","href":"https:\/\/api.w.org\/{rel}","templated":true}]}}