{"id":14667,"date":"2019-10-11T10:22:42","date_gmt":"2019-10-11T13:22:42","guid":{"rendered":"https:\/\/jornaltimoneiro.com.br\/?p=14667"},"modified":"2019-10-22T15:25:07","modified_gmt":"2019-10-22T17:25:07","slug":"14-edicao-do-baile-de-debutantes-comunitario-e-realizada-em-canoas","status":"publish","type":"post","link":"https:\/\/jornaltimoneiro.com.br\/index.php\/2019\/10\/11\/14-edicao-do-baile-de-debutantes-comunitario-e-realizada-em-canoas\/","title":{"rendered":"14\u00b0 edi\u00e7\u00e3o do Baile de Debutantes Comunit\u00e1rio \u00e9 realizada em Canoas"},"content":{"rendered":"<p>Graziele Albuquerque<\/p>\n<p>Uma noite que tocou o cora\u00e7\u00e3o e emocionou as mais de 350 pessoas que estiveram presentes na sede da Liga Canoense de Futebol, onde aconteceu a 14\u00b0 edi\u00e7\u00e3o da Noite dos Sonhos, promovida pela Rede N\u00f3s Volunt\u00e1rios. Desde 2005, o Baile de Debutantes Comunit\u00e1rio tem como principal objetivo proporcionar uma \u201cnoite dos sonhos\u201d \u00e0s adolescentes de organiza\u00e7\u00f5es sociais que comp\u00f5em a Rede. Neste ano foram 12 meninas, de seis entidades diferentes, que puderam viver este dia m\u00e1gico.<br \/>\nO projeto come\u00e7ou em mar\u00e7o, e os parceiros e volunt\u00e1rios ofereceram palestras educativas, oficinas, passeios e transportes para todos os eventos, inclusive para o baile. As debutantes tiveram um dia de princesas, e receberam vestido, sapato, anel, maquiagem, cabeleireiro e manicure para estarem radiantes durante a festa.  <\/p>\n<p>Diversas empresas, profissionais e volunt\u00e1rios colaboraram para a realiza\u00e7\u00e3o do projeto. Uns dos volunt\u00e1rios, o vereador Gilson Oliveira (PP) falou que h\u00e1 mais de seis anos participa do projeto com palestras sobre conscientiza\u00e7\u00e3o contra as drogas. \u201c\u00c9 uma quest\u00e3o social que tenho honra de participar. \u00c9 o sonho de toda a menina debutar e a Parceiros, juntamente com os apoiadores, realiza essa noite linda. Acredito que, para n\u00f3s, compartilhar destes momentos como ser humano \u00e9 gratificante, e dentro de uma forma m\u00ednima contribuir para a alegria dos nossos semelhantes\u201d, concluiu o parlamentar. Al\u00e9m dos diversos apoiadores e lojas que ajudaram a vestir e a produzir das meninas, foram entregues presentes diversos antes e tamb\u00e9m no dia da festa, a exemplo do grupo \u201cSomos a Diferen\u00e7a\u201d, que atrav\u00e9s de Semara Vidal e mais 30 volunt\u00e1rios, doaram presentes para as debutantes durante a festa.<br \/>\nAs adolescentes foram apresentadas ao p\u00fablico, em um momento m\u00e1gico que levou os presentes e elas mesmas \u00e0s l\u00e1grimas. \u201cN\u00e3o teve como eu n\u00e3o chorar, eu fiquei nervosa, e quando desci do palco vi a minha fam\u00edlia e n\u00e3o me segurei. Fazia anos que eu n\u00e3o via minha irm\u00e3, n\u00e3o esperava que eles viessem \u00e0 festa\u201d, concluiu umas das 12 meninas. <\/p>\n<p><img decoding=\"async\" src=\"https:\/\/jornaltimoneiro.com.br\/wp-content\/uploads\/2019\/10\/DSC0311.jpg\" alt=\"\" width=\"4496\" height=\"3000\" class=\"alignnone size-full wp-image-14668\" srcset=\"https:\/\/jornaltimoneiro.com.br\/wp-content\/uploads\/2019\/10\/DSC0311.jpg 4496w, https:\/\/jornaltimoneiro.com.br\/wp-content\/uploads\/2019\/10\/DSC0311-300x200.jpg 300w, https:\/\/jornaltimoneiro.com.br\/wp-content\/uploads\/2019\/10\/DSC0311-768x512.jpg 768w, https:\/\/jornaltimoneiro.com.br\/wp-content\/uploads\/2019\/10\/DSC0311-1024x683.jpg 1024w, https:\/\/jornaltimoneiro.com.br\/wp-content\/uploads\/2019\/10\/DSC0311-696x464.jpg 696w, https:\/\/jornaltimoneiro.com.br\/wp-content\/uploads\/2019\/10\/DSC0311-1068x713.jpg 1068w, https:\/\/jornaltimoneiro.com.br\/wp-content\/uploads\/2019\/10\/DSC0311-629x420.jpg 629w, https:\/\/jornaltimoneiro.com.br\/wp-content\/uploads\/2019\/10\/DSC0311-1920x1281.jpg 1920w\" sizes=\"(max-width: 4496px) 100vw, 4496px\" \/><\/p>\n","protected":false},"excerpt":{"rendered":"<p>Graziele Albuquerque Uma noite que tocou o cora\u00e7\u00e3o e emocionou as mais de 350 pessoas que estiveram presentes na sede da Liga Canoense de Futebol, onde aconteceu a 14\u00b0 edi\u00e7\u00e3o da Noite dos Sonhos, promovida pela Rede N\u00f3s Volunt\u00e1rios. Desde 2005, o Baile de Debutantes Comunit\u00e1rio tem como principal objetivo proporcionar uma \u201cnoite dos sonhos\u201d [&hellip;]<\/p>\n","protected":false},"author":2,"featured_media":14669,"comment_status":"closed","ping_status":"closed","sticky":false,"template":"","format":"standard","meta":{"amp_status":"","footnotes":""},"categories":[23],"tags":[],"class_list":["post-14667","post","type-post","status-publish","format-standard","has-post-thumbnail","hentry","category-geral"],"yoast_head":"<!-- This site is optimized with the Yoast SEO plugin v20.5 - https:\/\/yoast.com\/wordpress\/plugins\/seo\/ -->\n<title>14\u00b0 edi\u00e7\u00e3o do Baile de Debutantes Comunit\u00e1rio \u00e9 realizada em Canoas - O Timoneiro Jornal Canoas RS<\/title>\n<meta name=\"robots\" content=\"index, follow, max-snippet:-1, max-image-preview:large, max-video-preview:-1\" \/>\n<link rel=\"canonical\" href=\"https:\/\/jornaltimoneiro.com.br\/index.php\/2019\/10\/11\/14-edicao-do-baile-de-debutantes-comunitario-e-realizada-em-canoas\/\" \/>\n<meta property=\"og:locale\" content=\"pt_BR\" \/>\n<meta property=\"og:type\" content=\"article\" \/>\n<meta property=\"og:title\" content=\"14\u00b0 edi\u00e7\u00e3o do Baile de Debutantes Comunit\u00e1rio \u00e9 realizada em Canoas - O Timoneiro Jornal Canoas RS\" \/>\n<meta property=\"og:description\" content=\"Graziele Albuquerque Uma noite que tocou o cora\u00e7\u00e3o e emocionou as mais de 350 pessoas que estiveram presentes na sede da Liga Canoense de Futebol, onde aconteceu a 14\u00b0 edi\u00e7\u00e3o da Noite dos Sonhos, promovida pela Rede N\u00f3s Volunt\u00e1rios. Desde 2005, o Baile de Debutantes Comunit\u00e1rio tem como principal objetivo proporcionar uma \u201cnoite dos sonhos\u201d [&hellip;]\" \/>\n<meta property=\"og:url\" content=\"https:\/\/jornaltimoneiro.com.br\/index.php\/2019\/10\/11\/14-edicao-do-baile-de-debutantes-comunitario-e-realizada-em-canoas\/\" \/>\n<meta property=\"og:site_name\" content=\"O Timoneiro Jornal Canoas RS\" \/>\n<meta property=\"article:publisher\" content=\"https:\/\/www.facebook.com\/jornaltimoneiro\" \/>\n<meta property=\"article:published_time\" content=\"2019-10-11T13:22:42+00:00\" \/>\n<meta property=\"article:modified_time\" content=\"2019-10-22T17:25:07+00:00\" \/>\n<meta property=\"og:image\" content=\"https:\/\/jornaltimoneiro.com.br\/wp-content\/uploads\/2019\/10\/WhatsApp-Image-2019-10-07-at-11.10.45-AM-1.jpeg\" \/>\n\t<meta property=\"og:image:width\" content=\"1280\" \/>\n\t<meta property=\"og:image:height\" content=\"707\" \/>\n\t<meta property=\"og:image:type\" content=\"image\/jpeg\" \/>\n<meta name=\"author\" content=\"Reda\u00e7\u00e3o\" \/>\n<meta name=\"twitter:card\" content=\"summary_large_image\" \/>\n<meta name=\"twitter:creator\" content=\"@_OTimoneiro\" \/>\n<meta name=\"twitter:site\" content=\"@_OTimoneiro\" \/>\n<meta name=\"twitter:label1\" content=\"Escrito por\" \/>\n\t<meta name=\"twitter:data1\" content=\"Reda\u00e7\u00e3o\" \/>\n\t<meta name=\"twitter:label2\" content=\"Est. tempo de leitura\" \/>\n\t<meta name=\"twitter:data2\" content=\"2 minutos\" \/>\n<script type=\"application\/ld+json\" class=\"yoast-schema-graph\">{\"@context\":\"https:\/\/schema.org\",\"@graph\":[{\"@type\":\"Article\",\"@id\":\"https:\/\/jornaltimoneiro.com.br\/index.php\/2019\/10\/11\/14-edicao-do-baile-de-debutantes-comunitario-e-realizada-em-canoas\/#article\",\"isPartOf\":{\"@id\":\"https:\/\/jornaltimoneiro.com.br\/index.php\/2019\/10\/11\/14-edicao-do-baile-de-debutantes-comunitario-e-realizada-em-canoas\/\"},\"author\":{\"name\":\"Reda\u00e7\u00e3o\",\"@id\":\"https:\/\/jornaltimoneiro.com.br\/#\/schema\/person\/f63482f1a02b1a9592707865e509ab40\"},\"headline\":\"14\u00b0 edi\u00e7\u00e3o do Baile de Debutantes Comunit\u00e1rio \u00e9 realizada em Canoas\",\"datePublished\":\"2019-10-11T13:22:42+00:00\",\"dateModified\":\"2019-10-22T17:25:07+00:00\",\"mainEntityOfPage\":{\"@id\":\"https:\/\/jornaltimoneiro.com.br\/index.php\/2019\/10\/11\/14-edicao-do-baile-de-debutantes-comunitario-e-realizada-em-canoas\/\"},\"wordCount\":362,\"publisher\":{\"@id\":\"https:\/\/jornaltimoneiro.com.br\/#organization\"},\"articleSection\":[\"Geral\"],\"inLanguage\":\"pt-BR\"},{\"@type\":\"WebPage\",\"@id\":\"https:\/\/jornaltimoneiro.com.br\/index.php\/2019\/10\/11\/14-edicao-do-baile-de-debutantes-comunitario-e-realizada-em-canoas\/\",\"url\":\"https:\/\/jornaltimoneiro.com.br\/index.php\/2019\/10\/11\/14-edicao-do-baile-de-debutantes-comunitario-e-realizada-em-canoas\/\",\"name\":\"14\u00b0 edi\u00e7\u00e3o do Baile de Debutantes Comunit\u00e1rio \u00e9 realizada em Canoas - O Timoneiro Jornal Canoas RS\",\"isPartOf\":{\"@id\":\"https:\/\/jornaltimoneiro.com.br\/#website\"},\"datePublished\":\"2019-10-11T13:22:42+00:00\",\"dateModified\":\"2019-10-22T17:25:07+00:00\",\"breadcrumb\":{\"@id\":\"https:\/\/jornaltimoneiro.com.br\/index.php\/2019\/10\/11\/14-edicao-do-baile-de-debutantes-comunitario-e-realizada-em-canoas\/#breadcrumb\"},\"inLanguage\":\"pt-BR\",\"potentialAction\":[{\"@type\":\"ReadAction\",\"target\":[\"https:\/\/jornaltimoneiro.com.br\/index.php\/2019\/10\/11\/14-edicao-do-baile-de-debutantes-comunitario-e-realizada-em-canoas\/\"]}]},{\"@type\":\"BreadcrumbList\",\"@id\":\"https:\/\/jornaltimoneiro.com.br\/index.php\/2019\/10\/11\/14-edicao-do-baile-de-debutantes-comunitario-e-realizada-em-canoas\/#breadcrumb\",\"itemListElement\":[{\"@type\":\"ListItem\",\"position\":1,\"name\":\"In\u00edcio\",\"item\":\"https:\/\/jornaltimoneiro.com.br\/\"},{\"@type\":\"ListItem\",\"position\":2,\"name\":\"14\u00b0 edi\u00e7\u00e3o do Baile de Debutantes Comunit\u00e1rio \u00e9 realizada em Canoas\"}]},{\"@type\":\"WebSite\",\"@id\":\"https:\/\/jornaltimoneiro.com.br\/#website\",\"url\":\"https:\/\/jornaltimoneiro.com.br\/\",\"name\":\"Jornal Timoneiro Canoas RS\",\"description\":\"Jornal O Timoneiro, o verdadeiro jornal de Canoas\",\"publisher\":{\"@id\":\"https:\/\/jornaltimoneiro.com.br\/#organization\"},\"potentialAction\":[{\"@type\":\"SearchAction\",\"target\":{\"@type\":\"EntryPoint\",\"urlTemplate\":\"https:\/\/jornaltimoneiro.com.br\/?s={search_term_string}\"},\"query-input\":\"required name=search_term_string\"}],\"inLanguage\":\"pt-BR\"},{\"@type\":\"Organization\",\"@id\":\"https:\/\/jornaltimoneiro.com.br\/#organization\",\"name\":\"Jornal Timoneiro Canoas RS\",\"url\":\"https:\/\/jornaltimoneiro.com.br\/\",\"logo\":{\"@type\":\"ImageObject\",\"inLanguage\":\"pt-BR\",\"@id\":\"https:\/\/jornaltimoneiro.com.br\/#\/schema\/logo\/image\/\",\"url\":\"https:\/\/jornaltimoneiro.com.br\/wp-content\/uploads\/2023\/03\/logonovo.png\",\"contentUrl\":\"https:\/\/jornaltimoneiro.com.br\/wp-content\/uploads\/2023\/03\/logonovo.png\",\"width\":\"469\",\"height\":\"171\",\"caption\":\"Jornal Timoneiro Canoas RS\"},\"image\":{\"@id\":\"https:\/\/jornaltimoneiro.com.br\/#\/schema\/logo\/image\/\"},\"sameAs\":[\"https:\/\/www.facebook.com\/jornaltimoneiro\",\"https:\/\/twitter.com\/_OTimoneiro\",\"https:\/\/www.instagram.com\/jornaltimoneirocanoas\/\",\"https:\/\/www.youtube.com\/@jornalotimoneiro7927\"]},{\"@type\":\"Person\",\"@id\":\"https:\/\/jornaltimoneiro.com.br\/#\/schema\/person\/f63482f1a02b1a9592707865e509ab40\",\"name\":\"Reda\u00e7\u00e3o\",\"image\":{\"@type\":\"ImageObject\",\"inLanguage\":\"pt-BR\",\"@id\":\"https:\/\/jornaltimoneiro.com.br\/#\/schema\/person\/image\/\",\"url\":\"https:\/\/jornaltimoneiro.com.br\/wp-content\/uploads\/2023\/03\/download.jpeg\",\"contentUrl\":\"https:\/\/jornaltimoneiro.com.br\/wp-content\/uploads\/2023\/03\/download.jpeg\",\"caption\":\"Reda\u00e7\u00e3o\"},\"url\":\"https:\/\/jornaltimoneiro.com.br\/index.php\/author\/simone-dutra\/\"}]}<\/script>\n<!-- \/ Yoast SEO plugin. -->","yoast_head_json":{"title":"14\u00b0 edi\u00e7\u00e3o do Baile de Debutantes Comunit\u00e1rio \u00e9 realizada em Canoas - O Timoneiro Jornal Canoas RS","robots":{"index":"index","follow":"follow","max-snippet":"max-snippet:-1","max-image-preview":"max-image-preview:large","max-video-preview":"max-video-preview:-1"},"canonical":"https:\/\/jornaltimoneiro.com.br\/index.php\/2019\/10\/11\/14-edicao-do-baile-de-debutantes-comunitario-e-realizada-em-canoas\/","og_locale":"pt_BR","og_type":"article","og_title":"14\u00b0 edi\u00e7\u00e3o do Baile de Debutantes Comunit\u00e1rio \u00e9 realizada em Canoas - O Timoneiro Jornal Canoas RS","og_description":"Graziele Albuquerque Uma noite que tocou o cora\u00e7\u00e3o e emocionou as mais de 350 pessoas que estiveram presentes na sede da Liga Canoense de Futebol, onde aconteceu a 14\u00b0 edi\u00e7\u00e3o da Noite dos Sonhos, promovida pela Rede N\u00f3s Volunt\u00e1rios. Desde 2005, o Baile de Debutantes Comunit\u00e1rio tem como principal objetivo proporcionar uma \u201cnoite dos sonhos\u201d [&hellip;]","og_url":"https:\/\/jornaltimoneiro.com.br\/index.php\/2019\/10\/11\/14-edicao-do-baile-de-debutantes-comunitario-e-realizada-em-canoas\/","og_site_name":"O Timoneiro Jornal Canoas RS","article_publisher":"https:\/\/www.facebook.com\/jornaltimoneiro","article_published_time":"2019-10-11T13:22:42+00:00","article_modified_time":"2019-10-22T17:25:07+00:00","og_image":[{"width":1280,"height":707,"url":"https:\/\/jornaltimoneiro.com.br\/wp-content\/uploads\/2019\/10\/WhatsApp-Image-2019-10-07-at-11.10.45-AM-1.jpeg","type":"image\/jpeg"}],"author":"Reda\u00e7\u00e3o","twitter_card":"summary_large_image","twitter_creator":"@_OTimoneiro","twitter_site":"@_OTimoneiro","twitter_misc":{"Escrito por":"Reda\u00e7\u00e3o","Est. tempo de leitura":"2 minutos"},"schema":{"@context":"https:\/\/schema.org","@graph":[{"@type":"Article","@id":"https:\/\/jornaltimoneiro.com.br\/index.php\/2019\/10\/11\/14-edicao-do-baile-de-debutantes-comunitario-e-realizada-em-canoas\/#article","isPartOf":{"@id":"https:\/\/jornaltimoneiro.com.br\/index.php\/2019\/10\/11\/14-edicao-do-baile-de-debutantes-comunitario-e-realizada-em-canoas\/"},"author":{"name":"Reda\u00e7\u00e3o","@id":"https:\/\/jornaltimoneiro.com.br\/#\/schema\/person\/f63482f1a02b1a9592707865e509ab40"},"headline":"14\u00b0 edi\u00e7\u00e3o do Baile de Debutantes Comunit\u00e1rio \u00e9 realizada em Canoas","datePublished":"2019-10-11T13:22:42+00:00","dateModified":"2019-10-22T17:25:07+00:00","mainEntityOfPage":{"@id":"https:\/\/jornaltimoneiro.com.br\/index.php\/2019\/10\/11\/14-edicao-do-baile-de-debutantes-comunitario-e-realizada-em-canoas\/"},"wordCount":362,"publisher":{"@id":"https:\/\/jornaltimoneiro.com.br\/#organization"},"articleSection":["Geral"],"inLanguage":"pt-BR"},{"@type":"WebPage","@id":"https:\/\/jornaltimoneiro.com.br\/index.php\/2019\/10\/11\/14-edicao-do-baile-de-debutantes-comunitario-e-realizada-em-canoas\/","url":"https:\/\/jornaltimoneiro.com.br\/index.php\/2019\/10\/11\/14-edicao-do-baile-de-debutantes-comunitario-e-realizada-em-canoas\/","name":"14\u00b0 edi\u00e7\u00e3o do Baile de Debutantes Comunit\u00e1rio \u00e9 realizada em Canoas - O Timoneiro Jornal Canoas RS","isPartOf":{"@id":"https:\/\/jornaltimoneiro.com.br\/#website"},"datePublished":"2019-10-11T13:22:42+00:00","dateModified":"2019-10-22T17:25:07+00:00","breadcrumb":{"@id":"https:\/\/jornaltimoneiro.com.br\/index.php\/2019\/10\/11\/14-edicao-do-baile-de-debutantes-comunitario-e-realizada-em-canoas\/#breadcrumb"},"inLanguage":"pt-BR","potentialAction":[{"@type":"ReadAction","target":["https:\/\/jornaltimoneiro.com.br\/index.php\/2019\/10\/11\/14-edicao-do-baile-de-debutantes-comunitario-e-realizada-em-canoas\/"]}]},{"@type":"BreadcrumbList","@id":"https:\/\/jornaltimoneiro.com.br\/index.php\/2019\/10\/11\/14-edicao-do-baile-de-debutantes-comunitario-e-realizada-em-canoas\/#breadcrumb","itemListElement":[{"@type":"ListItem","position":1,"name":"In\u00edcio","item":"https:\/\/jornaltimoneiro.com.br\/"},{"@type":"ListItem","position":2,"name":"14\u00b0 edi\u00e7\u00e3o do Baile de Debutantes Comunit\u00e1rio \u00e9 realizada em Canoas"}]},{"@type":"WebSite","@id":"https:\/\/jornaltimoneiro.com.br\/#website","url":"https:\/\/jornaltimoneiro.com.br\/","name":"Jornal Timoneiro Canoas RS","description":"Jornal O Timoneiro, o verdadeiro jornal de Canoas","publisher":{"@id":"https:\/\/jornaltimoneiro.com.br\/#organization"},"potentialAction":[{"@type":"SearchAction","target":{"@type":"EntryPoint","urlTemplate":"https:\/\/jornaltimoneiro.com.br\/?s={search_term_string}"},"query-input":"required name=search_term_string"}],"inLanguage":"pt-BR"},{"@type":"Organization","@id":"https:\/\/jornaltimoneiro.com.br\/#organization","name":"Jornal Timoneiro Canoas RS","url":"https:\/\/jornaltimoneiro.com.br\/","logo":{"@type":"ImageObject","inLanguage":"pt-BR","@id":"https:\/\/jornaltimoneiro.com.br\/#\/schema\/logo\/image\/","url":"https:\/\/jornaltimoneiro.com.br\/wp-content\/uploads\/2023\/03\/logonovo.png","contentUrl":"https:\/\/jornaltimoneiro.com.br\/wp-content\/uploads\/2023\/03\/logonovo.png","width":"469","height":"171","caption":"Jornal Timoneiro Canoas RS"},"image":{"@id":"https:\/\/jornaltimoneiro.com.br\/#\/schema\/logo\/image\/"},"sameAs":["https:\/\/www.facebook.com\/jornaltimoneiro","https:\/\/twitter.com\/_OTimoneiro","https:\/\/www.instagram.com\/jornaltimoneirocanoas\/","https:\/\/www.youtube.com\/@jornalotimoneiro7927"]},{"@type":"Person","@id":"https:\/\/jornaltimoneiro.com.br\/#\/schema\/person\/f63482f1a02b1a9592707865e509ab40","name":"Reda\u00e7\u00e3o","image":{"@type":"ImageObject","inLanguage":"pt-BR","@id":"https:\/\/jornaltimoneiro.com.br\/#\/schema\/person\/image\/","url":"https:\/\/jornaltimoneiro.com.br\/wp-content\/uploads\/2023\/03\/download.jpeg","contentUrl":"https:\/\/jornaltimoneiro.com.br\/wp-content\/uploads\/2023\/03\/download.jpeg","caption":"Reda\u00e7\u00e3o"},"url":"https:\/\/jornaltimoneiro.com.br\/index.php\/author\/simone-dutra\/"}]}},"_links":{"self":[{"href":"https:\/\/jornaltimoneiro.com.br\/index.php\/wp-json\/wp\/v2\/posts\/14667"}],"collection":[{"href":"https:\/\/jornaltimoneiro.com.br\/index.php\/wp-json\/wp\/v2\/posts"}],"about":[{"href":"https:\/\/jornaltimoneiro.com.br\/index.php\/wp-json\/wp\/v2\/types\/post"}],"author":[{"embeddable":true,"href":"https:\/\/jornaltimoneiro.com.br\/index.php\/wp-json\/wp\/v2\/users\/2"}],"replies":[{"embeddable":true,"href":"https:\/\/jornaltimoneiro.com.br\/index.php\/wp-json\/wp\/v2\/comments?post=14667"}],"version-history":[{"count":0,"href":"https:\/\/jornaltimoneiro.com.br\/index.php\/wp-json\/wp\/v2\/posts\/14667\/revisions"}],"wp:featuredmedia":[{"embeddable":true,"href":"https:\/\/jornaltimoneiro.com.br\/index.php\/wp-json\/wp\/v2\/media\/14669"}],"wp:attachment":[{"href":"https:\/\/jornaltimoneiro.com.br\/index.php\/wp-json\/wp\/v2\/media?parent=14667"}],"wp:term":[{"taxonomy":"category","embeddable":true,"href":"https:\/\/jornaltimoneiro.com.br\/index.php\/wp-json\/wp\/v2\/categories?post=14667"},{"taxonomy":"post_tag","embeddable":true,"href":"https:\/\/jornaltimoneiro.com.br\/index.php\/wp-json\/wp\/v2\/tags?post=14667"}],"curies":[{"name":"wp","href":"https:\/\/api.w.org\/{rel}","templated":true}]}}