{"id":14521,"date":"2019-09-23T11:18:27","date_gmt":"2019-09-23T14:18:27","guid":{"rendered":"https:\/\/jornaltimoneiro.com.br\/?p=14521"},"modified":"2020-01-28T17:06:11","modified_gmt":"2020-01-28T19:06:11","slug":"prefeitura-de-canoas-abre-inscricoes-para-cadastro-reserva-de-estagio","status":"publish","type":"post","link":"https:\/\/jornaltimoneiro.com.br\/index.php\/2019\/09\/23\/prefeitura-de-canoas-abre-inscricoes-para-cadastro-reserva-de-estagio\/","title":{"rendered":"Prefeitura de Canoas abre inscri\u00e7\u00f5es para cadastro reserva de est\u00e1gio"},"content":{"rendered":"<p>A Prefeitura de Canoas abriu as inscri\u00e7\u00f5es para cadastro reserva de est\u00e1gio, junto ao Programa de Inclus\u00e3o da Secretaria Municipal da Educa\u00e7\u00e3o. Podem participar do cadastro os estudantes de n\u00edvel m\u00e9dio (magist\u00e9rio) e de gradua\u00e7\u00e3o que estejam frequentando os cursos de pedagogia e psicologia, e licenciatura em artes visuais, ci\u00eancias, geografia, hist\u00f3ria, letras, matem\u00e1tica.<\/p>\n<p>As inscri\u00e7\u00f5es seguem at\u00e9 3 de outubro e podem ser feitas no site do Centro de Integra\u00e7\u00e3o Empresa Escola \u2013 CIEE\/RS, www.cieers.org.br. Os estudantes que n\u00e3o possuem acesso a internet podem se dirigir ao CIEE de Canoas, na rua Quinze de Janeiro n\u00ba 481, sala 308, 3\u00ba piso, no Centro, de segunda a sexta-feira, das 8h30 \u00e0s 12h e das 13h \u00e0s 17h.<\/p>\n","protected":false},"excerpt":{"rendered":"<p>A Prefeitura de Canoas abriu as inscri\u00e7\u00f5es para cadastro reserva de est\u00e1gio, junto ao Programa de Inclus\u00e3o da Secretaria Municipal da Educa\u00e7\u00e3o. Podem participar do cadastro os estudantes de n\u00edvel m\u00e9dio (magist\u00e9rio) e de gradua\u00e7\u00e3o que estejam frequentando os cursos de pedagogia e psicologia, e licenciatura em artes visuais, ci\u00eancias, geografia, hist\u00f3ria, letras, matem\u00e1tica. As [&hellip;]<\/p>\n","protected":false},"author":2,"featured_media":14516,"comment_status":"closed","ping_status":"closed","sticky":false,"template":"","format":"standard","meta":{"amp_status":"","footnotes":""},"categories":[23],"tags":[],"class_list":["post-14521","post","type-post","status-publish","format-standard","has-post-thumbnail","hentry","category-geral"],"yoast_head":"<!-- This site is optimized with the Yoast SEO plugin v20.5 - https:\/\/yoast.com\/wordpress\/plugins\/seo\/ -->\n<title>Prefeitura de Canoas abre inscri\u00e7\u00f5es para cadastro reserva de est\u00e1gio - O Timoneiro Jornal Canoas RS<\/title>\n<meta name=\"robots\" content=\"index, follow, max-snippet:-1, max-image-preview:large, max-video-preview:-1\" \/>\n<link rel=\"canonical\" href=\"https:\/\/jornaltimoneiro.com.br\/index.php\/2019\/09\/23\/prefeitura-de-canoas-abre-inscricoes-para-cadastro-reserva-de-estagio\/\" \/>\n<meta property=\"og:locale\" content=\"pt_BR\" \/>\n<meta property=\"og:type\" content=\"article\" \/>\n<meta property=\"og:title\" content=\"Prefeitura de Canoas abre inscri\u00e7\u00f5es para cadastro reserva de est\u00e1gio - O Timoneiro Jornal Canoas RS\" \/>\n<meta property=\"og:description\" content=\"A Prefeitura de Canoas abriu as inscri\u00e7\u00f5es para cadastro reserva de est\u00e1gio, junto ao Programa de Inclus\u00e3o da Secretaria Municipal da Educa\u00e7\u00e3o. Podem participar do cadastro os estudantes de n\u00edvel m\u00e9dio (magist\u00e9rio) e de gradua\u00e7\u00e3o que estejam frequentando os cursos de pedagogia e psicologia, e licenciatura em artes visuais, ci\u00eancias, geografia, hist\u00f3ria, letras, matem\u00e1tica. As [&hellip;]\" \/>\n<meta property=\"og:url\" content=\"https:\/\/jornaltimoneiro.com.br\/index.php\/2019\/09\/23\/prefeitura-de-canoas-abre-inscricoes-para-cadastro-reserva-de-estagio\/\" \/>\n<meta property=\"og:site_name\" content=\"O Timoneiro Jornal Canoas RS\" \/>\n<meta property=\"article:publisher\" content=\"https:\/\/www.facebook.com\/jornaltimoneiro\" \/>\n<meta property=\"article:published_time\" content=\"2019-09-23T14:18:27+00:00\" \/>\n<meta property=\"article:modified_time\" content=\"2020-01-28T19:06:11+00:00\" \/>\n<meta property=\"og:image\" content=\"https:\/\/jornaltimoneiro.com.br\/wp-content\/uploads\/2019\/09\/Prefeitura-de-Canoas.jpg\" \/>\n\t<meta property=\"og:image:width\" content=\"900\" \/>\n\t<meta property=\"og:image:height\" content=\"600\" \/>\n\t<meta property=\"og:image:type\" content=\"image\/jpeg\" \/>\n<meta name=\"author\" content=\"Reda\u00e7\u00e3o\" \/>\n<meta name=\"twitter:card\" content=\"summary_large_image\" \/>\n<meta name=\"twitter:creator\" content=\"@_OTimoneiro\" \/>\n<meta name=\"twitter:site\" content=\"@_OTimoneiro\" \/>\n<meta name=\"twitter:label1\" content=\"Escrito por\" \/>\n\t<meta name=\"twitter:data1\" content=\"Reda\u00e7\u00e3o\" \/>\n\t<meta name=\"twitter:label2\" content=\"Est. tempo de leitura\" \/>\n\t<meta name=\"twitter:data2\" content=\"1 minuto\" \/>\n<script type=\"application\/ld+json\" class=\"yoast-schema-graph\">{\"@context\":\"https:\/\/schema.org\",\"@graph\":[{\"@type\":\"Article\",\"@id\":\"https:\/\/jornaltimoneiro.com.br\/index.php\/2019\/09\/23\/prefeitura-de-canoas-abre-inscricoes-para-cadastro-reserva-de-estagio\/#article\",\"isPartOf\":{\"@id\":\"https:\/\/jornaltimoneiro.com.br\/index.php\/2019\/09\/23\/prefeitura-de-canoas-abre-inscricoes-para-cadastro-reserva-de-estagio\/\"},\"author\":{\"name\":\"Reda\u00e7\u00e3o\",\"@id\":\"https:\/\/jornaltimoneiro.com.br\/#\/schema\/person\/f63482f1a02b1a9592707865e509ab40\"},\"headline\":\"Prefeitura de Canoas abre inscri\u00e7\u00f5es para cadastro reserva de est\u00e1gio\",\"datePublished\":\"2019-09-23T14:18:27+00:00\",\"dateModified\":\"2020-01-28T19:06:11+00:00\",\"mainEntityOfPage\":{\"@id\":\"https:\/\/jornaltimoneiro.com.br\/index.php\/2019\/09\/23\/prefeitura-de-canoas-abre-inscricoes-para-cadastro-reserva-de-estagio\/\"},\"wordCount\":142,\"publisher\":{\"@id\":\"https:\/\/jornaltimoneiro.com.br\/#organization\"},\"articleSection\":[\"Geral\"],\"inLanguage\":\"pt-BR\"},{\"@type\":\"WebPage\",\"@id\":\"https:\/\/jornaltimoneiro.com.br\/index.php\/2019\/09\/23\/prefeitura-de-canoas-abre-inscricoes-para-cadastro-reserva-de-estagio\/\",\"url\":\"https:\/\/jornaltimoneiro.com.br\/index.php\/2019\/09\/23\/prefeitura-de-canoas-abre-inscricoes-para-cadastro-reserva-de-estagio\/\",\"name\":\"Prefeitura de Canoas abre inscri\u00e7\u00f5es para cadastro reserva de est\u00e1gio - O Timoneiro Jornal Canoas RS\",\"isPartOf\":{\"@id\":\"https:\/\/jornaltimoneiro.com.br\/#website\"},\"datePublished\":\"2019-09-23T14:18:27+00:00\",\"dateModified\":\"2020-01-28T19:06:11+00:00\",\"breadcrumb\":{\"@id\":\"https:\/\/jornaltimoneiro.com.br\/index.php\/2019\/09\/23\/prefeitura-de-canoas-abre-inscricoes-para-cadastro-reserva-de-estagio\/#breadcrumb\"},\"inLanguage\":\"pt-BR\",\"potentialAction\":[{\"@type\":\"ReadAction\",\"target\":[\"https:\/\/jornaltimoneiro.com.br\/index.php\/2019\/09\/23\/prefeitura-de-canoas-abre-inscricoes-para-cadastro-reserva-de-estagio\/\"]}]},{\"@type\":\"BreadcrumbList\",\"@id\":\"https:\/\/jornaltimoneiro.com.br\/index.php\/2019\/09\/23\/prefeitura-de-canoas-abre-inscricoes-para-cadastro-reserva-de-estagio\/#breadcrumb\",\"itemListElement\":[{\"@type\":\"ListItem\",\"position\":1,\"name\":\"In\u00edcio\",\"item\":\"https:\/\/jornaltimoneiro.com.br\/\"},{\"@type\":\"ListItem\",\"position\":2,\"name\":\"Prefeitura de Canoas abre inscri\u00e7\u00f5es para cadastro reserva de est\u00e1gio\"}]},{\"@type\":\"WebSite\",\"@id\":\"https:\/\/jornaltimoneiro.com.br\/#website\",\"url\":\"https:\/\/jornaltimoneiro.com.br\/\",\"name\":\"Jornal Timoneiro Canoas RS\",\"description\":\"Jornal O Timoneiro, o verdadeiro jornal de Canoas\",\"publisher\":{\"@id\":\"https:\/\/jornaltimoneiro.com.br\/#organization\"},\"potentialAction\":[{\"@type\":\"SearchAction\",\"target\":{\"@type\":\"EntryPoint\",\"urlTemplate\":\"https:\/\/jornaltimoneiro.com.br\/?s={search_term_string}\"},\"query-input\":\"required name=search_term_string\"}],\"inLanguage\":\"pt-BR\"},{\"@type\":\"Organization\",\"@id\":\"https:\/\/jornaltimoneiro.com.br\/#organization\",\"name\":\"Jornal Timoneiro Canoas RS\",\"url\":\"https:\/\/jornaltimoneiro.com.br\/\",\"logo\":{\"@type\":\"ImageObject\",\"inLanguage\":\"pt-BR\",\"@id\":\"https:\/\/jornaltimoneiro.com.br\/#\/schema\/logo\/image\/\",\"url\":\"https:\/\/jornaltimoneiro.com.br\/wp-content\/uploads\/2023\/03\/logonovo.png\",\"contentUrl\":\"https:\/\/jornaltimoneiro.com.br\/wp-content\/uploads\/2023\/03\/logonovo.png\",\"width\":\"469\",\"height\":\"171\",\"caption\":\"Jornal Timoneiro Canoas RS\"},\"image\":{\"@id\":\"https:\/\/jornaltimoneiro.com.br\/#\/schema\/logo\/image\/\"},\"sameAs\":[\"https:\/\/www.facebook.com\/jornaltimoneiro\",\"https:\/\/twitter.com\/_OTimoneiro\",\"https:\/\/www.instagram.com\/jornaltimoneirocanoas\/\",\"https:\/\/www.youtube.com\/@jornalotimoneiro7927\"]},{\"@type\":\"Person\",\"@id\":\"https:\/\/jornaltimoneiro.com.br\/#\/schema\/person\/f63482f1a02b1a9592707865e509ab40\",\"name\":\"Reda\u00e7\u00e3o\",\"image\":{\"@type\":\"ImageObject\",\"inLanguage\":\"pt-BR\",\"@id\":\"https:\/\/jornaltimoneiro.com.br\/#\/schema\/person\/image\/\",\"url\":\"https:\/\/jornaltimoneiro.com.br\/wp-content\/uploads\/2023\/03\/download.jpeg\",\"contentUrl\":\"https:\/\/jornaltimoneiro.com.br\/wp-content\/uploads\/2023\/03\/download.jpeg\",\"caption\":\"Reda\u00e7\u00e3o\"},\"url\":\"https:\/\/jornaltimoneiro.com.br\/index.php\/author\/simone-dutra\/\"}]}<\/script>\n<!-- \/ Yoast SEO plugin. -->","yoast_head_json":{"title":"Prefeitura de Canoas abre inscri\u00e7\u00f5es para cadastro reserva de est\u00e1gio - O Timoneiro Jornal Canoas RS","robots":{"index":"index","follow":"follow","max-snippet":"max-snippet:-1","max-image-preview":"max-image-preview:large","max-video-preview":"max-video-preview:-1"},"canonical":"https:\/\/jornaltimoneiro.com.br\/index.php\/2019\/09\/23\/prefeitura-de-canoas-abre-inscricoes-para-cadastro-reserva-de-estagio\/","og_locale":"pt_BR","og_type":"article","og_title":"Prefeitura de Canoas abre inscri\u00e7\u00f5es para cadastro reserva de est\u00e1gio - O Timoneiro Jornal Canoas RS","og_description":"A Prefeitura de Canoas abriu as inscri\u00e7\u00f5es para cadastro reserva de est\u00e1gio, junto ao Programa de Inclus\u00e3o da Secretaria Municipal da Educa\u00e7\u00e3o. Podem participar do cadastro os estudantes de n\u00edvel m\u00e9dio (magist\u00e9rio) e de gradua\u00e7\u00e3o que estejam frequentando os cursos de pedagogia e psicologia, e licenciatura em artes visuais, ci\u00eancias, geografia, hist\u00f3ria, letras, matem\u00e1tica. As [&hellip;]","og_url":"https:\/\/jornaltimoneiro.com.br\/index.php\/2019\/09\/23\/prefeitura-de-canoas-abre-inscricoes-para-cadastro-reserva-de-estagio\/","og_site_name":"O Timoneiro Jornal Canoas RS","article_publisher":"https:\/\/www.facebook.com\/jornaltimoneiro","article_published_time":"2019-09-23T14:18:27+00:00","article_modified_time":"2020-01-28T19:06:11+00:00","og_image":[{"width":900,"height":600,"url":"https:\/\/jornaltimoneiro.com.br\/wp-content\/uploads\/2019\/09\/Prefeitura-de-Canoas.jpg","type":"image\/jpeg"}],"author":"Reda\u00e7\u00e3o","twitter_card":"summary_large_image","twitter_creator":"@_OTimoneiro","twitter_site":"@_OTimoneiro","twitter_misc":{"Escrito por":"Reda\u00e7\u00e3o","Est. tempo de leitura":"1 minuto"},"schema":{"@context":"https:\/\/schema.org","@graph":[{"@type":"Article","@id":"https:\/\/jornaltimoneiro.com.br\/index.php\/2019\/09\/23\/prefeitura-de-canoas-abre-inscricoes-para-cadastro-reserva-de-estagio\/#article","isPartOf":{"@id":"https:\/\/jornaltimoneiro.com.br\/index.php\/2019\/09\/23\/prefeitura-de-canoas-abre-inscricoes-para-cadastro-reserva-de-estagio\/"},"author":{"name":"Reda\u00e7\u00e3o","@id":"https:\/\/jornaltimoneiro.com.br\/#\/schema\/person\/f63482f1a02b1a9592707865e509ab40"},"headline":"Prefeitura de Canoas abre inscri\u00e7\u00f5es para cadastro reserva de est\u00e1gio","datePublished":"2019-09-23T14:18:27+00:00","dateModified":"2020-01-28T19:06:11+00:00","mainEntityOfPage":{"@id":"https:\/\/jornaltimoneiro.com.br\/index.php\/2019\/09\/23\/prefeitura-de-canoas-abre-inscricoes-para-cadastro-reserva-de-estagio\/"},"wordCount":142,"publisher":{"@id":"https:\/\/jornaltimoneiro.com.br\/#organization"},"articleSection":["Geral"],"inLanguage":"pt-BR"},{"@type":"WebPage","@id":"https:\/\/jornaltimoneiro.com.br\/index.php\/2019\/09\/23\/prefeitura-de-canoas-abre-inscricoes-para-cadastro-reserva-de-estagio\/","url":"https:\/\/jornaltimoneiro.com.br\/index.php\/2019\/09\/23\/prefeitura-de-canoas-abre-inscricoes-para-cadastro-reserva-de-estagio\/","name":"Prefeitura de Canoas abre inscri\u00e7\u00f5es para cadastro reserva de est\u00e1gio - O Timoneiro Jornal Canoas RS","isPartOf":{"@id":"https:\/\/jornaltimoneiro.com.br\/#website"},"datePublished":"2019-09-23T14:18:27+00:00","dateModified":"2020-01-28T19:06:11+00:00","breadcrumb":{"@id":"https:\/\/jornaltimoneiro.com.br\/index.php\/2019\/09\/23\/prefeitura-de-canoas-abre-inscricoes-para-cadastro-reserva-de-estagio\/#breadcrumb"},"inLanguage":"pt-BR","potentialAction":[{"@type":"ReadAction","target":["https:\/\/jornaltimoneiro.com.br\/index.php\/2019\/09\/23\/prefeitura-de-canoas-abre-inscricoes-para-cadastro-reserva-de-estagio\/"]}]},{"@type":"BreadcrumbList","@id":"https:\/\/jornaltimoneiro.com.br\/index.php\/2019\/09\/23\/prefeitura-de-canoas-abre-inscricoes-para-cadastro-reserva-de-estagio\/#breadcrumb","itemListElement":[{"@type":"ListItem","position":1,"name":"In\u00edcio","item":"https:\/\/jornaltimoneiro.com.br\/"},{"@type":"ListItem","position":2,"name":"Prefeitura de Canoas abre inscri\u00e7\u00f5es para cadastro reserva de est\u00e1gio"}]},{"@type":"WebSite","@id":"https:\/\/jornaltimoneiro.com.br\/#website","url":"https:\/\/jornaltimoneiro.com.br\/","name":"Jornal Timoneiro Canoas RS","description":"Jornal O Timoneiro, o verdadeiro jornal de Canoas","publisher":{"@id":"https:\/\/jornaltimoneiro.com.br\/#organization"},"potentialAction":[{"@type":"SearchAction","target":{"@type":"EntryPoint","urlTemplate":"https:\/\/jornaltimoneiro.com.br\/?s={search_term_string}"},"query-input":"required name=search_term_string"}],"inLanguage":"pt-BR"},{"@type":"Organization","@id":"https:\/\/jornaltimoneiro.com.br\/#organization","name":"Jornal Timoneiro Canoas RS","url":"https:\/\/jornaltimoneiro.com.br\/","logo":{"@type":"ImageObject","inLanguage":"pt-BR","@id":"https:\/\/jornaltimoneiro.com.br\/#\/schema\/logo\/image\/","url":"https:\/\/jornaltimoneiro.com.br\/wp-content\/uploads\/2023\/03\/logonovo.png","contentUrl":"https:\/\/jornaltimoneiro.com.br\/wp-content\/uploads\/2023\/03\/logonovo.png","width":"469","height":"171","caption":"Jornal Timoneiro Canoas RS"},"image":{"@id":"https:\/\/jornaltimoneiro.com.br\/#\/schema\/logo\/image\/"},"sameAs":["https:\/\/www.facebook.com\/jornaltimoneiro","https:\/\/twitter.com\/_OTimoneiro","https:\/\/www.instagram.com\/jornaltimoneirocanoas\/","https:\/\/www.youtube.com\/@jornalotimoneiro7927"]},{"@type":"Person","@id":"https:\/\/jornaltimoneiro.com.br\/#\/schema\/person\/f63482f1a02b1a9592707865e509ab40","name":"Reda\u00e7\u00e3o","image":{"@type":"ImageObject","inLanguage":"pt-BR","@id":"https:\/\/jornaltimoneiro.com.br\/#\/schema\/person\/image\/","url":"https:\/\/jornaltimoneiro.com.br\/wp-content\/uploads\/2023\/03\/download.jpeg","contentUrl":"https:\/\/jornaltimoneiro.com.br\/wp-content\/uploads\/2023\/03\/download.jpeg","caption":"Reda\u00e7\u00e3o"},"url":"https:\/\/jornaltimoneiro.com.br\/index.php\/author\/simone-dutra\/"}]}},"_links":{"self":[{"href":"https:\/\/jornaltimoneiro.com.br\/index.php\/wp-json\/wp\/v2\/posts\/14521"}],"collection":[{"href":"https:\/\/jornaltimoneiro.com.br\/index.php\/wp-json\/wp\/v2\/posts"}],"about":[{"href":"https:\/\/jornaltimoneiro.com.br\/index.php\/wp-json\/wp\/v2\/types\/post"}],"author":[{"embeddable":true,"href":"https:\/\/jornaltimoneiro.com.br\/index.php\/wp-json\/wp\/v2\/users\/2"}],"replies":[{"embeddable":true,"href":"https:\/\/jornaltimoneiro.com.br\/index.php\/wp-json\/wp\/v2\/comments?post=14521"}],"version-history":[{"count":0,"href":"https:\/\/jornaltimoneiro.com.br\/index.php\/wp-json\/wp\/v2\/posts\/14521\/revisions"}],"wp:featuredmedia":[{"embeddable":true,"href":"https:\/\/jornaltimoneiro.com.br\/index.php\/wp-json\/wp\/v2\/media\/14516"}],"wp:attachment":[{"href":"https:\/\/jornaltimoneiro.com.br\/index.php\/wp-json\/wp\/v2\/media?parent=14521"}],"wp:term":[{"taxonomy":"category","embeddable":true,"href":"https:\/\/jornaltimoneiro.com.br\/index.php\/wp-json\/wp\/v2\/categories?post=14521"},{"taxonomy":"post_tag","embeddable":true,"href":"https:\/\/jornaltimoneiro.com.br\/index.php\/wp-json\/wp\/v2\/tags?post=14521"}],"curies":[{"name":"wp","href":"https:\/\/api.w.org\/{rel}","templated":true}]}}