{"id":14507,"date":"2019-09-19T11:35:54","date_gmt":"2019-09-19T14:35:54","guid":{"rendered":"https:\/\/jornaltimoneiro.com.br\/?p=14507"},"modified":"2019-09-19T15:40:55","modified_gmt":"2019-09-19T18:40:55","slug":"domingo-e-dia-de-ir-ver-as-gurias-do-oriente-no-campo-dos-eucaliptos","status":"publish","type":"post","link":"https:\/\/jornaltimoneiro.com.br\/index.php\/2019\/09\/19\/domingo-e-dia-de-ir-ver-as-gurias-do-oriente-no-campo-dos-eucaliptos\/","title":{"rendered":"Domingo \u00e9 dia de ir ver as gurias do Oriente no Campo dos Eucaliptos"},"content":{"rendered":"<p><strong>Graziele Albuquerque <\/strong><\/p>\n<p><img decoding=\"async\" src=\"https:\/\/jornaltimoneiro.com.br\/wp-content\/uploads\/2019\/09\/DSC0518.jpg\" alt=\"\" width=\"4496\" height=\"3000\" class=\"alignnone size-full wp-image-14508\" srcset=\"https:\/\/jornaltimoneiro.com.br\/wp-content\/uploads\/2019\/09\/DSC0518.jpg 4496w, https:\/\/jornaltimoneiro.com.br\/wp-content\/uploads\/2019\/09\/DSC0518-300x200.jpg 300w, https:\/\/jornaltimoneiro.com.br\/wp-content\/uploads\/2019\/09\/DSC0518-768x512.jpg 768w, https:\/\/jornaltimoneiro.com.br\/wp-content\/uploads\/2019\/09\/DSC0518-1024x683.jpg 1024w, https:\/\/jornaltimoneiro.com.br\/wp-content\/uploads\/2019\/09\/DSC0518-696x464.jpg 696w, https:\/\/jornaltimoneiro.com.br\/wp-content\/uploads\/2019\/09\/DSC0518-1068x713.jpg 1068w, https:\/\/jornaltimoneiro.com.br\/wp-content\/uploads\/2019\/09\/DSC0518-629x420.jpg 629w, https:\/\/jornaltimoneiro.com.br\/wp-content\/uploads\/2019\/09\/DSC0518-1920x1281.jpg 1920w\" sizes=\"(max-width: 4496px) 100vw, 4496px\" \/><\/p>\n<p>As Feras do Oriente seguem treinando para o pr\u00f3ximo confronto no Campeonato Estadual, que acontecer\u00e1 no pr\u00f3ximo domingo, \u00e0s 15 horas, no Campo dos Eucaliptos, no Bairro Nossa Senhora das Gra\u00e7as, com entrada gratuita. O Oriente enfrentar\u00e1 o time de Farroupilha, o SERC Brasil.<br \/>\nDurante o treino de domingo, no primeiro momento foi realizado um trabalho t\u00e9cnico e depois foi feito com as atletas uma atividade t\u00e1tica, que, segundo o treinador Vainon Rodrigues, foi uns dos problemas mais vis\u00edveis que a equipe teve no \u00faltimo jogo. \u201cPrecisamos melhor nosso posicionamento, tivemos problemas nesse quesito, era uma situa\u00e7\u00e3o que estava bem encaminhada, mas entrou duas novas atletas e elas tiveram um pouco de dificuldade por estarem trabalhando h\u00e1 pouco tempo conosco; em contrapartida, elas t\u00eam uma qualidade t\u00e9cnica muito boa que vai agregar na nossa forma de jogar, a partir do entendimento delas no posicionamento do time\u201d, explicou Vainon.<br \/>\nNa \u00faltima rodada jogando em Gravata\u00ed, o Oriente perdeu a sua partida contra o Gr\u00eamio, e o Brasil de Farroupilha conquistou uma vit\u00f3ria contra o Jo\u00e3o Em\u00edlio jogando em Candiota. O time canoense est\u00e1 em 4\u00b0 lugar na tabela geral, lembrando que est\u00e1 com um jogo atrasado contra o Atl\u00e2ntico de Erechim \u2013 que pediu o cancelamento da partida na primeira rodada da competi\u00e7\u00e3o. Os quatro primeiros colocados se classificar\u00e3o para as fases seguintes.<br \/>\nO time feminino do Sport Club Oriente continua trilhando o caminho para a s\u00e9rie A2 do Brasileir\u00e3o. O campe\u00e3o do Interior garantir\u00e1 uma vaga na competi\u00e7\u00e3o nacional. \u201cN\u00f3s temos o pensamento de ser a melhor equipe do interior, n\u00f3s sabemos que n\u00e3o \u00e9 imposs\u00edvel sermos campe\u00f5es, mas \u00e9 dif\u00edcil. Gr\u00eamio e Internacional s\u00e3o os favoritos da competi\u00e7\u00e3o. A outras equipes est\u00e3o num n\u00edvel parecido e n\u00f3s temos que entrar nessa briga, trabalhar bastante para conseguir conquistar esse objetivo\u201d, destacou o treinador.<br \/>\nO Departamento Feminino do Oriente fechou uma parceira com a Faculdade Sogipa &#8211; Famerco. Al\u00e9m de uma ajuda de custos mensalmente, a institui\u00e7\u00e3o custear\u00e1 todos os uniformes da equipe. <\/p>\n","protected":false},"excerpt":{"rendered":"<p>Graziele Albuquerque As Feras do Oriente seguem treinando para o pr\u00f3ximo confronto no Campeonato Estadual, que acontecer\u00e1 no pr\u00f3ximo domingo, \u00e0s 15 horas, no Campo dos Eucaliptos, no Bairro Nossa Senhora das Gra\u00e7as, com entrada gratuita. O Oriente enfrentar\u00e1 o time de Farroupilha, o SERC Brasil. Durante o treino de domingo, no primeiro momento foi [&hellip;]<\/p>\n","protected":false},"author":2,"featured_media":14508,"comment_status":"closed","ping_status":"closed","sticky":false,"template":"","format":"standard","meta":{"amp_status":"","footnotes":""},"categories":[23],"tags":[],"class_list":["post-14507","post","type-post","status-publish","format-standard","has-post-thumbnail","hentry","category-geral"],"yoast_head":"<!-- This site is optimized with the Yoast SEO plugin v20.5 - https:\/\/yoast.com\/wordpress\/plugins\/seo\/ -->\n<title>Domingo \u00e9 dia de ir ver as gurias do Oriente no Campo dos Eucaliptos - O Timoneiro Jornal Canoas RS<\/title>\n<meta name=\"robots\" content=\"index, follow, max-snippet:-1, max-image-preview:large, max-video-preview:-1\" \/>\n<link rel=\"canonical\" href=\"https:\/\/jornaltimoneiro.com.br\/index.php\/2019\/09\/19\/domingo-e-dia-de-ir-ver-as-gurias-do-oriente-no-campo-dos-eucaliptos\/\" \/>\n<meta property=\"og:locale\" content=\"pt_BR\" \/>\n<meta property=\"og:type\" content=\"article\" \/>\n<meta property=\"og:title\" content=\"Domingo \u00e9 dia de ir ver as gurias do Oriente no Campo dos Eucaliptos - O Timoneiro Jornal Canoas RS\" \/>\n<meta property=\"og:description\" content=\"Graziele Albuquerque As Feras do Oriente seguem treinando para o pr\u00f3ximo confronto no Campeonato Estadual, que acontecer\u00e1 no pr\u00f3ximo domingo, \u00e0s 15 horas, no Campo dos Eucaliptos, no Bairro Nossa Senhora das Gra\u00e7as, com entrada gratuita. O Oriente enfrentar\u00e1 o time de Farroupilha, o SERC Brasil. Durante o treino de domingo, no primeiro momento foi [&hellip;]\" \/>\n<meta property=\"og:url\" content=\"https:\/\/jornaltimoneiro.com.br\/index.php\/2019\/09\/19\/domingo-e-dia-de-ir-ver-as-gurias-do-oriente-no-campo-dos-eucaliptos\/\" \/>\n<meta property=\"og:site_name\" content=\"O Timoneiro Jornal Canoas RS\" \/>\n<meta property=\"article:publisher\" content=\"https:\/\/www.facebook.com\/jornaltimoneiro\" \/>\n<meta property=\"article:published_time\" content=\"2019-09-19T14:35:54+00:00\" \/>\n<meta property=\"article:modified_time\" content=\"2019-09-19T18:40:55+00:00\" \/>\n<meta property=\"og:image\" content=\"https:\/\/jornaltimoneiro.com.br\/wp-content\/uploads\/2019\/09\/DSC0518-1024x683.jpg\" \/>\n\t<meta property=\"og:image:width\" content=\"1024\" \/>\n\t<meta property=\"og:image:height\" content=\"683\" \/>\n\t<meta property=\"og:image:type\" content=\"image\/jpeg\" \/>\n<meta name=\"author\" content=\"Reda\u00e7\u00e3o\" \/>\n<meta name=\"twitter:card\" content=\"summary_large_image\" \/>\n<meta name=\"twitter:creator\" content=\"@_OTimoneiro\" \/>\n<meta name=\"twitter:site\" content=\"@_OTimoneiro\" \/>\n<meta name=\"twitter:label1\" content=\"Escrito por\" \/>\n\t<meta name=\"twitter:data1\" content=\"Reda\u00e7\u00e3o\" \/>\n\t<meta name=\"twitter:label2\" content=\"Est. tempo de leitura\" \/>\n\t<meta name=\"twitter:data2\" content=\"2 minutos\" \/>\n<script type=\"application\/ld+json\" class=\"yoast-schema-graph\">{\"@context\":\"https:\/\/schema.org\",\"@graph\":[{\"@type\":\"Article\",\"@id\":\"https:\/\/jornaltimoneiro.com.br\/index.php\/2019\/09\/19\/domingo-e-dia-de-ir-ver-as-gurias-do-oriente-no-campo-dos-eucaliptos\/#article\",\"isPartOf\":{\"@id\":\"https:\/\/jornaltimoneiro.com.br\/index.php\/2019\/09\/19\/domingo-e-dia-de-ir-ver-as-gurias-do-oriente-no-campo-dos-eucaliptos\/\"},\"author\":{\"name\":\"Reda\u00e7\u00e3o\",\"@id\":\"https:\/\/jornaltimoneiro.com.br\/#\/schema\/person\/f63482f1a02b1a9592707865e509ab40\"},\"headline\":\"Domingo \u00e9 dia de ir ver as gurias do Oriente no Campo dos Eucaliptos\",\"datePublished\":\"2019-09-19T14:35:54+00:00\",\"dateModified\":\"2019-09-19T18:40:55+00:00\",\"mainEntityOfPage\":{\"@id\":\"https:\/\/jornaltimoneiro.com.br\/index.php\/2019\/09\/19\/domingo-e-dia-de-ir-ver-as-gurias-do-oriente-no-campo-dos-eucaliptos\/\"},\"wordCount\":376,\"publisher\":{\"@id\":\"https:\/\/jornaltimoneiro.com.br\/#organization\"},\"articleSection\":[\"Geral\"],\"inLanguage\":\"pt-BR\"},{\"@type\":\"WebPage\",\"@id\":\"https:\/\/jornaltimoneiro.com.br\/index.php\/2019\/09\/19\/domingo-e-dia-de-ir-ver-as-gurias-do-oriente-no-campo-dos-eucaliptos\/\",\"url\":\"https:\/\/jornaltimoneiro.com.br\/index.php\/2019\/09\/19\/domingo-e-dia-de-ir-ver-as-gurias-do-oriente-no-campo-dos-eucaliptos\/\",\"name\":\"Domingo \u00e9 dia de ir ver as gurias do Oriente no Campo dos Eucaliptos - O Timoneiro Jornal Canoas RS\",\"isPartOf\":{\"@id\":\"https:\/\/jornaltimoneiro.com.br\/#website\"},\"datePublished\":\"2019-09-19T14:35:54+00:00\",\"dateModified\":\"2019-09-19T18:40:55+00:00\",\"breadcrumb\":{\"@id\":\"https:\/\/jornaltimoneiro.com.br\/index.php\/2019\/09\/19\/domingo-e-dia-de-ir-ver-as-gurias-do-oriente-no-campo-dos-eucaliptos\/#breadcrumb\"},\"inLanguage\":\"pt-BR\",\"potentialAction\":[{\"@type\":\"ReadAction\",\"target\":[\"https:\/\/jornaltimoneiro.com.br\/index.php\/2019\/09\/19\/domingo-e-dia-de-ir-ver-as-gurias-do-oriente-no-campo-dos-eucaliptos\/\"]}]},{\"@type\":\"BreadcrumbList\",\"@id\":\"https:\/\/jornaltimoneiro.com.br\/index.php\/2019\/09\/19\/domingo-e-dia-de-ir-ver-as-gurias-do-oriente-no-campo-dos-eucaliptos\/#breadcrumb\",\"itemListElement\":[{\"@type\":\"ListItem\",\"position\":1,\"name\":\"In\u00edcio\",\"item\":\"https:\/\/jornaltimoneiro.com.br\/\"},{\"@type\":\"ListItem\",\"position\":2,\"name\":\"Domingo \u00e9 dia de ir ver as gurias do Oriente no Campo dos Eucaliptos\"}]},{\"@type\":\"WebSite\",\"@id\":\"https:\/\/jornaltimoneiro.com.br\/#website\",\"url\":\"https:\/\/jornaltimoneiro.com.br\/\",\"name\":\"Jornal Timoneiro Canoas RS\",\"description\":\"Jornal O Timoneiro, o verdadeiro jornal de Canoas\",\"publisher\":{\"@id\":\"https:\/\/jornaltimoneiro.com.br\/#organization\"},\"potentialAction\":[{\"@type\":\"SearchAction\",\"target\":{\"@type\":\"EntryPoint\",\"urlTemplate\":\"https:\/\/jornaltimoneiro.com.br\/?s={search_term_string}\"},\"query-input\":\"required name=search_term_string\"}],\"inLanguage\":\"pt-BR\"},{\"@type\":\"Organization\",\"@id\":\"https:\/\/jornaltimoneiro.com.br\/#organization\",\"name\":\"Jornal Timoneiro Canoas RS\",\"url\":\"https:\/\/jornaltimoneiro.com.br\/\",\"logo\":{\"@type\":\"ImageObject\",\"inLanguage\":\"pt-BR\",\"@id\":\"https:\/\/jornaltimoneiro.com.br\/#\/schema\/logo\/image\/\",\"url\":\"https:\/\/jornaltimoneiro.com.br\/wp-content\/uploads\/2023\/03\/logonovo.png\",\"contentUrl\":\"https:\/\/jornaltimoneiro.com.br\/wp-content\/uploads\/2023\/03\/logonovo.png\",\"width\":\"469\",\"height\":\"171\",\"caption\":\"Jornal Timoneiro Canoas RS\"},\"image\":{\"@id\":\"https:\/\/jornaltimoneiro.com.br\/#\/schema\/logo\/image\/\"},\"sameAs\":[\"https:\/\/www.facebook.com\/jornaltimoneiro\",\"https:\/\/twitter.com\/_OTimoneiro\",\"https:\/\/www.instagram.com\/jornaltimoneirocanoas\/\",\"https:\/\/www.youtube.com\/@jornalotimoneiro7927\"]},{\"@type\":\"Person\",\"@id\":\"https:\/\/jornaltimoneiro.com.br\/#\/schema\/person\/f63482f1a02b1a9592707865e509ab40\",\"name\":\"Reda\u00e7\u00e3o\",\"image\":{\"@type\":\"ImageObject\",\"inLanguage\":\"pt-BR\",\"@id\":\"https:\/\/jornaltimoneiro.com.br\/#\/schema\/person\/image\/\",\"url\":\"https:\/\/jornaltimoneiro.com.br\/wp-content\/uploads\/2023\/03\/download.jpeg\",\"contentUrl\":\"https:\/\/jornaltimoneiro.com.br\/wp-content\/uploads\/2023\/03\/download.jpeg\",\"caption\":\"Reda\u00e7\u00e3o\"},\"url\":\"https:\/\/jornaltimoneiro.com.br\/index.php\/author\/simone-dutra\/\"}]}<\/script>\n<!-- \/ Yoast SEO plugin. -->","yoast_head_json":{"title":"Domingo \u00e9 dia de ir ver as gurias do Oriente no Campo dos Eucaliptos - O Timoneiro Jornal Canoas RS","robots":{"index":"index","follow":"follow","max-snippet":"max-snippet:-1","max-image-preview":"max-image-preview:large","max-video-preview":"max-video-preview:-1"},"canonical":"https:\/\/jornaltimoneiro.com.br\/index.php\/2019\/09\/19\/domingo-e-dia-de-ir-ver-as-gurias-do-oriente-no-campo-dos-eucaliptos\/","og_locale":"pt_BR","og_type":"article","og_title":"Domingo \u00e9 dia de ir ver as gurias do Oriente no Campo dos Eucaliptos - O Timoneiro Jornal Canoas RS","og_description":"Graziele Albuquerque As Feras do Oriente seguem treinando para o pr\u00f3ximo confronto no Campeonato Estadual, que acontecer\u00e1 no pr\u00f3ximo domingo, \u00e0s 15 horas, no Campo dos Eucaliptos, no Bairro Nossa Senhora das Gra\u00e7as, com entrada gratuita. O Oriente enfrentar\u00e1 o time de Farroupilha, o SERC Brasil. Durante o treino de domingo, no primeiro momento foi [&hellip;]","og_url":"https:\/\/jornaltimoneiro.com.br\/index.php\/2019\/09\/19\/domingo-e-dia-de-ir-ver-as-gurias-do-oriente-no-campo-dos-eucaliptos\/","og_site_name":"O Timoneiro Jornal Canoas RS","article_publisher":"https:\/\/www.facebook.com\/jornaltimoneiro","article_published_time":"2019-09-19T14:35:54+00:00","article_modified_time":"2019-09-19T18:40:55+00:00","og_image":[{"width":1024,"height":683,"url":"https:\/\/jornaltimoneiro.com.br\/wp-content\/uploads\/2019\/09\/DSC0518-1024x683.jpg","type":"image\/jpeg"}],"author":"Reda\u00e7\u00e3o","twitter_card":"summary_large_image","twitter_creator":"@_OTimoneiro","twitter_site":"@_OTimoneiro","twitter_misc":{"Escrito por":"Reda\u00e7\u00e3o","Est. tempo de leitura":"2 minutos"},"schema":{"@context":"https:\/\/schema.org","@graph":[{"@type":"Article","@id":"https:\/\/jornaltimoneiro.com.br\/index.php\/2019\/09\/19\/domingo-e-dia-de-ir-ver-as-gurias-do-oriente-no-campo-dos-eucaliptos\/#article","isPartOf":{"@id":"https:\/\/jornaltimoneiro.com.br\/index.php\/2019\/09\/19\/domingo-e-dia-de-ir-ver-as-gurias-do-oriente-no-campo-dos-eucaliptos\/"},"author":{"name":"Reda\u00e7\u00e3o","@id":"https:\/\/jornaltimoneiro.com.br\/#\/schema\/person\/f63482f1a02b1a9592707865e509ab40"},"headline":"Domingo \u00e9 dia de ir ver as gurias do Oriente no Campo dos Eucaliptos","datePublished":"2019-09-19T14:35:54+00:00","dateModified":"2019-09-19T18:40:55+00:00","mainEntityOfPage":{"@id":"https:\/\/jornaltimoneiro.com.br\/index.php\/2019\/09\/19\/domingo-e-dia-de-ir-ver-as-gurias-do-oriente-no-campo-dos-eucaliptos\/"},"wordCount":376,"publisher":{"@id":"https:\/\/jornaltimoneiro.com.br\/#organization"},"articleSection":["Geral"],"inLanguage":"pt-BR"},{"@type":"WebPage","@id":"https:\/\/jornaltimoneiro.com.br\/index.php\/2019\/09\/19\/domingo-e-dia-de-ir-ver-as-gurias-do-oriente-no-campo-dos-eucaliptos\/","url":"https:\/\/jornaltimoneiro.com.br\/index.php\/2019\/09\/19\/domingo-e-dia-de-ir-ver-as-gurias-do-oriente-no-campo-dos-eucaliptos\/","name":"Domingo \u00e9 dia de ir ver as gurias do Oriente no Campo dos Eucaliptos - O Timoneiro Jornal Canoas RS","isPartOf":{"@id":"https:\/\/jornaltimoneiro.com.br\/#website"},"datePublished":"2019-09-19T14:35:54+00:00","dateModified":"2019-09-19T18:40:55+00:00","breadcrumb":{"@id":"https:\/\/jornaltimoneiro.com.br\/index.php\/2019\/09\/19\/domingo-e-dia-de-ir-ver-as-gurias-do-oriente-no-campo-dos-eucaliptos\/#breadcrumb"},"inLanguage":"pt-BR","potentialAction":[{"@type":"ReadAction","target":["https:\/\/jornaltimoneiro.com.br\/index.php\/2019\/09\/19\/domingo-e-dia-de-ir-ver-as-gurias-do-oriente-no-campo-dos-eucaliptos\/"]}]},{"@type":"BreadcrumbList","@id":"https:\/\/jornaltimoneiro.com.br\/index.php\/2019\/09\/19\/domingo-e-dia-de-ir-ver-as-gurias-do-oriente-no-campo-dos-eucaliptos\/#breadcrumb","itemListElement":[{"@type":"ListItem","position":1,"name":"In\u00edcio","item":"https:\/\/jornaltimoneiro.com.br\/"},{"@type":"ListItem","position":2,"name":"Domingo \u00e9 dia de ir ver as gurias do Oriente no Campo dos Eucaliptos"}]},{"@type":"WebSite","@id":"https:\/\/jornaltimoneiro.com.br\/#website","url":"https:\/\/jornaltimoneiro.com.br\/","name":"Jornal Timoneiro Canoas RS","description":"Jornal O Timoneiro, o verdadeiro jornal de Canoas","publisher":{"@id":"https:\/\/jornaltimoneiro.com.br\/#organization"},"potentialAction":[{"@type":"SearchAction","target":{"@type":"EntryPoint","urlTemplate":"https:\/\/jornaltimoneiro.com.br\/?s={search_term_string}"},"query-input":"required name=search_term_string"}],"inLanguage":"pt-BR"},{"@type":"Organization","@id":"https:\/\/jornaltimoneiro.com.br\/#organization","name":"Jornal Timoneiro Canoas RS","url":"https:\/\/jornaltimoneiro.com.br\/","logo":{"@type":"ImageObject","inLanguage":"pt-BR","@id":"https:\/\/jornaltimoneiro.com.br\/#\/schema\/logo\/image\/","url":"https:\/\/jornaltimoneiro.com.br\/wp-content\/uploads\/2023\/03\/logonovo.png","contentUrl":"https:\/\/jornaltimoneiro.com.br\/wp-content\/uploads\/2023\/03\/logonovo.png","width":"469","height":"171","caption":"Jornal Timoneiro Canoas RS"},"image":{"@id":"https:\/\/jornaltimoneiro.com.br\/#\/schema\/logo\/image\/"},"sameAs":["https:\/\/www.facebook.com\/jornaltimoneiro","https:\/\/twitter.com\/_OTimoneiro","https:\/\/www.instagram.com\/jornaltimoneirocanoas\/","https:\/\/www.youtube.com\/@jornalotimoneiro7927"]},{"@type":"Person","@id":"https:\/\/jornaltimoneiro.com.br\/#\/schema\/person\/f63482f1a02b1a9592707865e509ab40","name":"Reda\u00e7\u00e3o","image":{"@type":"ImageObject","inLanguage":"pt-BR","@id":"https:\/\/jornaltimoneiro.com.br\/#\/schema\/person\/image\/","url":"https:\/\/jornaltimoneiro.com.br\/wp-content\/uploads\/2023\/03\/download.jpeg","contentUrl":"https:\/\/jornaltimoneiro.com.br\/wp-content\/uploads\/2023\/03\/download.jpeg","caption":"Reda\u00e7\u00e3o"},"url":"https:\/\/jornaltimoneiro.com.br\/index.php\/author\/simone-dutra\/"}]}},"_links":{"self":[{"href":"https:\/\/jornaltimoneiro.com.br\/index.php\/wp-json\/wp\/v2\/posts\/14507"}],"collection":[{"href":"https:\/\/jornaltimoneiro.com.br\/index.php\/wp-json\/wp\/v2\/posts"}],"about":[{"href":"https:\/\/jornaltimoneiro.com.br\/index.php\/wp-json\/wp\/v2\/types\/post"}],"author":[{"embeddable":true,"href":"https:\/\/jornaltimoneiro.com.br\/index.php\/wp-json\/wp\/v2\/users\/2"}],"replies":[{"embeddable":true,"href":"https:\/\/jornaltimoneiro.com.br\/index.php\/wp-json\/wp\/v2\/comments?post=14507"}],"version-history":[{"count":0,"href":"https:\/\/jornaltimoneiro.com.br\/index.php\/wp-json\/wp\/v2\/posts\/14507\/revisions"}],"wp:featuredmedia":[{"embeddable":true,"href":"https:\/\/jornaltimoneiro.com.br\/index.php\/wp-json\/wp\/v2\/media\/14508"}],"wp:attachment":[{"href":"https:\/\/jornaltimoneiro.com.br\/index.php\/wp-json\/wp\/v2\/media?parent=14507"}],"wp:term":[{"taxonomy":"category","embeddable":true,"href":"https:\/\/jornaltimoneiro.com.br\/index.php\/wp-json\/wp\/v2\/categories?post=14507"},{"taxonomy":"post_tag","embeddable":true,"href":"https:\/\/jornaltimoneiro.com.br\/index.php\/wp-json\/wp\/v2\/tags?post=14507"}],"curies":[{"name":"wp","href":"https:\/\/api.w.org\/{rel}","templated":true}]}}