{"id":1448,"date":"2015-10-24T18:52:51","date_gmt":"2015-10-24T20:52:51","guid":{"rendered":"http:\/\/otimoneiro.com.br\/?p=1448"},"modified":"2015-10-24T18:52:51","modified_gmt":"2015-10-24T20:52:51","slug":"presidio-canoas-i-obras-de-acesso-ainda-vao-demorar-60-dias","status":"publish","type":"post","link":"https:\/\/jornaltimoneiro.com.br\/index.php\/2015\/10\/24\/presidio-canoas-i-obras-de-acesso-ainda-vao-demorar-60-dias\/","title":{"rendered":"Pres\u00eddio Canoas I: Obras de acesso ainda v\u00e3o demorar 60 dias"},"content":{"rendered":"<p>&nbsp;<\/p>\n<div id=\"attachment_1449\" style=\"width: 808px\" class=\"wp-caption aligncenter\"><a href=\"http:\/\/otimoneiro.com.br\/wp-content\/uploads\/2015\/10\/upload-20151023123738presidio_de_canoas.jpg\"><img decoding=\"async\" aria-describedby=\"caption-attachment-1449\" class=\" wp-image-1449\" src=\"http:\/\/otimoneiro.com.br\/wp-content\/uploads\/2015\/10\/upload-20151023123738presidio_de_canoas.jpg\" alt=\"Complexo Prisional de Canoas. Foto: Divulga\u00e7\u00e3o\/Ascom-SSP\" width=\"798\" height=\"532\" \/><\/a><p id=\"caption-attachment-1449\" class=\"wp-caption-text\">Complexo Prisional de Canoas. Foto: Divulga\u00e7\u00e3o\/Ascom-SSP<\/p><\/div>\n<p style=\"text-align: justify;\">Na sexta-feira, 23, o secret\u00e1rio da Seguran\u00e7a P\u00fablica do Estado, Wantuir Jacini, e o prefeito de Canoas, Jairo Jorge, definiram os \u00faltimos detalhes para a inaugura\u00e7\u00e3o do Pres\u00eddio Canoas I, obra realizada com recursos do governo do Estado. O local, que possui 393 vagas numa \u00e1rea de 5,1 mil m\u00b2, tem o custo total de R$ 18 milh\u00f5es as celas s\u00e3o constru\u00eddas em m\u00f3dulos pr\u00e9-fabricados, com concreto especial e \u00e0 prova de fogo.<\/p>\n<p style=\"text-align: justify;\">O governo do estado destaca que a Superintend\u00eancia dos Servi\u00e7os Penitenci\u00e1rios (Susepe) aguarda a finaliza\u00e7\u00e3o dos tr\u00e2mites burocr\u00e1ticos para instala\u00e7\u00e3o dos bloqueadores de sinal de telefonia celular. Jairo Jorge garantiu o t\u00e9rmino das obras de acesso dentro do prazo estipulado para a inaugura\u00e7\u00e3o de Canoas I, que \u00e9 de 60 dias. &#8220;Tudo o que estiver ao nosso alcance ser\u00e1 feito. Creio que poderemos cumprir plenamente com os prazos, garantindo aquilo que compete ao munic\u00edpio&#8221;, assegurou.<\/p>\n<p style=\"text-align: justify;\">\n<p style=\"text-align: justify;\"><strong>O Complexo Penitenci\u00e1rio<\/strong><\/p>\n<p style=\"text-align: justify;\">O Complexo Penitenci\u00e1rio de Canoas foi constru\u00eddo com recursos de financiamento junto ao Banco Nacional de Desenvolvimento Econ\u00f4mico e Social (BNDES). \u00c9 formado por tr\u00eas unidades isoladas, al\u00e9m de um complexo administrativo e de servi\u00e7os. As unidades s\u00e3o independentes entre si; t\u00eam acesso controlado e \u00fanico; e compostas por refeit\u00f3rio e vesti\u00e1rio para agentes penitenci\u00e1rios, setor de recep\u00e7\u00e3o e revista para visitantes, ala de inclus\u00e3o, ambulat\u00f3rio, salas de aula e ala carcer\u00e1ria com p\u00e1tios internos e espa\u00e7os para atividades variadas, como oficinas de trabalho. A estrutura custou R$ 100.571.495,24, e deve receber 2.808 detentos, sendo 2.352 em celas coletivas, 15 para portadores de necessidades especiais (PNE) e 48 vagas em celas individuais nas alas disciplinares.<\/p>\n<p style=\"text-align: justify;\">Segundo o Piratini, a \u00e1rea constru\u00edda de 30 mil m\u00b2 j\u00e1 est\u00e1 com o fornecimento de energia el\u00e9trica estabelecida pela empresa concession\u00e1ria. Jacini aponta que uma sele\u00e7\u00e3o ser\u00e1 feita nos escolhidos para integrar o nono Complexo Canoas. \u201cQueremos que Canoas seja refer\u00eancia em tratamento penal. Estamos realizando a triagem e a defini\u00e7\u00e3o do perfil dos apenados para termos, com anteced\u00eancia, o grupo que ir\u00e1 compor a popula\u00e7\u00e3o carcer\u00e1ria\u201d, ressaltou. O Plano de Preven\u00e7\u00e3o Contra Inc\u00eandios (PPCI) foi homologado e a unidade est\u00e1 equipada e mobiliada.<\/p>\n<p style=\"text-align: justify;\">\n","protected":false},"excerpt":{"rendered":"<p>Acesso deve ficar pronto em 60 dias. O Pres\u00eddio Canoas I \u00e9 o primeiro das quatro estruturas do Complexo<\/p>\n","protected":false},"author":1,"featured_media":1449,"comment_status":"open","ping_status":"open","sticky":false,"template":"","format":"standard","meta":{"amp_status":"","footnotes":""},"categories":[25,19,22,30,20],"tags":[],"class_list":["post-1448","post","type-post","status-publish","format-standard","has-post-thumbnail","hentry","category-comunidade","category-destaques","category-noticias","category-policial","category-politica-noticias"],"yoast_head":"<!-- This site is optimized with the Yoast SEO plugin v20.5 - https:\/\/yoast.com\/wordpress\/plugins\/seo\/ -->\n<title>Pres\u00eddio Canoas I: Obras de acesso ainda v\u00e3o demorar 60 dias - O Timoneiro Jornal Canoas RS<\/title>\n<meta name=\"robots\" content=\"index, follow, max-snippet:-1, max-image-preview:large, max-video-preview:-1\" \/>\n<link rel=\"canonical\" href=\"https:\/\/jornaltimoneiro.com.br\/index.php\/2015\/10\/24\/presidio-canoas-i-obras-de-acesso-ainda-vao-demorar-60-dias\/\" \/>\n<meta property=\"og:locale\" content=\"pt_BR\" \/>\n<meta property=\"og:type\" content=\"article\" \/>\n<meta property=\"og:title\" content=\"Pres\u00eddio Canoas I: Obras de acesso ainda v\u00e3o demorar 60 dias - O Timoneiro Jornal Canoas RS\" \/>\n<meta property=\"og:description\" content=\"Acesso deve ficar pronto em 60 dias. O Pres\u00eddio Canoas I \u00e9 o primeiro das quatro estruturas do Complexo\" \/>\n<meta property=\"og:url\" content=\"https:\/\/jornaltimoneiro.com.br\/index.php\/2015\/10\/24\/presidio-canoas-i-obras-de-acesso-ainda-vao-demorar-60-dias\/\" \/>\n<meta property=\"og:site_name\" content=\"O Timoneiro Jornal Canoas RS\" \/>\n<meta property=\"article:publisher\" content=\"https:\/\/www.facebook.com\/jornaltimoneiro\" \/>\n<meta property=\"article:published_time\" content=\"2015-10-24T20:52:51+00:00\" \/>\n<meta name=\"author\" content=\"Reda\u00e7\u00e3o\" \/>\n<meta name=\"twitter:card\" content=\"summary_large_image\" \/>\n<meta name=\"twitter:creator\" content=\"@_OTimoneiro\" \/>\n<meta name=\"twitter:site\" content=\"@_OTimoneiro\" \/>\n<meta name=\"twitter:label1\" content=\"Escrito por\" \/>\n\t<meta name=\"twitter:data1\" content=\"Reda\u00e7\u00e3o\" \/>\n\t<meta name=\"twitter:label2\" content=\"Est. tempo de leitura\" \/>\n\t<meta name=\"twitter:data2\" content=\"2 minutos\" \/>\n<script type=\"application\/ld+json\" class=\"yoast-schema-graph\">{\"@context\":\"https:\/\/schema.org\",\"@graph\":[{\"@type\":\"Article\",\"@id\":\"https:\/\/jornaltimoneiro.com.br\/index.php\/2015\/10\/24\/presidio-canoas-i-obras-de-acesso-ainda-vao-demorar-60-dias\/#article\",\"isPartOf\":{\"@id\":\"https:\/\/jornaltimoneiro.com.br\/index.php\/2015\/10\/24\/presidio-canoas-i-obras-de-acesso-ainda-vao-demorar-60-dias\/\"},\"author\":{\"name\":\"Reda\u00e7\u00e3o\",\"@id\":\"https:\/\/jornaltimoneiro.com.br\/#\/schema\/person\/620efd1d8244466117482be494360b08\"},\"headline\":\"Pres\u00eddio Canoas I: Obras de acesso ainda v\u00e3o demorar 60 dias\",\"datePublished\":\"2015-10-24T20:52:51+00:00\",\"dateModified\":\"2015-10-24T20:52:51+00:00\",\"mainEntityOfPage\":{\"@id\":\"https:\/\/jornaltimoneiro.com.br\/index.php\/2015\/10\/24\/presidio-canoas-i-obras-de-acesso-ainda-vao-demorar-60-dias\/\"},\"wordCount\":414,\"commentCount\":0,\"publisher\":{\"@id\":\"https:\/\/jornaltimoneiro.com.br\/#organization\"},\"articleSection\":[\"Comunidade\",\"Destaques\",\"Not\u00edcias\",\"Policial\",\"Pol\u00edtica\"],\"inLanguage\":\"pt-BR\",\"potentialAction\":[{\"@type\":\"CommentAction\",\"name\":\"Comment\",\"target\":[\"https:\/\/jornaltimoneiro.com.br\/index.php\/2015\/10\/24\/presidio-canoas-i-obras-de-acesso-ainda-vao-demorar-60-dias\/#respond\"]}]},{\"@type\":\"WebPage\",\"@id\":\"https:\/\/jornaltimoneiro.com.br\/index.php\/2015\/10\/24\/presidio-canoas-i-obras-de-acesso-ainda-vao-demorar-60-dias\/\",\"url\":\"https:\/\/jornaltimoneiro.com.br\/index.php\/2015\/10\/24\/presidio-canoas-i-obras-de-acesso-ainda-vao-demorar-60-dias\/\",\"name\":\"Pres\u00eddio Canoas I: Obras de acesso ainda v\u00e3o demorar 60 dias - O Timoneiro Jornal Canoas RS\",\"isPartOf\":{\"@id\":\"https:\/\/jornaltimoneiro.com.br\/#website\"},\"datePublished\":\"2015-10-24T20:52:51+00:00\",\"dateModified\":\"2015-10-24T20:52:51+00:00\",\"breadcrumb\":{\"@id\":\"https:\/\/jornaltimoneiro.com.br\/index.php\/2015\/10\/24\/presidio-canoas-i-obras-de-acesso-ainda-vao-demorar-60-dias\/#breadcrumb\"},\"inLanguage\":\"pt-BR\",\"potentialAction\":[{\"@type\":\"ReadAction\",\"target\":[\"https:\/\/jornaltimoneiro.com.br\/index.php\/2015\/10\/24\/presidio-canoas-i-obras-de-acesso-ainda-vao-demorar-60-dias\/\"]}]},{\"@type\":\"BreadcrumbList\",\"@id\":\"https:\/\/jornaltimoneiro.com.br\/index.php\/2015\/10\/24\/presidio-canoas-i-obras-de-acesso-ainda-vao-demorar-60-dias\/#breadcrumb\",\"itemListElement\":[{\"@type\":\"ListItem\",\"position\":1,\"name\":\"In\u00edcio\",\"item\":\"https:\/\/jornaltimoneiro.com.br\/\"},{\"@type\":\"ListItem\",\"position\":2,\"name\":\"Pres\u00eddio Canoas I: Obras de acesso ainda v\u00e3o demorar 60 dias\"}]},{\"@type\":\"WebSite\",\"@id\":\"https:\/\/jornaltimoneiro.com.br\/#website\",\"url\":\"https:\/\/jornaltimoneiro.com.br\/\",\"name\":\"Jornal Timoneiro Canoas RS\",\"description\":\"Jornal O Timoneiro, o verdadeiro jornal de Canoas\",\"publisher\":{\"@id\":\"https:\/\/jornaltimoneiro.com.br\/#organization\"},\"potentialAction\":[{\"@type\":\"SearchAction\",\"target\":{\"@type\":\"EntryPoint\",\"urlTemplate\":\"https:\/\/jornaltimoneiro.com.br\/?s={search_term_string}\"},\"query-input\":\"required name=search_term_string\"}],\"inLanguage\":\"pt-BR\"},{\"@type\":\"Organization\",\"@id\":\"https:\/\/jornaltimoneiro.com.br\/#organization\",\"name\":\"Jornal Timoneiro Canoas RS\",\"url\":\"https:\/\/jornaltimoneiro.com.br\/\",\"logo\":{\"@type\":\"ImageObject\",\"inLanguage\":\"pt-BR\",\"@id\":\"https:\/\/jornaltimoneiro.com.br\/#\/schema\/logo\/image\/\",\"url\":\"https:\/\/jornaltimoneiro.com.br\/wp-content\/uploads\/2023\/03\/logonovo.png\",\"contentUrl\":\"https:\/\/jornaltimoneiro.com.br\/wp-content\/uploads\/2023\/03\/logonovo.png\",\"width\":\"469\",\"height\":\"171\",\"caption\":\"Jornal Timoneiro Canoas RS\"},\"image\":{\"@id\":\"https:\/\/jornaltimoneiro.com.br\/#\/schema\/logo\/image\/\"},\"sameAs\":[\"https:\/\/www.facebook.com\/jornaltimoneiro\",\"https:\/\/twitter.com\/_OTimoneiro\",\"https:\/\/www.instagram.com\/jornaltimoneirocanoas\/\",\"https:\/\/www.youtube.com\/@jornalotimoneiro7927\"]},{\"@type\":\"Person\",\"@id\":\"https:\/\/jornaltimoneiro.com.br\/#\/schema\/person\/620efd1d8244466117482be494360b08\",\"name\":\"Reda\u00e7\u00e3o\",\"image\":{\"@type\":\"ImageObject\",\"inLanguage\":\"pt-BR\",\"@id\":\"https:\/\/jornaltimoneiro.com.br\/#\/schema\/person\/image\/\",\"url\":\"https:\/\/secure.gravatar.com\/avatar\/2f04e1b304682a8d9db336c7acd77f08?s=96&d=mm&r=g\",\"contentUrl\":\"https:\/\/secure.gravatar.com\/avatar\/2f04e1b304682a8d9db336c7acd77f08?s=96&d=mm&r=g\",\"caption\":\"Reda\u00e7\u00e3o\"},\"url\":\"https:\/\/jornaltimoneiro.com.br\/index.php\/author\/timoneirocanoas\/\"}]}<\/script>\n<!-- \/ Yoast SEO plugin. -->","yoast_head_json":{"title":"Pres\u00eddio Canoas I: Obras de acesso ainda v\u00e3o demorar 60 dias - O Timoneiro Jornal Canoas RS","robots":{"index":"index","follow":"follow","max-snippet":"max-snippet:-1","max-image-preview":"max-image-preview:large","max-video-preview":"max-video-preview:-1"},"canonical":"https:\/\/jornaltimoneiro.com.br\/index.php\/2015\/10\/24\/presidio-canoas-i-obras-de-acesso-ainda-vao-demorar-60-dias\/","og_locale":"pt_BR","og_type":"article","og_title":"Pres\u00eddio Canoas I: Obras de acesso ainda v\u00e3o demorar 60 dias - O Timoneiro Jornal Canoas RS","og_description":"Acesso deve ficar pronto em 60 dias. O Pres\u00eddio Canoas I \u00e9 o primeiro das quatro estruturas do Complexo","og_url":"https:\/\/jornaltimoneiro.com.br\/index.php\/2015\/10\/24\/presidio-canoas-i-obras-de-acesso-ainda-vao-demorar-60-dias\/","og_site_name":"O Timoneiro Jornal Canoas RS","article_publisher":"https:\/\/www.facebook.com\/jornaltimoneiro","article_published_time":"2015-10-24T20:52:51+00:00","author":"Reda\u00e7\u00e3o","twitter_card":"summary_large_image","twitter_creator":"@_OTimoneiro","twitter_site":"@_OTimoneiro","twitter_misc":{"Escrito por":"Reda\u00e7\u00e3o","Est. tempo de leitura":"2 minutos"},"schema":{"@context":"https:\/\/schema.org","@graph":[{"@type":"Article","@id":"https:\/\/jornaltimoneiro.com.br\/index.php\/2015\/10\/24\/presidio-canoas-i-obras-de-acesso-ainda-vao-demorar-60-dias\/#article","isPartOf":{"@id":"https:\/\/jornaltimoneiro.com.br\/index.php\/2015\/10\/24\/presidio-canoas-i-obras-de-acesso-ainda-vao-demorar-60-dias\/"},"author":{"name":"Reda\u00e7\u00e3o","@id":"https:\/\/jornaltimoneiro.com.br\/#\/schema\/person\/620efd1d8244466117482be494360b08"},"headline":"Pres\u00eddio Canoas I: Obras de acesso ainda v\u00e3o demorar 60 dias","datePublished":"2015-10-24T20:52:51+00:00","dateModified":"2015-10-24T20:52:51+00:00","mainEntityOfPage":{"@id":"https:\/\/jornaltimoneiro.com.br\/index.php\/2015\/10\/24\/presidio-canoas-i-obras-de-acesso-ainda-vao-demorar-60-dias\/"},"wordCount":414,"commentCount":0,"publisher":{"@id":"https:\/\/jornaltimoneiro.com.br\/#organization"},"articleSection":["Comunidade","Destaques","Not\u00edcias","Policial","Pol\u00edtica"],"inLanguage":"pt-BR","potentialAction":[{"@type":"CommentAction","name":"Comment","target":["https:\/\/jornaltimoneiro.com.br\/index.php\/2015\/10\/24\/presidio-canoas-i-obras-de-acesso-ainda-vao-demorar-60-dias\/#respond"]}]},{"@type":"WebPage","@id":"https:\/\/jornaltimoneiro.com.br\/index.php\/2015\/10\/24\/presidio-canoas-i-obras-de-acesso-ainda-vao-demorar-60-dias\/","url":"https:\/\/jornaltimoneiro.com.br\/index.php\/2015\/10\/24\/presidio-canoas-i-obras-de-acesso-ainda-vao-demorar-60-dias\/","name":"Pres\u00eddio Canoas I: Obras de acesso ainda v\u00e3o demorar 60 dias - O Timoneiro Jornal Canoas RS","isPartOf":{"@id":"https:\/\/jornaltimoneiro.com.br\/#website"},"datePublished":"2015-10-24T20:52:51+00:00","dateModified":"2015-10-24T20:52:51+00:00","breadcrumb":{"@id":"https:\/\/jornaltimoneiro.com.br\/index.php\/2015\/10\/24\/presidio-canoas-i-obras-de-acesso-ainda-vao-demorar-60-dias\/#breadcrumb"},"inLanguage":"pt-BR","potentialAction":[{"@type":"ReadAction","target":["https:\/\/jornaltimoneiro.com.br\/index.php\/2015\/10\/24\/presidio-canoas-i-obras-de-acesso-ainda-vao-demorar-60-dias\/"]}]},{"@type":"BreadcrumbList","@id":"https:\/\/jornaltimoneiro.com.br\/index.php\/2015\/10\/24\/presidio-canoas-i-obras-de-acesso-ainda-vao-demorar-60-dias\/#breadcrumb","itemListElement":[{"@type":"ListItem","position":1,"name":"In\u00edcio","item":"https:\/\/jornaltimoneiro.com.br\/"},{"@type":"ListItem","position":2,"name":"Pres\u00eddio Canoas I: Obras de acesso ainda v\u00e3o demorar 60 dias"}]},{"@type":"WebSite","@id":"https:\/\/jornaltimoneiro.com.br\/#website","url":"https:\/\/jornaltimoneiro.com.br\/","name":"Jornal Timoneiro Canoas RS","description":"Jornal O Timoneiro, o verdadeiro jornal de Canoas","publisher":{"@id":"https:\/\/jornaltimoneiro.com.br\/#organization"},"potentialAction":[{"@type":"SearchAction","target":{"@type":"EntryPoint","urlTemplate":"https:\/\/jornaltimoneiro.com.br\/?s={search_term_string}"},"query-input":"required name=search_term_string"}],"inLanguage":"pt-BR"},{"@type":"Organization","@id":"https:\/\/jornaltimoneiro.com.br\/#organization","name":"Jornal Timoneiro Canoas RS","url":"https:\/\/jornaltimoneiro.com.br\/","logo":{"@type":"ImageObject","inLanguage":"pt-BR","@id":"https:\/\/jornaltimoneiro.com.br\/#\/schema\/logo\/image\/","url":"https:\/\/jornaltimoneiro.com.br\/wp-content\/uploads\/2023\/03\/logonovo.png","contentUrl":"https:\/\/jornaltimoneiro.com.br\/wp-content\/uploads\/2023\/03\/logonovo.png","width":"469","height":"171","caption":"Jornal Timoneiro Canoas RS"},"image":{"@id":"https:\/\/jornaltimoneiro.com.br\/#\/schema\/logo\/image\/"},"sameAs":["https:\/\/www.facebook.com\/jornaltimoneiro","https:\/\/twitter.com\/_OTimoneiro","https:\/\/www.instagram.com\/jornaltimoneirocanoas\/","https:\/\/www.youtube.com\/@jornalotimoneiro7927"]},{"@type":"Person","@id":"https:\/\/jornaltimoneiro.com.br\/#\/schema\/person\/620efd1d8244466117482be494360b08","name":"Reda\u00e7\u00e3o","image":{"@type":"ImageObject","inLanguage":"pt-BR","@id":"https:\/\/jornaltimoneiro.com.br\/#\/schema\/person\/image\/","url":"https:\/\/secure.gravatar.com\/avatar\/2f04e1b304682a8d9db336c7acd77f08?s=96&d=mm&r=g","contentUrl":"https:\/\/secure.gravatar.com\/avatar\/2f04e1b304682a8d9db336c7acd77f08?s=96&d=mm&r=g","caption":"Reda\u00e7\u00e3o"},"url":"https:\/\/jornaltimoneiro.com.br\/index.php\/author\/timoneirocanoas\/"}]}},"_links":{"self":[{"href":"https:\/\/jornaltimoneiro.com.br\/index.php\/wp-json\/wp\/v2\/posts\/1448"}],"collection":[{"href":"https:\/\/jornaltimoneiro.com.br\/index.php\/wp-json\/wp\/v2\/posts"}],"about":[{"href":"https:\/\/jornaltimoneiro.com.br\/index.php\/wp-json\/wp\/v2\/types\/post"}],"author":[{"embeddable":true,"href":"https:\/\/jornaltimoneiro.com.br\/index.php\/wp-json\/wp\/v2\/users\/1"}],"replies":[{"embeddable":true,"href":"https:\/\/jornaltimoneiro.com.br\/index.php\/wp-json\/wp\/v2\/comments?post=1448"}],"version-history":[{"count":0,"href":"https:\/\/jornaltimoneiro.com.br\/index.php\/wp-json\/wp\/v2\/posts\/1448\/revisions"}],"wp:featuredmedia":[{"embeddable":true,"href":"https:\/\/jornaltimoneiro.com.br\/index.php\/wp-json\/"}],"wp:attachment":[{"href":"https:\/\/jornaltimoneiro.com.br\/index.php\/wp-json\/wp\/v2\/media?parent=1448"}],"wp:term":[{"taxonomy":"category","embeddable":true,"href":"https:\/\/jornaltimoneiro.com.br\/index.php\/wp-json\/wp\/v2\/categories?post=1448"},{"taxonomy":"post_tag","embeddable":true,"href":"https:\/\/jornaltimoneiro.com.br\/index.php\/wp-json\/wp\/v2\/tags?post=1448"}],"curies":[{"name":"wp","href":"https:\/\/api.w.org\/{rel}","templated":true}]}}