{"id":1446,"date":"2015-10-23T19:37:26","date_gmt":"2015-10-23T21:37:26","guid":{"rendered":"http:\/\/otimoneiro.com.br\/?p=1446"},"modified":"2015-10-23T19:37:26","modified_gmt":"2015-10-23T21:37:26","slug":"liberacao-do-fgts-para-atingidos-por-temporais-so-em-16-de-novembro","status":"publish","type":"post","link":"https:\/\/jornaltimoneiro.com.br\/index.php\/2015\/10\/23\/liberacao-do-fgts-para-atingidos-por-temporais-so-em-16-de-novembro\/","title":{"rendered":"Libera\u00e7\u00e3o do FGTS para atingidos por temporais s\u00f3 em 16 de novembro"},"content":{"rendered":"<div id=\"attachment_1356\" style=\"width: 830px\" class=\"wp-caption aligncenter\"><a href=\"http:\/\/otimoneiro.com.br\/wp-content\/uploads\/2015\/10\/DSC5940.jpg\"><img decoding=\"async\" aria-describedby=\"caption-attachment-1356\" class=\" wp-image-1356\" src=\"http:\/\/otimoneiro.com.br\/wp-content\/uploads\/2015\/10\/DSC5940-1024x683.jpg\" alt=\"O bairro Niter\u00f3i ficou alagado. A casa de bombas do bairro n\u00e3o foi ligada por falta de energia el\u00e9trica. Foto: Bruno Lara\/OT\" width=\"820\" height=\"546\" \/><\/a><p id=\"caption-attachment-1356\" class=\"wp-caption-text\">O bairro Niter\u00f3i ficou alagado. A casa de bombas do bairro n\u00e3o foi ligada por falta de energia el\u00e9trica. Foto: Bruno Lara\/OT<\/p><\/div>\n<p style=\"text-align: justify;\">A Prefeitura Municipal de Canoas (PMC) se reuniu nesta sexta-feira, 23, com representantes da Caixa Econ\u00f4mica Federal (CEF) com o intuito de alinhar os procedimentos que possibilitar\u00e3o a movimenta\u00e7\u00e3o do Fundo de Garantia por Tempo de Servi\u00e7o (FGTS), por parte daqueles que tiveram suas casas atingidas pelos temporais e cheias no munic\u00edpio.<\/p>\n<p style=\"text-align: justify;\">Segundo a PMC, tem direito ao fundo, \u201cos trabalhadores com carteira assinada e que possu\u00edrem conta de FGTS com saldo; e que a sua resid\u00eancia tenha sofrido danos materiais, em virtude dos temporais, e esteja dentro da \u00e1rea afetada\u201d. As quest\u00f5es ainda est\u00e3o sendo detalhas entre a atual administra\u00e7\u00e3o e a Caixa. \u00a0Os pontos de atendimento tamb\u00e9m ainda n\u00e3o foram definidos. \u201cA expectativa da Caixa \u00e9 de que este atendimento tenha in\u00edcio no pr\u00f3ximo dia 16 de novembro\u201d, lembra o \u00f3rg\u00e3o.<\/p>\n<p style=\"text-align: justify;\">Para retirar o Fundo \u00e9 importante que os interessados providenciem desde j\u00e1 a documenta\u00e7\u00e3o necess\u00e1ria (c\u00f3pias e originais), que consiste:<\/p>\n<ol style=\"text-align: justify;\">\n<li>a) documento de identifica\u00e7\u00e3o pessoal;<\/li>\n<li>b) carteira de trabalho comprovando o v\u00ednculo empregat\u00edcio;<\/li>\n<li>c) n\u00famero do PIS\/PASEP\/NIS;<\/li>\n<li>d) comprovante de resid\u00eancia na \u00e1rea atingida pelo desastre.<\/li>\n<\/ol>\n<p style=\"text-align: justify;\">A Caixa Econ\u00f4mica Federal solicita\u00a0 ao trabalhador que ainda n\u00e3o possui o Cart\u00e3o do Cidad\u00e3o, que realize o pedido atrav\u00e9s do telefone 0800 726 0207, op\u00e7\u00e3o 5, seguido da op\u00e7\u00e3o 3, para possibilitar os saques nas casas lot\u00e9ricas ou caixas eletr\u00f4nicos, ap\u00f3s o encaminhamento do FGTS, para valores de at\u00e9 R$ 1,5 mil.<\/p>\n<p style=\"text-align: justify;\">\n<p style=\"text-align: justify;\"><strong>Menos afetados<\/strong><\/p>\n<p style=\"text-align: justify;\">Nos bairros onde os estragos foram parciais, o trabalhador ter\u00e1 de procurar a Defesa Civil de Canoas para obter um laudo de reconhecimento, de posse da documenta\u00e7\u00e3o acima e comprova\u00e7\u00e3o dos estragos na sua resid\u00eancia, como por exemplo: fotos e notas fiscais de compras de telhas ou lonas. A Defesa Civil receber\u00e1 estes processos a partir do pr\u00f3ximo dia 29 de outubro em sua sede, na rua Bandeirantes, 450.<\/p>\n<p style=\"text-align: justify;\">\n<p style=\"text-align: justify;\"><strong>Decreto reconhecido<\/strong><\/p>\n<p style=\"text-align: justify;\">O Minist\u00e9rio da Integra\u00e7\u00e3o Nacional reconheceu, na quinta-feira, 22, o decreto de Situa\u00e7\u00e3o de Emerg\u00eancia assinado pelo prefeito municipal Jairo Jorge no \u00faltimo dia 15 em raz\u00e3o dos estragos causados pelas chuvas e cheias em Canoas. A publica\u00e7\u00e3o no Di\u00e1rio Oficial da Uni\u00e3o foi feita nesta sexta-feira, 23.<\/p>\n","protected":false},"excerpt":{"rendered":"<p>A Prefeitura Municipal de Canoas (PMC) se reuniu nesta sexta-feira, 23, com representantes da Caixa Econ\u00f4mica Federal (CEF) com o intuito de alinhar os procedimentos que possibilitar\u00e3o a movimenta\u00e7\u00e3o do Fundo de Garantia por Tempo de Servi\u00e7o (FGTS), por parte daqueles que tiveram suas casas atingidas pelos temporais e cheias no munic\u00edpio. Segundo a PMC, [&hellip;]<\/p>\n","protected":false},"author":1,"featured_media":0,"comment_status":"open","ping_status":"open","sticky":false,"template":"","format":"standard","meta":{"amp_status":"","footnotes":""},"categories":[25,19,29,22,20],"tags":[],"class_list":["post-1446","post","type-post","status-publish","format-standard","hentry","category-comunidade","category-destaques","category-meio-ambiente","category-noticias","category-politica-noticias"],"yoast_head":"<!-- This site is optimized with the Yoast SEO plugin v20.5 - https:\/\/yoast.com\/wordpress\/plugins\/seo\/ -->\n<title>Libera\u00e7\u00e3o do FGTS para atingidos por temporais s\u00f3 em 16 de novembro - O Timoneiro Jornal Canoas RS<\/title>\n<meta name=\"robots\" content=\"index, follow, max-snippet:-1, max-image-preview:large, max-video-preview:-1\" \/>\n<link rel=\"canonical\" href=\"https:\/\/jornaltimoneiro.com.br\/index.php\/2015\/10\/23\/liberacao-do-fgts-para-atingidos-por-temporais-so-em-16-de-novembro\/\" \/>\n<meta property=\"og:locale\" content=\"pt_BR\" \/>\n<meta property=\"og:type\" content=\"article\" \/>\n<meta property=\"og:title\" content=\"Libera\u00e7\u00e3o do FGTS para atingidos por temporais s\u00f3 em 16 de novembro - O Timoneiro Jornal Canoas RS\" \/>\n<meta property=\"og:description\" content=\"A Prefeitura Municipal de Canoas (PMC) se reuniu nesta sexta-feira, 23, com representantes da Caixa Econ\u00f4mica Federal (CEF) com o intuito de alinhar os procedimentos que possibilitar\u00e3o a movimenta\u00e7\u00e3o do Fundo de Garantia por Tempo de Servi\u00e7o (FGTS), por parte daqueles que tiveram suas casas atingidas pelos temporais e cheias no munic\u00edpio. Segundo a PMC, [&hellip;]\" \/>\n<meta property=\"og:url\" content=\"https:\/\/jornaltimoneiro.com.br\/index.php\/2015\/10\/23\/liberacao-do-fgts-para-atingidos-por-temporais-so-em-16-de-novembro\/\" \/>\n<meta property=\"og:site_name\" content=\"O Timoneiro Jornal Canoas RS\" \/>\n<meta property=\"article:publisher\" content=\"https:\/\/www.facebook.com\/jornaltimoneiro\" \/>\n<meta property=\"article:published_time\" content=\"2015-10-23T21:37:26+00:00\" \/>\n<meta property=\"og:image\" content=\"http:\/\/otimoneiro.com.br\/wp-content\/uploads\/2015\/10\/DSC5940-1024x683.jpg\" \/>\n<meta name=\"author\" content=\"Reda\u00e7\u00e3o\" \/>\n<meta name=\"twitter:card\" content=\"summary_large_image\" \/>\n<meta name=\"twitter:creator\" content=\"@_OTimoneiro\" \/>\n<meta name=\"twitter:site\" content=\"@_OTimoneiro\" \/>\n<meta name=\"twitter:label1\" content=\"Escrito por\" \/>\n\t<meta name=\"twitter:data1\" content=\"Reda\u00e7\u00e3o\" \/>\n\t<meta name=\"twitter:label2\" content=\"Est. tempo de leitura\" \/>\n\t<meta name=\"twitter:data2\" content=\"2 minutos\" \/>\n<script type=\"application\/ld+json\" class=\"yoast-schema-graph\">{\"@context\":\"https:\/\/schema.org\",\"@graph\":[{\"@type\":\"Article\",\"@id\":\"https:\/\/jornaltimoneiro.com.br\/index.php\/2015\/10\/23\/liberacao-do-fgts-para-atingidos-por-temporais-so-em-16-de-novembro\/#article\",\"isPartOf\":{\"@id\":\"https:\/\/jornaltimoneiro.com.br\/index.php\/2015\/10\/23\/liberacao-do-fgts-para-atingidos-por-temporais-so-em-16-de-novembro\/\"},\"author\":{\"name\":\"Reda\u00e7\u00e3o\",\"@id\":\"https:\/\/jornaltimoneiro.com.br\/#\/schema\/person\/620efd1d8244466117482be494360b08\"},\"headline\":\"Libera\u00e7\u00e3o do FGTS para atingidos por temporais s\u00f3 em 16 de novembro\",\"datePublished\":\"2015-10-23T21:37:26+00:00\",\"dateModified\":\"2015-10-23T21:37:26+00:00\",\"mainEntityOfPage\":{\"@id\":\"https:\/\/jornaltimoneiro.com.br\/index.php\/2015\/10\/23\/liberacao-do-fgts-para-atingidos-por-temporais-so-em-16-de-novembro\/\"},\"wordCount\":430,\"commentCount\":0,\"publisher\":{\"@id\":\"https:\/\/jornaltimoneiro.com.br\/#organization\"},\"articleSection\":[\"Comunidade\",\"Destaques\",\"Meio Ambiente\",\"Not\u00edcias\",\"Pol\u00edtica\"],\"inLanguage\":\"pt-BR\",\"potentialAction\":[{\"@type\":\"CommentAction\",\"name\":\"Comment\",\"target\":[\"https:\/\/jornaltimoneiro.com.br\/index.php\/2015\/10\/23\/liberacao-do-fgts-para-atingidos-por-temporais-so-em-16-de-novembro\/#respond\"]}]},{\"@type\":\"WebPage\",\"@id\":\"https:\/\/jornaltimoneiro.com.br\/index.php\/2015\/10\/23\/liberacao-do-fgts-para-atingidos-por-temporais-so-em-16-de-novembro\/\",\"url\":\"https:\/\/jornaltimoneiro.com.br\/index.php\/2015\/10\/23\/liberacao-do-fgts-para-atingidos-por-temporais-so-em-16-de-novembro\/\",\"name\":\"Libera\u00e7\u00e3o do FGTS para atingidos por temporais s\u00f3 em 16 de novembro - O Timoneiro Jornal Canoas RS\",\"isPartOf\":{\"@id\":\"https:\/\/jornaltimoneiro.com.br\/#website\"},\"datePublished\":\"2015-10-23T21:37:26+00:00\",\"dateModified\":\"2015-10-23T21:37:26+00:00\",\"breadcrumb\":{\"@id\":\"https:\/\/jornaltimoneiro.com.br\/index.php\/2015\/10\/23\/liberacao-do-fgts-para-atingidos-por-temporais-so-em-16-de-novembro\/#breadcrumb\"},\"inLanguage\":\"pt-BR\",\"potentialAction\":[{\"@type\":\"ReadAction\",\"target\":[\"https:\/\/jornaltimoneiro.com.br\/index.php\/2015\/10\/23\/liberacao-do-fgts-para-atingidos-por-temporais-so-em-16-de-novembro\/\"]}]},{\"@type\":\"BreadcrumbList\",\"@id\":\"https:\/\/jornaltimoneiro.com.br\/index.php\/2015\/10\/23\/liberacao-do-fgts-para-atingidos-por-temporais-so-em-16-de-novembro\/#breadcrumb\",\"itemListElement\":[{\"@type\":\"ListItem\",\"position\":1,\"name\":\"In\u00edcio\",\"item\":\"https:\/\/jornaltimoneiro.com.br\/\"},{\"@type\":\"ListItem\",\"position\":2,\"name\":\"Libera\u00e7\u00e3o do FGTS para atingidos por temporais s\u00f3 em 16 de novembro\"}]},{\"@type\":\"WebSite\",\"@id\":\"https:\/\/jornaltimoneiro.com.br\/#website\",\"url\":\"https:\/\/jornaltimoneiro.com.br\/\",\"name\":\"Jornal Timoneiro Canoas RS\",\"description\":\"Jornal O Timoneiro, o verdadeiro jornal de Canoas\",\"publisher\":{\"@id\":\"https:\/\/jornaltimoneiro.com.br\/#organization\"},\"potentialAction\":[{\"@type\":\"SearchAction\",\"target\":{\"@type\":\"EntryPoint\",\"urlTemplate\":\"https:\/\/jornaltimoneiro.com.br\/?s={search_term_string}\"},\"query-input\":\"required name=search_term_string\"}],\"inLanguage\":\"pt-BR\"},{\"@type\":\"Organization\",\"@id\":\"https:\/\/jornaltimoneiro.com.br\/#organization\",\"name\":\"Jornal Timoneiro Canoas RS\",\"url\":\"https:\/\/jornaltimoneiro.com.br\/\",\"logo\":{\"@type\":\"ImageObject\",\"inLanguage\":\"pt-BR\",\"@id\":\"https:\/\/jornaltimoneiro.com.br\/#\/schema\/logo\/image\/\",\"url\":\"https:\/\/jornaltimoneiro.com.br\/wp-content\/uploads\/2023\/03\/logonovo.png\",\"contentUrl\":\"https:\/\/jornaltimoneiro.com.br\/wp-content\/uploads\/2023\/03\/logonovo.png\",\"width\":\"469\",\"height\":\"171\",\"caption\":\"Jornal Timoneiro Canoas RS\"},\"image\":{\"@id\":\"https:\/\/jornaltimoneiro.com.br\/#\/schema\/logo\/image\/\"},\"sameAs\":[\"https:\/\/www.facebook.com\/jornaltimoneiro\",\"https:\/\/twitter.com\/_OTimoneiro\",\"https:\/\/www.instagram.com\/jornaltimoneirocanoas\/\",\"https:\/\/www.youtube.com\/@jornalotimoneiro7927\"]},{\"@type\":\"Person\",\"@id\":\"https:\/\/jornaltimoneiro.com.br\/#\/schema\/person\/620efd1d8244466117482be494360b08\",\"name\":\"Reda\u00e7\u00e3o\",\"image\":{\"@type\":\"ImageObject\",\"inLanguage\":\"pt-BR\",\"@id\":\"https:\/\/jornaltimoneiro.com.br\/#\/schema\/person\/image\/\",\"url\":\"https:\/\/secure.gravatar.com\/avatar\/2f04e1b304682a8d9db336c7acd77f08?s=96&d=mm&r=g\",\"contentUrl\":\"https:\/\/secure.gravatar.com\/avatar\/2f04e1b304682a8d9db336c7acd77f08?s=96&d=mm&r=g\",\"caption\":\"Reda\u00e7\u00e3o\"},\"url\":\"https:\/\/jornaltimoneiro.com.br\/index.php\/author\/timoneirocanoas\/\"}]}<\/script>\n<!-- \/ Yoast SEO plugin. -->","yoast_head_json":{"title":"Libera\u00e7\u00e3o do FGTS para atingidos por temporais s\u00f3 em 16 de novembro - O Timoneiro Jornal Canoas RS","robots":{"index":"index","follow":"follow","max-snippet":"max-snippet:-1","max-image-preview":"max-image-preview:large","max-video-preview":"max-video-preview:-1"},"canonical":"https:\/\/jornaltimoneiro.com.br\/index.php\/2015\/10\/23\/liberacao-do-fgts-para-atingidos-por-temporais-so-em-16-de-novembro\/","og_locale":"pt_BR","og_type":"article","og_title":"Libera\u00e7\u00e3o do FGTS para atingidos por temporais s\u00f3 em 16 de novembro - O Timoneiro Jornal Canoas RS","og_description":"A Prefeitura Municipal de Canoas (PMC) se reuniu nesta sexta-feira, 23, com representantes da Caixa Econ\u00f4mica Federal (CEF) com o intuito de alinhar os procedimentos que possibilitar\u00e3o a movimenta\u00e7\u00e3o do Fundo de Garantia por Tempo de Servi\u00e7o (FGTS), por parte daqueles que tiveram suas casas atingidas pelos temporais e cheias no munic\u00edpio. Segundo a PMC, [&hellip;]","og_url":"https:\/\/jornaltimoneiro.com.br\/index.php\/2015\/10\/23\/liberacao-do-fgts-para-atingidos-por-temporais-so-em-16-de-novembro\/","og_site_name":"O Timoneiro Jornal Canoas RS","article_publisher":"https:\/\/www.facebook.com\/jornaltimoneiro","article_published_time":"2015-10-23T21:37:26+00:00","og_image":[{"url":"http:\/\/otimoneiro.com.br\/wp-content\/uploads\/2015\/10\/DSC5940-1024x683.jpg"}],"author":"Reda\u00e7\u00e3o","twitter_card":"summary_large_image","twitter_creator":"@_OTimoneiro","twitter_site":"@_OTimoneiro","twitter_misc":{"Escrito por":"Reda\u00e7\u00e3o","Est. tempo de leitura":"2 minutos"},"schema":{"@context":"https:\/\/schema.org","@graph":[{"@type":"Article","@id":"https:\/\/jornaltimoneiro.com.br\/index.php\/2015\/10\/23\/liberacao-do-fgts-para-atingidos-por-temporais-so-em-16-de-novembro\/#article","isPartOf":{"@id":"https:\/\/jornaltimoneiro.com.br\/index.php\/2015\/10\/23\/liberacao-do-fgts-para-atingidos-por-temporais-so-em-16-de-novembro\/"},"author":{"name":"Reda\u00e7\u00e3o","@id":"https:\/\/jornaltimoneiro.com.br\/#\/schema\/person\/620efd1d8244466117482be494360b08"},"headline":"Libera\u00e7\u00e3o do FGTS para atingidos por temporais s\u00f3 em 16 de novembro","datePublished":"2015-10-23T21:37:26+00:00","dateModified":"2015-10-23T21:37:26+00:00","mainEntityOfPage":{"@id":"https:\/\/jornaltimoneiro.com.br\/index.php\/2015\/10\/23\/liberacao-do-fgts-para-atingidos-por-temporais-so-em-16-de-novembro\/"},"wordCount":430,"commentCount":0,"publisher":{"@id":"https:\/\/jornaltimoneiro.com.br\/#organization"},"articleSection":["Comunidade","Destaques","Meio Ambiente","Not\u00edcias","Pol\u00edtica"],"inLanguage":"pt-BR","potentialAction":[{"@type":"CommentAction","name":"Comment","target":["https:\/\/jornaltimoneiro.com.br\/index.php\/2015\/10\/23\/liberacao-do-fgts-para-atingidos-por-temporais-so-em-16-de-novembro\/#respond"]}]},{"@type":"WebPage","@id":"https:\/\/jornaltimoneiro.com.br\/index.php\/2015\/10\/23\/liberacao-do-fgts-para-atingidos-por-temporais-so-em-16-de-novembro\/","url":"https:\/\/jornaltimoneiro.com.br\/index.php\/2015\/10\/23\/liberacao-do-fgts-para-atingidos-por-temporais-so-em-16-de-novembro\/","name":"Libera\u00e7\u00e3o do FGTS para atingidos por temporais s\u00f3 em 16 de novembro - O Timoneiro Jornal Canoas RS","isPartOf":{"@id":"https:\/\/jornaltimoneiro.com.br\/#website"},"datePublished":"2015-10-23T21:37:26+00:00","dateModified":"2015-10-23T21:37:26+00:00","breadcrumb":{"@id":"https:\/\/jornaltimoneiro.com.br\/index.php\/2015\/10\/23\/liberacao-do-fgts-para-atingidos-por-temporais-so-em-16-de-novembro\/#breadcrumb"},"inLanguage":"pt-BR","potentialAction":[{"@type":"ReadAction","target":["https:\/\/jornaltimoneiro.com.br\/index.php\/2015\/10\/23\/liberacao-do-fgts-para-atingidos-por-temporais-so-em-16-de-novembro\/"]}]},{"@type":"BreadcrumbList","@id":"https:\/\/jornaltimoneiro.com.br\/index.php\/2015\/10\/23\/liberacao-do-fgts-para-atingidos-por-temporais-so-em-16-de-novembro\/#breadcrumb","itemListElement":[{"@type":"ListItem","position":1,"name":"In\u00edcio","item":"https:\/\/jornaltimoneiro.com.br\/"},{"@type":"ListItem","position":2,"name":"Libera\u00e7\u00e3o do FGTS para atingidos por temporais s\u00f3 em 16 de novembro"}]},{"@type":"WebSite","@id":"https:\/\/jornaltimoneiro.com.br\/#website","url":"https:\/\/jornaltimoneiro.com.br\/","name":"Jornal Timoneiro Canoas RS","description":"Jornal O Timoneiro, o verdadeiro jornal de Canoas","publisher":{"@id":"https:\/\/jornaltimoneiro.com.br\/#organization"},"potentialAction":[{"@type":"SearchAction","target":{"@type":"EntryPoint","urlTemplate":"https:\/\/jornaltimoneiro.com.br\/?s={search_term_string}"},"query-input":"required name=search_term_string"}],"inLanguage":"pt-BR"},{"@type":"Organization","@id":"https:\/\/jornaltimoneiro.com.br\/#organization","name":"Jornal Timoneiro Canoas RS","url":"https:\/\/jornaltimoneiro.com.br\/","logo":{"@type":"ImageObject","inLanguage":"pt-BR","@id":"https:\/\/jornaltimoneiro.com.br\/#\/schema\/logo\/image\/","url":"https:\/\/jornaltimoneiro.com.br\/wp-content\/uploads\/2023\/03\/logonovo.png","contentUrl":"https:\/\/jornaltimoneiro.com.br\/wp-content\/uploads\/2023\/03\/logonovo.png","width":"469","height":"171","caption":"Jornal Timoneiro Canoas RS"},"image":{"@id":"https:\/\/jornaltimoneiro.com.br\/#\/schema\/logo\/image\/"},"sameAs":["https:\/\/www.facebook.com\/jornaltimoneiro","https:\/\/twitter.com\/_OTimoneiro","https:\/\/www.instagram.com\/jornaltimoneirocanoas\/","https:\/\/www.youtube.com\/@jornalotimoneiro7927"]},{"@type":"Person","@id":"https:\/\/jornaltimoneiro.com.br\/#\/schema\/person\/620efd1d8244466117482be494360b08","name":"Reda\u00e7\u00e3o","image":{"@type":"ImageObject","inLanguage":"pt-BR","@id":"https:\/\/jornaltimoneiro.com.br\/#\/schema\/person\/image\/","url":"https:\/\/secure.gravatar.com\/avatar\/2f04e1b304682a8d9db336c7acd77f08?s=96&d=mm&r=g","contentUrl":"https:\/\/secure.gravatar.com\/avatar\/2f04e1b304682a8d9db336c7acd77f08?s=96&d=mm&r=g","caption":"Reda\u00e7\u00e3o"},"url":"https:\/\/jornaltimoneiro.com.br\/index.php\/author\/timoneirocanoas\/"}]}},"_links":{"self":[{"href":"https:\/\/jornaltimoneiro.com.br\/index.php\/wp-json\/wp\/v2\/posts\/1446"}],"collection":[{"href":"https:\/\/jornaltimoneiro.com.br\/index.php\/wp-json\/wp\/v2\/posts"}],"about":[{"href":"https:\/\/jornaltimoneiro.com.br\/index.php\/wp-json\/wp\/v2\/types\/post"}],"author":[{"embeddable":true,"href":"https:\/\/jornaltimoneiro.com.br\/index.php\/wp-json\/wp\/v2\/users\/1"}],"replies":[{"embeddable":true,"href":"https:\/\/jornaltimoneiro.com.br\/index.php\/wp-json\/wp\/v2\/comments?post=1446"}],"version-history":[{"count":0,"href":"https:\/\/jornaltimoneiro.com.br\/index.php\/wp-json\/wp\/v2\/posts\/1446\/revisions"}],"wp:attachment":[{"href":"https:\/\/jornaltimoneiro.com.br\/index.php\/wp-json\/wp\/v2\/media?parent=1446"}],"wp:term":[{"taxonomy":"category","embeddable":true,"href":"https:\/\/jornaltimoneiro.com.br\/index.php\/wp-json\/wp\/v2\/categories?post=1446"},{"taxonomy":"post_tag","embeddable":true,"href":"https:\/\/jornaltimoneiro.com.br\/index.php\/wp-json\/wp\/v2\/tags?post=1446"}],"curies":[{"name":"wp","href":"https:\/\/api.w.org\/{rel}","templated":true}]}}