{"id":14456,"date":"2019-09-13T10:37:30","date_gmt":"2019-09-13T13:37:30","guid":{"rendered":"https:\/\/jornaltimoneiro.com.br\/?p=14456"},"modified":"2019-09-13T10:38:42","modified_gmt":"2019-09-13T13:38:42","slug":"o-que-o-seu-vereador-anda-fazendo-recebe-o-parlamentar-sargento-santana-ptb","status":"publish","type":"post","link":"https:\/\/jornaltimoneiro.com.br\/index.php\/2019\/09\/13\/o-que-o-seu-vereador-anda-fazendo-recebe-o-parlamentar-sargento-santana-ptb\/","title":{"rendered":"&#8221; O que o seu vereador anda fazendo&#8230;&#8221; recebe o parlamentar Sargento Santana (PTB)"},"content":{"rendered":"<p><strong>Br\u00e1ulio Santana Pedroso (Sargento Santana)<br \/>\nPTB <\/strong><\/p>\n<p><strong>Timoneiro: O que j\u00e1 realizou durante o seu mandato at\u00e9 aqui?<\/strong><br \/>\n<strong>Vereador Sargento Santana:<\/strong> N\u00f3s temos n\u00fameros bastante expressivos de atendimento e encaminhamento das demandas de toda a comunidade. Desde janeiro de 2017, foram quase cinco mil pedidos de provid\u00eancias junto \u00e0 Prefeitura. Tamb\u00e9m foram feitas mais de 200 indica\u00e7\u00f5es, que s\u00e3o os pedidos de melhorias para as \u00e1reas de seguran\u00e7a, telefonia, ilumina\u00e7\u00e3o p\u00fablica e fornecimento de energia el\u00e9trica, \u00e1gua e esgoto. Tamb\u00e9m foram 20 projetos de lei, que est\u00e3o em tramita\u00e7\u00e3o, al\u00e9m de mais de 100 requerimentos dentro dos processos legislativos. Fora isso, temos a aprova\u00e7\u00e3o do Dia do Proerd, que \u00e9 um programa da Brigada Militar para preven\u00e7\u00e3o do uso de drogas, tamb\u00e9m criamos uma lei para que os grandes eventos utilizem bombeiros civis na preven\u00e7\u00e3o de sinistros. Na presid\u00eancia da Comiss\u00e3o de Seguran\u00e7a P\u00fablica da C\u00e2mara, trabalhamos sempre pela melhoria da seguran\u00e7a em nossa cidade. Al\u00e9m disso, h\u00e1 a presen\u00e7a pol\u00edtica do nosso mandato junto aos problemas da comunidade e do encaminhamento das solu\u00e7\u00f5es atrav\u00e9s da Prefeitura Municipal, para onde as demandas s\u00e3o encaminhadas.<\/p>\n<p><strong>Jornal Timoneiro: Quais as principais demandas dos populares que procuram seu gabinete?<\/strong><br \/>\n<strong>Vereador Sargento Santana:<\/strong> H\u00e1 uma variedade de demandas, dos mais diferentes assuntos, problemas e \u00e1reas da cidade. H\u00e1 problemas pontuais, como a coloca\u00e7\u00e3o de uma faixa de seguran\u00e7a, o reparo de um bueiro, um buraco de rua ou uma placa de sinaliza\u00e7\u00e3o. Mas h\u00e1 tamb\u00e9m demandas bem mais complexas, como as que v\u00eam da \u00e1rea da sa\u00fade, da \u00e1rea da educa\u00e7\u00e3o, o atendimento da educa\u00e7\u00e3o infantil, entre outras. Como temos um mandato identificado com a \u00e1rea da seguran\u00e7a da seguran\u00e7a p\u00fablica tamb\u00e9m chegam ao gabinete.<\/p>\n<p><strong>Jornal Timoneiro: Das promessas de campanha, o que ainda falta ser realizado? Tem estimativa de tempo?<\/strong><br \/>\n<strong>Vereador Sargento Santana:<\/strong> Um de nossos compromissos de campanha, e isso \u00e9 um compromisso permanente, \u00e9 a melhoria cont\u00ednua da qualidade de vida dos agentes de seguran\u00e7a. Para todos eles, mas, muito especialmente, para os agentes dos \u00f3rg\u00e3os de seguran\u00e7a que escolhem nossa Canoas para morar e trabalhar. H\u00e1 um debate permanente, por parte de nosso gabinete, para que o munic\u00edpio possa oferecer moradia para estes agentes. \u00c9 uma discuss\u00e3o que vem sendo feita semanalmente. E temos avan\u00e7ado muito nesse assunto. N\u00e3o \u00e9 poss\u00edvel darmos aqui uma previs\u00e3o, uma estimativa, mas \u00e9 um compromisso nosso que ter\u00e1 o melhor encaminhamento poss\u00edvel, buscando a melhoria das condi\u00e7\u00f5es de trabalho para os agentes de seguran\u00e7a, tornando Canoas uma cidade ainda mais atrativa para quem buscar viver e trabalhar aqui.<\/p>\n<p><strong>Jornal Timoneiro: Pretende se candidatar na elei\u00e7\u00e3o de 2020?<\/strong><br \/>\n<strong>Vereador Sargento Santana:<\/strong> Sim. N\u00f3s acreditamos que o mandato de um representante do setor de seguran\u00e7a p\u00fablica deve ter presen\u00e7a na C\u00e2mara de Vereador. Pois n\u00f3s temos a convic\u00e7\u00e3o que nosso mandato tem contribu\u00eddo, em muito, para a melhoria e para a baixa de todos os \u00edndices de viol\u00eancia em nosso munic\u00edpio. Nossa atua\u00e7\u00e3o no Legislativo tem sido fundamental para os projetos do Executivo na \u00e1rea de preven\u00e7\u00e3o e repress\u00e3o ao crime, tornando nossa Canoas mais segura para todos. Para os cidad\u00e3os e tamb\u00e9m para os que buscam nossa cidade para empreender e criar mais oportunidades de emprego e renda.  Em 2020, nossa candidatura estar\u00e1 nas ruas mostrando que a pol\u00edcia valorizada representa uma cidade mais segura. <\/p>\n","protected":false},"excerpt":{"rendered":"<p>Br\u00e1ulio Santana Pedroso (Sargento Santana) PTB Timoneiro: O que j\u00e1 realizou durante o seu mandato at\u00e9 aqui? Vereador Sargento Santana: N\u00f3s temos n\u00fameros bastante expressivos de atendimento e encaminhamento das demandas de toda a comunidade. Desde janeiro de 2017, foram quase cinco mil pedidos de provid\u00eancias junto \u00e0 Prefeitura. Tamb\u00e9m foram feitas mais de 200 [&hellip;]<\/p>\n","protected":false},"author":2,"featured_media":14457,"comment_status":"closed","ping_status":"closed","sticky":false,"template":"","format":"standard","meta":{"amp_status":"","footnotes":""},"categories":[20,1],"tags":[],"class_list":["post-14456","post","type-post","status-publish","format-standard","has-post-thumbnail","hentry","category-politica-noticias","category-sem-categoria"],"yoast_head":"<!-- This site is optimized with the Yoast SEO plugin v20.5 - https:\/\/yoast.com\/wordpress\/plugins\/seo\/ -->\n<title>&quot; O que o seu vereador anda fazendo...&quot; recebe o parlamentar Sargento Santana (PTB) - O Timoneiro Jornal Canoas RS<\/title>\n<meta name=\"robots\" content=\"index, follow, max-snippet:-1, max-image-preview:large, max-video-preview:-1\" \/>\n<link rel=\"canonical\" href=\"https:\/\/jornaltimoneiro.com.br\/index.php\/2019\/09\/13\/o-que-o-seu-vereador-anda-fazendo-recebe-o-parlamentar-sargento-santana-ptb\/\" \/>\n<meta property=\"og:locale\" content=\"pt_BR\" \/>\n<meta property=\"og:type\" content=\"article\" \/>\n<meta property=\"og:title\" content=\"&quot; O que o seu vereador anda fazendo...&quot; recebe o parlamentar Sargento Santana (PTB) - O Timoneiro Jornal Canoas RS\" \/>\n<meta property=\"og:description\" content=\"Br\u00e1ulio Santana Pedroso (Sargento Santana) PTB Timoneiro: O que j\u00e1 realizou durante o seu mandato at\u00e9 aqui? Vereador Sargento Santana: N\u00f3s temos n\u00fameros bastante expressivos de atendimento e encaminhamento das demandas de toda a comunidade. Desde janeiro de 2017, foram quase cinco mil pedidos de provid\u00eancias junto \u00e0 Prefeitura. Tamb\u00e9m foram feitas mais de 200 [&hellip;]\" \/>\n<meta property=\"og:url\" content=\"https:\/\/jornaltimoneiro.com.br\/index.php\/2019\/09\/13\/o-que-o-seu-vereador-anda-fazendo-recebe-o-parlamentar-sargento-santana-ptb\/\" \/>\n<meta property=\"og:site_name\" content=\"O Timoneiro Jornal Canoas RS\" \/>\n<meta property=\"article:publisher\" content=\"https:\/\/www.facebook.com\/jornaltimoneiro\" \/>\n<meta property=\"article:published_time\" content=\"2019-09-13T13:37:30+00:00\" \/>\n<meta property=\"article:modified_time\" content=\"2019-09-13T13:38:42+00:00\" \/>\n<meta property=\"og:image\" content=\"https:\/\/jornaltimoneiro.com.br\/wp-content\/uploads\/2019\/09\/Santana-foto-Filipe-Abilio-do-Nascimento.jpg\" \/>\n\t<meta property=\"og:image:width\" content=\"1920\" \/>\n\t<meta property=\"og:image:height\" content=\"1080\" \/>\n\t<meta property=\"og:image:type\" content=\"image\/jpeg\" \/>\n<meta name=\"author\" content=\"Reda\u00e7\u00e3o\" \/>\n<meta name=\"twitter:card\" content=\"summary_large_image\" \/>\n<meta name=\"twitter:creator\" content=\"@_OTimoneiro\" \/>\n<meta name=\"twitter:site\" content=\"@_OTimoneiro\" \/>\n<meta name=\"twitter:label1\" content=\"Escrito por\" \/>\n\t<meta name=\"twitter:data1\" content=\"Reda\u00e7\u00e3o\" \/>\n\t<meta name=\"twitter:label2\" content=\"Est. tempo de leitura\" \/>\n\t<meta name=\"twitter:data2\" content=\"3 minutos\" \/>\n<script type=\"application\/ld+json\" class=\"yoast-schema-graph\">{\"@context\":\"https:\/\/schema.org\",\"@graph\":[{\"@type\":\"Article\",\"@id\":\"https:\/\/jornaltimoneiro.com.br\/index.php\/2019\/09\/13\/o-que-o-seu-vereador-anda-fazendo-recebe-o-parlamentar-sargento-santana-ptb\/#article\",\"isPartOf\":{\"@id\":\"https:\/\/jornaltimoneiro.com.br\/index.php\/2019\/09\/13\/o-que-o-seu-vereador-anda-fazendo-recebe-o-parlamentar-sargento-santana-ptb\/\"},\"author\":{\"name\":\"Reda\u00e7\u00e3o\",\"@id\":\"https:\/\/jornaltimoneiro.com.br\/#\/schema\/person\/f63482f1a02b1a9592707865e509ab40\"},\"headline\":\"&#8221; O que o seu vereador anda fazendo&#8230;&#8221; recebe o parlamentar Sargento Santana (PTB)\",\"datePublished\":\"2019-09-13T13:37:30+00:00\",\"dateModified\":\"2019-09-13T13:38:42+00:00\",\"mainEntityOfPage\":{\"@id\":\"https:\/\/jornaltimoneiro.com.br\/index.php\/2019\/09\/13\/o-que-o-seu-vereador-anda-fazendo-recebe-o-parlamentar-sargento-santana-ptb\/\"},\"wordCount\":622,\"publisher\":{\"@id\":\"https:\/\/jornaltimoneiro.com.br\/#organization\"},\"articleSection\":[\"Pol\u00edtica\"],\"inLanguage\":\"pt-BR\"},{\"@type\":\"WebPage\",\"@id\":\"https:\/\/jornaltimoneiro.com.br\/index.php\/2019\/09\/13\/o-que-o-seu-vereador-anda-fazendo-recebe-o-parlamentar-sargento-santana-ptb\/\",\"url\":\"https:\/\/jornaltimoneiro.com.br\/index.php\/2019\/09\/13\/o-que-o-seu-vereador-anda-fazendo-recebe-o-parlamentar-sargento-santana-ptb\/\",\"name\":\"\\\" O que o seu vereador anda fazendo...\\\" recebe o parlamentar Sargento Santana (PTB) - O Timoneiro Jornal Canoas RS\",\"isPartOf\":{\"@id\":\"https:\/\/jornaltimoneiro.com.br\/#website\"},\"datePublished\":\"2019-09-13T13:37:30+00:00\",\"dateModified\":\"2019-09-13T13:38:42+00:00\",\"breadcrumb\":{\"@id\":\"https:\/\/jornaltimoneiro.com.br\/index.php\/2019\/09\/13\/o-que-o-seu-vereador-anda-fazendo-recebe-o-parlamentar-sargento-santana-ptb\/#breadcrumb\"},\"inLanguage\":\"pt-BR\",\"potentialAction\":[{\"@type\":\"ReadAction\",\"target\":[\"https:\/\/jornaltimoneiro.com.br\/index.php\/2019\/09\/13\/o-que-o-seu-vereador-anda-fazendo-recebe-o-parlamentar-sargento-santana-ptb\/\"]}]},{\"@type\":\"BreadcrumbList\",\"@id\":\"https:\/\/jornaltimoneiro.com.br\/index.php\/2019\/09\/13\/o-que-o-seu-vereador-anda-fazendo-recebe-o-parlamentar-sargento-santana-ptb\/#breadcrumb\",\"itemListElement\":[{\"@type\":\"ListItem\",\"position\":1,\"name\":\"In\u00edcio\",\"item\":\"https:\/\/jornaltimoneiro.com.br\/\"},{\"@type\":\"ListItem\",\"position\":2,\"name\":\"&#8221; O que o seu vereador anda fazendo&#8230;&#8221; recebe o parlamentar Sargento Santana (PTB)\"}]},{\"@type\":\"WebSite\",\"@id\":\"https:\/\/jornaltimoneiro.com.br\/#website\",\"url\":\"https:\/\/jornaltimoneiro.com.br\/\",\"name\":\"Jornal Timoneiro Canoas RS\",\"description\":\"Jornal O Timoneiro, o verdadeiro jornal de Canoas\",\"publisher\":{\"@id\":\"https:\/\/jornaltimoneiro.com.br\/#organization\"},\"potentialAction\":[{\"@type\":\"SearchAction\",\"target\":{\"@type\":\"EntryPoint\",\"urlTemplate\":\"https:\/\/jornaltimoneiro.com.br\/?s={search_term_string}\"},\"query-input\":\"required name=search_term_string\"}],\"inLanguage\":\"pt-BR\"},{\"@type\":\"Organization\",\"@id\":\"https:\/\/jornaltimoneiro.com.br\/#organization\",\"name\":\"Jornal Timoneiro Canoas RS\",\"url\":\"https:\/\/jornaltimoneiro.com.br\/\",\"logo\":{\"@type\":\"ImageObject\",\"inLanguage\":\"pt-BR\",\"@id\":\"https:\/\/jornaltimoneiro.com.br\/#\/schema\/logo\/image\/\",\"url\":\"https:\/\/jornaltimoneiro.com.br\/wp-content\/uploads\/2023\/03\/logonovo.png\",\"contentUrl\":\"https:\/\/jornaltimoneiro.com.br\/wp-content\/uploads\/2023\/03\/logonovo.png\",\"width\":\"469\",\"height\":\"171\",\"caption\":\"Jornal Timoneiro Canoas RS\"},\"image\":{\"@id\":\"https:\/\/jornaltimoneiro.com.br\/#\/schema\/logo\/image\/\"},\"sameAs\":[\"https:\/\/www.facebook.com\/jornaltimoneiro\",\"https:\/\/twitter.com\/_OTimoneiro\",\"https:\/\/www.instagram.com\/jornaltimoneirocanoas\/\",\"https:\/\/www.youtube.com\/@jornalotimoneiro7927\"]},{\"@type\":\"Person\",\"@id\":\"https:\/\/jornaltimoneiro.com.br\/#\/schema\/person\/f63482f1a02b1a9592707865e509ab40\",\"name\":\"Reda\u00e7\u00e3o\",\"image\":{\"@type\":\"ImageObject\",\"inLanguage\":\"pt-BR\",\"@id\":\"https:\/\/jornaltimoneiro.com.br\/#\/schema\/person\/image\/\",\"url\":\"https:\/\/jornaltimoneiro.com.br\/wp-content\/uploads\/2023\/03\/download.jpeg\",\"contentUrl\":\"https:\/\/jornaltimoneiro.com.br\/wp-content\/uploads\/2023\/03\/download.jpeg\",\"caption\":\"Reda\u00e7\u00e3o\"},\"url\":\"https:\/\/jornaltimoneiro.com.br\/index.php\/author\/simone-dutra\/\"}]}<\/script>\n<!-- \/ Yoast SEO plugin. -->","yoast_head_json":{"title":"\" O que o seu vereador anda fazendo...\" recebe o parlamentar Sargento Santana (PTB) - O Timoneiro Jornal Canoas RS","robots":{"index":"index","follow":"follow","max-snippet":"max-snippet:-1","max-image-preview":"max-image-preview:large","max-video-preview":"max-video-preview:-1"},"canonical":"https:\/\/jornaltimoneiro.com.br\/index.php\/2019\/09\/13\/o-que-o-seu-vereador-anda-fazendo-recebe-o-parlamentar-sargento-santana-ptb\/","og_locale":"pt_BR","og_type":"article","og_title":"\" O que o seu vereador anda fazendo...\" recebe o parlamentar Sargento Santana (PTB) - O Timoneiro Jornal Canoas RS","og_description":"Br\u00e1ulio Santana Pedroso (Sargento Santana) PTB Timoneiro: O que j\u00e1 realizou durante o seu mandato at\u00e9 aqui? Vereador Sargento Santana: N\u00f3s temos n\u00fameros bastante expressivos de atendimento e encaminhamento das demandas de toda a comunidade. Desde janeiro de 2017, foram quase cinco mil pedidos de provid\u00eancias junto \u00e0 Prefeitura. Tamb\u00e9m foram feitas mais de 200 [&hellip;]","og_url":"https:\/\/jornaltimoneiro.com.br\/index.php\/2019\/09\/13\/o-que-o-seu-vereador-anda-fazendo-recebe-o-parlamentar-sargento-santana-ptb\/","og_site_name":"O Timoneiro Jornal Canoas RS","article_publisher":"https:\/\/www.facebook.com\/jornaltimoneiro","article_published_time":"2019-09-13T13:37:30+00:00","article_modified_time":"2019-09-13T13:38:42+00:00","og_image":[{"width":1920,"height":1080,"url":"https:\/\/jornaltimoneiro.com.br\/wp-content\/uploads\/2019\/09\/Santana-foto-Filipe-Abilio-do-Nascimento.jpg","type":"image\/jpeg"}],"author":"Reda\u00e7\u00e3o","twitter_card":"summary_large_image","twitter_creator":"@_OTimoneiro","twitter_site":"@_OTimoneiro","twitter_misc":{"Escrito por":"Reda\u00e7\u00e3o","Est. tempo de leitura":"3 minutos"},"schema":{"@context":"https:\/\/schema.org","@graph":[{"@type":"Article","@id":"https:\/\/jornaltimoneiro.com.br\/index.php\/2019\/09\/13\/o-que-o-seu-vereador-anda-fazendo-recebe-o-parlamentar-sargento-santana-ptb\/#article","isPartOf":{"@id":"https:\/\/jornaltimoneiro.com.br\/index.php\/2019\/09\/13\/o-que-o-seu-vereador-anda-fazendo-recebe-o-parlamentar-sargento-santana-ptb\/"},"author":{"name":"Reda\u00e7\u00e3o","@id":"https:\/\/jornaltimoneiro.com.br\/#\/schema\/person\/f63482f1a02b1a9592707865e509ab40"},"headline":"&#8221; O que o seu vereador anda fazendo&#8230;&#8221; recebe o parlamentar Sargento Santana (PTB)","datePublished":"2019-09-13T13:37:30+00:00","dateModified":"2019-09-13T13:38:42+00:00","mainEntityOfPage":{"@id":"https:\/\/jornaltimoneiro.com.br\/index.php\/2019\/09\/13\/o-que-o-seu-vereador-anda-fazendo-recebe-o-parlamentar-sargento-santana-ptb\/"},"wordCount":622,"publisher":{"@id":"https:\/\/jornaltimoneiro.com.br\/#organization"},"articleSection":["Pol\u00edtica"],"inLanguage":"pt-BR"},{"@type":"WebPage","@id":"https:\/\/jornaltimoneiro.com.br\/index.php\/2019\/09\/13\/o-que-o-seu-vereador-anda-fazendo-recebe-o-parlamentar-sargento-santana-ptb\/","url":"https:\/\/jornaltimoneiro.com.br\/index.php\/2019\/09\/13\/o-que-o-seu-vereador-anda-fazendo-recebe-o-parlamentar-sargento-santana-ptb\/","name":"\" O que o seu vereador anda fazendo...\" recebe o parlamentar Sargento Santana (PTB) - O Timoneiro Jornal Canoas RS","isPartOf":{"@id":"https:\/\/jornaltimoneiro.com.br\/#website"},"datePublished":"2019-09-13T13:37:30+00:00","dateModified":"2019-09-13T13:38:42+00:00","breadcrumb":{"@id":"https:\/\/jornaltimoneiro.com.br\/index.php\/2019\/09\/13\/o-que-o-seu-vereador-anda-fazendo-recebe-o-parlamentar-sargento-santana-ptb\/#breadcrumb"},"inLanguage":"pt-BR","potentialAction":[{"@type":"ReadAction","target":["https:\/\/jornaltimoneiro.com.br\/index.php\/2019\/09\/13\/o-que-o-seu-vereador-anda-fazendo-recebe-o-parlamentar-sargento-santana-ptb\/"]}]},{"@type":"BreadcrumbList","@id":"https:\/\/jornaltimoneiro.com.br\/index.php\/2019\/09\/13\/o-que-o-seu-vereador-anda-fazendo-recebe-o-parlamentar-sargento-santana-ptb\/#breadcrumb","itemListElement":[{"@type":"ListItem","position":1,"name":"In\u00edcio","item":"https:\/\/jornaltimoneiro.com.br\/"},{"@type":"ListItem","position":2,"name":"&#8221; O que o seu vereador anda fazendo&#8230;&#8221; recebe o parlamentar Sargento Santana (PTB)"}]},{"@type":"WebSite","@id":"https:\/\/jornaltimoneiro.com.br\/#website","url":"https:\/\/jornaltimoneiro.com.br\/","name":"Jornal Timoneiro Canoas RS","description":"Jornal O Timoneiro, o verdadeiro jornal de Canoas","publisher":{"@id":"https:\/\/jornaltimoneiro.com.br\/#organization"},"potentialAction":[{"@type":"SearchAction","target":{"@type":"EntryPoint","urlTemplate":"https:\/\/jornaltimoneiro.com.br\/?s={search_term_string}"},"query-input":"required name=search_term_string"}],"inLanguage":"pt-BR"},{"@type":"Organization","@id":"https:\/\/jornaltimoneiro.com.br\/#organization","name":"Jornal Timoneiro Canoas RS","url":"https:\/\/jornaltimoneiro.com.br\/","logo":{"@type":"ImageObject","inLanguage":"pt-BR","@id":"https:\/\/jornaltimoneiro.com.br\/#\/schema\/logo\/image\/","url":"https:\/\/jornaltimoneiro.com.br\/wp-content\/uploads\/2023\/03\/logonovo.png","contentUrl":"https:\/\/jornaltimoneiro.com.br\/wp-content\/uploads\/2023\/03\/logonovo.png","width":"469","height":"171","caption":"Jornal Timoneiro Canoas RS"},"image":{"@id":"https:\/\/jornaltimoneiro.com.br\/#\/schema\/logo\/image\/"},"sameAs":["https:\/\/www.facebook.com\/jornaltimoneiro","https:\/\/twitter.com\/_OTimoneiro","https:\/\/www.instagram.com\/jornaltimoneirocanoas\/","https:\/\/www.youtube.com\/@jornalotimoneiro7927"]},{"@type":"Person","@id":"https:\/\/jornaltimoneiro.com.br\/#\/schema\/person\/f63482f1a02b1a9592707865e509ab40","name":"Reda\u00e7\u00e3o","image":{"@type":"ImageObject","inLanguage":"pt-BR","@id":"https:\/\/jornaltimoneiro.com.br\/#\/schema\/person\/image\/","url":"https:\/\/jornaltimoneiro.com.br\/wp-content\/uploads\/2023\/03\/download.jpeg","contentUrl":"https:\/\/jornaltimoneiro.com.br\/wp-content\/uploads\/2023\/03\/download.jpeg","caption":"Reda\u00e7\u00e3o"},"url":"https:\/\/jornaltimoneiro.com.br\/index.php\/author\/simone-dutra\/"}]}},"_links":{"self":[{"href":"https:\/\/jornaltimoneiro.com.br\/index.php\/wp-json\/wp\/v2\/posts\/14456"}],"collection":[{"href":"https:\/\/jornaltimoneiro.com.br\/index.php\/wp-json\/wp\/v2\/posts"}],"about":[{"href":"https:\/\/jornaltimoneiro.com.br\/index.php\/wp-json\/wp\/v2\/types\/post"}],"author":[{"embeddable":true,"href":"https:\/\/jornaltimoneiro.com.br\/index.php\/wp-json\/wp\/v2\/users\/2"}],"replies":[{"embeddable":true,"href":"https:\/\/jornaltimoneiro.com.br\/index.php\/wp-json\/wp\/v2\/comments?post=14456"}],"version-history":[{"count":0,"href":"https:\/\/jornaltimoneiro.com.br\/index.php\/wp-json\/wp\/v2\/posts\/14456\/revisions"}],"wp:featuredmedia":[{"embeddable":true,"href":"https:\/\/jornaltimoneiro.com.br\/index.php\/wp-json\/wp\/v2\/media\/14457"}],"wp:attachment":[{"href":"https:\/\/jornaltimoneiro.com.br\/index.php\/wp-json\/wp\/v2\/media?parent=14456"}],"wp:term":[{"taxonomy":"category","embeddable":true,"href":"https:\/\/jornaltimoneiro.com.br\/index.php\/wp-json\/wp\/v2\/categories?post=14456"},{"taxonomy":"post_tag","embeddable":true,"href":"https:\/\/jornaltimoneiro.com.br\/index.php\/wp-json\/wp\/v2\/tags?post=14456"}],"curies":[{"name":"wp","href":"https:\/\/api.w.org\/{rel}","templated":true}]}}