{"id":14354,"date":"2019-08-30T08:00:43","date_gmt":"2019-08-30T11:00:43","guid":{"rendered":"https:\/\/jornaltimoneiro.com.br\/?p=14354"},"modified":"2022-04-04T15:46:16","modified_gmt":"2022-04-04T18:46:16","slug":"o-que-era-para-ser-solucao-se-tornou-um-perigo-para-comunidade","status":"publish","type":"post","link":"https:\/\/jornaltimoneiro.com.br\/index.php\/2019\/08\/30\/o-que-era-para-ser-solucao-se-tornou-um-perigo-para-comunidade\/","title":{"rendered":"O que era para ser solu\u00e7\u00e3o se tornou um perigo para comunidade"},"content":{"rendered":"<p>Os moradores dos bairros Guajuviras e Igara v\u00eam enfrentado problemas com a falta de seguran\u00e7a. H\u00e1 cerca de um ano, a Prefeitura de Canoas tomou posse de um terreno da Rua Esperan\u00e7a com a promessa de ali estabelecer uma via de acesso que faria a liga\u00e7\u00e3o com a Rua Armando Fajardo. Mas, a obra n\u00e3o foi conclu\u00edda, e o que se v\u00ea no local s\u00e3o destro\u00e7os da resid\u00eancia que n\u00e3o foi desmanchada totalmente, restos de concreto, comida e lixo que s\u00e3o depositados no terreno, transformando-a em uma esp\u00e9cie de \u201cbeco\u201d, que serve de via de acesso para os pedestres.<\/p>\n<p><img decoding=\"async\" class=\"alignnone size-full wp-image-14355\" src=\"https:\/\/jornaltimoneiro.com.br\/wp-content\/uploads\/2019\/08\/Principal-e1567121951921.jpg\" alt=\"\" width=\"1080\" height=\"721\" \/><\/p>\n<p>Os vizinhos no entorno relatam que muitas pessoas utilizam o terreno baldio para o consumo de drogas e os constantes n\u00fameros de delitos (assaltos, roubos e furtos), o que torna aquele trecho da rua perigoso a qualquer hor\u00e1rio do dia, al\u00e9m do ajuntamento de pessoas em situa\u00e7\u00e3o de rua que se apropriaram do local.<br \/>\nUma funcion\u00e1ria de uma loja pr\u00f3xima ao terreno relatou o descaso com a propriedade. \u201c\u00c0 noite n\u00e3o se pode passar pela frente, n\u00e3o sabemos quem est\u00e1 ali. N\u00e3o tem fiscaliza\u00e7\u00e3o, esses tempos tinha gente morando de barraca ali. Os assaltos s\u00e3o frequentes, algumas vezes na semana. E, tirando a sujeira, sempre tem um monte de ratos e outros bichos\u201d. A mulher contou que na semana passada um caminh\u00e3o da Prefeitura retirou alguns lixos do terreno.<br \/>\nAl\u00e9m de melhorar a vida dos moradores, a abertura da rua deve trazer benef\u00edcios para o tr\u00e2nsito, principalmente para desafogar a Avenida Boqueir\u00e3o. A Rua Armando Fajardo d\u00e1 acesso \u00e0 BR-116.<\/p>\n<p><strong>O que a Prefeitura diz sobre o caso<\/strong><\/p>\n<p>Nota na \u00edntegra: \u201cA respeito da reclama\u00e7\u00e3o sobre a demora para o desmanche das casas para a abertura da Rua Armando Fajardo, no bairro Igara, que far\u00e1 liga\u00e7\u00e3o com o bairro Guajuviras, a Secretaria Municipal de Desenvolvimento Urbano e Habita\u00e7\u00e3o informa que est\u00e1 aguardando a decis\u00e3o judicial para reintegra\u00e7\u00e3o de posse do local. Ap\u00f3s isso, ser\u00e1 poss\u00edvel realizar a liga\u00e7\u00e3o das ruas. Sobre a invas\u00e3o de moradores de rua a essas casas, rondas di\u00e1rias est\u00e3o sendo realizadas para que n\u00e3o ocorra mais a ocupa\u00e7\u00e3o indevida desses ambientes.\u201d<br \/>\n<img decoding=\"async\" class=\"alignnone size-full wp-image-14357\" src=\"https:\/\/jornaltimoneiro.com.br\/wp-content\/uploads\/2019\/08\/DSC0299-e1567122122127.jpg\" alt=\"\" width=\"1080\" height=\"721\" \/><\/p>\n","protected":false},"excerpt":{"rendered":"<p>Os moradores dos bairros Guajuviras e Igara v\u00eam enfrentado problemas com a falta de seguran\u00e7a. H\u00e1 cerca de um ano, a Prefeitura de Canoas tomou posse de um terreno da Rua Esperan\u00e7a com a promessa de ali estabelecer uma via de acesso que faria a liga\u00e7\u00e3o com a Rua Armando Fajardo. Mas, a obra n\u00e3o [&hellip;]<\/p>\n","protected":false},"author":2,"featured_media":14357,"comment_status":"closed","ping_status":"closed","sticky":false,"template":"","format":"standard","meta":{"amp_status":"","footnotes":""},"categories":[23],"tags":[],"class_list":["post-14354","post","type-post","status-publish","format-standard","has-post-thumbnail","hentry","category-geral"],"yoast_head":"<!-- This site is optimized with the Yoast SEO plugin v20.5 - https:\/\/yoast.com\/wordpress\/plugins\/seo\/ -->\n<title>O que era para ser solu\u00e7\u00e3o se tornou um perigo para comunidade - O Timoneiro Jornal Canoas RS<\/title>\n<meta name=\"robots\" content=\"index, follow, max-snippet:-1, max-image-preview:large, max-video-preview:-1\" \/>\n<link rel=\"canonical\" href=\"https:\/\/jornaltimoneiro.com.br\/index.php\/2019\/08\/30\/o-que-era-para-ser-solucao-se-tornou-um-perigo-para-comunidade\/\" \/>\n<meta property=\"og:locale\" content=\"pt_BR\" \/>\n<meta property=\"og:type\" content=\"article\" \/>\n<meta property=\"og:title\" content=\"O que era para ser solu\u00e7\u00e3o se tornou um perigo para comunidade - O Timoneiro Jornal Canoas RS\" \/>\n<meta property=\"og:description\" content=\"Os moradores dos bairros Guajuviras e Igara v\u00eam enfrentado problemas com a falta de seguran\u00e7a. H\u00e1 cerca de um ano, a Prefeitura de Canoas tomou posse de um terreno da Rua Esperan\u00e7a com a promessa de ali estabelecer uma via de acesso que faria a liga\u00e7\u00e3o com a Rua Armando Fajardo. Mas, a obra n\u00e3o [&hellip;]\" \/>\n<meta property=\"og:url\" content=\"https:\/\/jornaltimoneiro.com.br\/index.php\/2019\/08\/30\/o-que-era-para-ser-solucao-se-tornou-um-perigo-para-comunidade\/\" \/>\n<meta property=\"og:site_name\" content=\"O Timoneiro Jornal Canoas RS\" \/>\n<meta property=\"article:publisher\" content=\"https:\/\/www.facebook.com\/jornaltimoneiro\" \/>\n<meta property=\"article:published_time\" content=\"2019-08-30T11:00:43+00:00\" \/>\n<meta property=\"article:modified_time\" content=\"2022-04-04T18:46:16+00:00\" \/>\n<meta property=\"og:image\" content=\"https:\/\/jornaltimoneiro.com.br\/wp-content\/uploads\/2019\/08\/DSC0299-e1567122122127.jpg\" \/>\n\t<meta property=\"og:image:width\" content=\"1080\" \/>\n\t<meta property=\"og:image:height\" content=\"721\" \/>\n\t<meta property=\"og:image:type\" content=\"image\/jpeg\" \/>\n<meta name=\"author\" content=\"Reda\u00e7\u00e3o\" \/>\n<meta name=\"twitter:card\" content=\"summary_large_image\" \/>\n<meta name=\"twitter:creator\" content=\"@_OTimoneiro\" \/>\n<meta name=\"twitter:site\" content=\"@_OTimoneiro\" \/>\n<meta name=\"twitter:label1\" content=\"Escrito por\" \/>\n\t<meta name=\"twitter:data1\" content=\"Reda\u00e7\u00e3o\" \/>\n\t<meta name=\"twitter:label2\" content=\"Est. tempo de leitura\" \/>\n\t<meta name=\"twitter:data2\" content=\"2 minutos\" \/>\n<script type=\"application\/ld+json\" class=\"yoast-schema-graph\">{\"@context\":\"https:\/\/schema.org\",\"@graph\":[{\"@type\":\"Article\",\"@id\":\"https:\/\/jornaltimoneiro.com.br\/index.php\/2019\/08\/30\/o-que-era-para-ser-solucao-se-tornou-um-perigo-para-comunidade\/#article\",\"isPartOf\":{\"@id\":\"https:\/\/jornaltimoneiro.com.br\/index.php\/2019\/08\/30\/o-que-era-para-ser-solucao-se-tornou-um-perigo-para-comunidade\/\"},\"author\":{\"name\":\"Reda\u00e7\u00e3o\",\"@id\":\"https:\/\/jornaltimoneiro.com.br\/#\/schema\/person\/f63482f1a02b1a9592707865e509ab40\"},\"headline\":\"O que era para ser solu\u00e7\u00e3o se tornou um perigo para comunidade\",\"datePublished\":\"2019-08-30T11:00:43+00:00\",\"dateModified\":\"2022-04-04T18:46:16+00:00\",\"mainEntityOfPage\":{\"@id\":\"https:\/\/jornaltimoneiro.com.br\/index.php\/2019\/08\/30\/o-que-era-para-ser-solucao-se-tornou-um-perigo-para-comunidade\/\"},\"wordCount\":406,\"publisher\":{\"@id\":\"https:\/\/jornaltimoneiro.com.br\/#organization\"},\"articleSection\":[\"Geral\"],\"inLanguage\":\"pt-BR\"},{\"@type\":\"WebPage\",\"@id\":\"https:\/\/jornaltimoneiro.com.br\/index.php\/2019\/08\/30\/o-que-era-para-ser-solucao-se-tornou-um-perigo-para-comunidade\/\",\"url\":\"https:\/\/jornaltimoneiro.com.br\/index.php\/2019\/08\/30\/o-que-era-para-ser-solucao-se-tornou-um-perigo-para-comunidade\/\",\"name\":\"O que era para ser solu\u00e7\u00e3o se tornou um perigo para comunidade - O Timoneiro Jornal Canoas RS\",\"isPartOf\":{\"@id\":\"https:\/\/jornaltimoneiro.com.br\/#website\"},\"datePublished\":\"2019-08-30T11:00:43+00:00\",\"dateModified\":\"2022-04-04T18:46:16+00:00\",\"breadcrumb\":{\"@id\":\"https:\/\/jornaltimoneiro.com.br\/index.php\/2019\/08\/30\/o-que-era-para-ser-solucao-se-tornou-um-perigo-para-comunidade\/#breadcrumb\"},\"inLanguage\":\"pt-BR\",\"potentialAction\":[{\"@type\":\"ReadAction\",\"target\":[\"https:\/\/jornaltimoneiro.com.br\/index.php\/2019\/08\/30\/o-que-era-para-ser-solucao-se-tornou-um-perigo-para-comunidade\/\"]}]},{\"@type\":\"BreadcrumbList\",\"@id\":\"https:\/\/jornaltimoneiro.com.br\/index.php\/2019\/08\/30\/o-que-era-para-ser-solucao-se-tornou-um-perigo-para-comunidade\/#breadcrumb\",\"itemListElement\":[{\"@type\":\"ListItem\",\"position\":1,\"name\":\"In\u00edcio\",\"item\":\"https:\/\/jornaltimoneiro.com.br\/\"},{\"@type\":\"ListItem\",\"position\":2,\"name\":\"O que era para ser solu\u00e7\u00e3o se tornou um perigo para comunidade\"}]},{\"@type\":\"WebSite\",\"@id\":\"https:\/\/jornaltimoneiro.com.br\/#website\",\"url\":\"https:\/\/jornaltimoneiro.com.br\/\",\"name\":\"Jornal Timoneiro Canoas RS\",\"description\":\"Jornal O Timoneiro, o verdadeiro jornal de Canoas\",\"publisher\":{\"@id\":\"https:\/\/jornaltimoneiro.com.br\/#organization\"},\"potentialAction\":[{\"@type\":\"SearchAction\",\"target\":{\"@type\":\"EntryPoint\",\"urlTemplate\":\"https:\/\/jornaltimoneiro.com.br\/?s={search_term_string}\"},\"query-input\":\"required name=search_term_string\"}],\"inLanguage\":\"pt-BR\"},{\"@type\":\"Organization\",\"@id\":\"https:\/\/jornaltimoneiro.com.br\/#organization\",\"name\":\"Jornal Timoneiro Canoas RS\",\"url\":\"https:\/\/jornaltimoneiro.com.br\/\",\"logo\":{\"@type\":\"ImageObject\",\"inLanguage\":\"pt-BR\",\"@id\":\"https:\/\/jornaltimoneiro.com.br\/#\/schema\/logo\/image\/\",\"url\":\"https:\/\/jornaltimoneiro.com.br\/wp-content\/uploads\/2023\/03\/logonovo.png\",\"contentUrl\":\"https:\/\/jornaltimoneiro.com.br\/wp-content\/uploads\/2023\/03\/logonovo.png\",\"width\":\"469\",\"height\":\"171\",\"caption\":\"Jornal Timoneiro Canoas RS\"},\"image\":{\"@id\":\"https:\/\/jornaltimoneiro.com.br\/#\/schema\/logo\/image\/\"},\"sameAs\":[\"https:\/\/www.facebook.com\/jornaltimoneiro\",\"https:\/\/twitter.com\/_OTimoneiro\",\"https:\/\/www.instagram.com\/jornaltimoneirocanoas\/\",\"https:\/\/www.youtube.com\/@jornalotimoneiro7927\"]},{\"@type\":\"Person\",\"@id\":\"https:\/\/jornaltimoneiro.com.br\/#\/schema\/person\/f63482f1a02b1a9592707865e509ab40\",\"name\":\"Reda\u00e7\u00e3o\",\"image\":{\"@type\":\"ImageObject\",\"inLanguage\":\"pt-BR\",\"@id\":\"https:\/\/jornaltimoneiro.com.br\/#\/schema\/person\/image\/\",\"url\":\"https:\/\/jornaltimoneiro.com.br\/wp-content\/uploads\/2023\/03\/download.jpeg\",\"contentUrl\":\"https:\/\/jornaltimoneiro.com.br\/wp-content\/uploads\/2023\/03\/download.jpeg\",\"caption\":\"Reda\u00e7\u00e3o\"},\"url\":\"https:\/\/jornaltimoneiro.com.br\/index.php\/author\/simone-dutra\/\"}]}<\/script>\n<!-- \/ Yoast SEO plugin. -->","yoast_head_json":{"title":"O que era para ser solu\u00e7\u00e3o se tornou um perigo para comunidade - O Timoneiro Jornal Canoas RS","robots":{"index":"index","follow":"follow","max-snippet":"max-snippet:-1","max-image-preview":"max-image-preview:large","max-video-preview":"max-video-preview:-1"},"canonical":"https:\/\/jornaltimoneiro.com.br\/index.php\/2019\/08\/30\/o-que-era-para-ser-solucao-se-tornou-um-perigo-para-comunidade\/","og_locale":"pt_BR","og_type":"article","og_title":"O que era para ser solu\u00e7\u00e3o se tornou um perigo para comunidade - O Timoneiro Jornal Canoas RS","og_description":"Os moradores dos bairros Guajuviras e Igara v\u00eam enfrentado problemas com a falta de seguran\u00e7a. H\u00e1 cerca de um ano, a Prefeitura de Canoas tomou posse de um terreno da Rua Esperan\u00e7a com a promessa de ali estabelecer uma via de acesso que faria a liga\u00e7\u00e3o com a Rua Armando Fajardo. Mas, a obra n\u00e3o [&hellip;]","og_url":"https:\/\/jornaltimoneiro.com.br\/index.php\/2019\/08\/30\/o-que-era-para-ser-solucao-se-tornou-um-perigo-para-comunidade\/","og_site_name":"O Timoneiro Jornal Canoas RS","article_publisher":"https:\/\/www.facebook.com\/jornaltimoneiro","article_published_time":"2019-08-30T11:00:43+00:00","article_modified_time":"2022-04-04T18:46:16+00:00","og_image":[{"width":1080,"height":721,"url":"https:\/\/jornaltimoneiro.com.br\/wp-content\/uploads\/2019\/08\/DSC0299-e1567122122127.jpg","type":"image\/jpeg"}],"author":"Reda\u00e7\u00e3o","twitter_card":"summary_large_image","twitter_creator":"@_OTimoneiro","twitter_site":"@_OTimoneiro","twitter_misc":{"Escrito por":"Reda\u00e7\u00e3o","Est. tempo de leitura":"2 minutos"},"schema":{"@context":"https:\/\/schema.org","@graph":[{"@type":"Article","@id":"https:\/\/jornaltimoneiro.com.br\/index.php\/2019\/08\/30\/o-que-era-para-ser-solucao-se-tornou-um-perigo-para-comunidade\/#article","isPartOf":{"@id":"https:\/\/jornaltimoneiro.com.br\/index.php\/2019\/08\/30\/o-que-era-para-ser-solucao-se-tornou-um-perigo-para-comunidade\/"},"author":{"name":"Reda\u00e7\u00e3o","@id":"https:\/\/jornaltimoneiro.com.br\/#\/schema\/person\/f63482f1a02b1a9592707865e509ab40"},"headline":"O que era para ser solu\u00e7\u00e3o se tornou um perigo para comunidade","datePublished":"2019-08-30T11:00:43+00:00","dateModified":"2022-04-04T18:46:16+00:00","mainEntityOfPage":{"@id":"https:\/\/jornaltimoneiro.com.br\/index.php\/2019\/08\/30\/o-que-era-para-ser-solucao-se-tornou-um-perigo-para-comunidade\/"},"wordCount":406,"publisher":{"@id":"https:\/\/jornaltimoneiro.com.br\/#organization"},"articleSection":["Geral"],"inLanguage":"pt-BR"},{"@type":"WebPage","@id":"https:\/\/jornaltimoneiro.com.br\/index.php\/2019\/08\/30\/o-que-era-para-ser-solucao-se-tornou-um-perigo-para-comunidade\/","url":"https:\/\/jornaltimoneiro.com.br\/index.php\/2019\/08\/30\/o-que-era-para-ser-solucao-se-tornou-um-perigo-para-comunidade\/","name":"O que era para ser solu\u00e7\u00e3o se tornou um perigo para comunidade - O Timoneiro Jornal Canoas RS","isPartOf":{"@id":"https:\/\/jornaltimoneiro.com.br\/#website"},"datePublished":"2019-08-30T11:00:43+00:00","dateModified":"2022-04-04T18:46:16+00:00","breadcrumb":{"@id":"https:\/\/jornaltimoneiro.com.br\/index.php\/2019\/08\/30\/o-que-era-para-ser-solucao-se-tornou-um-perigo-para-comunidade\/#breadcrumb"},"inLanguage":"pt-BR","potentialAction":[{"@type":"ReadAction","target":["https:\/\/jornaltimoneiro.com.br\/index.php\/2019\/08\/30\/o-que-era-para-ser-solucao-se-tornou-um-perigo-para-comunidade\/"]}]},{"@type":"BreadcrumbList","@id":"https:\/\/jornaltimoneiro.com.br\/index.php\/2019\/08\/30\/o-que-era-para-ser-solucao-se-tornou-um-perigo-para-comunidade\/#breadcrumb","itemListElement":[{"@type":"ListItem","position":1,"name":"In\u00edcio","item":"https:\/\/jornaltimoneiro.com.br\/"},{"@type":"ListItem","position":2,"name":"O que era para ser solu\u00e7\u00e3o se tornou um perigo para comunidade"}]},{"@type":"WebSite","@id":"https:\/\/jornaltimoneiro.com.br\/#website","url":"https:\/\/jornaltimoneiro.com.br\/","name":"Jornal Timoneiro Canoas RS","description":"Jornal O Timoneiro, o verdadeiro jornal de Canoas","publisher":{"@id":"https:\/\/jornaltimoneiro.com.br\/#organization"},"potentialAction":[{"@type":"SearchAction","target":{"@type":"EntryPoint","urlTemplate":"https:\/\/jornaltimoneiro.com.br\/?s={search_term_string}"},"query-input":"required name=search_term_string"}],"inLanguage":"pt-BR"},{"@type":"Organization","@id":"https:\/\/jornaltimoneiro.com.br\/#organization","name":"Jornal Timoneiro Canoas RS","url":"https:\/\/jornaltimoneiro.com.br\/","logo":{"@type":"ImageObject","inLanguage":"pt-BR","@id":"https:\/\/jornaltimoneiro.com.br\/#\/schema\/logo\/image\/","url":"https:\/\/jornaltimoneiro.com.br\/wp-content\/uploads\/2023\/03\/logonovo.png","contentUrl":"https:\/\/jornaltimoneiro.com.br\/wp-content\/uploads\/2023\/03\/logonovo.png","width":"469","height":"171","caption":"Jornal Timoneiro Canoas RS"},"image":{"@id":"https:\/\/jornaltimoneiro.com.br\/#\/schema\/logo\/image\/"},"sameAs":["https:\/\/www.facebook.com\/jornaltimoneiro","https:\/\/twitter.com\/_OTimoneiro","https:\/\/www.instagram.com\/jornaltimoneirocanoas\/","https:\/\/www.youtube.com\/@jornalotimoneiro7927"]},{"@type":"Person","@id":"https:\/\/jornaltimoneiro.com.br\/#\/schema\/person\/f63482f1a02b1a9592707865e509ab40","name":"Reda\u00e7\u00e3o","image":{"@type":"ImageObject","inLanguage":"pt-BR","@id":"https:\/\/jornaltimoneiro.com.br\/#\/schema\/person\/image\/","url":"https:\/\/jornaltimoneiro.com.br\/wp-content\/uploads\/2023\/03\/download.jpeg","contentUrl":"https:\/\/jornaltimoneiro.com.br\/wp-content\/uploads\/2023\/03\/download.jpeg","caption":"Reda\u00e7\u00e3o"},"url":"https:\/\/jornaltimoneiro.com.br\/index.php\/author\/simone-dutra\/"}]}},"_links":{"self":[{"href":"https:\/\/jornaltimoneiro.com.br\/index.php\/wp-json\/wp\/v2\/posts\/14354"}],"collection":[{"href":"https:\/\/jornaltimoneiro.com.br\/index.php\/wp-json\/wp\/v2\/posts"}],"about":[{"href":"https:\/\/jornaltimoneiro.com.br\/index.php\/wp-json\/wp\/v2\/types\/post"}],"author":[{"embeddable":true,"href":"https:\/\/jornaltimoneiro.com.br\/index.php\/wp-json\/wp\/v2\/users\/2"}],"replies":[{"embeddable":true,"href":"https:\/\/jornaltimoneiro.com.br\/index.php\/wp-json\/wp\/v2\/comments?post=14354"}],"version-history":[{"count":1,"href":"https:\/\/jornaltimoneiro.com.br\/index.php\/wp-json\/wp\/v2\/posts\/14354\/revisions"}],"predecessor-version":[{"id":22570,"href":"https:\/\/jornaltimoneiro.com.br\/index.php\/wp-json\/wp\/v2\/posts\/14354\/revisions\/22570"}],"wp:featuredmedia":[{"embeddable":true,"href":"https:\/\/jornaltimoneiro.com.br\/index.php\/wp-json\/wp\/v2\/media\/14357"}],"wp:attachment":[{"href":"https:\/\/jornaltimoneiro.com.br\/index.php\/wp-json\/wp\/v2\/media?parent=14354"}],"wp:term":[{"taxonomy":"category","embeddable":true,"href":"https:\/\/jornaltimoneiro.com.br\/index.php\/wp-json\/wp\/v2\/categories?post=14354"},{"taxonomy":"post_tag","embeddable":true,"href":"https:\/\/jornaltimoneiro.com.br\/index.php\/wp-json\/wp\/v2\/tags?post=14354"}],"curies":[{"name":"wp","href":"https:\/\/api.w.org\/{rel}","templated":true}]}}