{"id":14116,"date":"2019-07-26T11:44:24","date_gmt":"2019-07-26T14:44:24","guid":{"rendered":"https:\/\/jornaltimoneiro.com.br\/?p=14116"},"modified":"2019-07-26T11:44:24","modified_gmt":"2019-07-26T14:44:24","slug":"morre-maria-cecilia-viegas-do-juventude-progressista","status":"publish","type":"post","link":"https:\/\/jornaltimoneiro.com.br\/index.php\/2019\/07\/26\/morre-maria-cecilia-viegas-do-juventude-progressista\/","title":{"rendered":"Morre Maria Cec\u00edlia Viegas, do Juventude Progressista"},"content":{"rendered":"<p><img decoding=\"async\" class=\"alignnone size-full wp-image-14117\" src=\"https:\/\/jornaltimoneiro.com.br\/wp-content\/uploads\/2019\/07\/unnamed.jpg\" alt=\"\" width=\"900\" height=\"900\" srcset=\"https:\/\/jornaltimoneiro.com.br\/wp-content\/uploads\/2019\/07\/unnamed.jpg 900w, https:\/\/jornaltimoneiro.com.br\/wp-content\/uploads\/2019\/07\/unnamed-150x150.jpg 150w, https:\/\/jornaltimoneiro.com.br\/wp-content\/uploads\/2019\/07\/unnamed-300x300.jpg 300w, https:\/\/jornaltimoneiro.com.br\/wp-content\/uploads\/2019\/07\/unnamed-768x768.jpg 768w, https:\/\/jornaltimoneiro.com.br\/wp-content\/uploads\/2019\/07\/unnamed-696x696.jpg 696w, https:\/\/jornaltimoneiro.com.br\/wp-content\/uploads\/2019\/07\/unnamed-420x420.jpg 420w\" sizes=\"(max-width: 900px) 100vw, 900px\" \/><\/p>\n<p>Maria Cec\u00edlia Fernandes Viegas, de 19 anos, morreu em\u00a0<a href=\"http:\/\/agenciagbc.com\/2019\/07\/22\/nova-santa-rita-colisao-frontal-provoca-morte-de-motorista-na-br-386\/\">um acidente de tr\u00e2nsito<\/a>\u00a0na noite da \u00faltima segunda-feira, 22, na BR-386, em Nova Santa Rita.\u00a0<a href=\"http:\/\/agenciagbc.com\/2019\/07\/23\/nova-santa-rita-colisao-frontal-entre-caminhao-e-carro-deixa-motorista-morta-na-br-386\/\">Ela dirigia um P\u00e1lio Weekend, que colidiu com um caminh\u00e3o<\/a>, e morreu no local. Cec\u00edlia era presidente da Juventude Progressista de Nova Santa Rita.<\/p>\n<p>Hist\u00f3ria<\/p>\n<p>Nascida em 17 de dezembro de 1999, aprendeu a ler aos tr\u00eas anos de idade e fazia a \u201chora do conto\u201d na escola de Educa\u00e7\u00e3o Infantil que frequentava. Por causa disso, conseguiu ingresso na antiga primeira s\u00e9rie do Ensino Fundamental aos cinco anos. Sempre se destacou nos estudos pela dedica\u00e7\u00e3o e constante busca pelo conhecimento. Atualmente, estava matriculada para frequentar o \u00faltimo semestre da faculdade de Educa\u00e7\u00e3o F\u00edsica, pela PUC-RS. Se formaria no final deste ano. H\u00e1 uma semana ingressou em um est\u00e1gio remunerado no Col\u00e9gio Panamericano, em Porto Alegre. Na Igreja Cat\u00f3lica, fez um importante trabalho auxiliando no grupo de Pequenos Cantores da Par\u00f3quia Santa Rita, de Nova Santa Rita, al\u00e9m do grupo de dan\u00e7as infantil, atividades integrantes da A\u00e7\u00e3o Social da igreja. Tamb\u00e9m ajudava na anima\u00e7\u00e3o de missas, onde tocava viol\u00e3o e teclado, al\u00e9m de cantar. Ci\u00e7a deixa os pais Airton Martins Viegas e Eliana Goret Fernandes Viegas, e o irm\u00e3o Raul Fernandes Viegas.<\/p>\n","protected":false},"excerpt":{"rendered":"<p>Maria Cec\u00edlia Fernandes Viegas, de 19 anos, morreu em\u00a0um acidente de tr\u00e2nsito\u00a0na noite da \u00faltima segunda-feira, 22, na BR-386, em Nova Santa Rita.\u00a0Ela dirigia um P\u00e1lio Weekend, que colidiu com um caminh\u00e3o, e morreu no local. Cec\u00edlia era presidente da Juventude Progressista de Nova Santa Rita. Hist\u00f3ria Nascida em 17 de dezembro de 1999, aprendeu [&hellip;]<\/p>\n","protected":false},"author":2,"featured_media":14117,"comment_status":"closed","ping_status":"closed","sticky":false,"template":"","format":"standard","meta":{"amp_status":"","footnotes":""},"categories":[178],"tags":[],"class_list":["post-14116","post","type-post","status-publish","format-standard","has-post-thumbnail","hentry","category-nsr"],"yoast_head":"<!-- This site is optimized with the Yoast SEO plugin v20.5 - https:\/\/yoast.com\/wordpress\/plugins\/seo\/ -->\n<title>Morre Maria Cec\u00edlia Viegas, do Juventude Progressista - O Timoneiro Jornal Canoas RS<\/title>\n<meta name=\"robots\" content=\"index, follow, max-snippet:-1, max-image-preview:large, max-video-preview:-1\" \/>\n<link rel=\"canonical\" href=\"https:\/\/jornaltimoneiro.com.br\/index.php\/2019\/07\/26\/morre-maria-cecilia-viegas-do-juventude-progressista\/\" \/>\n<meta property=\"og:locale\" content=\"pt_BR\" \/>\n<meta property=\"og:type\" content=\"article\" \/>\n<meta property=\"og:title\" content=\"Morre Maria Cec\u00edlia Viegas, do Juventude Progressista - O Timoneiro Jornal Canoas RS\" \/>\n<meta property=\"og:description\" content=\"Maria Cec\u00edlia Fernandes Viegas, de 19 anos, morreu em\u00a0um acidente de tr\u00e2nsito\u00a0na noite da \u00faltima segunda-feira, 22, na BR-386, em Nova Santa Rita.\u00a0Ela dirigia um P\u00e1lio Weekend, que colidiu com um caminh\u00e3o, e morreu no local. Cec\u00edlia era presidente da Juventude Progressista de Nova Santa Rita. Hist\u00f3ria Nascida em 17 de dezembro de 1999, aprendeu [&hellip;]\" \/>\n<meta property=\"og:url\" content=\"https:\/\/jornaltimoneiro.com.br\/index.php\/2019\/07\/26\/morre-maria-cecilia-viegas-do-juventude-progressista\/\" \/>\n<meta property=\"og:site_name\" content=\"O Timoneiro Jornal Canoas RS\" \/>\n<meta property=\"article:publisher\" content=\"https:\/\/www.facebook.com\/jornaltimoneiro\" \/>\n<meta property=\"article:published_time\" content=\"2019-07-26T14:44:24+00:00\" \/>\n<meta property=\"og:image\" content=\"https:\/\/jornaltimoneiro.com.br\/wp-content\/uploads\/2019\/07\/unnamed.jpg\" \/>\n\t<meta property=\"og:image:width\" content=\"900\" \/>\n\t<meta property=\"og:image:height\" content=\"900\" \/>\n\t<meta property=\"og:image:type\" content=\"image\/jpeg\" \/>\n<meta name=\"author\" content=\"Reda\u00e7\u00e3o\" \/>\n<meta name=\"twitter:card\" content=\"summary_large_image\" \/>\n<meta name=\"twitter:creator\" content=\"@_OTimoneiro\" \/>\n<meta name=\"twitter:site\" content=\"@_OTimoneiro\" \/>\n<meta name=\"twitter:label1\" content=\"Escrito por\" \/>\n\t<meta name=\"twitter:data1\" content=\"Reda\u00e7\u00e3o\" \/>\n\t<meta name=\"twitter:label2\" content=\"Est. tempo de leitura\" \/>\n\t<meta name=\"twitter:data2\" content=\"1 minuto\" \/>\n<script type=\"application\/ld+json\" class=\"yoast-schema-graph\">{\"@context\":\"https:\/\/schema.org\",\"@graph\":[{\"@type\":\"Article\",\"@id\":\"https:\/\/jornaltimoneiro.com.br\/index.php\/2019\/07\/26\/morre-maria-cecilia-viegas-do-juventude-progressista\/#article\",\"isPartOf\":{\"@id\":\"https:\/\/jornaltimoneiro.com.br\/index.php\/2019\/07\/26\/morre-maria-cecilia-viegas-do-juventude-progressista\/\"},\"author\":{\"name\":\"Reda\u00e7\u00e3o\",\"@id\":\"https:\/\/jornaltimoneiro.com.br\/#\/schema\/person\/f63482f1a02b1a9592707865e509ab40\"},\"headline\":\"Morre Maria Cec\u00edlia Viegas, do Juventude Progressista\",\"datePublished\":\"2019-07-26T14:44:24+00:00\",\"dateModified\":\"2019-07-26T14:44:24+00:00\",\"mainEntityOfPage\":{\"@id\":\"https:\/\/jornaltimoneiro.com.br\/index.php\/2019\/07\/26\/morre-maria-cecilia-viegas-do-juventude-progressista\/\"},\"wordCount\":235,\"publisher\":{\"@id\":\"https:\/\/jornaltimoneiro.com.br\/#organization\"},\"articleSection\":[\"Nova Santa Rita\"],\"inLanguage\":\"pt-BR\"},{\"@type\":\"WebPage\",\"@id\":\"https:\/\/jornaltimoneiro.com.br\/index.php\/2019\/07\/26\/morre-maria-cecilia-viegas-do-juventude-progressista\/\",\"url\":\"https:\/\/jornaltimoneiro.com.br\/index.php\/2019\/07\/26\/morre-maria-cecilia-viegas-do-juventude-progressista\/\",\"name\":\"Morre Maria Cec\u00edlia Viegas, do Juventude Progressista - O Timoneiro Jornal Canoas RS\",\"isPartOf\":{\"@id\":\"https:\/\/jornaltimoneiro.com.br\/#website\"},\"datePublished\":\"2019-07-26T14:44:24+00:00\",\"dateModified\":\"2019-07-26T14:44:24+00:00\",\"breadcrumb\":{\"@id\":\"https:\/\/jornaltimoneiro.com.br\/index.php\/2019\/07\/26\/morre-maria-cecilia-viegas-do-juventude-progressista\/#breadcrumb\"},\"inLanguage\":\"pt-BR\",\"potentialAction\":[{\"@type\":\"ReadAction\",\"target\":[\"https:\/\/jornaltimoneiro.com.br\/index.php\/2019\/07\/26\/morre-maria-cecilia-viegas-do-juventude-progressista\/\"]}]},{\"@type\":\"BreadcrumbList\",\"@id\":\"https:\/\/jornaltimoneiro.com.br\/index.php\/2019\/07\/26\/morre-maria-cecilia-viegas-do-juventude-progressista\/#breadcrumb\",\"itemListElement\":[{\"@type\":\"ListItem\",\"position\":1,\"name\":\"In\u00edcio\",\"item\":\"https:\/\/jornaltimoneiro.com.br\/\"},{\"@type\":\"ListItem\",\"position\":2,\"name\":\"Morre Maria Cec\u00edlia Viegas, do Juventude Progressista\"}]},{\"@type\":\"WebSite\",\"@id\":\"https:\/\/jornaltimoneiro.com.br\/#website\",\"url\":\"https:\/\/jornaltimoneiro.com.br\/\",\"name\":\"Jornal Timoneiro Canoas RS\",\"description\":\"Jornal O Timoneiro, o verdadeiro jornal de Canoas\",\"publisher\":{\"@id\":\"https:\/\/jornaltimoneiro.com.br\/#organization\"},\"potentialAction\":[{\"@type\":\"SearchAction\",\"target\":{\"@type\":\"EntryPoint\",\"urlTemplate\":\"https:\/\/jornaltimoneiro.com.br\/?s={search_term_string}\"},\"query-input\":\"required name=search_term_string\"}],\"inLanguage\":\"pt-BR\"},{\"@type\":\"Organization\",\"@id\":\"https:\/\/jornaltimoneiro.com.br\/#organization\",\"name\":\"Jornal Timoneiro Canoas RS\",\"url\":\"https:\/\/jornaltimoneiro.com.br\/\",\"logo\":{\"@type\":\"ImageObject\",\"inLanguage\":\"pt-BR\",\"@id\":\"https:\/\/jornaltimoneiro.com.br\/#\/schema\/logo\/image\/\",\"url\":\"https:\/\/jornaltimoneiro.com.br\/wp-content\/uploads\/2023\/03\/logonovo.png\",\"contentUrl\":\"https:\/\/jornaltimoneiro.com.br\/wp-content\/uploads\/2023\/03\/logonovo.png\",\"width\":\"469\",\"height\":\"171\",\"caption\":\"Jornal Timoneiro Canoas RS\"},\"image\":{\"@id\":\"https:\/\/jornaltimoneiro.com.br\/#\/schema\/logo\/image\/\"},\"sameAs\":[\"https:\/\/www.facebook.com\/jornaltimoneiro\",\"https:\/\/twitter.com\/_OTimoneiro\",\"https:\/\/www.instagram.com\/jornaltimoneirocanoas\/\",\"https:\/\/www.youtube.com\/@jornalotimoneiro7927\"]},{\"@type\":\"Person\",\"@id\":\"https:\/\/jornaltimoneiro.com.br\/#\/schema\/person\/f63482f1a02b1a9592707865e509ab40\",\"name\":\"Reda\u00e7\u00e3o\",\"image\":{\"@type\":\"ImageObject\",\"inLanguage\":\"pt-BR\",\"@id\":\"https:\/\/jornaltimoneiro.com.br\/#\/schema\/person\/image\/\",\"url\":\"https:\/\/jornaltimoneiro.com.br\/wp-content\/uploads\/2023\/03\/download.jpeg\",\"contentUrl\":\"https:\/\/jornaltimoneiro.com.br\/wp-content\/uploads\/2023\/03\/download.jpeg\",\"caption\":\"Reda\u00e7\u00e3o\"},\"url\":\"https:\/\/jornaltimoneiro.com.br\/index.php\/author\/simone-dutra\/\"}]}<\/script>\n<!-- \/ Yoast SEO plugin. -->","yoast_head_json":{"title":"Morre Maria Cec\u00edlia Viegas, do Juventude Progressista - O Timoneiro Jornal Canoas RS","robots":{"index":"index","follow":"follow","max-snippet":"max-snippet:-1","max-image-preview":"max-image-preview:large","max-video-preview":"max-video-preview:-1"},"canonical":"https:\/\/jornaltimoneiro.com.br\/index.php\/2019\/07\/26\/morre-maria-cecilia-viegas-do-juventude-progressista\/","og_locale":"pt_BR","og_type":"article","og_title":"Morre Maria Cec\u00edlia Viegas, do Juventude Progressista - O Timoneiro Jornal Canoas RS","og_description":"Maria Cec\u00edlia Fernandes Viegas, de 19 anos, morreu em\u00a0um acidente de tr\u00e2nsito\u00a0na noite da \u00faltima segunda-feira, 22, na BR-386, em Nova Santa Rita.\u00a0Ela dirigia um P\u00e1lio Weekend, que colidiu com um caminh\u00e3o, e morreu no local. Cec\u00edlia era presidente da Juventude Progressista de Nova Santa Rita. Hist\u00f3ria Nascida em 17 de dezembro de 1999, aprendeu [&hellip;]","og_url":"https:\/\/jornaltimoneiro.com.br\/index.php\/2019\/07\/26\/morre-maria-cecilia-viegas-do-juventude-progressista\/","og_site_name":"O Timoneiro Jornal Canoas RS","article_publisher":"https:\/\/www.facebook.com\/jornaltimoneiro","article_published_time":"2019-07-26T14:44:24+00:00","og_image":[{"width":900,"height":900,"url":"https:\/\/jornaltimoneiro.com.br\/wp-content\/uploads\/2019\/07\/unnamed.jpg","type":"image\/jpeg"}],"author":"Reda\u00e7\u00e3o","twitter_card":"summary_large_image","twitter_creator":"@_OTimoneiro","twitter_site":"@_OTimoneiro","twitter_misc":{"Escrito por":"Reda\u00e7\u00e3o","Est. tempo de leitura":"1 minuto"},"schema":{"@context":"https:\/\/schema.org","@graph":[{"@type":"Article","@id":"https:\/\/jornaltimoneiro.com.br\/index.php\/2019\/07\/26\/morre-maria-cecilia-viegas-do-juventude-progressista\/#article","isPartOf":{"@id":"https:\/\/jornaltimoneiro.com.br\/index.php\/2019\/07\/26\/morre-maria-cecilia-viegas-do-juventude-progressista\/"},"author":{"name":"Reda\u00e7\u00e3o","@id":"https:\/\/jornaltimoneiro.com.br\/#\/schema\/person\/f63482f1a02b1a9592707865e509ab40"},"headline":"Morre Maria Cec\u00edlia Viegas, do Juventude Progressista","datePublished":"2019-07-26T14:44:24+00:00","dateModified":"2019-07-26T14:44:24+00:00","mainEntityOfPage":{"@id":"https:\/\/jornaltimoneiro.com.br\/index.php\/2019\/07\/26\/morre-maria-cecilia-viegas-do-juventude-progressista\/"},"wordCount":235,"publisher":{"@id":"https:\/\/jornaltimoneiro.com.br\/#organization"},"articleSection":["Nova Santa Rita"],"inLanguage":"pt-BR"},{"@type":"WebPage","@id":"https:\/\/jornaltimoneiro.com.br\/index.php\/2019\/07\/26\/morre-maria-cecilia-viegas-do-juventude-progressista\/","url":"https:\/\/jornaltimoneiro.com.br\/index.php\/2019\/07\/26\/morre-maria-cecilia-viegas-do-juventude-progressista\/","name":"Morre Maria Cec\u00edlia Viegas, do Juventude Progressista - O Timoneiro Jornal Canoas RS","isPartOf":{"@id":"https:\/\/jornaltimoneiro.com.br\/#website"},"datePublished":"2019-07-26T14:44:24+00:00","dateModified":"2019-07-26T14:44:24+00:00","breadcrumb":{"@id":"https:\/\/jornaltimoneiro.com.br\/index.php\/2019\/07\/26\/morre-maria-cecilia-viegas-do-juventude-progressista\/#breadcrumb"},"inLanguage":"pt-BR","potentialAction":[{"@type":"ReadAction","target":["https:\/\/jornaltimoneiro.com.br\/index.php\/2019\/07\/26\/morre-maria-cecilia-viegas-do-juventude-progressista\/"]}]},{"@type":"BreadcrumbList","@id":"https:\/\/jornaltimoneiro.com.br\/index.php\/2019\/07\/26\/morre-maria-cecilia-viegas-do-juventude-progressista\/#breadcrumb","itemListElement":[{"@type":"ListItem","position":1,"name":"In\u00edcio","item":"https:\/\/jornaltimoneiro.com.br\/"},{"@type":"ListItem","position":2,"name":"Morre Maria Cec\u00edlia Viegas, do Juventude Progressista"}]},{"@type":"WebSite","@id":"https:\/\/jornaltimoneiro.com.br\/#website","url":"https:\/\/jornaltimoneiro.com.br\/","name":"Jornal Timoneiro Canoas RS","description":"Jornal O Timoneiro, o verdadeiro jornal de Canoas","publisher":{"@id":"https:\/\/jornaltimoneiro.com.br\/#organization"},"potentialAction":[{"@type":"SearchAction","target":{"@type":"EntryPoint","urlTemplate":"https:\/\/jornaltimoneiro.com.br\/?s={search_term_string}"},"query-input":"required name=search_term_string"}],"inLanguage":"pt-BR"},{"@type":"Organization","@id":"https:\/\/jornaltimoneiro.com.br\/#organization","name":"Jornal Timoneiro Canoas RS","url":"https:\/\/jornaltimoneiro.com.br\/","logo":{"@type":"ImageObject","inLanguage":"pt-BR","@id":"https:\/\/jornaltimoneiro.com.br\/#\/schema\/logo\/image\/","url":"https:\/\/jornaltimoneiro.com.br\/wp-content\/uploads\/2023\/03\/logonovo.png","contentUrl":"https:\/\/jornaltimoneiro.com.br\/wp-content\/uploads\/2023\/03\/logonovo.png","width":"469","height":"171","caption":"Jornal Timoneiro Canoas RS"},"image":{"@id":"https:\/\/jornaltimoneiro.com.br\/#\/schema\/logo\/image\/"},"sameAs":["https:\/\/www.facebook.com\/jornaltimoneiro","https:\/\/twitter.com\/_OTimoneiro","https:\/\/www.instagram.com\/jornaltimoneirocanoas\/","https:\/\/www.youtube.com\/@jornalotimoneiro7927"]},{"@type":"Person","@id":"https:\/\/jornaltimoneiro.com.br\/#\/schema\/person\/f63482f1a02b1a9592707865e509ab40","name":"Reda\u00e7\u00e3o","image":{"@type":"ImageObject","inLanguage":"pt-BR","@id":"https:\/\/jornaltimoneiro.com.br\/#\/schema\/person\/image\/","url":"https:\/\/jornaltimoneiro.com.br\/wp-content\/uploads\/2023\/03\/download.jpeg","contentUrl":"https:\/\/jornaltimoneiro.com.br\/wp-content\/uploads\/2023\/03\/download.jpeg","caption":"Reda\u00e7\u00e3o"},"url":"https:\/\/jornaltimoneiro.com.br\/index.php\/author\/simone-dutra\/"}]}},"_links":{"self":[{"href":"https:\/\/jornaltimoneiro.com.br\/index.php\/wp-json\/wp\/v2\/posts\/14116"}],"collection":[{"href":"https:\/\/jornaltimoneiro.com.br\/index.php\/wp-json\/wp\/v2\/posts"}],"about":[{"href":"https:\/\/jornaltimoneiro.com.br\/index.php\/wp-json\/wp\/v2\/types\/post"}],"author":[{"embeddable":true,"href":"https:\/\/jornaltimoneiro.com.br\/index.php\/wp-json\/wp\/v2\/users\/2"}],"replies":[{"embeddable":true,"href":"https:\/\/jornaltimoneiro.com.br\/index.php\/wp-json\/wp\/v2\/comments?post=14116"}],"version-history":[{"count":0,"href":"https:\/\/jornaltimoneiro.com.br\/index.php\/wp-json\/wp\/v2\/posts\/14116\/revisions"}],"wp:featuredmedia":[{"embeddable":true,"href":"https:\/\/jornaltimoneiro.com.br\/index.php\/wp-json\/wp\/v2\/media\/14117"}],"wp:attachment":[{"href":"https:\/\/jornaltimoneiro.com.br\/index.php\/wp-json\/wp\/v2\/media?parent=14116"}],"wp:term":[{"taxonomy":"category","embeddable":true,"href":"https:\/\/jornaltimoneiro.com.br\/index.php\/wp-json\/wp\/v2\/categories?post=14116"},{"taxonomy":"post_tag","embeddable":true,"href":"https:\/\/jornaltimoneiro.com.br\/index.php\/wp-json\/wp\/v2\/tags?post=14116"}],"curies":[{"name":"wp","href":"https:\/\/api.w.org\/{rel}","templated":true}]}}