{"id":14106,"date":"2019-07-26T11:34:41","date_gmt":"2019-07-26T14:34:41","guid":{"rendered":"https:\/\/jornaltimoneiro.com.br\/?p=14106"},"modified":"2019-07-26T11:34:41","modified_gmt":"2019-07-26T14:34:41","slug":"camara-de-vereadores-aborda-privatizacao-da-refap","status":"publish","type":"post","link":"https:\/\/jornaltimoneiro.com.br\/index.php\/2019\/07\/26\/camara-de-vereadores-aborda-privatizacao-da-refap\/","title":{"rendered":"C\u00e2mara de Vereadores aborda privatiza\u00e7\u00e3o da Refap"},"content":{"rendered":"<p><img decoding=\"async\" class=\"alignnone size-full wp-image-14107\" src=\"https:\/\/jornaltimoneiro.com.br\/wp-content\/uploads\/2019\/07\/5636.jpg\" alt=\"\" width=\"903\" height=\"600\" srcset=\"https:\/\/jornaltimoneiro.com.br\/wp-content\/uploads\/2019\/07\/5636.jpg 903w, https:\/\/jornaltimoneiro.com.br\/wp-content\/uploads\/2019\/07\/5636-300x199.jpg 300w, https:\/\/jornaltimoneiro.com.br\/wp-content\/uploads\/2019\/07\/5636-768x510.jpg 768w, https:\/\/jornaltimoneiro.com.br\/wp-content\/uploads\/2019\/07\/5636-696x462.jpg 696w, https:\/\/jornaltimoneiro.com.br\/wp-content\/uploads\/2019\/07\/5636-632x420.jpg 632w\" sizes=\"(max-width: 903px) 100vw, 903px\" \/><\/p>\n<p>A privatiza\u00e7\u00e3o da Refinaria Alberto Pasqualini (Refap) foi tema de Grande Expediente realizado na sess\u00e3o desta ter\u00e7a-feira, 23. No espa\u00e7o, proposto pelo vereador Emilio Neto (PT), representantes do Sindipetro-RS e da Prefeitura avaliaram os impactos para a cidade de Canoas.<\/p>\n<p>Segundo Alexsandro Frey Pereira, diretor do Sindipetro-RS, esses argumentos n\u00e3o correspondem \u00e0 realidade. Destacou que o faturamento da Petrobras \u00e9 de R$ 300 bilh\u00f5es ao ano, sendo que 75% desse valor vem do refino, o que n\u00e3o justificaria a venda das refinarias. Al\u00e9m disso, salientou que o lucro da Petrobras, em 2018, foi de R$ 25,8 bilh\u00f5es, o que n\u00e3o demonstra, em sua an\u00e1lise, que a empresa esteja quebrada.<\/p>\n<p>Os preju\u00edzos para o munic\u00edpio e para a popula\u00e7\u00e3o de Canoas foram abordados por Dary Beck Filho, tamb\u00e9m diretor do Sindipetro-RS. Em sua fala, ele apresentou dois poss\u00edveis cen\u00e1rios ap\u00f3s a privatiza\u00e7\u00e3o. Nenhum deles, por\u00e9m, seria favor\u00e1vel \u00e0 cidade, segundo ele. As consequ\u00eancias seriam a falta de compromisso da compradora com o abastecimento do mercado, a redu\u00e7\u00e3o dos postos de trabalho, uma queda expressiva na arrecada\u00e7\u00e3o do munic\u00edpio e um poss\u00edvel aumento de pre\u00e7os. Entre funcion\u00e1rios diretos e terceirizados, a Refap emprega hoje cerca de 1,6 mil pessoas.<\/p>\n<p>Conforme os dados apresentados, a arrecada\u00e7\u00e3o de ICMS para o munic\u00edpio em 2018, referente \u00e0 Refap, foi de R$ 360 milh\u00f5es. Representando o Executivo municipal, o fiscal tribut\u00e1rio Lainor Machado Siviero considerou o cen\u00e1rio preocupante e informou que a refinaria responde por cerca de 60% do ICMS do munic\u00edpio. De acordo com os c\u00e1lculos da Secretaria da Fazenda, o munic\u00edpio perderia cerca de R$ 100 milh\u00f5es por ano com a privatiza\u00e7\u00e3o, sem contar os valores dos royalties, que giram entre R$ 2 milh\u00f5es e R$ 3 milh\u00f5es\/ano.<\/p>\n<p>&nbsp;<\/p>\n","protected":false},"excerpt":{"rendered":"<p>A privatiza\u00e7\u00e3o da Refinaria Alberto Pasqualini (Refap) foi tema de Grande Expediente realizado na sess\u00e3o desta ter\u00e7a-feira, 23. No espa\u00e7o, proposto pelo vereador Emilio Neto (PT), representantes do Sindipetro-RS e da Prefeitura avaliaram os impactos para a cidade de Canoas. Segundo Alexsandro Frey Pereira, diretor do Sindipetro-RS, esses argumentos n\u00e3o correspondem \u00e0 realidade. Destacou que [&hellip;]<\/p>\n","protected":false},"author":2,"featured_media":14107,"comment_status":"closed","ping_status":"closed","sticky":false,"template":"","format":"standard","meta":{"amp_status":"","footnotes":""},"categories":[20],"tags":[],"class_list":["post-14106","post","type-post","status-publish","format-standard","has-post-thumbnail","hentry","category-politica-noticias"],"yoast_head":"<!-- This site is optimized with the Yoast SEO plugin v20.5 - https:\/\/yoast.com\/wordpress\/plugins\/seo\/ -->\n<title>C\u00e2mara de Vereadores aborda privatiza\u00e7\u00e3o da Refap - O Timoneiro Jornal Canoas RS<\/title>\n<meta name=\"robots\" content=\"index, follow, max-snippet:-1, max-image-preview:large, max-video-preview:-1\" \/>\n<link rel=\"canonical\" href=\"https:\/\/jornaltimoneiro.com.br\/index.php\/2019\/07\/26\/camara-de-vereadores-aborda-privatizacao-da-refap\/\" \/>\n<meta property=\"og:locale\" content=\"pt_BR\" \/>\n<meta property=\"og:type\" content=\"article\" \/>\n<meta property=\"og:title\" content=\"C\u00e2mara de Vereadores aborda privatiza\u00e7\u00e3o da Refap - O Timoneiro Jornal Canoas RS\" \/>\n<meta property=\"og:description\" content=\"A privatiza\u00e7\u00e3o da Refinaria Alberto Pasqualini (Refap) foi tema de Grande Expediente realizado na sess\u00e3o desta ter\u00e7a-feira, 23. No espa\u00e7o, proposto pelo vereador Emilio Neto (PT), representantes do Sindipetro-RS e da Prefeitura avaliaram os impactos para a cidade de Canoas. Segundo Alexsandro Frey Pereira, diretor do Sindipetro-RS, esses argumentos n\u00e3o correspondem \u00e0 realidade. Destacou que [&hellip;]\" \/>\n<meta property=\"og:url\" content=\"https:\/\/jornaltimoneiro.com.br\/index.php\/2019\/07\/26\/camara-de-vereadores-aborda-privatizacao-da-refap\/\" \/>\n<meta property=\"og:site_name\" content=\"O Timoneiro Jornal Canoas RS\" \/>\n<meta property=\"article:publisher\" content=\"https:\/\/www.facebook.com\/jornaltimoneiro\" \/>\n<meta property=\"article:published_time\" content=\"2019-07-26T14:34:41+00:00\" \/>\n<meta property=\"og:image\" content=\"https:\/\/jornaltimoneiro.com.br\/wp-content\/uploads\/2019\/07\/5636.jpg\" \/>\n\t<meta property=\"og:image:width\" content=\"903\" \/>\n\t<meta property=\"og:image:height\" content=\"600\" \/>\n\t<meta property=\"og:image:type\" content=\"image\/jpeg\" \/>\n<meta name=\"author\" content=\"Reda\u00e7\u00e3o\" \/>\n<meta name=\"twitter:card\" content=\"summary_large_image\" \/>\n<meta name=\"twitter:creator\" content=\"@_OTimoneiro\" \/>\n<meta name=\"twitter:site\" content=\"@_OTimoneiro\" \/>\n<meta name=\"twitter:label1\" content=\"Escrito por\" \/>\n\t<meta name=\"twitter:data1\" content=\"Reda\u00e7\u00e3o\" \/>\n\t<meta name=\"twitter:label2\" content=\"Est. tempo de leitura\" \/>\n\t<meta name=\"twitter:data2\" content=\"2 minutos\" \/>\n<script type=\"application\/ld+json\" class=\"yoast-schema-graph\">{\"@context\":\"https:\/\/schema.org\",\"@graph\":[{\"@type\":\"Article\",\"@id\":\"https:\/\/jornaltimoneiro.com.br\/index.php\/2019\/07\/26\/camara-de-vereadores-aborda-privatizacao-da-refap\/#article\",\"isPartOf\":{\"@id\":\"https:\/\/jornaltimoneiro.com.br\/index.php\/2019\/07\/26\/camara-de-vereadores-aborda-privatizacao-da-refap\/\"},\"author\":{\"name\":\"Reda\u00e7\u00e3o\",\"@id\":\"https:\/\/jornaltimoneiro.com.br\/#\/schema\/person\/f63482f1a02b1a9592707865e509ab40\"},\"headline\":\"C\u00e2mara de Vereadores aborda privatiza\u00e7\u00e3o da Refap\",\"datePublished\":\"2019-07-26T14:34:41+00:00\",\"dateModified\":\"2019-07-26T14:34:41+00:00\",\"mainEntityOfPage\":{\"@id\":\"https:\/\/jornaltimoneiro.com.br\/index.php\/2019\/07\/26\/camara-de-vereadores-aborda-privatizacao-da-refap\/\"},\"wordCount\":319,\"publisher\":{\"@id\":\"https:\/\/jornaltimoneiro.com.br\/#organization\"},\"articleSection\":[\"Pol\u00edtica\"],\"inLanguage\":\"pt-BR\"},{\"@type\":\"WebPage\",\"@id\":\"https:\/\/jornaltimoneiro.com.br\/index.php\/2019\/07\/26\/camara-de-vereadores-aborda-privatizacao-da-refap\/\",\"url\":\"https:\/\/jornaltimoneiro.com.br\/index.php\/2019\/07\/26\/camara-de-vereadores-aborda-privatizacao-da-refap\/\",\"name\":\"C\u00e2mara de Vereadores aborda privatiza\u00e7\u00e3o da Refap - O Timoneiro Jornal Canoas RS\",\"isPartOf\":{\"@id\":\"https:\/\/jornaltimoneiro.com.br\/#website\"},\"datePublished\":\"2019-07-26T14:34:41+00:00\",\"dateModified\":\"2019-07-26T14:34:41+00:00\",\"breadcrumb\":{\"@id\":\"https:\/\/jornaltimoneiro.com.br\/index.php\/2019\/07\/26\/camara-de-vereadores-aborda-privatizacao-da-refap\/#breadcrumb\"},\"inLanguage\":\"pt-BR\",\"potentialAction\":[{\"@type\":\"ReadAction\",\"target\":[\"https:\/\/jornaltimoneiro.com.br\/index.php\/2019\/07\/26\/camara-de-vereadores-aborda-privatizacao-da-refap\/\"]}]},{\"@type\":\"BreadcrumbList\",\"@id\":\"https:\/\/jornaltimoneiro.com.br\/index.php\/2019\/07\/26\/camara-de-vereadores-aborda-privatizacao-da-refap\/#breadcrumb\",\"itemListElement\":[{\"@type\":\"ListItem\",\"position\":1,\"name\":\"In\u00edcio\",\"item\":\"https:\/\/jornaltimoneiro.com.br\/\"},{\"@type\":\"ListItem\",\"position\":2,\"name\":\"C\u00e2mara de Vereadores aborda privatiza\u00e7\u00e3o da Refap\"}]},{\"@type\":\"WebSite\",\"@id\":\"https:\/\/jornaltimoneiro.com.br\/#website\",\"url\":\"https:\/\/jornaltimoneiro.com.br\/\",\"name\":\"Jornal Timoneiro Canoas RS\",\"description\":\"Jornal O Timoneiro, o verdadeiro jornal de Canoas\",\"publisher\":{\"@id\":\"https:\/\/jornaltimoneiro.com.br\/#organization\"},\"potentialAction\":[{\"@type\":\"SearchAction\",\"target\":{\"@type\":\"EntryPoint\",\"urlTemplate\":\"https:\/\/jornaltimoneiro.com.br\/?s={search_term_string}\"},\"query-input\":\"required name=search_term_string\"}],\"inLanguage\":\"pt-BR\"},{\"@type\":\"Organization\",\"@id\":\"https:\/\/jornaltimoneiro.com.br\/#organization\",\"name\":\"Jornal Timoneiro Canoas RS\",\"url\":\"https:\/\/jornaltimoneiro.com.br\/\",\"logo\":{\"@type\":\"ImageObject\",\"inLanguage\":\"pt-BR\",\"@id\":\"https:\/\/jornaltimoneiro.com.br\/#\/schema\/logo\/image\/\",\"url\":\"https:\/\/jornaltimoneiro.com.br\/wp-content\/uploads\/2023\/03\/logonovo.png\",\"contentUrl\":\"https:\/\/jornaltimoneiro.com.br\/wp-content\/uploads\/2023\/03\/logonovo.png\",\"width\":\"469\",\"height\":\"171\",\"caption\":\"Jornal Timoneiro Canoas RS\"},\"image\":{\"@id\":\"https:\/\/jornaltimoneiro.com.br\/#\/schema\/logo\/image\/\"},\"sameAs\":[\"https:\/\/www.facebook.com\/jornaltimoneiro\",\"https:\/\/twitter.com\/_OTimoneiro\",\"https:\/\/www.instagram.com\/jornaltimoneirocanoas\/\",\"https:\/\/www.youtube.com\/@jornalotimoneiro7927\"]},{\"@type\":\"Person\",\"@id\":\"https:\/\/jornaltimoneiro.com.br\/#\/schema\/person\/f63482f1a02b1a9592707865e509ab40\",\"name\":\"Reda\u00e7\u00e3o\",\"image\":{\"@type\":\"ImageObject\",\"inLanguage\":\"pt-BR\",\"@id\":\"https:\/\/jornaltimoneiro.com.br\/#\/schema\/person\/image\/\",\"url\":\"https:\/\/jornaltimoneiro.com.br\/wp-content\/uploads\/2023\/03\/download.jpeg\",\"contentUrl\":\"https:\/\/jornaltimoneiro.com.br\/wp-content\/uploads\/2023\/03\/download.jpeg\",\"caption\":\"Reda\u00e7\u00e3o\"},\"url\":\"https:\/\/jornaltimoneiro.com.br\/index.php\/author\/simone-dutra\/\"}]}<\/script>\n<!-- \/ Yoast SEO plugin. -->","yoast_head_json":{"title":"C\u00e2mara de Vereadores aborda privatiza\u00e7\u00e3o da Refap - O Timoneiro Jornal Canoas RS","robots":{"index":"index","follow":"follow","max-snippet":"max-snippet:-1","max-image-preview":"max-image-preview:large","max-video-preview":"max-video-preview:-1"},"canonical":"https:\/\/jornaltimoneiro.com.br\/index.php\/2019\/07\/26\/camara-de-vereadores-aborda-privatizacao-da-refap\/","og_locale":"pt_BR","og_type":"article","og_title":"C\u00e2mara de Vereadores aborda privatiza\u00e7\u00e3o da Refap - O Timoneiro Jornal Canoas RS","og_description":"A privatiza\u00e7\u00e3o da Refinaria Alberto Pasqualini (Refap) foi tema de Grande Expediente realizado na sess\u00e3o desta ter\u00e7a-feira, 23. No espa\u00e7o, proposto pelo vereador Emilio Neto (PT), representantes do Sindipetro-RS e da Prefeitura avaliaram os impactos para a cidade de Canoas. Segundo Alexsandro Frey Pereira, diretor do Sindipetro-RS, esses argumentos n\u00e3o correspondem \u00e0 realidade. Destacou que [&hellip;]","og_url":"https:\/\/jornaltimoneiro.com.br\/index.php\/2019\/07\/26\/camara-de-vereadores-aborda-privatizacao-da-refap\/","og_site_name":"O Timoneiro Jornal Canoas RS","article_publisher":"https:\/\/www.facebook.com\/jornaltimoneiro","article_published_time":"2019-07-26T14:34:41+00:00","og_image":[{"width":903,"height":600,"url":"https:\/\/jornaltimoneiro.com.br\/wp-content\/uploads\/2019\/07\/5636.jpg","type":"image\/jpeg"}],"author":"Reda\u00e7\u00e3o","twitter_card":"summary_large_image","twitter_creator":"@_OTimoneiro","twitter_site":"@_OTimoneiro","twitter_misc":{"Escrito por":"Reda\u00e7\u00e3o","Est. tempo de leitura":"2 minutos"},"schema":{"@context":"https:\/\/schema.org","@graph":[{"@type":"Article","@id":"https:\/\/jornaltimoneiro.com.br\/index.php\/2019\/07\/26\/camara-de-vereadores-aborda-privatizacao-da-refap\/#article","isPartOf":{"@id":"https:\/\/jornaltimoneiro.com.br\/index.php\/2019\/07\/26\/camara-de-vereadores-aborda-privatizacao-da-refap\/"},"author":{"name":"Reda\u00e7\u00e3o","@id":"https:\/\/jornaltimoneiro.com.br\/#\/schema\/person\/f63482f1a02b1a9592707865e509ab40"},"headline":"C\u00e2mara de Vereadores aborda privatiza\u00e7\u00e3o da Refap","datePublished":"2019-07-26T14:34:41+00:00","dateModified":"2019-07-26T14:34:41+00:00","mainEntityOfPage":{"@id":"https:\/\/jornaltimoneiro.com.br\/index.php\/2019\/07\/26\/camara-de-vereadores-aborda-privatizacao-da-refap\/"},"wordCount":319,"publisher":{"@id":"https:\/\/jornaltimoneiro.com.br\/#organization"},"articleSection":["Pol\u00edtica"],"inLanguage":"pt-BR"},{"@type":"WebPage","@id":"https:\/\/jornaltimoneiro.com.br\/index.php\/2019\/07\/26\/camara-de-vereadores-aborda-privatizacao-da-refap\/","url":"https:\/\/jornaltimoneiro.com.br\/index.php\/2019\/07\/26\/camara-de-vereadores-aborda-privatizacao-da-refap\/","name":"C\u00e2mara de Vereadores aborda privatiza\u00e7\u00e3o da Refap - O Timoneiro Jornal Canoas RS","isPartOf":{"@id":"https:\/\/jornaltimoneiro.com.br\/#website"},"datePublished":"2019-07-26T14:34:41+00:00","dateModified":"2019-07-26T14:34:41+00:00","breadcrumb":{"@id":"https:\/\/jornaltimoneiro.com.br\/index.php\/2019\/07\/26\/camara-de-vereadores-aborda-privatizacao-da-refap\/#breadcrumb"},"inLanguage":"pt-BR","potentialAction":[{"@type":"ReadAction","target":["https:\/\/jornaltimoneiro.com.br\/index.php\/2019\/07\/26\/camara-de-vereadores-aborda-privatizacao-da-refap\/"]}]},{"@type":"BreadcrumbList","@id":"https:\/\/jornaltimoneiro.com.br\/index.php\/2019\/07\/26\/camara-de-vereadores-aborda-privatizacao-da-refap\/#breadcrumb","itemListElement":[{"@type":"ListItem","position":1,"name":"In\u00edcio","item":"https:\/\/jornaltimoneiro.com.br\/"},{"@type":"ListItem","position":2,"name":"C\u00e2mara de Vereadores aborda privatiza\u00e7\u00e3o da Refap"}]},{"@type":"WebSite","@id":"https:\/\/jornaltimoneiro.com.br\/#website","url":"https:\/\/jornaltimoneiro.com.br\/","name":"Jornal Timoneiro Canoas RS","description":"Jornal O Timoneiro, o verdadeiro jornal de Canoas","publisher":{"@id":"https:\/\/jornaltimoneiro.com.br\/#organization"},"potentialAction":[{"@type":"SearchAction","target":{"@type":"EntryPoint","urlTemplate":"https:\/\/jornaltimoneiro.com.br\/?s={search_term_string}"},"query-input":"required name=search_term_string"}],"inLanguage":"pt-BR"},{"@type":"Organization","@id":"https:\/\/jornaltimoneiro.com.br\/#organization","name":"Jornal Timoneiro Canoas RS","url":"https:\/\/jornaltimoneiro.com.br\/","logo":{"@type":"ImageObject","inLanguage":"pt-BR","@id":"https:\/\/jornaltimoneiro.com.br\/#\/schema\/logo\/image\/","url":"https:\/\/jornaltimoneiro.com.br\/wp-content\/uploads\/2023\/03\/logonovo.png","contentUrl":"https:\/\/jornaltimoneiro.com.br\/wp-content\/uploads\/2023\/03\/logonovo.png","width":"469","height":"171","caption":"Jornal Timoneiro Canoas RS"},"image":{"@id":"https:\/\/jornaltimoneiro.com.br\/#\/schema\/logo\/image\/"},"sameAs":["https:\/\/www.facebook.com\/jornaltimoneiro","https:\/\/twitter.com\/_OTimoneiro","https:\/\/www.instagram.com\/jornaltimoneirocanoas\/","https:\/\/www.youtube.com\/@jornalotimoneiro7927"]},{"@type":"Person","@id":"https:\/\/jornaltimoneiro.com.br\/#\/schema\/person\/f63482f1a02b1a9592707865e509ab40","name":"Reda\u00e7\u00e3o","image":{"@type":"ImageObject","inLanguage":"pt-BR","@id":"https:\/\/jornaltimoneiro.com.br\/#\/schema\/person\/image\/","url":"https:\/\/jornaltimoneiro.com.br\/wp-content\/uploads\/2023\/03\/download.jpeg","contentUrl":"https:\/\/jornaltimoneiro.com.br\/wp-content\/uploads\/2023\/03\/download.jpeg","caption":"Reda\u00e7\u00e3o"},"url":"https:\/\/jornaltimoneiro.com.br\/index.php\/author\/simone-dutra\/"}]}},"_links":{"self":[{"href":"https:\/\/jornaltimoneiro.com.br\/index.php\/wp-json\/wp\/v2\/posts\/14106"}],"collection":[{"href":"https:\/\/jornaltimoneiro.com.br\/index.php\/wp-json\/wp\/v2\/posts"}],"about":[{"href":"https:\/\/jornaltimoneiro.com.br\/index.php\/wp-json\/wp\/v2\/types\/post"}],"author":[{"embeddable":true,"href":"https:\/\/jornaltimoneiro.com.br\/index.php\/wp-json\/wp\/v2\/users\/2"}],"replies":[{"embeddable":true,"href":"https:\/\/jornaltimoneiro.com.br\/index.php\/wp-json\/wp\/v2\/comments?post=14106"}],"version-history":[{"count":0,"href":"https:\/\/jornaltimoneiro.com.br\/index.php\/wp-json\/wp\/v2\/posts\/14106\/revisions"}],"wp:featuredmedia":[{"embeddable":true,"href":"https:\/\/jornaltimoneiro.com.br\/index.php\/wp-json\/wp\/v2\/media\/14107"}],"wp:attachment":[{"href":"https:\/\/jornaltimoneiro.com.br\/index.php\/wp-json\/wp\/v2\/media?parent=14106"}],"wp:term":[{"taxonomy":"category","embeddable":true,"href":"https:\/\/jornaltimoneiro.com.br\/index.php\/wp-json\/wp\/v2\/categories?post=14106"},{"taxonomy":"post_tag","embeddable":true,"href":"https:\/\/jornaltimoneiro.com.br\/index.php\/wp-json\/wp\/v2\/tags?post=14106"}],"curies":[{"name":"wp","href":"https:\/\/api.w.org\/{rel}","templated":true}]}}