{"id":1410,"date":"2015-10-23T13:13:16","date_gmt":"2015-10-23T15:13:16","guid":{"rendered":"http:\/\/otimoneiro.com.br\/?p=1410"},"modified":"2015-10-23T13:13:16","modified_gmt":"2015-10-23T15:13:16","slug":"seis-casos-de-dengue-confirmados","status":"publish","type":"post","link":"https:\/\/jornaltimoneiro.com.br\/index.php\/2015\/10\/23\/seis-casos-de-dengue-confirmados\/","title":{"rendered":"Seis casos de dengue confirmados"},"content":{"rendered":"<div id=\"attachment_1412\" style=\"width: 593px\" class=\"wp-caption aligncenter\"><a href=\"http:\/\/otimoneiro.com.br\/wp-content\/uploads\/2015\/10\/image.png\"><img decoding=\"async\" aria-describedby=\"caption-attachment-1412\" class=\" wp-image-1412\" src=\"http:\/\/otimoneiro.com.br\/wp-content\/uploads\/2015\/10\/image.png\" alt=\"Dengue em Canoas. Fonte: Sistema Nacional de Notifica\u00e7\u00f5es.\" width=\"583\" height=\"293\" \/><\/a><p id=\"caption-attachment-1412\" class=\"wp-caption-text\">Dengue em Canoas. Fonte: Sistema Nacional de Notifica\u00e7\u00f5es.<\/p><\/div>\n<p style=\"text-align: justify;\">Os n\u00fameros saltam aos olhos. De janeiro a setembro de 2015, seis casos foram confirmados e outros 43 notificados da doen\u00e7a transmitida pelo mosquito A\u00ebdes aegypti, segundo dados da Secretaria Estadual de Sa\u00fade. Estes colocam Canoas como a segunda da regi\u00e3o metropolitana com maior n\u00famero de casos de infesta\u00e7\u00e3o da dengue, perdendo apenas para a capital, Porto Alegre.<br \/>\nA Secretaria Municipal de Sa\u00fade (SMS) discorda dos n\u00fameros. Segundo o \u00f3rg\u00e3o, s\u00e3o quatro casos confirmados e 26 notifica\u00e7\u00f5es, o que n\u00e3o deixa de ser um quadro preocupante. Em compara\u00e7\u00e3o com o mesmo per\u00edodo no ano passado, para cada 100 mil habitantes havia 1,3 notifica\u00e7\u00f5es. Neste ano, surpreendentemente, a m\u00e9dia saltou para 14 casos para cada cem mil. Um crescimento de 12,7 casos para cada mil habitantes.<\/p>\n<p style=\"text-align: justify;\"><strong>Mulheres<\/strong><br \/>\nOs dados s\u00e3o da Secretaria Estadual da Sa\u00fade (SES), o perfil dos atingidos revela que 598 homens foram infectados. O n\u00famero \u00e9 elevado para 656 quando separado por mulheres. O total \u00e9 de 1.254.<br \/>\nA maioria dos casos nos homens ocorre entre os 30 e os 39 anos (107 casos) e os que est\u00e3o na faixa dos 50 aos 59 anos (110 casos). Com as mulheres a maioria est\u00e1 na faixa et\u00e1ria que compreende os 40 aos 49 anos (123), seguido das que est\u00e3o entre os 50 e os 59 anos (110). Crian\u00e7as menores de um ano totalizam seis v\u00edtimas. De 1 at\u00e9 4 anos, s\u00e3o 9 que apresentam o quadro. O n\u00famero salta para 31 entre crian\u00e7as de 5 a 9 anos. Os idosos, com mais de 80 anos, somam 26 v\u00edtimas.<\/p>\n<p style=\"text-align: justify;\"><strong>A doen\u00e7a<\/strong><br \/>\nO portal na internet dengue.org.br lembra aos que navegam na rede mundial de computadores que se trata de uma doen\u00e7a grave e que pode matar. \u201cAlguns sintomas s\u00e3o: Febre alta, dor de cabe\u00e7a, dor atr\u00e1s dos olhos\u201d, ressalta. A solu\u00e7\u00e3o para o problema \u00e9 revisar o as instala\u00e7\u00f5es visando esvaziar a \u00e1gua parada. \u201cO mosquito se reproduz em \u00e1gua parada e para prevenir n\u00e3o podemos deixar \u00e1gua acumular\u201d.<br \/>\nA plataforma disponibiliza em seu sistema a hist\u00f3ria da dengue desde 2007, onde a mesma se proliferava prioritariamente nos pa\u00edses do sul do globo. Um ano antes, em 2006, um gr\u00e1fico aponta que apenas os estados do Rio Grande do Sul e Santa Catarina n\u00e3o tinha circula\u00e7\u00e3o viral da doen\u00e7a.<br \/>\nO portalsaude.saude.gov.br, que tem como fonte: SES\/SINAN (SINAN: a partir de 1999) e atualizado por \u00faltimo em 13\/07\/2015, mostra a evolu\u00e7\u00e3o dos casos de Dengue de 1990 at\u00e9 2014. Os primeiros casos no estado sugiram em 1996, registrando nove v\u00edtimas. Em 1998, um salto para 107 casos registrados. Em 2014, o registro foi de 153 casos. Os picos ocorreram nos anos 2002 e 2007, onde foram registrados 436 e 423 casos, respectivamente. Em 2010, o n\u00famero ultrapassou todos os registros e registrou 3.646 v\u00edtimas.<\/p>\n<p style=\"text-align: justify;\"><strong>Munic\u00edpio diz que s\u00e3o cinco casos<\/strong><br \/>\nEm rela\u00e7\u00e3o a todos os casos Notificados Suspeitos de Dengue pela RAS do munic\u00edpio de Canoas que somam 35 casos, 27 s\u00e3o residentes de Canoas e 8 s\u00e3o residentes em outros munic\u00edpios do RS e outros Estados do Brasil\u201d, esclarece.<br \/>\nDos casos notificados pelo munic\u00edpio de Canoas, os resultados dos exames laboratoriais, oito deram confirmados, sendo cinco de residentes de Canoas e tr\u00eas de outros munic\u00edpios e Estados. Os casos confirmados de mun\u00edcipes canoenses adquiriram a doen\u00e7a em outros munic\u00edpios e Estados, portanto Canoas n\u00e3o tem nenhum caso aut\u00f3ctone, sendo o munic\u00edpio indene, todos os casos s\u00e3o IMPORTADOS.<br \/>\nA Prefeitura informou que a manuten\u00e7\u00e3o dos trabalhos de preven\u00e7\u00e3o acontece com inspe\u00e7\u00f5es di\u00e1rias em im\u00f3veis do munic\u00edpio e quinzenais em pontos estrat\u00e9gicos. \u201cAtualmente trabalham no combate a dengue 20 servidores\u201d.<\/p>\n","protected":false},"excerpt":{"rendered":"<p>Cidade saltou para, em m\u00e9dia, 14 casos para cada cem mil habitantes. A maioria dos casos s\u00e3o em mulheres<\/p>\n","protected":false},"author":1,"featured_media":1412,"comment_status":"open","ping_status":"open","sticky":false,"template":"","format":"standard","meta":{"amp_status":"","footnotes":""},"categories":[25,19,22,26],"tags":[],"class_list":["post-1410","post","type-post","status-publish","format-standard","has-post-thumbnail","hentry","category-comunidade","category-destaques","category-noticias","category-saude"],"yoast_head":"<!-- This site is optimized with the Yoast SEO plugin v20.5 - https:\/\/yoast.com\/wordpress\/plugins\/seo\/ -->\n<title>Seis casos de dengue confirmados - O Timoneiro Jornal Canoas RS<\/title>\n<meta name=\"robots\" content=\"index, follow, max-snippet:-1, max-image-preview:large, max-video-preview:-1\" \/>\n<link rel=\"canonical\" href=\"https:\/\/jornaltimoneiro.com.br\/index.php\/2015\/10\/23\/seis-casos-de-dengue-confirmados\/\" \/>\n<meta property=\"og:locale\" content=\"pt_BR\" \/>\n<meta property=\"og:type\" content=\"article\" \/>\n<meta property=\"og:title\" content=\"Seis casos de dengue confirmados - O Timoneiro Jornal Canoas RS\" \/>\n<meta property=\"og:description\" content=\"Cidade saltou para, em m\u00e9dia, 14 casos para cada cem mil habitantes. A maioria dos casos s\u00e3o em mulheres\" \/>\n<meta property=\"og:url\" content=\"https:\/\/jornaltimoneiro.com.br\/index.php\/2015\/10\/23\/seis-casos-de-dengue-confirmados\/\" \/>\n<meta property=\"og:site_name\" content=\"O Timoneiro Jornal Canoas RS\" \/>\n<meta property=\"article:publisher\" content=\"https:\/\/www.facebook.com\/jornaltimoneiro\" \/>\n<meta property=\"article:published_time\" content=\"2015-10-23T15:13:16+00:00\" \/>\n<meta name=\"author\" content=\"Reda\u00e7\u00e3o\" \/>\n<meta name=\"twitter:card\" content=\"summary_large_image\" \/>\n<meta name=\"twitter:creator\" content=\"@_OTimoneiro\" \/>\n<meta name=\"twitter:site\" content=\"@_OTimoneiro\" \/>\n<meta name=\"twitter:label1\" content=\"Escrito por\" \/>\n\t<meta name=\"twitter:data1\" content=\"Reda\u00e7\u00e3o\" \/>\n\t<meta name=\"twitter:label2\" content=\"Est. tempo de leitura\" \/>\n\t<meta name=\"twitter:data2\" content=\"3 minutos\" \/>\n<script type=\"application\/ld+json\" class=\"yoast-schema-graph\">{\"@context\":\"https:\/\/schema.org\",\"@graph\":[{\"@type\":\"Article\",\"@id\":\"https:\/\/jornaltimoneiro.com.br\/index.php\/2015\/10\/23\/seis-casos-de-dengue-confirmados\/#article\",\"isPartOf\":{\"@id\":\"https:\/\/jornaltimoneiro.com.br\/index.php\/2015\/10\/23\/seis-casos-de-dengue-confirmados\/\"},\"author\":{\"name\":\"Reda\u00e7\u00e3o\",\"@id\":\"https:\/\/jornaltimoneiro.com.br\/#\/schema\/person\/620efd1d8244466117482be494360b08\"},\"headline\":\"Seis casos de dengue confirmados\",\"datePublished\":\"2015-10-23T15:13:16+00:00\",\"dateModified\":\"2015-10-23T15:13:16+00:00\",\"mainEntityOfPage\":{\"@id\":\"https:\/\/jornaltimoneiro.com.br\/index.php\/2015\/10\/23\/seis-casos-de-dengue-confirmados\/\"},\"wordCount\":642,\"commentCount\":0,\"publisher\":{\"@id\":\"https:\/\/jornaltimoneiro.com.br\/#organization\"},\"articleSection\":[\"Comunidade\",\"Destaques\",\"Not\u00edcias\",\"Sa\u00fade\"],\"inLanguage\":\"pt-BR\",\"potentialAction\":[{\"@type\":\"CommentAction\",\"name\":\"Comment\",\"target\":[\"https:\/\/jornaltimoneiro.com.br\/index.php\/2015\/10\/23\/seis-casos-de-dengue-confirmados\/#respond\"]}]},{\"@type\":\"WebPage\",\"@id\":\"https:\/\/jornaltimoneiro.com.br\/index.php\/2015\/10\/23\/seis-casos-de-dengue-confirmados\/\",\"url\":\"https:\/\/jornaltimoneiro.com.br\/index.php\/2015\/10\/23\/seis-casos-de-dengue-confirmados\/\",\"name\":\"Seis casos de dengue confirmados - O Timoneiro Jornal Canoas RS\",\"isPartOf\":{\"@id\":\"https:\/\/jornaltimoneiro.com.br\/#website\"},\"datePublished\":\"2015-10-23T15:13:16+00:00\",\"dateModified\":\"2015-10-23T15:13:16+00:00\",\"breadcrumb\":{\"@id\":\"https:\/\/jornaltimoneiro.com.br\/index.php\/2015\/10\/23\/seis-casos-de-dengue-confirmados\/#breadcrumb\"},\"inLanguage\":\"pt-BR\",\"potentialAction\":[{\"@type\":\"ReadAction\",\"target\":[\"https:\/\/jornaltimoneiro.com.br\/index.php\/2015\/10\/23\/seis-casos-de-dengue-confirmados\/\"]}]},{\"@type\":\"BreadcrumbList\",\"@id\":\"https:\/\/jornaltimoneiro.com.br\/index.php\/2015\/10\/23\/seis-casos-de-dengue-confirmados\/#breadcrumb\",\"itemListElement\":[{\"@type\":\"ListItem\",\"position\":1,\"name\":\"In\u00edcio\",\"item\":\"https:\/\/jornaltimoneiro.com.br\/\"},{\"@type\":\"ListItem\",\"position\":2,\"name\":\"Seis casos de dengue confirmados\"}]},{\"@type\":\"WebSite\",\"@id\":\"https:\/\/jornaltimoneiro.com.br\/#website\",\"url\":\"https:\/\/jornaltimoneiro.com.br\/\",\"name\":\"Jornal Timoneiro Canoas RS\",\"description\":\"Jornal O Timoneiro, o verdadeiro jornal de Canoas\",\"publisher\":{\"@id\":\"https:\/\/jornaltimoneiro.com.br\/#organization\"},\"potentialAction\":[{\"@type\":\"SearchAction\",\"target\":{\"@type\":\"EntryPoint\",\"urlTemplate\":\"https:\/\/jornaltimoneiro.com.br\/?s={search_term_string}\"},\"query-input\":\"required name=search_term_string\"}],\"inLanguage\":\"pt-BR\"},{\"@type\":\"Organization\",\"@id\":\"https:\/\/jornaltimoneiro.com.br\/#organization\",\"name\":\"Jornal Timoneiro Canoas RS\",\"url\":\"https:\/\/jornaltimoneiro.com.br\/\",\"logo\":{\"@type\":\"ImageObject\",\"inLanguage\":\"pt-BR\",\"@id\":\"https:\/\/jornaltimoneiro.com.br\/#\/schema\/logo\/image\/\",\"url\":\"https:\/\/jornaltimoneiro.com.br\/wp-content\/uploads\/2023\/03\/logonovo.png\",\"contentUrl\":\"https:\/\/jornaltimoneiro.com.br\/wp-content\/uploads\/2023\/03\/logonovo.png\",\"width\":\"469\",\"height\":\"171\",\"caption\":\"Jornal Timoneiro Canoas RS\"},\"image\":{\"@id\":\"https:\/\/jornaltimoneiro.com.br\/#\/schema\/logo\/image\/\"},\"sameAs\":[\"https:\/\/www.facebook.com\/jornaltimoneiro\",\"https:\/\/twitter.com\/_OTimoneiro\",\"https:\/\/www.instagram.com\/jornaltimoneirocanoas\/\",\"https:\/\/www.youtube.com\/@jornalotimoneiro7927\"]},{\"@type\":\"Person\",\"@id\":\"https:\/\/jornaltimoneiro.com.br\/#\/schema\/person\/620efd1d8244466117482be494360b08\",\"name\":\"Reda\u00e7\u00e3o\",\"image\":{\"@type\":\"ImageObject\",\"inLanguage\":\"pt-BR\",\"@id\":\"https:\/\/jornaltimoneiro.com.br\/#\/schema\/person\/image\/\",\"url\":\"https:\/\/secure.gravatar.com\/avatar\/2f04e1b304682a8d9db336c7acd77f08?s=96&d=mm&r=g\",\"contentUrl\":\"https:\/\/secure.gravatar.com\/avatar\/2f04e1b304682a8d9db336c7acd77f08?s=96&d=mm&r=g\",\"caption\":\"Reda\u00e7\u00e3o\"},\"url\":\"https:\/\/jornaltimoneiro.com.br\/index.php\/author\/timoneirocanoas\/\"}]}<\/script>\n<!-- \/ Yoast SEO plugin. -->","yoast_head_json":{"title":"Seis casos de dengue confirmados - O Timoneiro Jornal Canoas RS","robots":{"index":"index","follow":"follow","max-snippet":"max-snippet:-1","max-image-preview":"max-image-preview:large","max-video-preview":"max-video-preview:-1"},"canonical":"https:\/\/jornaltimoneiro.com.br\/index.php\/2015\/10\/23\/seis-casos-de-dengue-confirmados\/","og_locale":"pt_BR","og_type":"article","og_title":"Seis casos de dengue confirmados - O Timoneiro Jornal Canoas RS","og_description":"Cidade saltou para, em m\u00e9dia, 14 casos para cada cem mil habitantes. A maioria dos casos s\u00e3o em mulheres","og_url":"https:\/\/jornaltimoneiro.com.br\/index.php\/2015\/10\/23\/seis-casos-de-dengue-confirmados\/","og_site_name":"O Timoneiro Jornal Canoas RS","article_publisher":"https:\/\/www.facebook.com\/jornaltimoneiro","article_published_time":"2015-10-23T15:13:16+00:00","author":"Reda\u00e7\u00e3o","twitter_card":"summary_large_image","twitter_creator":"@_OTimoneiro","twitter_site":"@_OTimoneiro","twitter_misc":{"Escrito por":"Reda\u00e7\u00e3o","Est. tempo de leitura":"3 minutos"},"schema":{"@context":"https:\/\/schema.org","@graph":[{"@type":"Article","@id":"https:\/\/jornaltimoneiro.com.br\/index.php\/2015\/10\/23\/seis-casos-de-dengue-confirmados\/#article","isPartOf":{"@id":"https:\/\/jornaltimoneiro.com.br\/index.php\/2015\/10\/23\/seis-casos-de-dengue-confirmados\/"},"author":{"name":"Reda\u00e7\u00e3o","@id":"https:\/\/jornaltimoneiro.com.br\/#\/schema\/person\/620efd1d8244466117482be494360b08"},"headline":"Seis casos de dengue confirmados","datePublished":"2015-10-23T15:13:16+00:00","dateModified":"2015-10-23T15:13:16+00:00","mainEntityOfPage":{"@id":"https:\/\/jornaltimoneiro.com.br\/index.php\/2015\/10\/23\/seis-casos-de-dengue-confirmados\/"},"wordCount":642,"commentCount":0,"publisher":{"@id":"https:\/\/jornaltimoneiro.com.br\/#organization"},"articleSection":["Comunidade","Destaques","Not\u00edcias","Sa\u00fade"],"inLanguage":"pt-BR","potentialAction":[{"@type":"CommentAction","name":"Comment","target":["https:\/\/jornaltimoneiro.com.br\/index.php\/2015\/10\/23\/seis-casos-de-dengue-confirmados\/#respond"]}]},{"@type":"WebPage","@id":"https:\/\/jornaltimoneiro.com.br\/index.php\/2015\/10\/23\/seis-casos-de-dengue-confirmados\/","url":"https:\/\/jornaltimoneiro.com.br\/index.php\/2015\/10\/23\/seis-casos-de-dengue-confirmados\/","name":"Seis casos de dengue confirmados - O Timoneiro Jornal Canoas RS","isPartOf":{"@id":"https:\/\/jornaltimoneiro.com.br\/#website"},"datePublished":"2015-10-23T15:13:16+00:00","dateModified":"2015-10-23T15:13:16+00:00","breadcrumb":{"@id":"https:\/\/jornaltimoneiro.com.br\/index.php\/2015\/10\/23\/seis-casos-de-dengue-confirmados\/#breadcrumb"},"inLanguage":"pt-BR","potentialAction":[{"@type":"ReadAction","target":["https:\/\/jornaltimoneiro.com.br\/index.php\/2015\/10\/23\/seis-casos-de-dengue-confirmados\/"]}]},{"@type":"BreadcrumbList","@id":"https:\/\/jornaltimoneiro.com.br\/index.php\/2015\/10\/23\/seis-casos-de-dengue-confirmados\/#breadcrumb","itemListElement":[{"@type":"ListItem","position":1,"name":"In\u00edcio","item":"https:\/\/jornaltimoneiro.com.br\/"},{"@type":"ListItem","position":2,"name":"Seis casos de dengue confirmados"}]},{"@type":"WebSite","@id":"https:\/\/jornaltimoneiro.com.br\/#website","url":"https:\/\/jornaltimoneiro.com.br\/","name":"Jornal Timoneiro Canoas RS","description":"Jornal O Timoneiro, o verdadeiro jornal de Canoas","publisher":{"@id":"https:\/\/jornaltimoneiro.com.br\/#organization"},"potentialAction":[{"@type":"SearchAction","target":{"@type":"EntryPoint","urlTemplate":"https:\/\/jornaltimoneiro.com.br\/?s={search_term_string}"},"query-input":"required name=search_term_string"}],"inLanguage":"pt-BR"},{"@type":"Organization","@id":"https:\/\/jornaltimoneiro.com.br\/#organization","name":"Jornal Timoneiro Canoas RS","url":"https:\/\/jornaltimoneiro.com.br\/","logo":{"@type":"ImageObject","inLanguage":"pt-BR","@id":"https:\/\/jornaltimoneiro.com.br\/#\/schema\/logo\/image\/","url":"https:\/\/jornaltimoneiro.com.br\/wp-content\/uploads\/2023\/03\/logonovo.png","contentUrl":"https:\/\/jornaltimoneiro.com.br\/wp-content\/uploads\/2023\/03\/logonovo.png","width":"469","height":"171","caption":"Jornal Timoneiro Canoas RS"},"image":{"@id":"https:\/\/jornaltimoneiro.com.br\/#\/schema\/logo\/image\/"},"sameAs":["https:\/\/www.facebook.com\/jornaltimoneiro","https:\/\/twitter.com\/_OTimoneiro","https:\/\/www.instagram.com\/jornaltimoneirocanoas\/","https:\/\/www.youtube.com\/@jornalotimoneiro7927"]},{"@type":"Person","@id":"https:\/\/jornaltimoneiro.com.br\/#\/schema\/person\/620efd1d8244466117482be494360b08","name":"Reda\u00e7\u00e3o","image":{"@type":"ImageObject","inLanguage":"pt-BR","@id":"https:\/\/jornaltimoneiro.com.br\/#\/schema\/person\/image\/","url":"https:\/\/secure.gravatar.com\/avatar\/2f04e1b304682a8d9db336c7acd77f08?s=96&d=mm&r=g","contentUrl":"https:\/\/secure.gravatar.com\/avatar\/2f04e1b304682a8d9db336c7acd77f08?s=96&d=mm&r=g","caption":"Reda\u00e7\u00e3o"},"url":"https:\/\/jornaltimoneiro.com.br\/index.php\/author\/timoneirocanoas\/"}]}},"_links":{"self":[{"href":"https:\/\/jornaltimoneiro.com.br\/index.php\/wp-json\/wp\/v2\/posts\/1410"}],"collection":[{"href":"https:\/\/jornaltimoneiro.com.br\/index.php\/wp-json\/wp\/v2\/posts"}],"about":[{"href":"https:\/\/jornaltimoneiro.com.br\/index.php\/wp-json\/wp\/v2\/types\/post"}],"author":[{"embeddable":true,"href":"https:\/\/jornaltimoneiro.com.br\/index.php\/wp-json\/wp\/v2\/users\/1"}],"replies":[{"embeddable":true,"href":"https:\/\/jornaltimoneiro.com.br\/index.php\/wp-json\/wp\/v2\/comments?post=1410"}],"version-history":[{"count":0,"href":"https:\/\/jornaltimoneiro.com.br\/index.php\/wp-json\/wp\/v2\/posts\/1410\/revisions"}],"wp:featuredmedia":[{"embeddable":true,"href":"https:\/\/jornaltimoneiro.com.br\/index.php\/wp-json\/"}],"wp:attachment":[{"href":"https:\/\/jornaltimoneiro.com.br\/index.php\/wp-json\/wp\/v2\/media?parent=1410"}],"wp:term":[{"taxonomy":"category","embeddable":true,"href":"https:\/\/jornaltimoneiro.com.br\/index.php\/wp-json\/wp\/v2\/categories?post=1410"},{"taxonomy":"post_tag","embeddable":true,"href":"https:\/\/jornaltimoneiro.com.br\/index.php\/wp-json\/wp\/v2\/tags?post=1410"}],"curies":[{"name":"wp","href":"https:\/\/api.w.org\/{rel}","templated":true}]}}