{"id":13971,"date":"2019-07-05T08:00:51","date_gmt":"2019-07-05T11:00:51","guid":{"rendered":"https:\/\/jornaltimoneiro.com.br\/?p=13971"},"modified":"2019-07-04T19:08:26","modified_gmt":"2019-07-04T22:08:26","slug":"tito-guarniere-a-noticia-de-moro-no-ministerio-da-justica-caiu-como-uma-bomba","status":"publish","type":"post","link":"https:\/\/jornaltimoneiro.com.br\/index.php\/2019\/07\/05\/tito-guarniere-a-noticia-de-moro-no-ministerio-da-justica-caiu-como-uma-bomba\/","title":{"rendered":"Tito Guarniere: &#8220;A not\u00edcia de Moro no Minist\u00e9rio da Justi\u00e7a caiu como uma bomba&#8221;"},"content":{"rendered":"<h6><img decoding=\"async\" class=\"alignnone wp-image-13972 size-full\" src=\"https:\/\/jornaltimoneiro.com.br\/wp-content\/uploads\/2019\/07\/moro.jpg\" alt=\"\" width=\"400\" height=\"266\" srcset=\"https:\/\/jornaltimoneiro.com.br\/wp-content\/uploads\/2019\/07\/moro.jpg 400w, https:\/\/jornaltimoneiro.com.br\/wp-content\/uploads\/2019\/07\/moro-300x200.jpg 300w\" sizes=\"(max-width: 400px) 100vw, 400px\" \/><br \/>\nTito Guarniere<\/h6>\n<h6><strong>Di\u00e1logos reveladores<\/strong><\/h6>\n<p>No domingo passado, houve manifesta\u00e7\u00f5es em mais de 70 cidades brasileiras. Desta vez, em apoio ao ex-juiz e atual titular do Minist\u00e9rio da Justi\u00e7a S\u00e9rgio Moro, e\u00a0para\u00a0n\u00e3o perder a viagem, dar &#8211; em sentido figurado, \u00e9 claro \u2013 uns cascudos no Supremo Tribunal Federal e alguns dos seus ministros. Diminuiu o \u00edmpeto, mas de todo modo milhares de pessoas foram \u00e0s ruas e pra\u00e7as do pa\u00eds. Se para mais n\u00e3o seja, certos personagens, certas fam\u00edlias brasileiras encontraram nos protestos domingueiros, uma\u00a0forma de entretenimento e um sentido para as suas vidas.<\/p>\n<p>N\u00e3o sei quem compareceu, e com franqueza, nenhum desses manifestantes est\u00e1 no c\u00edrculo de minhas rela\u00e7\u00f5es. N\u00e3o tenho certeza se isso \u00e9 bom para mim\u00a0ou\u00a0para eles. O certo \u00e9 que \u2013 pelos arquivos da The Intercept &#8211; ficou claro que a not\u00edcia de Moro no Minist\u00e9rio da Justi\u00e7a caiu como uma bomba e causou enorme rebuli\u00e7o entre procuradores do Minist\u00e9rio P\u00fablico Federal, inclusive ligados diretamente \u00e0 opera\u00e7\u00e3o Lava Jato, com quem o ex-juiz tocava de ouvido.<\/p>\n<p>A procuradora Isabel Grobba, no dia 31\/10\/2018, estava indignada com Moro: \u201c\u00c9 o fim se encontrar com Bolsonaro e semana que vem interrogar o Lula\u201d.<\/p>\n<p>A sua colega de MPF Laura Tessler, \u00e0 beira de um ataque de nervos, escreveu: \u201cPelo amor de Deus!!! Algu\u00e9m fala pro Moro para n\u00e3o se encontrar com Bolsonaro!!!\u201d. Laura \u00e9 a procuradora cuja substitui\u00e7\u00e3o foi \u201csugerida\u201d por Moro (quando era juiz) ao coordenador da Lava Jato, Deltan Dallagnol, porque era fraca na inquisi\u00e7\u00e3o de testemunhas.<\/p>\n<p>Monique Cheker, procuradora que n\u00e3o \u00e9 da Lava Jato, em\u00a001\/11\/2018, \u00e9 incisiva: \u201c(Moro) viola sempre o sistema acusativo e \u00e9 tolerado pelos resultados\u201d.<\/p>\n<p>Ant\u00f4nio Carlos Welter, este da Lava Jato, lembra que \u201cum dos fundamentos do pedido feito ao Comit\u00ea da ONU para anular o processo de Lula \u00e9 justamente a falta de parcialidade do juiz\u201d. Ele quis dizer \u201cfalta de imparcialidade\u201d. (Se h\u00e1 algo que parece n\u00e3o ter faltado a Moro, no caso, foi parcialidade).<\/p>\n<p>O procurador Alan Mansur, em 28\/10\/2018 lamenta que \u201ca esposa de Moro comemorando a vit\u00f3ria de Bolsonaro nas redes\u201d. O mesmo Mansur em\u00a001\/11\/2018 declara: \u201cSempre ficar\u00e1 o coment\u00e1rio de que Moro fez tudo isso para assumir o poder\u201d.<\/p>\n<p>No \u201cchat\u201d, Janice Ascari completa: \u201cMoro j\u00e1 cumprimentou o eleito. Como perde a chance de ficar de boa, pqp\u201d. Os leitores certamente sabem o que significa o \u201cpqp\u201d. Janice, em 31\/10\/2018 diz que \u201cMoro se perdeu pela vaidade\u201d. Jo\u00e3o Carlos de Carvalho Rocha concorda: \u201cEle se perdeu e pode levar a Lava Jato junto\u201d .<\/p>\n<p>Em 28\/10\/2018 Luiz Fernando Lessa, que deve ser da capital, aborda o caso pelo lado de um suposto provincianismo do ex-juiz e da mulher: \u201c Esse povo do interior \u00e9 muito simpl\u00f3rio\u201d.<\/p>\n<p>Outro membro do MPF, na mesma data, Jos\u00e9 Robalinho Cavalcanti, acha que (a vit\u00f3ria de Bolsonaro) \u201ccompromete Moro e muito\u201d.<\/p>\n<p>A fama de Moro, depois de aceitar o minist\u00e9rio e compor a equipe de Bolsonaro, ficou abalada dentro do que \u00e9, por assim dizer, a sua pr\u00f3pria casa. Os procuradores do MPF acima mencionados n\u00e3o devem ter comparecido \u00e0s manifesta\u00e7\u00f5es de domingo.<\/p>\n<p><a href=\"mailto:titogiuarniere@terra.com.br\">titoguarniere@terra.com.br<\/a><\/p>\n","protected":false},"excerpt":{"rendered":"<p>Tito Guarniere Di\u00e1logos reveladores No domingo passado, houve manifesta\u00e7\u00f5es em mais de 70 cidades brasileiras. Desta vez, em apoio ao ex-juiz e atual titular do Minist\u00e9rio da Justi\u00e7a S\u00e9rgio Moro, e\u00a0para\u00a0n\u00e3o perder a viagem, dar &#8211; em sentido figurado, \u00e9 claro \u2013 uns cascudos no Supremo Tribunal Federal e alguns dos seus ministros. Diminuiu o [&hellip;]<\/p>\n","protected":false},"author":2,"featured_media":13972,"comment_status":"closed","ping_status":"closed","sticky":false,"template":"","format":"standard","meta":{"amp_status":"","footnotes":""},"categories":[21],"tags":[],"class_list":["post-13971","post","type-post","status-publish","format-standard","has-post-thumbnail","hentry","category-opiniao"],"yoast_head":"<!-- This site is optimized with the Yoast SEO plugin v20.5 - https:\/\/yoast.com\/wordpress\/plugins\/seo\/ -->\n<title>Tito Guarniere: &quot;A not\u00edcia de Moro no Minist\u00e9rio da Justi\u00e7a caiu como uma bomba&quot; - O Timoneiro Jornal Canoas RS<\/title>\n<meta name=\"robots\" content=\"index, follow, max-snippet:-1, max-image-preview:large, max-video-preview:-1\" \/>\n<link rel=\"canonical\" href=\"https:\/\/jornaltimoneiro.com.br\/index.php\/2019\/07\/05\/tito-guarniere-a-noticia-de-moro-no-ministerio-da-justica-caiu-como-uma-bomba\/\" \/>\n<meta property=\"og:locale\" content=\"pt_BR\" \/>\n<meta property=\"og:type\" content=\"article\" \/>\n<meta property=\"og:title\" content=\"Tito Guarniere: &quot;A not\u00edcia de Moro no Minist\u00e9rio da Justi\u00e7a caiu como uma bomba&quot; - O Timoneiro Jornal Canoas RS\" \/>\n<meta property=\"og:description\" content=\"Tito Guarniere Di\u00e1logos reveladores No domingo passado, houve manifesta\u00e7\u00f5es em mais de 70 cidades brasileiras. Desta vez, em apoio ao ex-juiz e atual titular do Minist\u00e9rio da Justi\u00e7a S\u00e9rgio Moro, e\u00a0para\u00a0n\u00e3o perder a viagem, dar &#8211; em sentido figurado, \u00e9 claro \u2013 uns cascudos no Supremo Tribunal Federal e alguns dos seus ministros. Diminuiu o [&hellip;]\" \/>\n<meta property=\"og:url\" content=\"https:\/\/jornaltimoneiro.com.br\/index.php\/2019\/07\/05\/tito-guarniere-a-noticia-de-moro-no-ministerio-da-justica-caiu-como-uma-bomba\/\" \/>\n<meta property=\"og:site_name\" content=\"O Timoneiro Jornal Canoas RS\" \/>\n<meta property=\"article:publisher\" content=\"https:\/\/www.facebook.com\/jornaltimoneiro\" \/>\n<meta property=\"article:published_time\" content=\"2019-07-05T11:00:51+00:00\" \/>\n<meta property=\"article:modified_time\" content=\"2019-07-04T22:08:26+00:00\" \/>\n<meta property=\"og:image\" content=\"https:\/\/jornaltimoneiro.com.br\/wp-content\/uploads\/2019\/07\/moro.jpg\" \/>\n\t<meta property=\"og:image:width\" content=\"400\" \/>\n\t<meta property=\"og:image:height\" content=\"266\" \/>\n\t<meta property=\"og:image:type\" content=\"image\/jpeg\" \/>\n<meta name=\"author\" content=\"Reda\u00e7\u00e3o\" \/>\n<meta name=\"twitter:card\" content=\"summary_large_image\" \/>\n<meta name=\"twitter:creator\" content=\"@_OTimoneiro\" \/>\n<meta name=\"twitter:site\" content=\"@_OTimoneiro\" \/>\n<meta name=\"twitter:label1\" content=\"Escrito por\" \/>\n\t<meta name=\"twitter:data1\" content=\"Reda\u00e7\u00e3o\" \/>\n\t<meta name=\"twitter:label2\" content=\"Est. tempo de leitura\" \/>\n\t<meta name=\"twitter:data2\" content=\"3 minutos\" \/>\n<script type=\"application\/ld+json\" class=\"yoast-schema-graph\">{\"@context\":\"https:\/\/schema.org\",\"@graph\":[{\"@type\":\"Article\",\"@id\":\"https:\/\/jornaltimoneiro.com.br\/index.php\/2019\/07\/05\/tito-guarniere-a-noticia-de-moro-no-ministerio-da-justica-caiu-como-uma-bomba\/#article\",\"isPartOf\":{\"@id\":\"https:\/\/jornaltimoneiro.com.br\/index.php\/2019\/07\/05\/tito-guarniere-a-noticia-de-moro-no-ministerio-da-justica-caiu-como-uma-bomba\/\"},\"author\":{\"name\":\"Reda\u00e7\u00e3o\",\"@id\":\"https:\/\/jornaltimoneiro.com.br\/#\/schema\/person\/f63482f1a02b1a9592707865e509ab40\"},\"headline\":\"Tito Guarniere: &#8220;A not\u00edcia de Moro no Minist\u00e9rio da Justi\u00e7a caiu como uma bomba&#8221;\",\"datePublished\":\"2019-07-05T11:00:51+00:00\",\"dateModified\":\"2019-07-04T22:08:26+00:00\",\"mainEntityOfPage\":{\"@id\":\"https:\/\/jornaltimoneiro.com.br\/index.php\/2019\/07\/05\/tito-guarniere-a-noticia-de-moro-no-ministerio-da-justica-caiu-como-uma-bomba\/\"},\"wordCount\":555,\"publisher\":{\"@id\":\"https:\/\/jornaltimoneiro.com.br\/#organization\"},\"articleSection\":[\"Opini\u00e3o\"],\"inLanguage\":\"pt-BR\"},{\"@type\":\"WebPage\",\"@id\":\"https:\/\/jornaltimoneiro.com.br\/index.php\/2019\/07\/05\/tito-guarniere-a-noticia-de-moro-no-ministerio-da-justica-caiu-como-uma-bomba\/\",\"url\":\"https:\/\/jornaltimoneiro.com.br\/index.php\/2019\/07\/05\/tito-guarniere-a-noticia-de-moro-no-ministerio-da-justica-caiu-como-uma-bomba\/\",\"name\":\"Tito Guarniere: \\\"A not\u00edcia de Moro no Minist\u00e9rio da Justi\u00e7a caiu como uma bomba\\\" - O Timoneiro Jornal Canoas RS\",\"isPartOf\":{\"@id\":\"https:\/\/jornaltimoneiro.com.br\/#website\"},\"datePublished\":\"2019-07-05T11:00:51+00:00\",\"dateModified\":\"2019-07-04T22:08:26+00:00\",\"breadcrumb\":{\"@id\":\"https:\/\/jornaltimoneiro.com.br\/index.php\/2019\/07\/05\/tito-guarniere-a-noticia-de-moro-no-ministerio-da-justica-caiu-como-uma-bomba\/#breadcrumb\"},\"inLanguage\":\"pt-BR\",\"potentialAction\":[{\"@type\":\"ReadAction\",\"target\":[\"https:\/\/jornaltimoneiro.com.br\/index.php\/2019\/07\/05\/tito-guarniere-a-noticia-de-moro-no-ministerio-da-justica-caiu-como-uma-bomba\/\"]}]},{\"@type\":\"BreadcrumbList\",\"@id\":\"https:\/\/jornaltimoneiro.com.br\/index.php\/2019\/07\/05\/tito-guarniere-a-noticia-de-moro-no-ministerio-da-justica-caiu-como-uma-bomba\/#breadcrumb\",\"itemListElement\":[{\"@type\":\"ListItem\",\"position\":1,\"name\":\"In\u00edcio\",\"item\":\"https:\/\/jornaltimoneiro.com.br\/\"},{\"@type\":\"ListItem\",\"position\":2,\"name\":\"Tito Guarniere: &#8220;A not\u00edcia de Moro no Minist\u00e9rio da Justi\u00e7a caiu como uma bomba&#8221;\"}]},{\"@type\":\"WebSite\",\"@id\":\"https:\/\/jornaltimoneiro.com.br\/#website\",\"url\":\"https:\/\/jornaltimoneiro.com.br\/\",\"name\":\"Jornal Timoneiro Canoas RS\",\"description\":\"Jornal O Timoneiro, o verdadeiro jornal de Canoas\",\"publisher\":{\"@id\":\"https:\/\/jornaltimoneiro.com.br\/#organization\"},\"potentialAction\":[{\"@type\":\"SearchAction\",\"target\":{\"@type\":\"EntryPoint\",\"urlTemplate\":\"https:\/\/jornaltimoneiro.com.br\/?s={search_term_string}\"},\"query-input\":\"required name=search_term_string\"}],\"inLanguage\":\"pt-BR\"},{\"@type\":\"Organization\",\"@id\":\"https:\/\/jornaltimoneiro.com.br\/#organization\",\"name\":\"Jornal Timoneiro Canoas RS\",\"url\":\"https:\/\/jornaltimoneiro.com.br\/\",\"logo\":{\"@type\":\"ImageObject\",\"inLanguage\":\"pt-BR\",\"@id\":\"https:\/\/jornaltimoneiro.com.br\/#\/schema\/logo\/image\/\",\"url\":\"https:\/\/jornaltimoneiro.com.br\/wp-content\/uploads\/2023\/03\/logonovo.png\",\"contentUrl\":\"https:\/\/jornaltimoneiro.com.br\/wp-content\/uploads\/2023\/03\/logonovo.png\",\"width\":\"469\",\"height\":\"171\",\"caption\":\"Jornal Timoneiro Canoas RS\"},\"image\":{\"@id\":\"https:\/\/jornaltimoneiro.com.br\/#\/schema\/logo\/image\/\"},\"sameAs\":[\"https:\/\/www.facebook.com\/jornaltimoneiro\",\"https:\/\/twitter.com\/_OTimoneiro\",\"https:\/\/www.instagram.com\/jornaltimoneirocanoas\/\",\"https:\/\/www.youtube.com\/@jornalotimoneiro7927\"]},{\"@type\":\"Person\",\"@id\":\"https:\/\/jornaltimoneiro.com.br\/#\/schema\/person\/f63482f1a02b1a9592707865e509ab40\",\"name\":\"Reda\u00e7\u00e3o\",\"image\":{\"@type\":\"ImageObject\",\"inLanguage\":\"pt-BR\",\"@id\":\"https:\/\/jornaltimoneiro.com.br\/#\/schema\/person\/image\/\",\"url\":\"https:\/\/jornaltimoneiro.com.br\/wp-content\/uploads\/2023\/03\/download.jpeg\",\"contentUrl\":\"https:\/\/jornaltimoneiro.com.br\/wp-content\/uploads\/2023\/03\/download.jpeg\",\"caption\":\"Reda\u00e7\u00e3o\"},\"url\":\"https:\/\/jornaltimoneiro.com.br\/index.php\/author\/simone-dutra\/\"}]}<\/script>\n<!-- \/ Yoast SEO plugin. -->","yoast_head_json":{"title":"Tito Guarniere: \"A not\u00edcia de Moro no Minist\u00e9rio da Justi\u00e7a caiu como uma bomba\" - O Timoneiro Jornal Canoas RS","robots":{"index":"index","follow":"follow","max-snippet":"max-snippet:-1","max-image-preview":"max-image-preview:large","max-video-preview":"max-video-preview:-1"},"canonical":"https:\/\/jornaltimoneiro.com.br\/index.php\/2019\/07\/05\/tito-guarniere-a-noticia-de-moro-no-ministerio-da-justica-caiu-como-uma-bomba\/","og_locale":"pt_BR","og_type":"article","og_title":"Tito Guarniere: \"A not\u00edcia de Moro no Minist\u00e9rio da Justi\u00e7a caiu como uma bomba\" - O Timoneiro Jornal Canoas RS","og_description":"Tito Guarniere Di\u00e1logos reveladores No domingo passado, houve manifesta\u00e7\u00f5es em mais de 70 cidades brasileiras. Desta vez, em apoio ao ex-juiz e atual titular do Minist\u00e9rio da Justi\u00e7a S\u00e9rgio Moro, e\u00a0para\u00a0n\u00e3o perder a viagem, dar &#8211; em sentido figurado, \u00e9 claro \u2013 uns cascudos no Supremo Tribunal Federal e alguns dos seus ministros. Diminuiu o [&hellip;]","og_url":"https:\/\/jornaltimoneiro.com.br\/index.php\/2019\/07\/05\/tito-guarniere-a-noticia-de-moro-no-ministerio-da-justica-caiu-como-uma-bomba\/","og_site_name":"O Timoneiro Jornal Canoas RS","article_publisher":"https:\/\/www.facebook.com\/jornaltimoneiro","article_published_time":"2019-07-05T11:00:51+00:00","article_modified_time":"2019-07-04T22:08:26+00:00","og_image":[{"width":400,"height":266,"url":"https:\/\/jornaltimoneiro.com.br\/wp-content\/uploads\/2019\/07\/moro.jpg","type":"image\/jpeg"}],"author":"Reda\u00e7\u00e3o","twitter_card":"summary_large_image","twitter_creator":"@_OTimoneiro","twitter_site":"@_OTimoneiro","twitter_misc":{"Escrito por":"Reda\u00e7\u00e3o","Est. tempo de leitura":"3 minutos"},"schema":{"@context":"https:\/\/schema.org","@graph":[{"@type":"Article","@id":"https:\/\/jornaltimoneiro.com.br\/index.php\/2019\/07\/05\/tito-guarniere-a-noticia-de-moro-no-ministerio-da-justica-caiu-como-uma-bomba\/#article","isPartOf":{"@id":"https:\/\/jornaltimoneiro.com.br\/index.php\/2019\/07\/05\/tito-guarniere-a-noticia-de-moro-no-ministerio-da-justica-caiu-como-uma-bomba\/"},"author":{"name":"Reda\u00e7\u00e3o","@id":"https:\/\/jornaltimoneiro.com.br\/#\/schema\/person\/f63482f1a02b1a9592707865e509ab40"},"headline":"Tito Guarniere: &#8220;A not\u00edcia de Moro no Minist\u00e9rio da Justi\u00e7a caiu como uma bomba&#8221;","datePublished":"2019-07-05T11:00:51+00:00","dateModified":"2019-07-04T22:08:26+00:00","mainEntityOfPage":{"@id":"https:\/\/jornaltimoneiro.com.br\/index.php\/2019\/07\/05\/tito-guarniere-a-noticia-de-moro-no-ministerio-da-justica-caiu-como-uma-bomba\/"},"wordCount":555,"publisher":{"@id":"https:\/\/jornaltimoneiro.com.br\/#organization"},"articleSection":["Opini\u00e3o"],"inLanguage":"pt-BR"},{"@type":"WebPage","@id":"https:\/\/jornaltimoneiro.com.br\/index.php\/2019\/07\/05\/tito-guarniere-a-noticia-de-moro-no-ministerio-da-justica-caiu-como-uma-bomba\/","url":"https:\/\/jornaltimoneiro.com.br\/index.php\/2019\/07\/05\/tito-guarniere-a-noticia-de-moro-no-ministerio-da-justica-caiu-como-uma-bomba\/","name":"Tito Guarniere: \"A not\u00edcia de Moro no Minist\u00e9rio da Justi\u00e7a caiu como uma bomba\" - O Timoneiro Jornal Canoas RS","isPartOf":{"@id":"https:\/\/jornaltimoneiro.com.br\/#website"},"datePublished":"2019-07-05T11:00:51+00:00","dateModified":"2019-07-04T22:08:26+00:00","breadcrumb":{"@id":"https:\/\/jornaltimoneiro.com.br\/index.php\/2019\/07\/05\/tito-guarniere-a-noticia-de-moro-no-ministerio-da-justica-caiu-como-uma-bomba\/#breadcrumb"},"inLanguage":"pt-BR","potentialAction":[{"@type":"ReadAction","target":["https:\/\/jornaltimoneiro.com.br\/index.php\/2019\/07\/05\/tito-guarniere-a-noticia-de-moro-no-ministerio-da-justica-caiu-como-uma-bomba\/"]}]},{"@type":"BreadcrumbList","@id":"https:\/\/jornaltimoneiro.com.br\/index.php\/2019\/07\/05\/tito-guarniere-a-noticia-de-moro-no-ministerio-da-justica-caiu-como-uma-bomba\/#breadcrumb","itemListElement":[{"@type":"ListItem","position":1,"name":"In\u00edcio","item":"https:\/\/jornaltimoneiro.com.br\/"},{"@type":"ListItem","position":2,"name":"Tito Guarniere: &#8220;A not\u00edcia de Moro no Minist\u00e9rio da Justi\u00e7a caiu como uma bomba&#8221;"}]},{"@type":"WebSite","@id":"https:\/\/jornaltimoneiro.com.br\/#website","url":"https:\/\/jornaltimoneiro.com.br\/","name":"Jornal Timoneiro Canoas RS","description":"Jornal O Timoneiro, o verdadeiro jornal de Canoas","publisher":{"@id":"https:\/\/jornaltimoneiro.com.br\/#organization"},"potentialAction":[{"@type":"SearchAction","target":{"@type":"EntryPoint","urlTemplate":"https:\/\/jornaltimoneiro.com.br\/?s={search_term_string}"},"query-input":"required name=search_term_string"}],"inLanguage":"pt-BR"},{"@type":"Organization","@id":"https:\/\/jornaltimoneiro.com.br\/#organization","name":"Jornal Timoneiro Canoas RS","url":"https:\/\/jornaltimoneiro.com.br\/","logo":{"@type":"ImageObject","inLanguage":"pt-BR","@id":"https:\/\/jornaltimoneiro.com.br\/#\/schema\/logo\/image\/","url":"https:\/\/jornaltimoneiro.com.br\/wp-content\/uploads\/2023\/03\/logonovo.png","contentUrl":"https:\/\/jornaltimoneiro.com.br\/wp-content\/uploads\/2023\/03\/logonovo.png","width":"469","height":"171","caption":"Jornal Timoneiro Canoas RS"},"image":{"@id":"https:\/\/jornaltimoneiro.com.br\/#\/schema\/logo\/image\/"},"sameAs":["https:\/\/www.facebook.com\/jornaltimoneiro","https:\/\/twitter.com\/_OTimoneiro","https:\/\/www.instagram.com\/jornaltimoneirocanoas\/","https:\/\/www.youtube.com\/@jornalotimoneiro7927"]},{"@type":"Person","@id":"https:\/\/jornaltimoneiro.com.br\/#\/schema\/person\/f63482f1a02b1a9592707865e509ab40","name":"Reda\u00e7\u00e3o","image":{"@type":"ImageObject","inLanguage":"pt-BR","@id":"https:\/\/jornaltimoneiro.com.br\/#\/schema\/person\/image\/","url":"https:\/\/jornaltimoneiro.com.br\/wp-content\/uploads\/2023\/03\/download.jpeg","contentUrl":"https:\/\/jornaltimoneiro.com.br\/wp-content\/uploads\/2023\/03\/download.jpeg","caption":"Reda\u00e7\u00e3o"},"url":"https:\/\/jornaltimoneiro.com.br\/index.php\/author\/simone-dutra\/"}]}},"_links":{"self":[{"href":"https:\/\/jornaltimoneiro.com.br\/index.php\/wp-json\/wp\/v2\/posts\/13971"}],"collection":[{"href":"https:\/\/jornaltimoneiro.com.br\/index.php\/wp-json\/wp\/v2\/posts"}],"about":[{"href":"https:\/\/jornaltimoneiro.com.br\/index.php\/wp-json\/wp\/v2\/types\/post"}],"author":[{"embeddable":true,"href":"https:\/\/jornaltimoneiro.com.br\/index.php\/wp-json\/wp\/v2\/users\/2"}],"replies":[{"embeddable":true,"href":"https:\/\/jornaltimoneiro.com.br\/index.php\/wp-json\/wp\/v2\/comments?post=13971"}],"version-history":[{"count":0,"href":"https:\/\/jornaltimoneiro.com.br\/index.php\/wp-json\/wp\/v2\/posts\/13971\/revisions"}],"wp:featuredmedia":[{"embeddable":true,"href":"https:\/\/jornaltimoneiro.com.br\/index.php\/wp-json\/wp\/v2\/media\/13972"}],"wp:attachment":[{"href":"https:\/\/jornaltimoneiro.com.br\/index.php\/wp-json\/wp\/v2\/media?parent=13971"}],"wp:term":[{"taxonomy":"category","embeddable":true,"href":"https:\/\/jornaltimoneiro.com.br\/index.php\/wp-json\/wp\/v2\/categories?post=13971"},{"taxonomy":"post_tag","embeddable":true,"href":"https:\/\/jornaltimoneiro.com.br\/index.php\/wp-json\/wp\/v2\/tags?post=13971"}],"curies":[{"name":"wp","href":"https:\/\/api.w.org\/{rel}","templated":true}]}}