{"id":12944,"date":"2019-03-29T08:00:15","date_gmt":"2019-03-29T11:00:15","guid":{"rendered":"https:\/\/jornaltimoneiro.com.br\/?p=12944"},"modified":"2019-03-28T18:30:31","modified_gmt":"2019-03-28T21:30:31","slug":"acao-em-nova-santa-rita-conscientiza-sobre-epilepsia","status":"publish","type":"post","link":"https:\/\/jornaltimoneiro.com.br\/index.php\/2019\/03\/29\/acao-em-nova-santa-rita-conscientiza-sobre-epilepsia\/","title":{"rendered":"A\u00e7\u00e3o em Nova Santa Rita conscientiza sobre Epilepsia"},"content":{"rendered":"<p><img decoding=\"async\" class=\"alignnone wp-image-12946 size-full\" src=\"https:\/\/jornaltimoneiro.com.br\/wp-content\/uploads\/2019\/03\/DSC_1239.jpg\" alt=\"\" width=\"900\" height=\"598\" srcset=\"https:\/\/jornaltimoneiro.com.br\/wp-content\/uploads\/2019\/03\/DSC_1239.jpg 900w, https:\/\/jornaltimoneiro.com.br\/wp-content\/uploads\/2019\/03\/DSC_1239-300x199.jpg 300w, https:\/\/jornaltimoneiro.com.br\/wp-content\/uploads\/2019\/03\/DSC_1239-768x510.jpg 768w, https:\/\/jornaltimoneiro.com.br\/wp-content\/uploads\/2019\/03\/DSC_1239-696x462.jpg 696w, https:\/\/jornaltimoneiro.com.br\/wp-content\/uploads\/2019\/03\/DSC_1239-632x420.jpg 632w\" sizes=\"(max-width: 900px) 100vw, 900px\" \/><\/p>\n<p>Uma a\u00e7\u00e3o realizada na avenida Santa Rita, no centro de Nova Santa Rita, na ter\u00e7a-feira, 26, informou e conscientizou as pessoas sobre a epilepsia. A atividade \u00e9 referente ao\u00a0<strong>\u201c<\/strong>Dia Mundial de Conscientiza\u00e7\u00e3o da Epilepsia<strong>\u201d<\/strong>, que ocorre todos os anos no dia 26 de mar\u00e7o e visa combater os preconceitos e a falta de informa\u00e7\u00e3o que envolvem o dist\u00farbio.<\/p>\n<p>Durante a a\u00e7\u00e3o de hoje, panfletos da Associa\u00e7\u00e3o Brasileira de Epilepsia (ABE) foram distribu\u00eddos, la\u00e7os roxos foram colocados nos carros e uma conversa olho no olho foi realizada com todos os condutores e transeuntes que pararam para ouvir sobre o tema.<\/p>\n<p>O vereador Leonardo Vieira \u00e9 o idealizador da a\u00e7\u00e3o \u2013 que se repetir\u00e1 nesse s\u00e1bado, 30, no bairro Berto C\u00edrio \u2013 e se diz muito contente com a receptividade e interesse das pessoas da cidade sobre o tema.<\/p>\n<p>Ele tamb\u00e9m \u00e9 o autor de Projeto de Lei que tramita na C\u00e2mara de Vereadores sobre o \u201cestabelecimento de diretrizes para a Pol\u00edtica P\u00fablica Municipal de prote\u00e7\u00e3o, inclus\u00e3o e acompanhamento educacional dos alunos com epilepsia na Rede Municipal de Educa\u00e7\u00e3o pelo Poder Executivo\u201d, visando melhorar o acolhimento de alunos e alunas que tenham a referida patologia.<\/p>\n<p>\u201cFiquei impressionado com o n\u00famero de pessoas que n\u00e3o sabiam nada sobre o tema, mas tamb\u00e9m muito contente em ver todos com que conversei se preocuparem em aprender sobre a epilepsia e mudando suas vis\u00f5es sobre este dist\u00farbio, entendendo que \u00e9 um problema do c\u00e9rebro, e n\u00e3o de esp\u00edrito, por exemplo\u201d, disse o vereador Leonardo.<\/p>\n<p><strong>A <\/strong>Epilepsia \u00e9 um dist\u00farbio causado por descargas excessivas de um grupo de neur\u00f4nios localizados em certa regi\u00e3o do c\u00e9rebro. As crises podem ser espont\u00e2neas (epilepsia) ou desencadeadas por alguns fatores, como febre ou altera\u00e7\u00f5es do estado de equil\u00edbrio do organismo (desidrata\u00e7\u00e3o,falta de glicose, intoxica\u00e7\u00f5es, etc). No Brasil, cerca de 4 milh\u00f5es de pessoas tenham epilepsia.<\/p>\n<p>&nbsp;<\/p>\n<p>&nbsp;<\/p>\n","protected":false},"excerpt":{"rendered":"<p>Uma a\u00e7\u00e3o realizada na avenida Santa Rita, no centro de Nova Santa Rita, na ter\u00e7a-feira, 26, informou e conscientizou as pessoas sobre a epilepsia. A atividade \u00e9 referente ao\u00a0\u201cDia Mundial de Conscientiza\u00e7\u00e3o da Epilepsia\u201d, que ocorre todos os anos no dia 26 de mar\u00e7o e visa combater os preconceitos e a falta de informa\u00e7\u00e3o que [&hellip;]<\/p>\n","protected":false},"author":2,"featured_media":12946,"comment_status":"closed","ping_status":"closed","sticky":false,"template":"","format":"standard","meta":{"amp_status":"","footnotes":""},"categories":[178],"tags":[],"class_list":["post-12944","post","type-post","status-publish","format-standard","has-post-thumbnail","hentry","category-nsr"],"yoast_head":"<!-- This site is optimized with the Yoast SEO plugin v20.5 - https:\/\/yoast.com\/wordpress\/plugins\/seo\/ -->\n<title>A\u00e7\u00e3o em Nova Santa Rita conscientiza sobre Epilepsia - O Timoneiro Jornal Canoas RS<\/title>\n<meta name=\"robots\" content=\"index, follow, max-snippet:-1, max-image-preview:large, max-video-preview:-1\" \/>\n<link rel=\"canonical\" href=\"https:\/\/jornaltimoneiro.com.br\/index.php\/2019\/03\/29\/acao-em-nova-santa-rita-conscientiza-sobre-epilepsia\/\" \/>\n<meta property=\"og:locale\" content=\"pt_BR\" \/>\n<meta property=\"og:type\" content=\"article\" \/>\n<meta property=\"og:title\" content=\"A\u00e7\u00e3o em Nova Santa Rita conscientiza sobre Epilepsia - O Timoneiro Jornal Canoas RS\" \/>\n<meta property=\"og:description\" content=\"Uma a\u00e7\u00e3o realizada na avenida Santa Rita, no centro de Nova Santa Rita, na ter\u00e7a-feira, 26, informou e conscientizou as pessoas sobre a epilepsia. A atividade \u00e9 referente ao\u00a0\u201cDia Mundial de Conscientiza\u00e7\u00e3o da Epilepsia\u201d, que ocorre todos os anos no dia 26 de mar\u00e7o e visa combater os preconceitos e a falta de informa\u00e7\u00e3o que [&hellip;]\" \/>\n<meta property=\"og:url\" content=\"https:\/\/jornaltimoneiro.com.br\/index.php\/2019\/03\/29\/acao-em-nova-santa-rita-conscientiza-sobre-epilepsia\/\" \/>\n<meta property=\"og:site_name\" content=\"O Timoneiro Jornal Canoas RS\" \/>\n<meta property=\"article:publisher\" content=\"https:\/\/www.facebook.com\/jornaltimoneiro\" \/>\n<meta property=\"article:published_time\" content=\"2019-03-29T11:00:15+00:00\" \/>\n<meta property=\"article:modified_time\" content=\"2019-03-28T21:30:31+00:00\" \/>\n<meta property=\"og:image\" content=\"https:\/\/jornaltimoneiro.com.br\/wp-content\/uploads\/2019\/03\/DSC_1239.jpg\" \/>\n\t<meta property=\"og:image:width\" content=\"900\" \/>\n\t<meta property=\"og:image:height\" content=\"598\" \/>\n\t<meta property=\"og:image:type\" content=\"image\/jpeg\" \/>\n<meta name=\"author\" content=\"Reda\u00e7\u00e3o\" \/>\n<meta name=\"twitter:card\" content=\"summary_large_image\" \/>\n<meta name=\"twitter:creator\" content=\"@_OTimoneiro\" \/>\n<meta name=\"twitter:site\" content=\"@_OTimoneiro\" \/>\n<meta name=\"twitter:label1\" content=\"Escrito por\" \/>\n\t<meta name=\"twitter:data1\" content=\"Reda\u00e7\u00e3o\" \/>\n\t<meta name=\"twitter:label2\" content=\"Est. tempo de leitura\" \/>\n\t<meta name=\"twitter:data2\" content=\"2 minutos\" \/>\n<script type=\"application\/ld+json\" class=\"yoast-schema-graph\">{\"@context\":\"https:\/\/schema.org\",\"@graph\":[{\"@type\":\"Article\",\"@id\":\"https:\/\/jornaltimoneiro.com.br\/index.php\/2019\/03\/29\/acao-em-nova-santa-rita-conscientiza-sobre-epilepsia\/#article\",\"isPartOf\":{\"@id\":\"https:\/\/jornaltimoneiro.com.br\/index.php\/2019\/03\/29\/acao-em-nova-santa-rita-conscientiza-sobre-epilepsia\/\"},\"author\":{\"name\":\"Reda\u00e7\u00e3o\",\"@id\":\"https:\/\/jornaltimoneiro.com.br\/#\/schema\/person\/f63482f1a02b1a9592707865e509ab40\"},\"headline\":\"A\u00e7\u00e3o em Nova Santa Rita conscientiza sobre Epilepsia\",\"datePublished\":\"2019-03-29T11:00:15+00:00\",\"dateModified\":\"2019-03-28T21:30:31+00:00\",\"mainEntityOfPage\":{\"@id\":\"https:\/\/jornaltimoneiro.com.br\/index.php\/2019\/03\/29\/acao-em-nova-santa-rita-conscientiza-sobre-epilepsia\/\"},\"wordCount\":344,\"publisher\":{\"@id\":\"https:\/\/jornaltimoneiro.com.br\/#organization\"},\"articleSection\":[\"Nova Santa Rita\"],\"inLanguage\":\"pt-BR\"},{\"@type\":\"WebPage\",\"@id\":\"https:\/\/jornaltimoneiro.com.br\/index.php\/2019\/03\/29\/acao-em-nova-santa-rita-conscientiza-sobre-epilepsia\/\",\"url\":\"https:\/\/jornaltimoneiro.com.br\/index.php\/2019\/03\/29\/acao-em-nova-santa-rita-conscientiza-sobre-epilepsia\/\",\"name\":\"A\u00e7\u00e3o em Nova Santa Rita conscientiza sobre Epilepsia - O Timoneiro Jornal Canoas RS\",\"isPartOf\":{\"@id\":\"https:\/\/jornaltimoneiro.com.br\/#website\"},\"datePublished\":\"2019-03-29T11:00:15+00:00\",\"dateModified\":\"2019-03-28T21:30:31+00:00\",\"breadcrumb\":{\"@id\":\"https:\/\/jornaltimoneiro.com.br\/index.php\/2019\/03\/29\/acao-em-nova-santa-rita-conscientiza-sobre-epilepsia\/#breadcrumb\"},\"inLanguage\":\"pt-BR\",\"potentialAction\":[{\"@type\":\"ReadAction\",\"target\":[\"https:\/\/jornaltimoneiro.com.br\/index.php\/2019\/03\/29\/acao-em-nova-santa-rita-conscientiza-sobre-epilepsia\/\"]}]},{\"@type\":\"BreadcrumbList\",\"@id\":\"https:\/\/jornaltimoneiro.com.br\/index.php\/2019\/03\/29\/acao-em-nova-santa-rita-conscientiza-sobre-epilepsia\/#breadcrumb\",\"itemListElement\":[{\"@type\":\"ListItem\",\"position\":1,\"name\":\"In\u00edcio\",\"item\":\"https:\/\/jornaltimoneiro.com.br\/\"},{\"@type\":\"ListItem\",\"position\":2,\"name\":\"A\u00e7\u00e3o em Nova Santa Rita conscientiza sobre Epilepsia\"}]},{\"@type\":\"WebSite\",\"@id\":\"https:\/\/jornaltimoneiro.com.br\/#website\",\"url\":\"https:\/\/jornaltimoneiro.com.br\/\",\"name\":\"Jornal Timoneiro Canoas RS\",\"description\":\"Jornal O Timoneiro, o verdadeiro jornal de Canoas\",\"publisher\":{\"@id\":\"https:\/\/jornaltimoneiro.com.br\/#organization\"},\"potentialAction\":[{\"@type\":\"SearchAction\",\"target\":{\"@type\":\"EntryPoint\",\"urlTemplate\":\"https:\/\/jornaltimoneiro.com.br\/?s={search_term_string}\"},\"query-input\":\"required name=search_term_string\"}],\"inLanguage\":\"pt-BR\"},{\"@type\":\"Organization\",\"@id\":\"https:\/\/jornaltimoneiro.com.br\/#organization\",\"name\":\"Jornal Timoneiro Canoas RS\",\"url\":\"https:\/\/jornaltimoneiro.com.br\/\",\"logo\":{\"@type\":\"ImageObject\",\"inLanguage\":\"pt-BR\",\"@id\":\"https:\/\/jornaltimoneiro.com.br\/#\/schema\/logo\/image\/\",\"url\":\"https:\/\/jornaltimoneiro.com.br\/wp-content\/uploads\/2023\/03\/logonovo.png\",\"contentUrl\":\"https:\/\/jornaltimoneiro.com.br\/wp-content\/uploads\/2023\/03\/logonovo.png\",\"width\":\"469\",\"height\":\"171\",\"caption\":\"Jornal Timoneiro Canoas RS\"},\"image\":{\"@id\":\"https:\/\/jornaltimoneiro.com.br\/#\/schema\/logo\/image\/\"},\"sameAs\":[\"https:\/\/www.facebook.com\/jornaltimoneiro\",\"https:\/\/twitter.com\/_OTimoneiro\",\"https:\/\/www.instagram.com\/jornaltimoneirocanoas\/\",\"https:\/\/www.youtube.com\/@jornalotimoneiro7927\"]},{\"@type\":\"Person\",\"@id\":\"https:\/\/jornaltimoneiro.com.br\/#\/schema\/person\/f63482f1a02b1a9592707865e509ab40\",\"name\":\"Reda\u00e7\u00e3o\",\"image\":{\"@type\":\"ImageObject\",\"inLanguage\":\"pt-BR\",\"@id\":\"https:\/\/jornaltimoneiro.com.br\/#\/schema\/person\/image\/\",\"url\":\"https:\/\/jornaltimoneiro.com.br\/wp-content\/uploads\/2023\/03\/download.jpeg\",\"contentUrl\":\"https:\/\/jornaltimoneiro.com.br\/wp-content\/uploads\/2023\/03\/download.jpeg\",\"caption\":\"Reda\u00e7\u00e3o\"},\"url\":\"https:\/\/jornaltimoneiro.com.br\/index.php\/author\/simone-dutra\/\"}]}<\/script>\n<!-- \/ Yoast SEO plugin. -->","yoast_head_json":{"title":"A\u00e7\u00e3o em Nova Santa Rita conscientiza sobre Epilepsia - O Timoneiro Jornal Canoas RS","robots":{"index":"index","follow":"follow","max-snippet":"max-snippet:-1","max-image-preview":"max-image-preview:large","max-video-preview":"max-video-preview:-1"},"canonical":"https:\/\/jornaltimoneiro.com.br\/index.php\/2019\/03\/29\/acao-em-nova-santa-rita-conscientiza-sobre-epilepsia\/","og_locale":"pt_BR","og_type":"article","og_title":"A\u00e7\u00e3o em Nova Santa Rita conscientiza sobre Epilepsia - O Timoneiro Jornal Canoas RS","og_description":"Uma a\u00e7\u00e3o realizada na avenida Santa Rita, no centro de Nova Santa Rita, na ter\u00e7a-feira, 26, informou e conscientizou as pessoas sobre a epilepsia. A atividade \u00e9 referente ao\u00a0\u201cDia Mundial de Conscientiza\u00e7\u00e3o da Epilepsia\u201d, que ocorre todos os anos no dia 26 de mar\u00e7o e visa combater os preconceitos e a falta de informa\u00e7\u00e3o que [&hellip;]","og_url":"https:\/\/jornaltimoneiro.com.br\/index.php\/2019\/03\/29\/acao-em-nova-santa-rita-conscientiza-sobre-epilepsia\/","og_site_name":"O Timoneiro Jornal Canoas RS","article_publisher":"https:\/\/www.facebook.com\/jornaltimoneiro","article_published_time":"2019-03-29T11:00:15+00:00","article_modified_time":"2019-03-28T21:30:31+00:00","og_image":[{"width":900,"height":598,"url":"https:\/\/jornaltimoneiro.com.br\/wp-content\/uploads\/2019\/03\/DSC_1239.jpg","type":"image\/jpeg"}],"author":"Reda\u00e7\u00e3o","twitter_card":"summary_large_image","twitter_creator":"@_OTimoneiro","twitter_site":"@_OTimoneiro","twitter_misc":{"Escrito por":"Reda\u00e7\u00e3o","Est. tempo de leitura":"2 minutos"},"schema":{"@context":"https:\/\/schema.org","@graph":[{"@type":"Article","@id":"https:\/\/jornaltimoneiro.com.br\/index.php\/2019\/03\/29\/acao-em-nova-santa-rita-conscientiza-sobre-epilepsia\/#article","isPartOf":{"@id":"https:\/\/jornaltimoneiro.com.br\/index.php\/2019\/03\/29\/acao-em-nova-santa-rita-conscientiza-sobre-epilepsia\/"},"author":{"name":"Reda\u00e7\u00e3o","@id":"https:\/\/jornaltimoneiro.com.br\/#\/schema\/person\/f63482f1a02b1a9592707865e509ab40"},"headline":"A\u00e7\u00e3o em Nova Santa Rita conscientiza sobre Epilepsia","datePublished":"2019-03-29T11:00:15+00:00","dateModified":"2019-03-28T21:30:31+00:00","mainEntityOfPage":{"@id":"https:\/\/jornaltimoneiro.com.br\/index.php\/2019\/03\/29\/acao-em-nova-santa-rita-conscientiza-sobre-epilepsia\/"},"wordCount":344,"publisher":{"@id":"https:\/\/jornaltimoneiro.com.br\/#organization"},"articleSection":["Nova Santa Rita"],"inLanguage":"pt-BR"},{"@type":"WebPage","@id":"https:\/\/jornaltimoneiro.com.br\/index.php\/2019\/03\/29\/acao-em-nova-santa-rita-conscientiza-sobre-epilepsia\/","url":"https:\/\/jornaltimoneiro.com.br\/index.php\/2019\/03\/29\/acao-em-nova-santa-rita-conscientiza-sobre-epilepsia\/","name":"A\u00e7\u00e3o em Nova Santa Rita conscientiza sobre Epilepsia - O Timoneiro Jornal Canoas RS","isPartOf":{"@id":"https:\/\/jornaltimoneiro.com.br\/#website"},"datePublished":"2019-03-29T11:00:15+00:00","dateModified":"2019-03-28T21:30:31+00:00","breadcrumb":{"@id":"https:\/\/jornaltimoneiro.com.br\/index.php\/2019\/03\/29\/acao-em-nova-santa-rita-conscientiza-sobre-epilepsia\/#breadcrumb"},"inLanguage":"pt-BR","potentialAction":[{"@type":"ReadAction","target":["https:\/\/jornaltimoneiro.com.br\/index.php\/2019\/03\/29\/acao-em-nova-santa-rita-conscientiza-sobre-epilepsia\/"]}]},{"@type":"BreadcrumbList","@id":"https:\/\/jornaltimoneiro.com.br\/index.php\/2019\/03\/29\/acao-em-nova-santa-rita-conscientiza-sobre-epilepsia\/#breadcrumb","itemListElement":[{"@type":"ListItem","position":1,"name":"In\u00edcio","item":"https:\/\/jornaltimoneiro.com.br\/"},{"@type":"ListItem","position":2,"name":"A\u00e7\u00e3o em Nova Santa Rita conscientiza sobre Epilepsia"}]},{"@type":"WebSite","@id":"https:\/\/jornaltimoneiro.com.br\/#website","url":"https:\/\/jornaltimoneiro.com.br\/","name":"Jornal Timoneiro Canoas RS","description":"Jornal O Timoneiro, o verdadeiro jornal de Canoas","publisher":{"@id":"https:\/\/jornaltimoneiro.com.br\/#organization"},"potentialAction":[{"@type":"SearchAction","target":{"@type":"EntryPoint","urlTemplate":"https:\/\/jornaltimoneiro.com.br\/?s={search_term_string}"},"query-input":"required name=search_term_string"}],"inLanguage":"pt-BR"},{"@type":"Organization","@id":"https:\/\/jornaltimoneiro.com.br\/#organization","name":"Jornal Timoneiro Canoas RS","url":"https:\/\/jornaltimoneiro.com.br\/","logo":{"@type":"ImageObject","inLanguage":"pt-BR","@id":"https:\/\/jornaltimoneiro.com.br\/#\/schema\/logo\/image\/","url":"https:\/\/jornaltimoneiro.com.br\/wp-content\/uploads\/2023\/03\/logonovo.png","contentUrl":"https:\/\/jornaltimoneiro.com.br\/wp-content\/uploads\/2023\/03\/logonovo.png","width":"469","height":"171","caption":"Jornal Timoneiro Canoas RS"},"image":{"@id":"https:\/\/jornaltimoneiro.com.br\/#\/schema\/logo\/image\/"},"sameAs":["https:\/\/www.facebook.com\/jornaltimoneiro","https:\/\/twitter.com\/_OTimoneiro","https:\/\/www.instagram.com\/jornaltimoneirocanoas\/","https:\/\/www.youtube.com\/@jornalotimoneiro7927"]},{"@type":"Person","@id":"https:\/\/jornaltimoneiro.com.br\/#\/schema\/person\/f63482f1a02b1a9592707865e509ab40","name":"Reda\u00e7\u00e3o","image":{"@type":"ImageObject","inLanguage":"pt-BR","@id":"https:\/\/jornaltimoneiro.com.br\/#\/schema\/person\/image\/","url":"https:\/\/jornaltimoneiro.com.br\/wp-content\/uploads\/2023\/03\/download.jpeg","contentUrl":"https:\/\/jornaltimoneiro.com.br\/wp-content\/uploads\/2023\/03\/download.jpeg","caption":"Reda\u00e7\u00e3o"},"url":"https:\/\/jornaltimoneiro.com.br\/index.php\/author\/simone-dutra\/"}]}},"_links":{"self":[{"href":"https:\/\/jornaltimoneiro.com.br\/index.php\/wp-json\/wp\/v2\/posts\/12944"}],"collection":[{"href":"https:\/\/jornaltimoneiro.com.br\/index.php\/wp-json\/wp\/v2\/posts"}],"about":[{"href":"https:\/\/jornaltimoneiro.com.br\/index.php\/wp-json\/wp\/v2\/types\/post"}],"author":[{"embeddable":true,"href":"https:\/\/jornaltimoneiro.com.br\/index.php\/wp-json\/wp\/v2\/users\/2"}],"replies":[{"embeddable":true,"href":"https:\/\/jornaltimoneiro.com.br\/index.php\/wp-json\/wp\/v2\/comments?post=12944"}],"version-history":[{"count":0,"href":"https:\/\/jornaltimoneiro.com.br\/index.php\/wp-json\/wp\/v2\/posts\/12944\/revisions"}],"wp:featuredmedia":[{"embeddable":true,"href":"https:\/\/jornaltimoneiro.com.br\/index.php\/wp-json\/wp\/v2\/media\/12946"}],"wp:attachment":[{"href":"https:\/\/jornaltimoneiro.com.br\/index.php\/wp-json\/wp\/v2\/media?parent=12944"}],"wp:term":[{"taxonomy":"category","embeddable":true,"href":"https:\/\/jornaltimoneiro.com.br\/index.php\/wp-json\/wp\/v2\/categories?post=12944"},{"taxonomy":"post_tag","embeddable":true,"href":"https:\/\/jornaltimoneiro.com.br\/index.php\/wp-json\/wp\/v2\/tags?post=12944"}],"curies":[{"name":"wp","href":"https:\/\/api.w.org\/{rel}","templated":true}]}}