{"id":12914,"date":"2019-03-27T14:49:17","date_gmt":"2019-03-27T17:49:17","guid":{"rendered":"https:\/\/jornaltimoneiro.com.br\/?p=12914"},"modified":"2019-03-27T14:49:17","modified_gmt":"2019-03-27T17:49:17","slug":"diretor-administrativo-da-doctor-clin-visita-obras-da-futura-unidade-em-canoas","status":"publish","type":"post","link":"https:\/\/jornaltimoneiro.com.br\/index.php\/2019\/03\/27\/diretor-administrativo-da-doctor-clin-visita-obras-da-futura-unidade-em-canoas\/","title":{"rendered":"Diretor Administrativo da Doctor Clin visita obras da futura unidade em Canoas"},"content":{"rendered":"<p style=\"font-weight: 400;\"><img decoding=\"async\" class=\"alignnone wp-image-12915 size-full\" src=\"https:\/\/jornaltimoneiro.com.br\/wp-content\/uploads\/2019\/03\/visita-na-doctor-canoas1.jpg\" alt=\"\" width=\"1080\" height=\"720\" srcset=\"https:\/\/jornaltimoneiro.com.br\/wp-content\/uploads\/2019\/03\/visita-na-doctor-canoas1.jpg 1080w, https:\/\/jornaltimoneiro.com.br\/wp-content\/uploads\/2019\/03\/visita-na-doctor-canoas1-300x200.jpg 300w, https:\/\/jornaltimoneiro.com.br\/wp-content\/uploads\/2019\/03\/visita-na-doctor-canoas1-768x512.jpg 768w, https:\/\/jornaltimoneiro.com.br\/wp-content\/uploads\/2019\/03\/visita-na-doctor-canoas1-1024x683.jpg 1024w, https:\/\/jornaltimoneiro.com.br\/wp-content\/uploads\/2019\/03\/visita-na-doctor-canoas1-696x464.jpg 696w, https:\/\/jornaltimoneiro.com.br\/wp-content\/uploads\/2019\/03\/visita-na-doctor-canoas1-1068x712.jpg 1068w, https:\/\/jornaltimoneiro.com.br\/wp-content\/uploads\/2019\/03\/visita-na-doctor-canoas1-630x420.jpg 630w\" sizes=\"(max-width: 1080px) 100vw, 1080px\" \/><\/p>\n<p>O diretor Administrativo da Doctor Clin, Marcelo Dietrich, esteve em visita \u00e0s obras da futura unidade da empresa em Canoas, junto ao empreendimento Hub da Sa\u00fade Maxplaza, da Melnick Even, que est\u00e1 sendo finalizado \u00e0s margens da BR 116. A nova unidade Doctor Clin ter\u00e1 uma \u00e1rea de 600m\u00b2, sendo uma das \u00e2ncoras do espa\u00e7o, ao lado do Hospital Moinhos de Vento. A obra conta com um conceito arquitet\u00f4nico arrojado e inovador, inspirado nos princ\u00edpios urbanos dos mixed use, promovendo conv\u00edvio social em ambientes de m\u00faltiplos usos. O in\u00edcio das atividades deve acontecer em outubro deste ano.<\/p>\n<p style=\"font-weight: 400;\">O complexo agrega torres onde estar\u00e3o o medical center, consult\u00f3rios, hotel, centro de eventos, salas comerciais, apartamentos residenciais, lojas e servi\u00e7os. A Doctor Clin \u00e9 uma Operadora de Planos de Sa\u00fade que iniciou suas atividades em 1996 e, atualmente, \u00e9 respons\u00e1vel por 60 mil funcion\u00e1rios em sa\u00fade ocupacional e aproximadamente 100 mil pessoas em planos de sa\u00fade.<\/p>\n","protected":false},"excerpt":{"rendered":"<p>O diretor Administrativo da Doctor Clin, Marcelo Dietrich, esteve em visita \u00e0s obras da futura unidade da empresa em Canoas, junto ao empreendimento Hub da Sa\u00fade Maxplaza, da Melnick Even, que est\u00e1 sendo finalizado \u00e0s margens da BR 116. A nova unidade Doctor Clin ter\u00e1 uma \u00e1rea de 600m\u00b2, sendo uma das \u00e2ncoras do espa\u00e7o, [&hellip;]<\/p>\n","protected":false},"author":2,"featured_media":12915,"comment_status":"closed","ping_status":"closed","sticky":false,"template":"","format":"standard","meta":{"amp_status":"","footnotes":""},"categories":[26],"tags":[],"class_list":["post-12914","post","type-post","status-publish","format-standard","has-post-thumbnail","hentry","category-saude"],"yoast_head":"<!-- This site is optimized with the Yoast SEO plugin v20.5 - https:\/\/yoast.com\/wordpress\/plugins\/seo\/ -->\n<title>Diretor Administrativo da Doctor Clin visita obras da futura unidade em Canoas - O Timoneiro Jornal Canoas RS<\/title>\n<meta name=\"robots\" content=\"index, follow, max-snippet:-1, max-image-preview:large, max-video-preview:-1\" \/>\n<link rel=\"canonical\" href=\"https:\/\/jornaltimoneiro.com.br\/index.php\/2019\/03\/27\/diretor-administrativo-da-doctor-clin-visita-obras-da-futura-unidade-em-canoas\/\" \/>\n<meta property=\"og:locale\" content=\"pt_BR\" \/>\n<meta property=\"og:type\" content=\"article\" \/>\n<meta property=\"og:title\" content=\"Diretor Administrativo da Doctor Clin visita obras da futura unidade em Canoas - O Timoneiro Jornal Canoas RS\" \/>\n<meta property=\"og:description\" content=\"O diretor Administrativo da Doctor Clin, Marcelo Dietrich, esteve em visita \u00e0s obras da futura unidade da empresa em Canoas, junto ao empreendimento Hub da Sa\u00fade Maxplaza, da Melnick Even, que est\u00e1 sendo finalizado \u00e0s margens da BR 116. A nova unidade Doctor Clin ter\u00e1 uma \u00e1rea de 600m\u00b2, sendo uma das \u00e2ncoras do espa\u00e7o, [&hellip;]\" \/>\n<meta property=\"og:url\" content=\"https:\/\/jornaltimoneiro.com.br\/index.php\/2019\/03\/27\/diretor-administrativo-da-doctor-clin-visita-obras-da-futura-unidade-em-canoas\/\" \/>\n<meta property=\"og:site_name\" content=\"O Timoneiro Jornal Canoas RS\" \/>\n<meta property=\"article:publisher\" content=\"https:\/\/www.facebook.com\/jornaltimoneiro\" \/>\n<meta property=\"article:published_time\" content=\"2019-03-27T17:49:17+00:00\" \/>\n<meta property=\"og:image\" content=\"https:\/\/jornaltimoneiro.com.br\/wp-content\/uploads\/2019\/03\/visita-na-doctor-canoas1.jpg\" \/>\n\t<meta property=\"og:image:width\" content=\"1080\" \/>\n\t<meta property=\"og:image:height\" content=\"720\" \/>\n\t<meta property=\"og:image:type\" content=\"image\/jpeg\" \/>\n<meta name=\"author\" content=\"Reda\u00e7\u00e3o\" \/>\n<meta name=\"twitter:card\" content=\"summary_large_image\" \/>\n<meta name=\"twitter:creator\" content=\"@_OTimoneiro\" \/>\n<meta name=\"twitter:site\" content=\"@_OTimoneiro\" \/>\n<meta name=\"twitter:label1\" content=\"Escrito por\" \/>\n\t<meta name=\"twitter:data1\" content=\"Reda\u00e7\u00e3o\" \/>\n\t<meta name=\"twitter:label2\" content=\"Est. tempo de leitura\" \/>\n\t<meta name=\"twitter:data2\" content=\"1 minuto\" \/>\n<script type=\"application\/ld+json\" class=\"yoast-schema-graph\">{\"@context\":\"https:\/\/schema.org\",\"@graph\":[{\"@type\":\"Article\",\"@id\":\"https:\/\/jornaltimoneiro.com.br\/index.php\/2019\/03\/27\/diretor-administrativo-da-doctor-clin-visita-obras-da-futura-unidade-em-canoas\/#article\",\"isPartOf\":{\"@id\":\"https:\/\/jornaltimoneiro.com.br\/index.php\/2019\/03\/27\/diretor-administrativo-da-doctor-clin-visita-obras-da-futura-unidade-em-canoas\/\"},\"author\":{\"name\":\"Reda\u00e7\u00e3o\",\"@id\":\"https:\/\/jornaltimoneiro.com.br\/#\/schema\/person\/f63482f1a02b1a9592707865e509ab40\"},\"headline\":\"Diretor Administrativo da Doctor Clin visita obras da futura unidade em Canoas\",\"datePublished\":\"2019-03-27T17:49:17+00:00\",\"dateModified\":\"2019-03-27T17:49:17+00:00\",\"mainEntityOfPage\":{\"@id\":\"https:\/\/jornaltimoneiro.com.br\/index.php\/2019\/03\/27\/diretor-administrativo-da-doctor-clin-visita-obras-da-futura-unidade-em-canoas\/\"},\"wordCount\":175,\"publisher\":{\"@id\":\"https:\/\/jornaltimoneiro.com.br\/#organization\"},\"articleSection\":[\"Sa\u00fade\"],\"inLanguage\":\"pt-BR\"},{\"@type\":\"WebPage\",\"@id\":\"https:\/\/jornaltimoneiro.com.br\/index.php\/2019\/03\/27\/diretor-administrativo-da-doctor-clin-visita-obras-da-futura-unidade-em-canoas\/\",\"url\":\"https:\/\/jornaltimoneiro.com.br\/index.php\/2019\/03\/27\/diretor-administrativo-da-doctor-clin-visita-obras-da-futura-unidade-em-canoas\/\",\"name\":\"Diretor Administrativo da Doctor Clin visita obras da futura unidade em Canoas - O Timoneiro Jornal Canoas RS\",\"isPartOf\":{\"@id\":\"https:\/\/jornaltimoneiro.com.br\/#website\"},\"datePublished\":\"2019-03-27T17:49:17+00:00\",\"dateModified\":\"2019-03-27T17:49:17+00:00\",\"breadcrumb\":{\"@id\":\"https:\/\/jornaltimoneiro.com.br\/index.php\/2019\/03\/27\/diretor-administrativo-da-doctor-clin-visita-obras-da-futura-unidade-em-canoas\/#breadcrumb\"},\"inLanguage\":\"pt-BR\",\"potentialAction\":[{\"@type\":\"ReadAction\",\"target\":[\"https:\/\/jornaltimoneiro.com.br\/index.php\/2019\/03\/27\/diretor-administrativo-da-doctor-clin-visita-obras-da-futura-unidade-em-canoas\/\"]}]},{\"@type\":\"BreadcrumbList\",\"@id\":\"https:\/\/jornaltimoneiro.com.br\/index.php\/2019\/03\/27\/diretor-administrativo-da-doctor-clin-visita-obras-da-futura-unidade-em-canoas\/#breadcrumb\",\"itemListElement\":[{\"@type\":\"ListItem\",\"position\":1,\"name\":\"In\u00edcio\",\"item\":\"https:\/\/jornaltimoneiro.com.br\/\"},{\"@type\":\"ListItem\",\"position\":2,\"name\":\"Diretor Administrativo da Doctor Clin visita obras da futura unidade em Canoas\"}]},{\"@type\":\"WebSite\",\"@id\":\"https:\/\/jornaltimoneiro.com.br\/#website\",\"url\":\"https:\/\/jornaltimoneiro.com.br\/\",\"name\":\"Jornal Timoneiro Canoas RS\",\"description\":\"Jornal O Timoneiro, o verdadeiro jornal de Canoas\",\"publisher\":{\"@id\":\"https:\/\/jornaltimoneiro.com.br\/#organization\"},\"potentialAction\":[{\"@type\":\"SearchAction\",\"target\":{\"@type\":\"EntryPoint\",\"urlTemplate\":\"https:\/\/jornaltimoneiro.com.br\/?s={search_term_string}\"},\"query-input\":\"required name=search_term_string\"}],\"inLanguage\":\"pt-BR\"},{\"@type\":\"Organization\",\"@id\":\"https:\/\/jornaltimoneiro.com.br\/#organization\",\"name\":\"Jornal Timoneiro Canoas RS\",\"url\":\"https:\/\/jornaltimoneiro.com.br\/\",\"logo\":{\"@type\":\"ImageObject\",\"inLanguage\":\"pt-BR\",\"@id\":\"https:\/\/jornaltimoneiro.com.br\/#\/schema\/logo\/image\/\",\"url\":\"https:\/\/jornaltimoneiro.com.br\/wp-content\/uploads\/2023\/03\/logonovo.png\",\"contentUrl\":\"https:\/\/jornaltimoneiro.com.br\/wp-content\/uploads\/2023\/03\/logonovo.png\",\"width\":\"469\",\"height\":\"171\",\"caption\":\"Jornal Timoneiro Canoas RS\"},\"image\":{\"@id\":\"https:\/\/jornaltimoneiro.com.br\/#\/schema\/logo\/image\/\"},\"sameAs\":[\"https:\/\/www.facebook.com\/jornaltimoneiro\",\"https:\/\/twitter.com\/_OTimoneiro\",\"https:\/\/www.instagram.com\/jornaltimoneirocanoas\/\",\"https:\/\/www.youtube.com\/@jornalotimoneiro7927\"]},{\"@type\":\"Person\",\"@id\":\"https:\/\/jornaltimoneiro.com.br\/#\/schema\/person\/f63482f1a02b1a9592707865e509ab40\",\"name\":\"Reda\u00e7\u00e3o\",\"image\":{\"@type\":\"ImageObject\",\"inLanguage\":\"pt-BR\",\"@id\":\"https:\/\/jornaltimoneiro.com.br\/#\/schema\/person\/image\/\",\"url\":\"https:\/\/jornaltimoneiro.com.br\/wp-content\/uploads\/2023\/03\/download.jpeg\",\"contentUrl\":\"https:\/\/jornaltimoneiro.com.br\/wp-content\/uploads\/2023\/03\/download.jpeg\",\"caption\":\"Reda\u00e7\u00e3o\"},\"url\":\"https:\/\/jornaltimoneiro.com.br\/index.php\/author\/simone-dutra\/\"}]}<\/script>\n<!-- \/ Yoast SEO plugin. -->","yoast_head_json":{"title":"Diretor Administrativo da Doctor Clin visita obras da futura unidade em Canoas - O Timoneiro Jornal Canoas RS","robots":{"index":"index","follow":"follow","max-snippet":"max-snippet:-1","max-image-preview":"max-image-preview:large","max-video-preview":"max-video-preview:-1"},"canonical":"https:\/\/jornaltimoneiro.com.br\/index.php\/2019\/03\/27\/diretor-administrativo-da-doctor-clin-visita-obras-da-futura-unidade-em-canoas\/","og_locale":"pt_BR","og_type":"article","og_title":"Diretor Administrativo da Doctor Clin visita obras da futura unidade em Canoas - O Timoneiro Jornal Canoas RS","og_description":"O diretor Administrativo da Doctor Clin, Marcelo Dietrich, esteve em visita \u00e0s obras da futura unidade da empresa em Canoas, junto ao empreendimento Hub da Sa\u00fade Maxplaza, da Melnick Even, que est\u00e1 sendo finalizado \u00e0s margens da BR 116. A nova unidade Doctor Clin ter\u00e1 uma \u00e1rea de 600m\u00b2, sendo uma das \u00e2ncoras do espa\u00e7o, [&hellip;]","og_url":"https:\/\/jornaltimoneiro.com.br\/index.php\/2019\/03\/27\/diretor-administrativo-da-doctor-clin-visita-obras-da-futura-unidade-em-canoas\/","og_site_name":"O Timoneiro Jornal Canoas RS","article_publisher":"https:\/\/www.facebook.com\/jornaltimoneiro","article_published_time":"2019-03-27T17:49:17+00:00","og_image":[{"width":1080,"height":720,"url":"https:\/\/jornaltimoneiro.com.br\/wp-content\/uploads\/2019\/03\/visita-na-doctor-canoas1.jpg","type":"image\/jpeg"}],"author":"Reda\u00e7\u00e3o","twitter_card":"summary_large_image","twitter_creator":"@_OTimoneiro","twitter_site":"@_OTimoneiro","twitter_misc":{"Escrito por":"Reda\u00e7\u00e3o","Est. tempo de leitura":"1 minuto"},"schema":{"@context":"https:\/\/schema.org","@graph":[{"@type":"Article","@id":"https:\/\/jornaltimoneiro.com.br\/index.php\/2019\/03\/27\/diretor-administrativo-da-doctor-clin-visita-obras-da-futura-unidade-em-canoas\/#article","isPartOf":{"@id":"https:\/\/jornaltimoneiro.com.br\/index.php\/2019\/03\/27\/diretor-administrativo-da-doctor-clin-visita-obras-da-futura-unidade-em-canoas\/"},"author":{"name":"Reda\u00e7\u00e3o","@id":"https:\/\/jornaltimoneiro.com.br\/#\/schema\/person\/f63482f1a02b1a9592707865e509ab40"},"headline":"Diretor Administrativo da Doctor Clin visita obras da futura unidade em Canoas","datePublished":"2019-03-27T17:49:17+00:00","dateModified":"2019-03-27T17:49:17+00:00","mainEntityOfPage":{"@id":"https:\/\/jornaltimoneiro.com.br\/index.php\/2019\/03\/27\/diretor-administrativo-da-doctor-clin-visita-obras-da-futura-unidade-em-canoas\/"},"wordCount":175,"publisher":{"@id":"https:\/\/jornaltimoneiro.com.br\/#organization"},"articleSection":["Sa\u00fade"],"inLanguage":"pt-BR"},{"@type":"WebPage","@id":"https:\/\/jornaltimoneiro.com.br\/index.php\/2019\/03\/27\/diretor-administrativo-da-doctor-clin-visita-obras-da-futura-unidade-em-canoas\/","url":"https:\/\/jornaltimoneiro.com.br\/index.php\/2019\/03\/27\/diretor-administrativo-da-doctor-clin-visita-obras-da-futura-unidade-em-canoas\/","name":"Diretor Administrativo da Doctor Clin visita obras da futura unidade em Canoas - O Timoneiro Jornal Canoas RS","isPartOf":{"@id":"https:\/\/jornaltimoneiro.com.br\/#website"},"datePublished":"2019-03-27T17:49:17+00:00","dateModified":"2019-03-27T17:49:17+00:00","breadcrumb":{"@id":"https:\/\/jornaltimoneiro.com.br\/index.php\/2019\/03\/27\/diretor-administrativo-da-doctor-clin-visita-obras-da-futura-unidade-em-canoas\/#breadcrumb"},"inLanguage":"pt-BR","potentialAction":[{"@type":"ReadAction","target":["https:\/\/jornaltimoneiro.com.br\/index.php\/2019\/03\/27\/diretor-administrativo-da-doctor-clin-visita-obras-da-futura-unidade-em-canoas\/"]}]},{"@type":"BreadcrumbList","@id":"https:\/\/jornaltimoneiro.com.br\/index.php\/2019\/03\/27\/diretor-administrativo-da-doctor-clin-visita-obras-da-futura-unidade-em-canoas\/#breadcrumb","itemListElement":[{"@type":"ListItem","position":1,"name":"In\u00edcio","item":"https:\/\/jornaltimoneiro.com.br\/"},{"@type":"ListItem","position":2,"name":"Diretor Administrativo da Doctor Clin visita obras da futura unidade em Canoas"}]},{"@type":"WebSite","@id":"https:\/\/jornaltimoneiro.com.br\/#website","url":"https:\/\/jornaltimoneiro.com.br\/","name":"Jornal Timoneiro Canoas RS","description":"Jornal O Timoneiro, o verdadeiro jornal de Canoas","publisher":{"@id":"https:\/\/jornaltimoneiro.com.br\/#organization"},"potentialAction":[{"@type":"SearchAction","target":{"@type":"EntryPoint","urlTemplate":"https:\/\/jornaltimoneiro.com.br\/?s={search_term_string}"},"query-input":"required name=search_term_string"}],"inLanguage":"pt-BR"},{"@type":"Organization","@id":"https:\/\/jornaltimoneiro.com.br\/#organization","name":"Jornal Timoneiro Canoas RS","url":"https:\/\/jornaltimoneiro.com.br\/","logo":{"@type":"ImageObject","inLanguage":"pt-BR","@id":"https:\/\/jornaltimoneiro.com.br\/#\/schema\/logo\/image\/","url":"https:\/\/jornaltimoneiro.com.br\/wp-content\/uploads\/2023\/03\/logonovo.png","contentUrl":"https:\/\/jornaltimoneiro.com.br\/wp-content\/uploads\/2023\/03\/logonovo.png","width":"469","height":"171","caption":"Jornal Timoneiro Canoas RS"},"image":{"@id":"https:\/\/jornaltimoneiro.com.br\/#\/schema\/logo\/image\/"},"sameAs":["https:\/\/www.facebook.com\/jornaltimoneiro","https:\/\/twitter.com\/_OTimoneiro","https:\/\/www.instagram.com\/jornaltimoneirocanoas\/","https:\/\/www.youtube.com\/@jornalotimoneiro7927"]},{"@type":"Person","@id":"https:\/\/jornaltimoneiro.com.br\/#\/schema\/person\/f63482f1a02b1a9592707865e509ab40","name":"Reda\u00e7\u00e3o","image":{"@type":"ImageObject","inLanguage":"pt-BR","@id":"https:\/\/jornaltimoneiro.com.br\/#\/schema\/person\/image\/","url":"https:\/\/jornaltimoneiro.com.br\/wp-content\/uploads\/2023\/03\/download.jpeg","contentUrl":"https:\/\/jornaltimoneiro.com.br\/wp-content\/uploads\/2023\/03\/download.jpeg","caption":"Reda\u00e7\u00e3o"},"url":"https:\/\/jornaltimoneiro.com.br\/index.php\/author\/simone-dutra\/"}]}},"_links":{"self":[{"href":"https:\/\/jornaltimoneiro.com.br\/index.php\/wp-json\/wp\/v2\/posts\/12914"}],"collection":[{"href":"https:\/\/jornaltimoneiro.com.br\/index.php\/wp-json\/wp\/v2\/posts"}],"about":[{"href":"https:\/\/jornaltimoneiro.com.br\/index.php\/wp-json\/wp\/v2\/types\/post"}],"author":[{"embeddable":true,"href":"https:\/\/jornaltimoneiro.com.br\/index.php\/wp-json\/wp\/v2\/users\/2"}],"replies":[{"embeddable":true,"href":"https:\/\/jornaltimoneiro.com.br\/index.php\/wp-json\/wp\/v2\/comments?post=12914"}],"version-history":[{"count":0,"href":"https:\/\/jornaltimoneiro.com.br\/index.php\/wp-json\/wp\/v2\/posts\/12914\/revisions"}],"wp:featuredmedia":[{"embeddable":true,"href":"https:\/\/jornaltimoneiro.com.br\/index.php\/wp-json\/wp\/v2\/media\/12915"}],"wp:attachment":[{"href":"https:\/\/jornaltimoneiro.com.br\/index.php\/wp-json\/wp\/v2\/media?parent=12914"}],"wp:term":[{"taxonomy":"category","embeddable":true,"href":"https:\/\/jornaltimoneiro.com.br\/index.php\/wp-json\/wp\/v2\/categories?post=12914"},{"taxonomy":"post_tag","embeddable":true,"href":"https:\/\/jornaltimoneiro.com.br\/index.php\/wp-json\/wp\/v2\/tags?post=12914"}],"curies":[{"name":"wp","href":"https:\/\/api.w.org\/{rel}","templated":true}]}}