{"id":12736,"date":"2019-03-15T08:00:10","date_gmt":"2019-03-15T11:00:10","guid":{"rendered":"https:\/\/jornaltimoneiro.com.br\/?p=12736"},"modified":"2019-03-14T20:50:46","modified_gmt":"2019-03-14T23:50:46","slug":"vii-conferencia-municipal-de-saude-de-canoas","status":"publish","type":"post","link":"https:\/\/jornaltimoneiro.com.br\/index.php\/2019\/03\/15\/vii-conferencia-municipal-de-saude-de-canoas\/","title":{"rendered":"VII Confer\u00eancia Municipal de Sa\u00fade de Canoas ocorre em abril"},"content":{"rendered":"<div id=\"attachment_12737\" style=\"width: 1090px\" class=\"wp-caption alignnone\"><img decoding=\"async\" aria-describedby=\"caption-attachment-12737\" class=\"wp-image-12737 size-full\" src=\"https:\/\/jornaltimoneiro.com.br\/wp-content\/uploads\/2019\/03\/b2af1032-8cc4-4873-9763-c174e2506958.jpg\" alt=\"\" width=\"1080\" height=\"810\" srcset=\"https:\/\/jornaltimoneiro.com.br\/wp-content\/uploads\/2019\/03\/b2af1032-8cc4-4873-9763-c174e2506958.jpg 1080w, https:\/\/jornaltimoneiro.com.br\/wp-content\/uploads\/2019\/03\/b2af1032-8cc4-4873-9763-c174e2506958-300x225.jpg 300w, https:\/\/jornaltimoneiro.com.br\/wp-content\/uploads\/2019\/03\/b2af1032-8cc4-4873-9763-c174e2506958-768x576.jpg 768w, https:\/\/jornaltimoneiro.com.br\/wp-content\/uploads\/2019\/03\/b2af1032-8cc4-4873-9763-c174e2506958-1024x768.jpg 1024w, https:\/\/jornaltimoneiro.com.br\/wp-content\/uploads\/2019\/03\/b2af1032-8cc4-4873-9763-c174e2506958-80x60.jpg 80w, https:\/\/jornaltimoneiro.com.br\/wp-content\/uploads\/2019\/03\/b2af1032-8cc4-4873-9763-c174e2506958-265x198.jpg 265w, https:\/\/jornaltimoneiro.com.br\/wp-content\/uploads\/2019\/03\/b2af1032-8cc4-4873-9763-c174e2506958-696x522.jpg 696w, https:\/\/jornaltimoneiro.com.br\/wp-content\/uploads\/2019\/03\/b2af1032-8cc4-4873-9763-c174e2506958-1068x801.jpg 1068w, https:\/\/jornaltimoneiro.com.br\/wp-content\/uploads\/2019\/03\/b2af1032-8cc4-4873-9763-c174e2506958-560x420.jpg 560w\" sizes=\"(max-width: 1080px) 100vw, 1080px\" \/><p id=\"caption-attachment-12737\" class=\"wp-caption-text\">Arquivo Timoneiro<\/p><\/div>\n<p>Na manh\u00e3 da quarta-feira, 13, recebemos em nossa reda\u00e7\u00e3o M\u00e1rio Dhein, presidente do Conselho Municipal de Sa\u00fade; Eloir Antonio Vial, Coordenador Geral da VII Confer\u00eancia Municipal de Sa\u00fade; e Janete Flores, Coordenadora Adjunta do evento. Os organizadores da Confer\u00eancia, que tem como mote \u201dDemocracia e Sa\u00fade: Sa\u00fade como Direito e Consolida\u00e7\u00e3o e Financiamento do SUS\u201d, trouxeram informa\u00e7\u00f5es tamb\u00e9m sobre a realiza\u00e7\u00e3o das pr\u00e9-Confer\u00eancias, que ocorrer\u00e3o nos dias 16, 23 e 30 de mar\u00e7o.<\/p>\n<p>A s\u00e9tima edi\u00e7\u00e3o da Confer\u00eancia Municipal de Sa\u00fade ocorrer\u00e1 no dia 6 de abril, das 8hs \u00e0s 18hs, na Universidade La Salle Canoas (Av. Vitor Barreto, 2288). O evento \u00e9 realizado pelo Conselho Nacional de Sa\u00fade e pelo Minist\u00e9rio da Sa\u00fade.<\/p>\n","protected":false},"excerpt":{"rendered":"<p>Na manh\u00e3 da quarta-feira, 13, recebemos em nossa reda\u00e7\u00e3o M\u00e1rio Dhein, presidente do Conselho Municipal de Sa\u00fade; Eloir Antonio Vial, Coordenador Geral da VII Confer\u00eancia Municipal de Sa\u00fade; e Janete Flores, Coordenadora Adjunta do evento. Os organizadores da Confer\u00eancia, que tem como mote \u201dDemocracia e Sa\u00fade: Sa\u00fade como Direito e Consolida\u00e7\u00e3o e Financiamento do SUS\u201d, [&hellip;]<\/p>\n","protected":false},"author":2,"featured_media":12737,"comment_status":"closed","ping_status":"closed","sticky":false,"template":"","format":"standard","meta":{"amp_status":"","footnotes":""},"categories":[26],"tags":[],"class_list":["post-12736","post","type-post","status-publish","format-standard","has-post-thumbnail","hentry","category-saude"],"yoast_head":"<!-- This site is optimized with the Yoast SEO plugin v20.5 - https:\/\/yoast.com\/wordpress\/plugins\/seo\/ -->\n<title>VII Confer\u00eancia Municipal de Sa\u00fade de Canoas ocorre em abril - O Timoneiro Jornal Canoas RS<\/title>\n<meta name=\"robots\" content=\"index, follow, max-snippet:-1, max-image-preview:large, max-video-preview:-1\" \/>\n<link rel=\"canonical\" href=\"https:\/\/jornaltimoneiro.com.br\/index.php\/2019\/03\/15\/vii-conferencia-municipal-de-saude-de-canoas\/\" \/>\n<meta property=\"og:locale\" content=\"pt_BR\" \/>\n<meta property=\"og:type\" content=\"article\" \/>\n<meta property=\"og:title\" content=\"VII Confer\u00eancia Municipal de Sa\u00fade de Canoas ocorre em abril - O Timoneiro Jornal Canoas RS\" \/>\n<meta property=\"og:description\" content=\"Na manh\u00e3 da quarta-feira, 13, recebemos em nossa reda\u00e7\u00e3o M\u00e1rio Dhein, presidente do Conselho Municipal de Sa\u00fade; Eloir Antonio Vial, Coordenador Geral da VII Confer\u00eancia Municipal de Sa\u00fade; e Janete Flores, Coordenadora Adjunta do evento. Os organizadores da Confer\u00eancia, que tem como mote \u201dDemocracia e Sa\u00fade: Sa\u00fade como Direito e Consolida\u00e7\u00e3o e Financiamento do SUS\u201d, [&hellip;]\" \/>\n<meta property=\"og:url\" content=\"https:\/\/jornaltimoneiro.com.br\/index.php\/2019\/03\/15\/vii-conferencia-municipal-de-saude-de-canoas\/\" \/>\n<meta property=\"og:site_name\" content=\"O Timoneiro Jornal Canoas RS\" \/>\n<meta property=\"article:publisher\" content=\"https:\/\/www.facebook.com\/jornaltimoneiro\" \/>\n<meta property=\"article:published_time\" content=\"2019-03-15T11:00:10+00:00\" \/>\n<meta property=\"article:modified_time\" content=\"2019-03-14T23:50:46+00:00\" \/>\n<meta property=\"og:image\" content=\"https:\/\/jornaltimoneiro.com.br\/wp-content\/uploads\/2019\/03\/b2af1032-8cc4-4873-9763-c174e2506958.jpg\" \/>\n\t<meta property=\"og:image:width\" content=\"1080\" \/>\n\t<meta property=\"og:image:height\" content=\"810\" \/>\n\t<meta property=\"og:image:type\" content=\"image\/jpeg\" \/>\n<meta name=\"author\" content=\"Reda\u00e7\u00e3o\" \/>\n<meta name=\"twitter:card\" content=\"summary_large_image\" \/>\n<meta name=\"twitter:creator\" content=\"@_OTimoneiro\" \/>\n<meta name=\"twitter:site\" content=\"@_OTimoneiro\" \/>\n<meta name=\"twitter:label1\" content=\"Escrito por\" \/>\n\t<meta name=\"twitter:data1\" content=\"Reda\u00e7\u00e3o\" \/>\n\t<meta name=\"twitter:label2\" content=\"Est. tempo de leitura\" \/>\n\t<meta name=\"twitter:data2\" content=\"1 minuto\" \/>\n<script type=\"application\/ld+json\" class=\"yoast-schema-graph\">{\"@context\":\"https:\/\/schema.org\",\"@graph\":[{\"@type\":\"Article\",\"@id\":\"https:\/\/jornaltimoneiro.com.br\/index.php\/2019\/03\/15\/vii-conferencia-municipal-de-saude-de-canoas\/#article\",\"isPartOf\":{\"@id\":\"https:\/\/jornaltimoneiro.com.br\/index.php\/2019\/03\/15\/vii-conferencia-municipal-de-saude-de-canoas\/\"},\"author\":{\"name\":\"Reda\u00e7\u00e3o\",\"@id\":\"https:\/\/jornaltimoneiro.com.br\/#\/schema\/person\/f63482f1a02b1a9592707865e509ab40\"},\"headline\":\"VII Confer\u00eancia Municipal de Sa\u00fade de Canoas ocorre em abril\",\"datePublished\":\"2019-03-15T11:00:10+00:00\",\"dateModified\":\"2019-03-14T23:50:46+00:00\",\"mainEntityOfPage\":{\"@id\":\"https:\/\/jornaltimoneiro.com.br\/index.php\/2019\/03\/15\/vii-conferencia-municipal-de-saude-de-canoas\/\"},\"wordCount\":151,\"publisher\":{\"@id\":\"https:\/\/jornaltimoneiro.com.br\/#organization\"},\"articleSection\":[\"Sa\u00fade\"],\"inLanguage\":\"pt-BR\"},{\"@type\":\"WebPage\",\"@id\":\"https:\/\/jornaltimoneiro.com.br\/index.php\/2019\/03\/15\/vii-conferencia-municipal-de-saude-de-canoas\/\",\"url\":\"https:\/\/jornaltimoneiro.com.br\/index.php\/2019\/03\/15\/vii-conferencia-municipal-de-saude-de-canoas\/\",\"name\":\"VII Confer\u00eancia Municipal de Sa\u00fade de Canoas ocorre em abril - O Timoneiro Jornal Canoas RS\",\"isPartOf\":{\"@id\":\"https:\/\/jornaltimoneiro.com.br\/#website\"},\"datePublished\":\"2019-03-15T11:00:10+00:00\",\"dateModified\":\"2019-03-14T23:50:46+00:00\",\"breadcrumb\":{\"@id\":\"https:\/\/jornaltimoneiro.com.br\/index.php\/2019\/03\/15\/vii-conferencia-municipal-de-saude-de-canoas\/#breadcrumb\"},\"inLanguage\":\"pt-BR\",\"potentialAction\":[{\"@type\":\"ReadAction\",\"target\":[\"https:\/\/jornaltimoneiro.com.br\/index.php\/2019\/03\/15\/vii-conferencia-municipal-de-saude-de-canoas\/\"]}]},{\"@type\":\"BreadcrumbList\",\"@id\":\"https:\/\/jornaltimoneiro.com.br\/index.php\/2019\/03\/15\/vii-conferencia-municipal-de-saude-de-canoas\/#breadcrumb\",\"itemListElement\":[{\"@type\":\"ListItem\",\"position\":1,\"name\":\"In\u00edcio\",\"item\":\"https:\/\/jornaltimoneiro.com.br\/\"},{\"@type\":\"ListItem\",\"position\":2,\"name\":\"VII Confer\u00eancia Municipal de Sa\u00fade de Canoas ocorre em abril\"}]},{\"@type\":\"WebSite\",\"@id\":\"https:\/\/jornaltimoneiro.com.br\/#website\",\"url\":\"https:\/\/jornaltimoneiro.com.br\/\",\"name\":\"Jornal Timoneiro Canoas RS\",\"description\":\"Jornal O Timoneiro, o verdadeiro jornal de Canoas\",\"publisher\":{\"@id\":\"https:\/\/jornaltimoneiro.com.br\/#organization\"},\"potentialAction\":[{\"@type\":\"SearchAction\",\"target\":{\"@type\":\"EntryPoint\",\"urlTemplate\":\"https:\/\/jornaltimoneiro.com.br\/?s={search_term_string}\"},\"query-input\":\"required name=search_term_string\"}],\"inLanguage\":\"pt-BR\"},{\"@type\":\"Organization\",\"@id\":\"https:\/\/jornaltimoneiro.com.br\/#organization\",\"name\":\"Jornal Timoneiro Canoas RS\",\"url\":\"https:\/\/jornaltimoneiro.com.br\/\",\"logo\":{\"@type\":\"ImageObject\",\"inLanguage\":\"pt-BR\",\"@id\":\"https:\/\/jornaltimoneiro.com.br\/#\/schema\/logo\/image\/\",\"url\":\"https:\/\/jornaltimoneiro.com.br\/wp-content\/uploads\/2023\/03\/logonovo.png\",\"contentUrl\":\"https:\/\/jornaltimoneiro.com.br\/wp-content\/uploads\/2023\/03\/logonovo.png\",\"width\":\"469\",\"height\":\"171\",\"caption\":\"Jornal Timoneiro Canoas RS\"},\"image\":{\"@id\":\"https:\/\/jornaltimoneiro.com.br\/#\/schema\/logo\/image\/\"},\"sameAs\":[\"https:\/\/www.facebook.com\/jornaltimoneiro\",\"https:\/\/twitter.com\/_OTimoneiro\",\"https:\/\/www.instagram.com\/jornaltimoneirocanoas\/\",\"https:\/\/www.youtube.com\/@jornalotimoneiro7927\"]},{\"@type\":\"Person\",\"@id\":\"https:\/\/jornaltimoneiro.com.br\/#\/schema\/person\/f63482f1a02b1a9592707865e509ab40\",\"name\":\"Reda\u00e7\u00e3o\",\"image\":{\"@type\":\"ImageObject\",\"inLanguage\":\"pt-BR\",\"@id\":\"https:\/\/jornaltimoneiro.com.br\/#\/schema\/person\/image\/\",\"url\":\"https:\/\/jornaltimoneiro.com.br\/wp-content\/uploads\/2023\/03\/download.jpeg\",\"contentUrl\":\"https:\/\/jornaltimoneiro.com.br\/wp-content\/uploads\/2023\/03\/download.jpeg\",\"caption\":\"Reda\u00e7\u00e3o\"},\"url\":\"https:\/\/jornaltimoneiro.com.br\/index.php\/author\/simone-dutra\/\"}]}<\/script>\n<!-- \/ Yoast SEO plugin. -->","yoast_head_json":{"title":"VII Confer\u00eancia Municipal de Sa\u00fade de Canoas ocorre em abril - O Timoneiro Jornal Canoas RS","robots":{"index":"index","follow":"follow","max-snippet":"max-snippet:-1","max-image-preview":"max-image-preview:large","max-video-preview":"max-video-preview:-1"},"canonical":"https:\/\/jornaltimoneiro.com.br\/index.php\/2019\/03\/15\/vii-conferencia-municipal-de-saude-de-canoas\/","og_locale":"pt_BR","og_type":"article","og_title":"VII Confer\u00eancia Municipal de Sa\u00fade de Canoas ocorre em abril - O Timoneiro Jornal Canoas RS","og_description":"Na manh\u00e3 da quarta-feira, 13, recebemos em nossa reda\u00e7\u00e3o M\u00e1rio Dhein, presidente do Conselho Municipal de Sa\u00fade; Eloir Antonio Vial, Coordenador Geral da VII Confer\u00eancia Municipal de Sa\u00fade; e Janete Flores, Coordenadora Adjunta do evento. Os organizadores da Confer\u00eancia, que tem como mote \u201dDemocracia e Sa\u00fade: Sa\u00fade como Direito e Consolida\u00e7\u00e3o e Financiamento do SUS\u201d, [&hellip;]","og_url":"https:\/\/jornaltimoneiro.com.br\/index.php\/2019\/03\/15\/vii-conferencia-municipal-de-saude-de-canoas\/","og_site_name":"O Timoneiro Jornal Canoas RS","article_publisher":"https:\/\/www.facebook.com\/jornaltimoneiro","article_published_time":"2019-03-15T11:00:10+00:00","article_modified_time":"2019-03-14T23:50:46+00:00","og_image":[{"width":1080,"height":810,"url":"https:\/\/jornaltimoneiro.com.br\/wp-content\/uploads\/2019\/03\/b2af1032-8cc4-4873-9763-c174e2506958.jpg","type":"image\/jpeg"}],"author":"Reda\u00e7\u00e3o","twitter_card":"summary_large_image","twitter_creator":"@_OTimoneiro","twitter_site":"@_OTimoneiro","twitter_misc":{"Escrito por":"Reda\u00e7\u00e3o","Est. tempo de leitura":"1 minuto"},"schema":{"@context":"https:\/\/schema.org","@graph":[{"@type":"Article","@id":"https:\/\/jornaltimoneiro.com.br\/index.php\/2019\/03\/15\/vii-conferencia-municipal-de-saude-de-canoas\/#article","isPartOf":{"@id":"https:\/\/jornaltimoneiro.com.br\/index.php\/2019\/03\/15\/vii-conferencia-municipal-de-saude-de-canoas\/"},"author":{"name":"Reda\u00e7\u00e3o","@id":"https:\/\/jornaltimoneiro.com.br\/#\/schema\/person\/f63482f1a02b1a9592707865e509ab40"},"headline":"VII Confer\u00eancia Municipal de Sa\u00fade de Canoas ocorre em abril","datePublished":"2019-03-15T11:00:10+00:00","dateModified":"2019-03-14T23:50:46+00:00","mainEntityOfPage":{"@id":"https:\/\/jornaltimoneiro.com.br\/index.php\/2019\/03\/15\/vii-conferencia-municipal-de-saude-de-canoas\/"},"wordCount":151,"publisher":{"@id":"https:\/\/jornaltimoneiro.com.br\/#organization"},"articleSection":["Sa\u00fade"],"inLanguage":"pt-BR"},{"@type":"WebPage","@id":"https:\/\/jornaltimoneiro.com.br\/index.php\/2019\/03\/15\/vii-conferencia-municipal-de-saude-de-canoas\/","url":"https:\/\/jornaltimoneiro.com.br\/index.php\/2019\/03\/15\/vii-conferencia-municipal-de-saude-de-canoas\/","name":"VII Confer\u00eancia Municipal de Sa\u00fade de Canoas ocorre em abril - O Timoneiro Jornal Canoas RS","isPartOf":{"@id":"https:\/\/jornaltimoneiro.com.br\/#website"},"datePublished":"2019-03-15T11:00:10+00:00","dateModified":"2019-03-14T23:50:46+00:00","breadcrumb":{"@id":"https:\/\/jornaltimoneiro.com.br\/index.php\/2019\/03\/15\/vii-conferencia-municipal-de-saude-de-canoas\/#breadcrumb"},"inLanguage":"pt-BR","potentialAction":[{"@type":"ReadAction","target":["https:\/\/jornaltimoneiro.com.br\/index.php\/2019\/03\/15\/vii-conferencia-municipal-de-saude-de-canoas\/"]}]},{"@type":"BreadcrumbList","@id":"https:\/\/jornaltimoneiro.com.br\/index.php\/2019\/03\/15\/vii-conferencia-municipal-de-saude-de-canoas\/#breadcrumb","itemListElement":[{"@type":"ListItem","position":1,"name":"In\u00edcio","item":"https:\/\/jornaltimoneiro.com.br\/"},{"@type":"ListItem","position":2,"name":"VII Confer\u00eancia Municipal de Sa\u00fade de Canoas ocorre em abril"}]},{"@type":"WebSite","@id":"https:\/\/jornaltimoneiro.com.br\/#website","url":"https:\/\/jornaltimoneiro.com.br\/","name":"Jornal Timoneiro Canoas RS","description":"Jornal O Timoneiro, o verdadeiro jornal de Canoas","publisher":{"@id":"https:\/\/jornaltimoneiro.com.br\/#organization"},"potentialAction":[{"@type":"SearchAction","target":{"@type":"EntryPoint","urlTemplate":"https:\/\/jornaltimoneiro.com.br\/?s={search_term_string}"},"query-input":"required name=search_term_string"}],"inLanguage":"pt-BR"},{"@type":"Organization","@id":"https:\/\/jornaltimoneiro.com.br\/#organization","name":"Jornal Timoneiro Canoas RS","url":"https:\/\/jornaltimoneiro.com.br\/","logo":{"@type":"ImageObject","inLanguage":"pt-BR","@id":"https:\/\/jornaltimoneiro.com.br\/#\/schema\/logo\/image\/","url":"https:\/\/jornaltimoneiro.com.br\/wp-content\/uploads\/2023\/03\/logonovo.png","contentUrl":"https:\/\/jornaltimoneiro.com.br\/wp-content\/uploads\/2023\/03\/logonovo.png","width":"469","height":"171","caption":"Jornal Timoneiro Canoas RS"},"image":{"@id":"https:\/\/jornaltimoneiro.com.br\/#\/schema\/logo\/image\/"},"sameAs":["https:\/\/www.facebook.com\/jornaltimoneiro","https:\/\/twitter.com\/_OTimoneiro","https:\/\/www.instagram.com\/jornaltimoneirocanoas\/","https:\/\/www.youtube.com\/@jornalotimoneiro7927"]},{"@type":"Person","@id":"https:\/\/jornaltimoneiro.com.br\/#\/schema\/person\/f63482f1a02b1a9592707865e509ab40","name":"Reda\u00e7\u00e3o","image":{"@type":"ImageObject","inLanguage":"pt-BR","@id":"https:\/\/jornaltimoneiro.com.br\/#\/schema\/person\/image\/","url":"https:\/\/jornaltimoneiro.com.br\/wp-content\/uploads\/2023\/03\/download.jpeg","contentUrl":"https:\/\/jornaltimoneiro.com.br\/wp-content\/uploads\/2023\/03\/download.jpeg","caption":"Reda\u00e7\u00e3o"},"url":"https:\/\/jornaltimoneiro.com.br\/index.php\/author\/simone-dutra\/"}]}},"_links":{"self":[{"href":"https:\/\/jornaltimoneiro.com.br\/index.php\/wp-json\/wp\/v2\/posts\/12736"}],"collection":[{"href":"https:\/\/jornaltimoneiro.com.br\/index.php\/wp-json\/wp\/v2\/posts"}],"about":[{"href":"https:\/\/jornaltimoneiro.com.br\/index.php\/wp-json\/wp\/v2\/types\/post"}],"author":[{"embeddable":true,"href":"https:\/\/jornaltimoneiro.com.br\/index.php\/wp-json\/wp\/v2\/users\/2"}],"replies":[{"embeddable":true,"href":"https:\/\/jornaltimoneiro.com.br\/index.php\/wp-json\/wp\/v2\/comments?post=12736"}],"version-history":[{"count":0,"href":"https:\/\/jornaltimoneiro.com.br\/index.php\/wp-json\/wp\/v2\/posts\/12736\/revisions"}],"wp:featuredmedia":[{"embeddable":true,"href":"https:\/\/jornaltimoneiro.com.br\/index.php\/wp-json\/wp\/v2\/media\/12737"}],"wp:attachment":[{"href":"https:\/\/jornaltimoneiro.com.br\/index.php\/wp-json\/wp\/v2\/media?parent=12736"}],"wp:term":[{"taxonomy":"category","embeddable":true,"href":"https:\/\/jornaltimoneiro.com.br\/index.php\/wp-json\/wp\/v2\/categories?post=12736"},{"taxonomy":"post_tag","embeddable":true,"href":"https:\/\/jornaltimoneiro.com.br\/index.php\/wp-json\/wp\/v2\/tags?post=12736"}],"curies":[{"name":"wp","href":"https:\/\/api.w.org\/{rel}","templated":true}]}}