{"id":12574,"date":"2019-03-01T07:00:50","date_gmt":"2019-03-01T10:00:50","guid":{"rendered":"https:\/\/jornaltimoneiro.com.br\/?p=12574"},"modified":"2019-02-28T21:51:22","modified_gmt":"2019-03-01T00:51:22","slug":"canabarro-trois-filho-abc-vitima-de-omissao","status":"publish","type":"post","link":"https:\/\/jornaltimoneiro.com.br\/index.php\/2019\/03\/01\/canabarro-trois-filho-abc-vitima-de-omissao\/","title":{"rendered":"Canabarro Tr\u00f3is filho: &#8220;ABC, v\u00edtima de omiss\u00e3o&#8221;"},"content":{"rendered":"<p><img decoding=\"async\" class=\"alignnone size-medium wp-image-11844\" src=\"https:\/\/jornaltimoneiro.com.br\/wp-content\/uploads\/2019\/01\/Tonito-300x237.png\" alt=\"\" width=\"300\" height=\"237\" srcset=\"https:\/\/jornaltimoneiro.com.br\/wp-content\/uploads\/2019\/01\/Tonito-300x237.png 300w, https:\/\/jornaltimoneiro.com.br\/wp-content\/uploads\/2019\/01\/Tonito.png 400w\" sizes=\"(max-width: 300px) 100vw, 300px\" \/><\/p>\n<p>Canabarro Tr\u00f3is filho<\/p>\n<p>Chamam de novela o que demora. Por isso, dizem que a novela do Hospital Nossa Senhora das Gra\u00e7as est\u00e1 em seu final com a entrega da gest\u00e3o dele \u00e0 Associa\u00e7\u00e3o Beneficente S\u00e3o Miguel, sediada em Gramado RS, \u00e0 qual desejamos todo \u00eaxito. As tintas dram\u00e1ticas, com quem foram pintados os 57 anos de vida do Hospital, autorizam que se diga estarmos vivendo um drama.<\/p>\n<p>A ABC, voluntariamente, fez e faz mais pela Sa\u00fade que o Estado, que \u00e9 obrigado mas se omite vergonhosamente. Sua omiss\u00e3o chegou at\u00e9 a causar o fechamento do Hospital, por certo tempo.<\/p>\n<p>Este contrato de gest\u00e3o e administra\u00e7\u00e3o, para a ABC, \u00e9 um desafio. Conhecendo, como ningu\u00e9m, seu Hospital, abastecer a ABSM de toda informa\u00e7\u00e3o e conhecimento sobre o Hospital cujos problemas n\u00e3o p\u00f4de resolver, atrav\u00e9s da Comiss\u00e3o de Acompanhamento, dever\u00e1 ser membro produtivo e ass\u00edduo. Assim, h\u00e1 de recuperar o C mai\u00fasclo em seu nome, igualando-se aos fundadores. E que a ABSM cumpra o dever de estimular a participa\u00e7\u00e3o popular; quando o afeto anima o desempenho profissional, o resultado \u00e9 mais ben\u00e9fico.<\/p>\n","protected":false},"excerpt":{"rendered":"<p>Canabarro Tr\u00f3is filho Chamam de novela o que demora. Por isso, dizem que a novela do Hospital Nossa Senhora das Gra\u00e7as est\u00e1 em seu final com a entrega da gest\u00e3o dele \u00e0 Associa\u00e7\u00e3o Beneficente S\u00e3o Miguel, sediada em Gramado RS, \u00e0 qual desejamos todo \u00eaxito. As tintas dram\u00e1ticas, com quem foram pintados os 57 anos [&hellip;]<\/p>\n","protected":false},"author":1,"featured_media":11844,"comment_status":"closed","ping_status":"closed","sticky":false,"template":"","format":"standard","meta":{"amp_status":"","footnotes":""},"categories":[21],"tags":[],"class_list":["post-12574","post","type-post","status-publish","format-standard","has-post-thumbnail","hentry","category-opiniao"],"yoast_head":"<!-- This site is optimized with the Yoast SEO plugin v20.5 - https:\/\/yoast.com\/wordpress\/plugins\/seo\/ -->\n<title>Canabarro Tr\u00f3is filho: &quot;ABC, v\u00edtima de omiss\u00e3o&quot; - O Timoneiro Jornal Canoas RS<\/title>\n<meta name=\"robots\" content=\"index, follow, max-snippet:-1, max-image-preview:large, max-video-preview:-1\" \/>\n<link rel=\"canonical\" href=\"https:\/\/jornaltimoneiro.com.br\/index.php\/2019\/03\/01\/canabarro-trois-filho-abc-vitima-de-omissao\/\" \/>\n<meta property=\"og:locale\" content=\"pt_BR\" \/>\n<meta property=\"og:type\" content=\"article\" \/>\n<meta property=\"og:title\" content=\"Canabarro Tr\u00f3is filho: &quot;ABC, v\u00edtima de omiss\u00e3o&quot; - O Timoneiro Jornal Canoas RS\" \/>\n<meta property=\"og:description\" content=\"Canabarro Tr\u00f3is filho Chamam de novela o que demora. Por isso, dizem que a novela do Hospital Nossa Senhora das Gra\u00e7as est\u00e1 em seu final com a entrega da gest\u00e3o dele \u00e0 Associa\u00e7\u00e3o Beneficente S\u00e3o Miguel, sediada em Gramado RS, \u00e0 qual desejamos todo \u00eaxito. As tintas dram\u00e1ticas, com quem foram pintados os 57 anos [&hellip;]\" \/>\n<meta property=\"og:url\" content=\"https:\/\/jornaltimoneiro.com.br\/index.php\/2019\/03\/01\/canabarro-trois-filho-abc-vitima-de-omissao\/\" \/>\n<meta property=\"og:site_name\" content=\"O Timoneiro Jornal Canoas RS\" \/>\n<meta property=\"article:publisher\" content=\"https:\/\/www.facebook.com\/jornaltimoneiro\" \/>\n<meta property=\"article:published_time\" content=\"2019-03-01T10:00:50+00:00\" \/>\n<meta property=\"article:modified_time\" content=\"2019-03-01T00:51:22+00:00\" \/>\n<meta property=\"og:image\" content=\"https:\/\/jornaltimoneiro.com.br\/wp-content\/uploads\/2019\/01\/Tonito.png\" \/>\n\t<meta property=\"og:image:width\" content=\"400\" \/>\n\t<meta property=\"og:image:height\" content=\"316\" \/>\n\t<meta property=\"og:image:type\" content=\"image\/png\" \/>\n<meta name=\"author\" content=\"Reda\u00e7\u00e3o\" \/>\n<meta name=\"twitter:card\" content=\"summary_large_image\" \/>\n<meta name=\"twitter:creator\" content=\"@_OTimoneiro\" \/>\n<meta name=\"twitter:site\" content=\"@_OTimoneiro\" \/>\n<meta name=\"twitter:label1\" content=\"Escrito por\" \/>\n\t<meta name=\"twitter:data1\" content=\"Reda\u00e7\u00e3o\" \/>\n\t<meta name=\"twitter:label2\" content=\"Est. tempo de leitura\" \/>\n\t<meta name=\"twitter:data2\" content=\"1 minuto\" \/>\n<script type=\"application\/ld+json\" class=\"yoast-schema-graph\">{\"@context\":\"https:\/\/schema.org\",\"@graph\":[{\"@type\":\"Article\",\"@id\":\"https:\/\/jornaltimoneiro.com.br\/index.php\/2019\/03\/01\/canabarro-trois-filho-abc-vitima-de-omissao\/#article\",\"isPartOf\":{\"@id\":\"https:\/\/jornaltimoneiro.com.br\/index.php\/2019\/03\/01\/canabarro-trois-filho-abc-vitima-de-omissao\/\"},\"author\":{\"name\":\"Reda\u00e7\u00e3o\",\"@id\":\"https:\/\/jornaltimoneiro.com.br\/#\/schema\/person\/620efd1d8244466117482be494360b08\"},\"headline\":\"Canabarro Tr\u00f3is filho: &#8220;ABC, v\u00edtima de omiss\u00e3o&#8221;\",\"datePublished\":\"2019-03-01T10:00:50+00:00\",\"dateModified\":\"2019-03-01T00:51:22+00:00\",\"mainEntityOfPage\":{\"@id\":\"https:\/\/jornaltimoneiro.com.br\/index.php\/2019\/03\/01\/canabarro-trois-filho-abc-vitima-de-omissao\/\"},\"wordCount\":204,\"publisher\":{\"@id\":\"https:\/\/jornaltimoneiro.com.br\/#organization\"},\"articleSection\":[\"Opini\u00e3o\"],\"inLanguage\":\"pt-BR\"},{\"@type\":\"WebPage\",\"@id\":\"https:\/\/jornaltimoneiro.com.br\/index.php\/2019\/03\/01\/canabarro-trois-filho-abc-vitima-de-omissao\/\",\"url\":\"https:\/\/jornaltimoneiro.com.br\/index.php\/2019\/03\/01\/canabarro-trois-filho-abc-vitima-de-omissao\/\",\"name\":\"Canabarro Tr\u00f3is filho: \\\"ABC, v\u00edtima de omiss\u00e3o\\\" - O Timoneiro Jornal Canoas RS\",\"isPartOf\":{\"@id\":\"https:\/\/jornaltimoneiro.com.br\/#website\"},\"datePublished\":\"2019-03-01T10:00:50+00:00\",\"dateModified\":\"2019-03-01T00:51:22+00:00\",\"breadcrumb\":{\"@id\":\"https:\/\/jornaltimoneiro.com.br\/index.php\/2019\/03\/01\/canabarro-trois-filho-abc-vitima-de-omissao\/#breadcrumb\"},\"inLanguage\":\"pt-BR\",\"potentialAction\":[{\"@type\":\"ReadAction\",\"target\":[\"https:\/\/jornaltimoneiro.com.br\/index.php\/2019\/03\/01\/canabarro-trois-filho-abc-vitima-de-omissao\/\"]}]},{\"@type\":\"BreadcrumbList\",\"@id\":\"https:\/\/jornaltimoneiro.com.br\/index.php\/2019\/03\/01\/canabarro-trois-filho-abc-vitima-de-omissao\/#breadcrumb\",\"itemListElement\":[{\"@type\":\"ListItem\",\"position\":1,\"name\":\"In\u00edcio\",\"item\":\"https:\/\/jornaltimoneiro.com.br\/\"},{\"@type\":\"ListItem\",\"position\":2,\"name\":\"Canabarro Tr\u00f3is filho: &#8220;ABC, v\u00edtima de omiss\u00e3o&#8221;\"}]},{\"@type\":\"WebSite\",\"@id\":\"https:\/\/jornaltimoneiro.com.br\/#website\",\"url\":\"https:\/\/jornaltimoneiro.com.br\/\",\"name\":\"Jornal Timoneiro Canoas RS\",\"description\":\"Jornal O Timoneiro, o verdadeiro jornal de Canoas\",\"publisher\":{\"@id\":\"https:\/\/jornaltimoneiro.com.br\/#organization\"},\"potentialAction\":[{\"@type\":\"SearchAction\",\"target\":{\"@type\":\"EntryPoint\",\"urlTemplate\":\"https:\/\/jornaltimoneiro.com.br\/?s={search_term_string}\"},\"query-input\":\"required name=search_term_string\"}],\"inLanguage\":\"pt-BR\"},{\"@type\":\"Organization\",\"@id\":\"https:\/\/jornaltimoneiro.com.br\/#organization\",\"name\":\"Jornal Timoneiro Canoas RS\",\"url\":\"https:\/\/jornaltimoneiro.com.br\/\",\"logo\":{\"@type\":\"ImageObject\",\"inLanguage\":\"pt-BR\",\"@id\":\"https:\/\/jornaltimoneiro.com.br\/#\/schema\/logo\/image\/\",\"url\":\"https:\/\/jornaltimoneiro.com.br\/wp-content\/uploads\/2023\/03\/logonovo.png\",\"contentUrl\":\"https:\/\/jornaltimoneiro.com.br\/wp-content\/uploads\/2023\/03\/logonovo.png\",\"width\":\"469\",\"height\":\"171\",\"caption\":\"Jornal Timoneiro Canoas RS\"},\"image\":{\"@id\":\"https:\/\/jornaltimoneiro.com.br\/#\/schema\/logo\/image\/\"},\"sameAs\":[\"https:\/\/www.facebook.com\/jornaltimoneiro\",\"https:\/\/twitter.com\/_OTimoneiro\",\"https:\/\/www.instagram.com\/jornaltimoneirocanoas\/\",\"https:\/\/www.youtube.com\/@jornalotimoneiro7927\"]},{\"@type\":\"Person\",\"@id\":\"https:\/\/jornaltimoneiro.com.br\/#\/schema\/person\/620efd1d8244466117482be494360b08\",\"name\":\"Reda\u00e7\u00e3o\",\"image\":{\"@type\":\"ImageObject\",\"inLanguage\":\"pt-BR\",\"@id\":\"https:\/\/jornaltimoneiro.com.br\/#\/schema\/person\/image\/\",\"url\":\"https:\/\/secure.gravatar.com\/avatar\/2f04e1b304682a8d9db336c7acd77f08?s=96&d=mm&r=g\",\"contentUrl\":\"https:\/\/secure.gravatar.com\/avatar\/2f04e1b304682a8d9db336c7acd77f08?s=96&d=mm&r=g\",\"caption\":\"Reda\u00e7\u00e3o\"},\"url\":\"https:\/\/jornaltimoneiro.com.br\/index.php\/author\/timoneirocanoas\/\"}]}<\/script>\n<!-- \/ Yoast SEO plugin. -->","yoast_head_json":{"title":"Canabarro Tr\u00f3is filho: \"ABC, v\u00edtima de omiss\u00e3o\" - O Timoneiro Jornal Canoas RS","robots":{"index":"index","follow":"follow","max-snippet":"max-snippet:-1","max-image-preview":"max-image-preview:large","max-video-preview":"max-video-preview:-1"},"canonical":"https:\/\/jornaltimoneiro.com.br\/index.php\/2019\/03\/01\/canabarro-trois-filho-abc-vitima-de-omissao\/","og_locale":"pt_BR","og_type":"article","og_title":"Canabarro Tr\u00f3is filho: \"ABC, v\u00edtima de omiss\u00e3o\" - O Timoneiro Jornal Canoas RS","og_description":"Canabarro Tr\u00f3is filho Chamam de novela o que demora. Por isso, dizem que a novela do Hospital Nossa Senhora das Gra\u00e7as est\u00e1 em seu final com a entrega da gest\u00e3o dele \u00e0 Associa\u00e7\u00e3o Beneficente S\u00e3o Miguel, sediada em Gramado RS, \u00e0 qual desejamos todo \u00eaxito. As tintas dram\u00e1ticas, com quem foram pintados os 57 anos [&hellip;]","og_url":"https:\/\/jornaltimoneiro.com.br\/index.php\/2019\/03\/01\/canabarro-trois-filho-abc-vitima-de-omissao\/","og_site_name":"O Timoneiro Jornal Canoas RS","article_publisher":"https:\/\/www.facebook.com\/jornaltimoneiro","article_published_time":"2019-03-01T10:00:50+00:00","article_modified_time":"2019-03-01T00:51:22+00:00","og_image":[{"width":400,"height":316,"url":"https:\/\/jornaltimoneiro.com.br\/wp-content\/uploads\/2019\/01\/Tonito.png","type":"image\/png"}],"author":"Reda\u00e7\u00e3o","twitter_card":"summary_large_image","twitter_creator":"@_OTimoneiro","twitter_site":"@_OTimoneiro","twitter_misc":{"Escrito por":"Reda\u00e7\u00e3o","Est. tempo de leitura":"1 minuto"},"schema":{"@context":"https:\/\/schema.org","@graph":[{"@type":"Article","@id":"https:\/\/jornaltimoneiro.com.br\/index.php\/2019\/03\/01\/canabarro-trois-filho-abc-vitima-de-omissao\/#article","isPartOf":{"@id":"https:\/\/jornaltimoneiro.com.br\/index.php\/2019\/03\/01\/canabarro-trois-filho-abc-vitima-de-omissao\/"},"author":{"name":"Reda\u00e7\u00e3o","@id":"https:\/\/jornaltimoneiro.com.br\/#\/schema\/person\/620efd1d8244466117482be494360b08"},"headline":"Canabarro Tr\u00f3is filho: &#8220;ABC, v\u00edtima de omiss\u00e3o&#8221;","datePublished":"2019-03-01T10:00:50+00:00","dateModified":"2019-03-01T00:51:22+00:00","mainEntityOfPage":{"@id":"https:\/\/jornaltimoneiro.com.br\/index.php\/2019\/03\/01\/canabarro-trois-filho-abc-vitima-de-omissao\/"},"wordCount":204,"publisher":{"@id":"https:\/\/jornaltimoneiro.com.br\/#organization"},"articleSection":["Opini\u00e3o"],"inLanguage":"pt-BR"},{"@type":"WebPage","@id":"https:\/\/jornaltimoneiro.com.br\/index.php\/2019\/03\/01\/canabarro-trois-filho-abc-vitima-de-omissao\/","url":"https:\/\/jornaltimoneiro.com.br\/index.php\/2019\/03\/01\/canabarro-trois-filho-abc-vitima-de-omissao\/","name":"Canabarro Tr\u00f3is filho: \"ABC, v\u00edtima de omiss\u00e3o\" - O Timoneiro Jornal Canoas RS","isPartOf":{"@id":"https:\/\/jornaltimoneiro.com.br\/#website"},"datePublished":"2019-03-01T10:00:50+00:00","dateModified":"2019-03-01T00:51:22+00:00","breadcrumb":{"@id":"https:\/\/jornaltimoneiro.com.br\/index.php\/2019\/03\/01\/canabarro-trois-filho-abc-vitima-de-omissao\/#breadcrumb"},"inLanguage":"pt-BR","potentialAction":[{"@type":"ReadAction","target":["https:\/\/jornaltimoneiro.com.br\/index.php\/2019\/03\/01\/canabarro-trois-filho-abc-vitima-de-omissao\/"]}]},{"@type":"BreadcrumbList","@id":"https:\/\/jornaltimoneiro.com.br\/index.php\/2019\/03\/01\/canabarro-trois-filho-abc-vitima-de-omissao\/#breadcrumb","itemListElement":[{"@type":"ListItem","position":1,"name":"In\u00edcio","item":"https:\/\/jornaltimoneiro.com.br\/"},{"@type":"ListItem","position":2,"name":"Canabarro Tr\u00f3is filho: &#8220;ABC, v\u00edtima de omiss\u00e3o&#8221;"}]},{"@type":"WebSite","@id":"https:\/\/jornaltimoneiro.com.br\/#website","url":"https:\/\/jornaltimoneiro.com.br\/","name":"Jornal Timoneiro Canoas RS","description":"Jornal O Timoneiro, o verdadeiro jornal de Canoas","publisher":{"@id":"https:\/\/jornaltimoneiro.com.br\/#organization"},"potentialAction":[{"@type":"SearchAction","target":{"@type":"EntryPoint","urlTemplate":"https:\/\/jornaltimoneiro.com.br\/?s={search_term_string}"},"query-input":"required name=search_term_string"}],"inLanguage":"pt-BR"},{"@type":"Organization","@id":"https:\/\/jornaltimoneiro.com.br\/#organization","name":"Jornal Timoneiro Canoas RS","url":"https:\/\/jornaltimoneiro.com.br\/","logo":{"@type":"ImageObject","inLanguage":"pt-BR","@id":"https:\/\/jornaltimoneiro.com.br\/#\/schema\/logo\/image\/","url":"https:\/\/jornaltimoneiro.com.br\/wp-content\/uploads\/2023\/03\/logonovo.png","contentUrl":"https:\/\/jornaltimoneiro.com.br\/wp-content\/uploads\/2023\/03\/logonovo.png","width":"469","height":"171","caption":"Jornal Timoneiro Canoas RS"},"image":{"@id":"https:\/\/jornaltimoneiro.com.br\/#\/schema\/logo\/image\/"},"sameAs":["https:\/\/www.facebook.com\/jornaltimoneiro","https:\/\/twitter.com\/_OTimoneiro","https:\/\/www.instagram.com\/jornaltimoneirocanoas\/","https:\/\/www.youtube.com\/@jornalotimoneiro7927"]},{"@type":"Person","@id":"https:\/\/jornaltimoneiro.com.br\/#\/schema\/person\/620efd1d8244466117482be494360b08","name":"Reda\u00e7\u00e3o","image":{"@type":"ImageObject","inLanguage":"pt-BR","@id":"https:\/\/jornaltimoneiro.com.br\/#\/schema\/person\/image\/","url":"https:\/\/secure.gravatar.com\/avatar\/2f04e1b304682a8d9db336c7acd77f08?s=96&d=mm&r=g","contentUrl":"https:\/\/secure.gravatar.com\/avatar\/2f04e1b304682a8d9db336c7acd77f08?s=96&d=mm&r=g","caption":"Reda\u00e7\u00e3o"},"url":"https:\/\/jornaltimoneiro.com.br\/index.php\/author\/timoneirocanoas\/"}]}},"_links":{"self":[{"href":"https:\/\/jornaltimoneiro.com.br\/index.php\/wp-json\/wp\/v2\/posts\/12574"}],"collection":[{"href":"https:\/\/jornaltimoneiro.com.br\/index.php\/wp-json\/wp\/v2\/posts"}],"about":[{"href":"https:\/\/jornaltimoneiro.com.br\/index.php\/wp-json\/wp\/v2\/types\/post"}],"author":[{"embeddable":true,"href":"https:\/\/jornaltimoneiro.com.br\/index.php\/wp-json\/wp\/v2\/users\/1"}],"replies":[{"embeddable":true,"href":"https:\/\/jornaltimoneiro.com.br\/index.php\/wp-json\/wp\/v2\/comments?post=12574"}],"version-history":[{"count":0,"href":"https:\/\/jornaltimoneiro.com.br\/index.php\/wp-json\/wp\/v2\/posts\/12574\/revisions"}],"wp:featuredmedia":[{"embeddable":true,"href":"https:\/\/jornaltimoneiro.com.br\/index.php\/wp-json\/wp\/v2\/media\/11844"}],"wp:attachment":[{"href":"https:\/\/jornaltimoneiro.com.br\/index.php\/wp-json\/wp\/v2\/media?parent=12574"}],"wp:term":[{"taxonomy":"category","embeddable":true,"href":"https:\/\/jornaltimoneiro.com.br\/index.php\/wp-json\/wp\/v2\/categories?post=12574"},{"taxonomy":"post_tag","embeddable":true,"href":"https:\/\/jornaltimoneiro.com.br\/index.php\/wp-json\/wp\/v2\/tags?post=12574"}],"curies":[{"name":"wp","href":"https:\/\/api.w.org\/{rel}","templated":true}]}}