{"id":12572,"date":"2019-03-01T07:00:14","date_gmt":"2019-03-01T10:00:14","guid":{"rendered":"https:\/\/jornaltimoneiro.com.br\/?p=12572"},"modified":"2019-02-28T21:52:12","modified_gmt":"2019-03-01T00:52:12","slug":"jorge-uequed-uma-pergunta-e-constante-vai-dar-certo-a-nova-gestao-do-gracinha","status":"publish","type":"post","link":"https:\/\/jornaltimoneiro.com.br\/index.php\/2019\/03\/01\/jorge-uequed-uma-pergunta-e-constante-vai-dar-certo-a-nova-gestao-do-gracinha\/","title":{"rendered":"Jorge Uequed: &#8220;Uma pergunta \u00e9 constante, vai dar certo a nova gest\u00e3o do Gracinha?&#8221;"},"content":{"rendered":"<p><img decoding=\"async\" class=\"alignnone size-medium wp-image-11940\" src=\"https:\/\/jornaltimoneiro.com.br\/wp-content\/uploads\/2019\/01\/jorge-uequed-300x200.jpg\" alt=\"\" width=\"300\" height=\"200\" srcset=\"https:\/\/jornaltimoneiro.com.br\/wp-content\/uploads\/2019\/01\/jorge-uequed-300x200.jpg 300w, https:\/\/jornaltimoneiro.com.br\/wp-content\/uploads\/2019\/01\/jorge-uequed.jpg 400w\" sizes=\"(max-width: 300px) 100vw, 300px\" \/><\/p>\n<p>Jorge Uequed \u2013 Momento Pol\u00edtico<\/p>\n<p>Elei\u00e7\u00f5es<\/p>\n<p>Os partidos come\u00e7am a procurar nomes para a nominata de candidatos a vereador. Cada legenda poder\u00e1 inscrever 32 candidatos. Sendo que est\u00e1 garantida a presen\u00e7a de um ter\u00e7o de mulheres.<\/p>\n<p>N\u00e3o haver\u00e1 coliga\u00e7\u00e3o nas elei\u00e7\u00f5es proporcionais, assim teremos uma casa legislativa com no m\u00ednimo 10 partidos representados.<\/p>\n<p>Setores empresariais est\u00e3o preparando nominata de candidatos.<\/p>\n<p>Sa\u00fade<\/p>\n<p>A sociedade, o poder p\u00fablico, os dirigentes das entidades voltadas \u00e0 administra\u00e7\u00e3o da sa\u00fade, come\u00e7am a ensejar caminhos \u00e0 busca da solu\u00e7\u00e3o.<\/p>\n<p>A crise do Gamp, acusado de irregularidades, agravada pela falta de pagamento da Uni\u00e3o e do Estado, ensejou que o milion\u00e1rio contrato que a empresa mantinha com a prefeitura fosse rescindido. Decretada a interven\u00e7\u00e3o judicial e nomeados os novos dirigentes, a prefeitura conseguiu com a Uni\u00e3o a participa\u00e7\u00e3o do Hospital S\u00edrio-Libanes, Moinhos de Vento e Concei\u00e7\u00e3o, para orientar, fiscalizar e encaminhar solu\u00e7\u00f5es para o Hospital Universit\u00e1rio. J\u00e1 nos primeiros dias sentiu-se a amplia\u00e7\u00e3o da presta\u00e7\u00e3o de servi\u00e7os e a redu\u00e7\u00e3o do n\u00famero de reclama\u00e7\u00f5es. Mas est\u00e1 faltando dinheiro, n\u00e3o \u00e9 poss\u00edvel imaginar que os cofres da Prefeitura possam sustentar a escassez de recursos da Uni\u00e3o e do Estado. Se n\u00e3o chegar dinheiro, a crise vai voltar.<\/p>\n<p>Nessa ter\u00e7a-feira, assumiu novo grupo gestor do Hospital Nossa Senhora das Gra\u00e7as. A entidade, que foi criada pela sociedade canoense, que \u00e9 da iniciativa privada, que n\u00e3o busca lucros, que n\u00e3o remunera os dirigentes da mantenedora, agora entrega a gest\u00e3o do hospital para um grupo, pouco conhecido, mas que para alguns dirigentes inspira expectativa e esperan\u00e7a.<\/p>\n<p>Uma pergunta \u00e9 constante, vai dar certo a nova gest\u00e3o do Gracinha? A resposta \u00e9 uma d\u00favida, mas a entidade n\u00e3o tinha alternativa, eis que as empresas anteriormente procuradas n\u00e3o aceitaram. E a falta de recursos amea\u00e7ava parar os servi\u00e7os e o Minist\u00e9rio P\u00fablico amea\u00e7ava com interven\u00e7\u00e3o.<\/p>\n<p>Entramos 2019 com a crise da sa\u00fade na flor da pele, mas com muita expectativa de solu\u00e7\u00e3o.<\/p>\n<p><strong>PPP da Corsan<\/strong><\/p>\n<p>O projeto que inclui nove munic\u00edpios para a cria\u00e7\u00e3o de uma entidade p\u00fablico-privada para a amplia\u00e7\u00e3o dos servi\u00e7os de esgoto nestas cidades, j\u00e1 tem o apoio de oito munic\u00edpios, falta apenas Canoas.<\/p>\n<p>Para aprovar a participa\u00e7\u00e3o de Canoas, necessita que 14 vereadores votem favoravelmente. No momento apenas 13 s\u00e3o os votos consolidados. O governo, para evitar uma derrota, retirou o projeto da tramita\u00e7\u00e3o na casa legislativa e est\u00e1 procurando o partido da oposi\u00e7\u00e3o, na tentativa de construir uma frente para garantir a aprova\u00e7\u00e3o.<\/p>\n<p>O assunto n\u00e3o \u00e9 de natureza pol\u00edtica, mas para n\u00f3s canoenses \u00e9 a possibilidade de mais de 50% de nossa popula\u00e7\u00e3o ter a instala\u00e7\u00e3o cloacal nas suas casas. Isto \u00e9 bom para a sa\u00fade, para o conforto, para a defesa do meio ambiente e para a melhoria da qualidade de vida.<\/p>\n<p>O momento est\u00e1 lan\u00e7ado, \u00e9 necess\u00e1ria muita habilidade para defender os interesses da popula\u00e7\u00e3o, especialmente dos mais pobres, e no ritmo atual, nem em 40 anos ter\u00e3o servi\u00e7os de esgoto em suas casas.\u00b4<\/p>\n<p>\u00c9 bom lembrar, que pelo tamanho da nossa popula\u00e7\u00e3o teremos que construir outra esta\u00e7\u00e3o0 de tratamento para receber o esgoto cloacal.<\/p>\n","protected":false},"excerpt":{"rendered":"<p>Jorge Uequed \u2013 Momento Pol\u00edtico Elei\u00e7\u00f5es Os partidos come\u00e7am a procurar nomes para a nominata de candidatos a vereador. Cada legenda poder\u00e1 inscrever 32 candidatos. Sendo que est\u00e1 garantida a presen\u00e7a de um ter\u00e7o de mulheres. N\u00e3o haver\u00e1 coliga\u00e7\u00e3o nas elei\u00e7\u00f5es proporcionais, assim teremos uma casa legislativa com no m\u00ednimo 10 partidos representados. Setores empresariais [&hellip;]<\/p>\n","protected":false},"author":1,"featured_media":11940,"comment_status":"closed","ping_status":"closed","sticky":false,"template":"","format":"standard","meta":{"amp_status":"","footnotes":""},"categories":[21],"tags":[],"class_list":["post-12572","post","type-post","status-publish","format-standard","has-post-thumbnail","hentry","category-opiniao"],"yoast_head":"<!-- This site is optimized with the Yoast SEO plugin v20.5 - https:\/\/yoast.com\/wordpress\/plugins\/seo\/ -->\n<title>Jorge Uequed: &quot;Uma pergunta \u00e9 constante, vai dar certo a nova gest\u00e3o do Gracinha?&quot; - O Timoneiro Jornal Canoas RS<\/title>\n<meta name=\"robots\" content=\"index, follow, max-snippet:-1, max-image-preview:large, max-video-preview:-1\" \/>\n<link rel=\"canonical\" href=\"https:\/\/jornaltimoneiro.com.br\/index.php\/2019\/03\/01\/jorge-uequed-uma-pergunta-e-constante-vai-dar-certo-a-nova-gestao-do-gracinha\/\" \/>\n<meta property=\"og:locale\" content=\"pt_BR\" \/>\n<meta property=\"og:type\" content=\"article\" \/>\n<meta property=\"og:title\" content=\"Jorge Uequed: &quot;Uma pergunta \u00e9 constante, vai dar certo a nova gest\u00e3o do Gracinha?&quot; - O Timoneiro Jornal Canoas RS\" \/>\n<meta property=\"og:description\" content=\"Jorge Uequed \u2013 Momento Pol\u00edtico Elei\u00e7\u00f5es Os partidos come\u00e7am a procurar nomes para a nominata de candidatos a vereador. Cada legenda poder\u00e1 inscrever 32 candidatos. Sendo que est\u00e1 garantida a presen\u00e7a de um ter\u00e7o de mulheres. N\u00e3o haver\u00e1 coliga\u00e7\u00e3o nas elei\u00e7\u00f5es proporcionais, assim teremos uma casa legislativa com no m\u00ednimo 10 partidos representados. Setores empresariais [&hellip;]\" \/>\n<meta property=\"og:url\" content=\"https:\/\/jornaltimoneiro.com.br\/index.php\/2019\/03\/01\/jorge-uequed-uma-pergunta-e-constante-vai-dar-certo-a-nova-gestao-do-gracinha\/\" \/>\n<meta property=\"og:site_name\" content=\"O Timoneiro Jornal Canoas RS\" \/>\n<meta property=\"article:publisher\" content=\"https:\/\/www.facebook.com\/jornaltimoneiro\" \/>\n<meta property=\"article:published_time\" content=\"2019-03-01T10:00:14+00:00\" \/>\n<meta property=\"article:modified_time\" content=\"2019-03-01T00:52:12+00:00\" \/>\n<meta property=\"og:image\" content=\"https:\/\/jornaltimoneiro.com.br\/wp-content\/uploads\/2019\/01\/jorge-uequed.jpg\" \/>\n\t<meta property=\"og:image:width\" content=\"400\" \/>\n\t<meta property=\"og:image:height\" content=\"266\" \/>\n\t<meta property=\"og:image:type\" content=\"image\/jpeg\" \/>\n<meta name=\"author\" content=\"Reda\u00e7\u00e3o\" \/>\n<meta name=\"twitter:card\" content=\"summary_large_image\" \/>\n<meta name=\"twitter:creator\" content=\"@_OTimoneiro\" \/>\n<meta name=\"twitter:site\" content=\"@_OTimoneiro\" \/>\n<meta name=\"twitter:label1\" content=\"Escrito por\" \/>\n\t<meta name=\"twitter:data1\" content=\"Reda\u00e7\u00e3o\" \/>\n\t<meta name=\"twitter:label2\" content=\"Est. tempo de leitura\" \/>\n\t<meta name=\"twitter:data2\" content=\"3 minutos\" \/>\n<script type=\"application\/ld+json\" class=\"yoast-schema-graph\">{\"@context\":\"https:\/\/schema.org\",\"@graph\":[{\"@type\":\"Article\",\"@id\":\"https:\/\/jornaltimoneiro.com.br\/index.php\/2019\/03\/01\/jorge-uequed-uma-pergunta-e-constante-vai-dar-certo-a-nova-gestao-do-gracinha\/#article\",\"isPartOf\":{\"@id\":\"https:\/\/jornaltimoneiro.com.br\/index.php\/2019\/03\/01\/jorge-uequed-uma-pergunta-e-constante-vai-dar-certo-a-nova-gestao-do-gracinha\/\"},\"author\":{\"name\":\"Reda\u00e7\u00e3o\",\"@id\":\"https:\/\/jornaltimoneiro.com.br\/#\/schema\/person\/620efd1d8244466117482be494360b08\"},\"headline\":\"Jorge Uequed: &#8220;Uma pergunta \u00e9 constante, vai dar certo a nova gest\u00e3o do Gracinha?&#8221;\",\"datePublished\":\"2019-03-01T10:00:14+00:00\",\"dateModified\":\"2019-03-01T00:52:12+00:00\",\"mainEntityOfPage\":{\"@id\":\"https:\/\/jornaltimoneiro.com.br\/index.php\/2019\/03\/01\/jorge-uequed-uma-pergunta-e-constante-vai-dar-certo-a-nova-gestao-do-gracinha\/\"},\"wordCount\":582,\"publisher\":{\"@id\":\"https:\/\/jornaltimoneiro.com.br\/#organization\"},\"articleSection\":[\"Opini\u00e3o\"],\"inLanguage\":\"pt-BR\"},{\"@type\":\"WebPage\",\"@id\":\"https:\/\/jornaltimoneiro.com.br\/index.php\/2019\/03\/01\/jorge-uequed-uma-pergunta-e-constante-vai-dar-certo-a-nova-gestao-do-gracinha\/\",\"url\":\"https:\/\/jornaltimoneiro.com.br\/index.php\/2019\/03\/01\/jorge-uequed-uma-pergunta-e-constante-vai-dar-certo-a-nova-gestao-do-gracinha\/\",\"name\":\"Jorge Uequed: \\\"Uma pergunta \u00e9 constante, vai dar certo a nova gest\u00e3o do Gracinha?\\\" - O Timoneiro Jornal Canoas RS\",\"isPartOf\":{\"@id\":\"https:\/\/jornaltimoneiro.com.br\/#website\"},\"datePublished\":\"2019-03-01T10:00:14+00:00\",\"dateModified\":\"2019-03-01T00:52:12+00:00\",\"breadcrumb\":{\"@id\":\"https:\/\/jornaltimoneiro.com.br\/index.php\/2019\/03\/01\/jorge-uequed-uma-pergunta-e-constante-vai-dar-certo-a-nova-gestao-do-gracinha\/#breadcrumb\"},\"inLanguage\":\"pt-BR\",\"potentialAction\":[{\"@type\":\"ReadAction\",\"target\":[\"https:\/\/jornaltimoneiro.com.br\/index.php\/2019\/03\/01\/jorge-uequed-uma-pergunta-e-constante-vai-dar-certo-a-nova-gestao-do-gracinha\/\"]}]},{\"@type\":\"BreadcrumbList\",\"@id\":\"https:\/\/jornaltimoneiro.com.br\/index.php\/2019\/03\/01\/jorge-uequed-uma-pergunta-e-constante-vai-dar-certo-a-nova-gestao-do-gracinha\/#breadcrumb\",\"itemListElement\":[{\"@type\":\"ListItem\",\"position\":1,\"name\":\"In\u00edcio\",\"item\":\"https:\/\/jornaltimoneiro.com.br\/\"},{\"@type\":\"ListItem\",\"position\":2,\"name\":\"Jorge Uequed: &#8220;Uma pergunta \u00e9 constante, vai dar certo a nova gest\u00e3o do Gracinha?&#8221;\"}]},{\"@type\":\"WebSite\",\"@id\":\"https:\/\/jornaltimoneiro.com.br\/#website\",\"url\":\"https:\/\/jornaltimoneiro.com.br\/\",\"name\":\"Jornal Timoneiro Canoas RS\",\"description\":\"Jornal O Timoneiro, o verdadeiro jornal de Canoas\",\"publisher\":{\"@id\":\"https:\/\/jornaltimoneiro.com.br\/#organization\"},\"potentialAction\":[{\"@type\":\"SearchAction\",\"target\":{\"@type\":\"EntryPoint\",\"urlTemplate\":\"https:\/\/jornaltimoneiro.com.br\/?s={search_term_string}\"},\"query-input\":\"required name=search_term_string\"}],\"inLanguage\":\"pt-BR\"},{\"@type\":\"Organization\",\"@id\":\"https:\/\/jornaltimoneiro.com.br\/#organization\",\"name\":\"Jornal Timoneiro Canoas RS\",\"url\":\"https:\/\/jornaltimoneiro.com.br\/\",\"logo\":{\"@type\":\"ImageObject\",\"inLanguage\":\"pt-BR\",\"@id\":\"https:\/\/jornaltimoneiro.com.br\/#\/schema\/logo\/image\/\",\"url\":\"https:\/\/jornaltimoneiro.com.br\/wp-content\/uploads\/2023\/03\/logonovo.png\",\"contentUrl\":\"https:\/\/jornaltimoneiro.com.br\/wp-content\/uploads\/2023\/03\/logonovo.png\",\"width\":\"469\",\"height\":\"171\",\"caption\":\"Jornal Timoneiro Canoas RS\"},\"image\":{\"@id\":\"https:\/\/jornaltimoneiro.com.br\/#\/schema\/logo\/image\/\"},\"sameAs\":[\"https:\/\/www.facebook.com\/jornaltimoneiro\",\"https:\/\/twitter.com\/_OTimoneiro\",\"https:\/\/www.instagram.com\/jornaltimoneirocanoas\/\",\"https:\/\/www.youtube.com\/@jornalotimoneiro7927\"]},{\"@type\":\"Person\",\"@id\":\"https:\/\/jornaltimoneiro.com.br\/#\/schema\/person\/620efd1d8244466117482be494360b08\",\"name\":\"Reda\u00e7\u00e3o\",\"image\":{\"@type\":\"ImageObject\",\"inLanguage\":\"pt-BR\",\"@id\":\"https:\/\/jornaltimoneiro.com.br\/#\/schema\/person\/image\/\",\"url\":\"https:\/\/secure.gravatar.com\/avatar\/2f04e1b304682a8d9db336c7acd77f08?s=96&d=mm&r=g\",\"contentUrl\":\"https:\/\/secure.gravatar.com\/avatar\/2f04e1b304682a8d9db336c7acd77f08?s=96&d=mm&r=g\",\"caption\":\"Reda\u00e7\u00e3o\"},\"url\":\"https:\/\/jornaltimoneiro.com.br\/index.php\/author\/timoneirocanoas\/\"}]}<\/script>\n<!-- \/ Yoast SEO plugin. -->","yoast_head_json":{"title":"Jorge Uequed: \"Uma pergunta \u00e9 constante, vai dar certo a nova gest\u00e3o do Gracinha?\" - O Timoneiro Jornal Canoas RS","robots":{"index":"index","follow":"follow","max-snippet":"max-snippet:-1","max-image-preview":"max-image-preview:large","max-video-preview":"max-video-preview:-1"},"canonical":"https:\/\/jornaltimoneiro.com.br\/index.php\/2019\/03\/01\/jorge-uequed-uma-pergunta-e-constante-vai-dar-certo-a-nova-gestao-do-gracinha\/","og_locale":"pt_BR","og_type":"article","og_title":"Jorge Uequed: \"Uma pergunta \u00e9 constante, vai dar certo a nova gest\u00e3o do Gracinha?\" - O Timoneiro Jornal Canoas RS","og_description":"Jorge Uequed \u2013 Momento Pol\u00edtico Elei\u00e7\u00f5es Os partidos come\u00e7am a procurar nomes para a nominata de candidatos a vereador. Cada legenda poder\u00e1 inscrever 32 candidatos. Sendo que est\u00e1 garantida a presen\u00e7a de um ter\u00e7o de mulheres. N\u00e3o haver\u00e1 coliga\u00e7\u00e3o nas elei\u00e7\u00f5es proporcionais, assim teremos uma casa legislativa com no m\u00ednimo 10 partidos representados. Setores empresariais [&hellip;]","og_url":"https:\/\/jornaltimoneiro.com.br\/index.php\/2019\/03\/01\/jorge-uequed-uma-pergunta-e-constante-vai-dar-certo-a-nova-gestao-do-gracinha\/","og_site_name":"O Timoneiro Jornal Canoas RS","article_publisher":"https:\/\/www.facebook.com\/jornaltimoneiro","article_published_time":"2019-03-01T10:00:14+00:00","article_modified_time":"2019-03-01T00:52:12+00:00","og_image":[{"width":400,"height":266,"url":"https:\/\/jornaltimoneiro.com.br\/wp-content\/uploads\/2019\/01\/jorge-uequed.jpg","type":"image\/jpeg"}],"author":"Reda\u00e7\u00e3o","twitter_card":"summary_large_image","twitter_creator":"@_OTimoneiro","twitter_site":"@_OTimoneiro","twitter_misc":{"Escrito por":"Reda\u00e7\u00e3o","Est. tempo de leitura":"3 minutos"},"schema":{"@context":"https:\/\/schema.org","@graph":[{"@type":"Article","@id":"https:\/\/jornaltimoneiro.com.br\/index.php\/2019\/03\/01\/jorge-uequed-uma-pergunta-e-constante-vai-dar-certo-a-nova-gestao-do-gracinha\/#article","isPartOf":{"@id":"https:\/\/jornaltimoneiro.com.br\/index.php\/2019\/03\/01\/jorge-uequed-uma-pergunta-e-constante-vai-dar-certo-a-nova-gestao-do-gracinha\/"},"author":{"name":"Reda\u00e7\u00e3o","@id":"https:\/\/jornaltimoneiro.com.br\/#\/schema\/person\/620efd1d8244466117482be494360b08"},"headline":"Jorge Uequed: &#8220;Uma pergunta \u00e9 constante, vai dar certo a nova gest\u00e3o do Gracinha?&#8221;","datePublished":"2019-03-01T10:00:14+00:00","dateModified":"2019-03-01T00:52:12+00:00","mainEntityOfPage":{"@id":"https:\/\/jornaltimoneiro.com.br\/index.php\/2019\/03\/01\/jorge-uequed-uma-pergunta-e-constante-vai-dar-certo-a-nova-gestao-do-gracinha\/"},"wordCount":582,"publisher":{"@id":"https:\/\/jornaltimoneiro.com.br\/#organization"},"articleSection":["Opini\u00e3o"],"inLanguage":"pt-BR"},{"@type":"WebPage","@id":"https:\/\/jornaltimoneiro.com.br\/index.php\/2019\/03\/01\/jorge-uequed-uma-pergunta-e-constante-vai-dar-certo-a-nova-gestao-do-gracinha\/","url":"https:\/\/jornaltimoneiro.com.br\/index.php\/2019\/03\/01\/jorge-uequed-uma-pergunta-e-constante-vai-dar-certo-a-nova-gestao-do-gracinha\/","name":"Jorge Uequed: \"Uma pergunta \u00e9 constante, vai dar certo a nova gest\u00e3o do Gracinha?\" - O Timoneiro Jornal Canoas RS","isPartOf":{"@id":"https:\/\/jornaltimoneiro.com.br\/#website"},"datePublished":"2019-03-01T10:00:14+00:00","dateModified":"2019-03-01T00:52:12+00:00","breadcrumb":{"@id":"https:\/\/jornaltimoneiro.com.br\/index.php\/2019\/03\/01\/jorge-uequed-uma-pergunta-e-constante-vai-dar-certo-a-nova-gestao-do-gracinha\/#breadcrumb"},"inLanguage":"pt-BR","potentialAction":[{"@type":"ReadAction","target":["https:\/\/jornaltimoneiro.com.br\/index.php\/2019\/03\/01\/jorge-uequed-uma-pergunta-e-constante-vai-dar-certo-a-nova-gestao-do-gracinha\/"]}]},{"@type":"BreadcrumbList","@id":"https:\/\/jornaltimoneiro.com.br\/index.php\/2019\/03\/01\/jorge-uequed-uma-pergunta-e-constante-vai-dar-certo-a-nova-gestao-do-gracinha\/#breadcrumb","itemListElement":[{"@type":"ListItem","position":1,"name":"In\u00edcio","item":"https:\/\/jornaltimoneiro.com.br\/"},{"@type":"ListItem","position":2,"name":"Jorge Uequed: &#8220;Uma pergunta \u00e9 constante, vai dar certo a nova gest\u00e3o do Gracinha?&#8221;"}]},{"@type":"WebSite","@id":"https:\/\/jornaltimoneiro.com.br\/#website","url":"https:\/\/jornaltimoneiro.com.br\/","name":"Jornal Timoneiro Canoas RS","description":"Jornal O Timoneiro, o verdadeiro jornal de Canoas","publisher":{"@id":"https:\/\/jornaltimoneiro.com.br\/#organization"},"potentialAction":[{"@type":"SearchAction","target":{"@type":"EntryPoint","urlTemplate":"https:\/\/jornaltimoneiro.com.br\/?s={search_term_string}"},"query-input":"required name=search_term_string"}],"inLanguage":"pt-BR"},{"@type":"Organization","@id":"https:\/\/jornaltimoneiro.com.br\/#organization","name":"Jornal Timoneiro Canoas RS","url":"https:\/\/jornaltimoneiro.com.br\/","logo":{"@type":"ImageObject","inLanguage":"pt-BR","@id":"https:\/\/jornaltimoneiro.com.br\/#\/schema\/logo\/image\/","url":"https:\/\/jornaltimoneiro.com.br\/wp-content\/uploads\/2023\/03\/logonovo.png","contentUrl":"https:\/\/jornaltimoneiro.com.br\/wp-content\/uploads\/2023\/03\/logonovo.png","width":"469","height":"171","caption":"Jornal Timoneiro Canoas RS"},"image":{"@id":"https:\/\/jornaltimoneiro.com.br\/#\/schema\/logo\/image\/"},"sameAs":["https:\/\/www.facebook.com\/jornaltimoneiro","https:\/\/twitter.com\/_OTimoneiro","https:\/\/www.instagram.com\/jornaltimoneirocanoas\/","https:\/\/www.youtube.com\/@jornalotimoneiro7927"]},{"@type":"Person","@id":"https:\/\/jornaltimoneiro.com.br\/#\/schema\/person\/620efd1d8244466117482be494360b08","name":"Reda\u00e7\u00e3o","image":{"@type":"ImageObject","inLanguage":"pt-BR","@id":"https:\/\/jornaltimoneiro.com.br\/#\/schema\/person\/image\/","url":"https:\/\/secure.gravatar.com\/avatar\/2f04e1b304682a8d9db336c7acd77f08?s=96&d=mm&r=g","contentUrl":"https:\/\/secure.gravatar.com\/avatar\/2f04e1b304682a8d9db336c7acd77f08?s=96&d=mm&r=g","caption":"Reda\u00e7\u00e3o"},"url":"https:\/\/jornaltimoneiro.com.br\/index.php\/author\/timoneirocanoas\/"}]}},"_links":{"self":[{"href":"https:\/\/jornaltimoneiro.com.br\/index.php\/wp-json\/wp\/v2\/posts\/12572"}],"collection":[{"href":"https:\/\/jornaltimoneiro.com.br\/index.php\/wp-json\/wp\/v2\/posts"}],"about":[{"href":"https:\/\/jornaltimoneiro.com.br\/index.php\/wp-json\/wp\/v2\/types\/post"}],"author":[{"embeddable":true,"href":"https:\/\/jornaltimoneiro.com.br\/index.php\/wp-json\/wp\/v2\/users\/1"}],"replies":[{"embeddable":true,"href":"https:\/\/jornaltimoneiro.com.br\/index.php\/wp-json\/wp\/v2\/comments?post=12572"}],"version-history":[{"count":0,"href":"https:\/\/jornaltimoneiro.com.br\/index.php\/wp-json\/wp\/v2\/posts\/12572\/revisions"}],"wp:featuredmedia":[{"embeddable":true,"href":"https:\/\/jornaltimoneiro.com.br\/index.php\/wp-json\/wp\/v2\/media\/11940"}],"wp:attachment":[{"href":"https:\/\/jornaltimoneiro.com.br\/index.php\/wp-json\/wp\/v2\/media?parent=12572"}],"wp:term":[{"taxonomy":"category","embeddable":true,"href":"https:\/\/jornaltimoneiro.com.br\/index.php\/wp-json\/wp\/v2\/categories?post=12572"},{"taxonomy":"post_tag","embeddable":true,"href":"https:\/\/jornaltimoneiro.com.br\/index.php\/wp-json\/wp\/v2\/tags?post=12572"}],"curies":[{"name":"wp","href":"https:\/\/api.w.org\/{rel}","templated":true}]}}