{"id":12482,"date":"2019-02-22T08:00:02","date_gmt":"2019-02-22T11:00:02","guid":{"rendered":"https:\/\/jornaltimoneiro.com.br\/?p=12482"},"modified":"2019-02-21T17:49:54","modified_gmt":"2019-02-21T20:49:54","slug":"olegar-lopes-vem-ai-a-fecars-quatro-dias-de-cultura-campeira-e-suas-mais-autenticas-manifestacoes","status":"publish","type":"post","link":"https:\/\/jornaltimoneiro.com.br\/index.php\/2019\/02\/22\/olegar-lopes-vem-ai-a-fecars-quatro-dias-de-cultura-campeira-e-suas-mais-autenticas-manifestacoes\/","title":{"rendered":"Olegar Lopes: &#8220;Vem a\u00ed a Fecars. Quatro dias de cultura campeira e suas mais aut\u00eanticas manifesta\u00e7\u00f5es&#8221;"},"content":{"rendered":"<h6><img decoding=\"async\" class=\"alignnone size-medium wp-image-12079\" src=\"https:\/\/jornaltimoneiro.com.br\/wp-content\/uploads\/2019\/01\/Olegar-Lopes-300x264.jpeg\" alt=\"\" width=\"300\" height=\"264\" \/><br \/>\nOlegar Lopes &#8211; Agenda Tradicionalista<\/h6>\n<h6><strong>Fecars e Semin\u00e1rio da Cultura Campeira<\/strong><\/h6>\n<p>O campeirismo ga\u00facho representa o que h\u00e1 de mais puro e aut\u00eantico da cultura primitiva rio-grandense. \u00c9 a origem desse ser n\u00f4made que viveu as\u00a0 barb\u00e1ries de uma terra sem dono, do gado chimarr\u00e3o, de cavalos xucros e indom\u00e1veis. Seres que deram origem ao ga\u00facho de hoje, que ama, preserva e divulga sua cultura xucra atrav\u00e9s da Festa Campeira do Rio Grande do Sul (FECARS) &#8211; a mais aut\u00eantica festa campeira da cultura ga\u00facha. Por se tratar de uma festa onde os concorrentes recebem premia\u00e7\u00e3o (apenas trof\u00e9u), os mesmos est\u00e3o sujeitos a cumprir regulamentos espec\u00edficos aplicados pelo Movimento Tradicionalista Ga\u00facho (MTG), entidade organizadora e respons\u00e1vel pelo evento.<\/p>\n<p>Dias 14, 15, 16 e 17 de mar\u00e7o\/2019 ser\u00e1 realizada a 31\u00aa FECARS no Parque de Eventos da cidade litor\u00e2nea de Xangri-l\u00e1. Ser\u00e3o quatro dias em que a cultura campeira e suas mais aut\u00eanticas manifesta\u00e7\u00f5es ser\u00e3o mais uma vez divulgadas atrav\u00e9s de modalidades como tiro de la\u00e7o, prova do chasque e ginetiadas, em diversas categorias.<\/p>\n<p>Paralelo \u00e0 Fecars ser\u00e1 realizado o 20\u00ba Semin\u00e1rio da Cultura Campeira cujo tema \u00e9 \u201cA vida e a lida no campo\u201d. O encerramento da 31\u00aa Fecars e do 20\u00ba Semin\u00e1rio est\u00e1 previsto para domingo, dia 17, \u00e0s 19 horas, com a entrega dos trof\u00e9us Cyro Dutra Ferreira e Alfredo Jos\u00e9 dos Santos aos vencedores. O tradicionalista homenageado da 31\u00aa Fecars e \u00c9rico de Souza Jardim.<\/p>\n","protected":false},"excerpt":{"rendered":"<p>Olegar Lopes &#8211; Agenda Tradicionalista Fecars e Semin\u00e1rio da Cultura Campeira O campeirismo ga\u00facho representa o que h\u00e1 de mais puro e aut\u00eantico da cultura primitiva rio-grandense. \u00c9 a origem desse ser n\u00f4made que viveu as\u00a0 barb\u00e1ries de uma terra sem dono, do gado chimarr\u00e3o, de cavalos xucros e indom\u00e1veis. Seres que deram origem ao [&hellip;]<\/p>\n","protected":false},"author":2,"featured_media":12079,"comment_status":"closed","ping_status":"closed","sticky":false,"template":"","format":"standard","meta":{"amp_status":"","footnotes":""},"categories":[21],"tags":[],"class_list":["post-12482","post","type-post","status-publish","format-standard","has-post-thumbnail","hentry","category-opiniao"],"yoast_head":"<!-- This site is optimized with the Yoast SEO plugin v20.5 - https:\/\/yoast.com\/wordpress\/plugins\/seo\/ -->\n<title>Olegar Lopes: &quot;Vem a\u00ed a Fecars. Quatro dias de cultura campeira e suas mais aut\u00eanticas manifesta\u00e7\u00f5es&quot; - O Timoneiro Jornal Canoas RS<\/title>\n<meta name=\"robots\" content=\"index, follow, max-snippet:-1, max-image-preview:large, max-video-preview:-1\" \/>\n<link rel=\"canonical\" href=\"https:\/\/jornaltimoneiro.com.br\/index.php\/2019\/02\/22\/olegar-lopes-vem-ai-a-fecars-quatro-dias-de-cultura-campeira-e-suas-mais-autenticas-manifestacoes\/\" \/>\n<meta property=\"og:locale\" content=\"pt_BR\" \/>\n<meta property=\"og:type\" content=\"article\" \/>\n<meta property=\"og:title\" content=\"Olegar Lopes: &quot;Vem a\u00ed a Fecars. Quatro dias de cultura campeira e suas mais aut\u00eanticas manifesta\u00e7\u00f5es&quot; - O Timoneiro Jornal Canoas RS\" \/>\n<meta property=\"og:description\" content=\"Olegar Lopes &#8211; Agenda Tradicionalista Fecars e Semin\u00e1rio da Cultura Campeira O campeirismo ga\u00facho representa o que h\u00e1 de mais puro e aut\u00eantico da cultura primitiva rio-grandense. \u00c9 a origem desse ser n\u00f4made que viveu as\u00a0 barb\u00e1ries de uma terra sem dono, do gado chimarr\u00e3o, de cavalos xucros e indom\u00e1veis. Seres que deram origem ao [&hellip;]\" \/>\n<meta property=\"og:url\" content=\"https:\/\/jornaltimoneiro.com.br\/index.php\/2019\/02\/22\/olegar-lopes-vem-ai-a-fecars-quatro-dias-de-cultura-campeira-e-suas-mais-autenticas-manifestacoes\/\" \/>\n<meta property=\"og:site_name\" content=\"O Timoneiro Jornal Canoas RS\" \/>\n<meta property=\"article:publisher\" content=\"https:\/\/www.facebook.com\/jornaltimoneiro\" \/>\n<meta property=\"article:published_time\" content=\"2019-02-22T11:00:02+00:00\" \/>\n<meta property=\"article:modified_time\" content=\"2019-02-21T20:49:54+00:00\" \/>\n<meta property=\"og:image\" content=\"https:\/\/jornaltimoneiro.com.br\/wp-content\/uploads\/2019\/01\/Olegar-Lopes-e1550181690651.jpeg\" \/>\n\t<meta property=\"og:image:width\" content=\"300\" \/>\n\t<meta property=\"og:image:height\" content=\"264\" \/>\n\t<meta property=\"og:image:type\" content=\"image\/jpeg\" \/>\n<meta name=\"author\" content=\"Reda\u00e7\u00e3o\" \/>\n<meta name=\"twitter:card\" content=\"summary_large_image\" \/>\n<meta name=\"twitter:creator\" content=\"@_OTimoneiro\" \/>\n<meta name=\"twitter:site\" content=\"@_OTimoneiro\" \/>\n<meta name=\"twitter:label1\" content=\"Escrito por\" \/>\n\t<meta name=\"twitter:data1\" content=\"Reda\u00e7\u00e3o\" \/>\n\t<meta name=\"twitter:label2\" content=\"Est. tempo de leitura\" \/>\n\t<meta name=\"twitter:data2\" content=\"1 minuto\" \/>\n<script type=\"application\/ld+json\" class=\"yoast-schema-graph\">{\"@context\":\"https:\/\/schema.org\",\"@graph\":[{\"@type\":\"Article\",\"@id\":\"https:\/\/jornaltimoneiro.com.br\/index.php\/2019\/02\/22\/olegar-lopes-vem-ai-a-fecars-quatro-dias-de-cultura-campeira-e-suas-mais-autenticas-manifestacoes\/#article\",\"isPartOf\":{\"@id\":\"https:\/\/jornaltimoneiro.com.br\/index.php\/2019\/02\/22\/olegar-lopes-vem-ai-a-fecars-quatro-dias-de-cultura-campeira-e-suas-mais-autenticas-manifestacoes\/\"},\"author\":{\"name\":\"Reda\u00e7\u00e3o\",\"@id\":\"https:\/\/jornaltimoneiro.com.br\/#\/schema\/person\/f63482f1a02b1a9592707865e509ab40\"},\"headline\":\"Olegar Lopes: &#8220;Vem a\u00ed a Fecars. Quatro dias de cultura campeira e suas mais aut\u00eanticas manifesta\u00e7\u00f5es&#8221;\",\"datePublished\":\"2019-02-22T11:00:02+00:00\",\"dateModified\":\"2019-02-21T20:49:54+00:00\",\"mainEntityOfPage\":{\"@id\":\"https:\/\/jornaltimoneiro.com.br\/index.php\/2019\/02\/22\/olegar-lopes-vem-ai-a-fecars-quatro-dias-de-cultura-campeira-e-suas-mais-autenticas-manifestacoes\/\"},\"wordCount\":270,\"publisher\":{\"@id\":\"https:\/\/jornaltimoneiro.com.br\/#organization\"},\"articleSection\":[\"Opini\u00e3o\"],\"inLanguage\":\"pt-BR\"},{\"@type\":\"WebPage\",\"@id\":\"https:\/\/jornaltimoneiro.com.br\/index.php\/2019\/02\/22\/olegar-lopes-vem-ai-a-fecars-quatro-dias-de-cultura-campeira-e-suas-mais-autenticas-manifestacoes\/\",\"url\":\"https:\/\/jornaltimoneiro.com.br\/index.php\/2019\/02\/22\/olegar-lopes-vem-ai-a-fecars-quatro-dias-de-cultura-campeira-e-suas-mais-autenticas-manifestacoes\/\",\"name\":\"Olegar Lopes: \\\"Vem a\u00ed a Fecars. Quatro dias de cultura campeira e suas mais aut\u00eanticas manifesta\u00e7\u00f5es\\\" - O Timoneiro Jornal Canoas RS\",\"isPartOf\":{\"@id\":\"https:\/\/jornaltimoneiro.com.br\/#website\"},\"datePublished\":\"2019-02-22T11:00:02+00:00\",\"dateModified\":\"2019-02-21T20:49:54+00:00\",\"breadcrumb\":{\"@id\":\"https:\/\/jornaltimoneiro.com.br\/index.php\/2019\/02\/22\/olegar-lopes-vem-ai-a-fecars-quatro-dias-de-cultura-campeira-e-suas-mais-autenticas-manifestacoes\/#breadcrumb\"},\"inLanguage\":\"pt-BR\",\"potentialAction\":[{\"@type\":\"ReadAction\",\"target\":[\"https:\/\/jornaltimoneiro.com.br\/index.php\/2019\/02\/22\/olegar-lopes-vem-ai-a-fecars-quatro-dias-de-cultura-campeira-e-suas-mais-autenticas-manifestacoes\/\"]}]},{\"@type\":\"BreadcrumbList\",\"@id\":\"https:\/\/jornaltimoneiro.com.br\/index.php\/2019\/02\/22\/olegar-lopes-vem-ai-a-fecars-quatro-dias-de-cultura-campeira-e-suas-mais-autenticas-manifestacoes\/#breadcrumb\",\"itemListElement\":[{\"@type\":\"ListItem\",\"position\":1,\"name\":\"In\u00edcio\",\"item\":\"https:\/\/jornaltimoneiro.com.br\/\"},{\"@type\":\"ListItem\",\"position\":2,\"name\":\"Olegar Lopes: &#8220;Vem a\u00ed a Fecars. Quatro dias de cultura campeira e suas mais aut\u00eanticas manifesta\u00e7\u00f5es&#8221;\"}]},{\"@type\":\"WebSite\",\"@id\":\"https:\/\/jornaltimoneiro.com.br\/#website\",\"url\":\"https:\/\/jornaltimoneiro.com.br\/\",\"name\":\"Jornal Timoneiro Canoas RS\",\"description\":\"Jornal O Timoneiro, o verdadeiro jornal de Canoas\",\"publisher\":{\"@id\":\"https:\/\/jornaltimoneiro.com.br\/#organization\"},\"potentialAction\":[{\"@type\":\"SearchAction\",\"target\":{\"@type\":\"EntryPoint\",\"urlTemplate\":\"https:\/\/jornaltimoneiro.com.br\/?s={search_term_string}\"},\"query-input\":\"required name=search_term_string\"}],\"inLanguage\":\"pt-BR\"},{\"@type\":\"Organization\",\"@id\":\"https:\/\/jornaltimoneiro.com.br\/#organization\",\"name\":\"Jornal Timoneiro Canoas RS\",\"url\":\"https:\/\/jornaltimoneiro.com.br\/\",\"logo\":{\"@type\":\"ImageObject\",\"inLanguage\":\"pt-BR\",\"@id\":\"https:\/\/jornaltimoneiro.com.br\/#\/schema\/logo\/image\/\",\"url\":\"https:\/\/jornaltimoneiro.com.br\/wp-content\/uploads\/2023\/03\/logonovo.png\",\"contentUrl\":\"https:\/\/jornaltimoneiro.com.br\/wp-content\/uploads\/2023\/03\/logonovo.png\",\"width\":\"469\",\"height\":\"171\",\"caption\":\"Jornal Timoneiro Canoas RS\"},\"image\":{\"@id\":\"https:\/\/jornaltimoneiro.com.br\/#\/schema\/logo\/image\/\"},\"sameAs\":[\"https:\/\/www.facebook.com\/jornaltimoneiro\",\"https:\/\/twitter.com\/_OTimoneiro\",\"https:\/\/www.instagram.com\/jornaltimoneirocanoas\/\",\"https:\/\/www.youtube.com\/@jornalotimoneiro7927\"]},{\"@type\":\"Person\",\"@id\":\"https:\/\/jornaltimoneiro.com.br\/#\/schema\/person\/f63482f1a02b1a9592707865e509ab40\",\"name\":\"Reda\u00e7\u00e3o\",\"image\":{\"@type\":\"ImageObject\",\"inLanguage\":\"pt-BR\",\"@id\":\"https:\/\/jornaltimoneiro.com.br\/#\/schema\/person\/image\/\",\"url\":\"https:\/\/jornaltimoneiro.com.br\/wp-content\/uploads\/2023\/03\/download.jpeg\",\"contentUrl\":\"https:\/\/jornaltimoneiro.com.br\/wp-content\/uploads\/2023\/03\/download.jpeg\",\"caption\":\"Reda\u00e7\u00e3o\"},\"url\":\"https:\/\/jornaltimoneiro.com.br\/index.php\/author\/simone-dutra\/\"}]}<\/script>\n<!-- \/ Yoast SEO plugin. -->","yoast_head_json":{"title":"Olegar Lopes: \"Vem a\u00ed a Fecars. Quatro dias de cultura campeira e suas mais aut\u00eanticas manifesta\u00e7\u00f5es\" - O Timoneiro Jornal Canoas RS","robots":{"index":"index","follow":"follow","max-snippet":"max-snippet:-1","max-image-preview":"max-image-preview:large","max-video-preview":"max-video-preview:-1"},"canonical":"https:\/\/jornaltimoneiro.com.br\/index.php\/2019\/02\/22\/olegar-lopes-vem-ai-a-fecars-quatro-dias-de-cultura-campeira-e-suas-mais-autenticas-manifestacoes\/","og_locale":"pt_BR","og_type":"article","og_title":"Olegar Lopes: \"Vem a\u00ed a Fecars. Quatro dias de cultura campeira e suas mais aut\u00eanticas manifesta\u00e7\u00f5es\" - O Timoneiro Jornal Canoas RS","og_description":"Olegar Lopes &#8211; Agenda Tradicionalista Fecars e Semin\u00e1rio da Cultura Campeira O campeirismo ga\u00facho representa o que h\u00e1 de mais puro e aut\u00eantico da cultura primitiva rio-grandense. \u00c9 a origem desse ser n\u00f4made que viveu as\u00a0 barb\u00e1ries de uma terra sem dono, do gado chimarr\u00e3o, de cavalos xucros e indom\u00e1veis. Seres que deram origem ao [&hellip;]","og_url":"https:\/\/jornaltimoneiro.com.br\/index.php\/2019\/02\/22\/olegar-lopes-vem-ai-a-fecars-quatro-dias-de-cultura-campeira-e-suas-mais-autenticas-manifestacoes\/","og_site_name":"O Timoneiro Jornal Canoas RS","article_publisher":"https:\/\/www.facebook.com\/jornaltimoneiro","article_published_time":"2019-02-22T11:00:02+00:00","article_modified_time":"2019-02-21T20:49:54+00:00","og_image":[{"width":300,"height":264,"url":"https:\/\/jornaltimoneiro.com.br\/wp-content\/uploads\/2019\/01\/Olegar-Lopes-e1550181690651.jpeg","type":"image\/jpeg"}],"author":"Reda\u00e7\u00e3o","twitter_card":"summary_large_image","twitter_creator":"@_OTimoneiro","twitter_site":"@_OTimoneiro","twitter_misc":{"Escrito por":"Reda\u00e7\u00e3o","Est. tempo de leitura":"1 minuto"},"schema":{"@context":"https:\/\/schema.org","@graph":[{"@type":"Article","@id":"https:\/\/jornaltimoneiro.com.br\/index.php\/2019\/02\/22\/olegar-lopes-vem-ai-a-fecars-quatro-dias-de-cultura-campeira-e-suas-mais-autenticas-manifestacoes\/#article","isPartOf":{"@id":"https:\/\/jornaltimoneiro.com.br\/index.php\/2019\/02\/22\/olegar-lopes-vem-ai-a-fecars-quatro-dias-de-cultura-campeira-e-suas-mais-autenticas-manifestacoes\/"},"author":{"name":"Reda\u00e7\u00e3o","@id":"https:\/\/jornaltimoneiro.com.br\/#\/schema\/person\/f63482f1a02b1a9592707865e509ab40"},"headline":"Olegar Lopes: &#8220;Vem a\u00ed a Fecars. Quatro dias de cultura campeira e suas mais aut\u00eanticas manifesta\u00e7\u00f5es&#8221;","datePublished":"2019-02-22T11:00:02+00:00","dateModified":"2019-02-21T20:49:54+00:00","mainEntityOfPage":{"@id":"https:\/\/jornaltimoneiro.com.br\/index.php\/2019\/02\/22\/olegar-lopes-vem-ai-a-fecars-quatro-dias-de-cultura-campeira-e-suas-mais-autenticas-manifestacoes\/"},"wordCount":270,"publisher":{"@id":"https:\/\/jornaltimoneiro.com.br\/#organization"},"articleSection":["Opini\u00e3o"],"inLanguage":"pt-BR"},{"@type":"WebPage","@id":"https:\/\/jornaltimoneiro.com.br\/index.php\/2019\/02\/22\/olegar-lopes-vem-ai-a-fecars-quatro-dias-de-cultura-campeira-e-suas-mais-autenticas-manifestacoes\/","url":"https:\/\/jornaltimoneiro.com.br\/index.php\/2019\/02\/22\/olegar-lopes-vem-ai-a-fecars-quatro-dias-de-cultura-campeira-e-suas-mais-autenticas-manifestacoes\/","name":"Olegar Lopes: \"Vem a\u00ed a Fecars. Quatro dias de cultura campeira e suas mais aut\u00eanticas manifesta\u00e7\u00f5es\" - O Timoneiro Jornal Canoas RS","isPartOf":{"@id":"https:\/\/jornaltimoneiro.com.br\/#website"},"datePublished":"2019-02-22T11:00:02+00:00","dateModified":"2019-02-21T20:49:54+00:00","breadcrumb":{"@id":"https:\/\/jornaltimoneiro.com.br\/index.php\/2019\/02\/22\/olegar-lopes-vem-ai-a-fecars-quatro-dias-de-cultura-campeira-e-suas-mais-autenticas-manifestacoes\/#breadcrumb"},"inLanguage":"pt-BR","potentialAction":[{"@type":"ReadAction","target":["https:\/\/jornaltimoneiro.com.br\/index.php\/2019\/02\/22\/olegar-lopes-vem-ai-a-fecars-quatro-dias-de-cultura-campeira-e-suas-mais-autenticas-manifestacoes\/"]}]},{"@type":"BreadcrumbList","@id":"https:\/\/jornaltimoneiro.com.br\/index.php\/2019\/02\/22\/olegar-lopes-vem-ai-a-fecars-quatro-dias-de-cultura-campeira-e-suas-mais-autenticas-manifestacoes\/#breadcrumb","itemListElement":[{"@type":"ListItem","position":1,"name":"In\u00edcio","item":"https:\/\/jornaltimoneiro.com.br\/"},{"@type":"ListItem","position":2,"name":"Olegar Lopes: &#8220;Vem a\u00ed a Fecars. Quatro dias de cultura campeira e suas mais aut\u00eanticas manifesta\u00e7\u00f5es&#8221;"}]},{"@type":"WebSite","@id":"https:\/\/jornaltimoneiro.com.br\/#website","url":"https:\/\/jornaltimoneiro.com.br\/","name":"Jornal Timoneiro Canoas RS","description":"Jornal O Timoneiro, o verdadeiro jornal de Canoas","publisher":{"@id":"https:\/\/jornaltimoneiro.com.br\/#organization"},"potentialAction":[{"@type":"SearchAction","target":{"@type":"EntryPoint","urlTemplate":"https:\/\/jornaltimoneiro.com.br\/?s={search_term_string}"},"query-input":"required name=search_term_string"}],"inLanguage":"pt-BR"},{"@type":"Organization","@id":"https:\/\/jornaltimoneiro.com.br\/#organization","name":"Jornal Timoneiro Canoas RS","url":"https:\/\/jornaltimoneiro.com.br\/","logo":{"@type":"ImageObject","inLanguage":"pt-BR","@id":"https:\/\/jornaltimoneiro.com.br\/#\/schema\/logo\/image\/","url":"https:\/\/jornaltimoneiro.com.br\/wp-content\/uploads\/2023\/03\/logonovo.png","contentUrl":"https:\/\/jornaltimoneiro.com.br\/wp-content\/uploads\/2023\/03\/logonovo.png","width":"469","height":"171","caption":"Jornal Timoneiro Canoas RS"},"image":{"@id":"https:\/\/jornaltimoneiro.com.br\/#\/schema\/logo\/image\/"},"sameAs":["https:\/\/www.facebook.com\/jornaltimoneiro","https:\/\/twitter.com\/_OTimoneiro","https:\/\/www.instagram.com\/jornaltimoneirocanoas\/","https:\/\/www.youtube.com\/@jornalotimoneiro7927"]},{"@type":"Person","@id":"https:\/\/jornaltimoneiro.com.br\/#\/schema\/person\/f63482f1a02b1a9592707865e509ab40","name":"Reda\u00e7\u00e3o","image":{"@type":"ImageObject","inLanguage":"pt-BR","@id":"https:\/\/jornaltimoneiro.com.br\/#\/schema\/person\/image\/","url":"https:\/\/jornaltimoneiro.com.br\/wp-content\/uploads\/2023\/03\/download.jpeg","contentUrl":"https:\/\/jornaltimoneiro.com.br\/wp-content\/uploads\/2023\/03\/download.jpeg","caption":"Reda\u00e7\u00e3o"},"url":"https:\/\/jornaltimoneiro.com.br\/index.php\/author\/simone-dutra\/"}]}},"_links":{"self":[{"href":"https:\/\/jornaltimoneiro.com.br\/index.php\/wp-json\/wp\/v2\/posts\/12482"}],"collection":[{"href":"https:\/\/jornaltimoneiro.com.br\/index.php\/wp-json\/wp\/v2\/posts"}],"about":[{"href":"https:\/\/jornaltimoneiro.com.br\/index.php\/wp-json\/wp\/v2\/types\/post"}],"author":[{"embeddable":true,"href":"https:\/\/jornaltimoneiro.com.br\/index.php\/wp-json\/wp\/v2\/users\/2"}],"replies":[{"embeddable":true,"href":"https:\/\/jornaltimoneiro.com.br\/index.php\/wp-json\/wp\/v2\/comments?post=12482"}],"version-history":[{"count":0,"href":"https:\/\/jornaltimoneiro.com.br\/index.php\/wp-json\/wp\/v2\/posts\/12482\/revisions"}],"wp:featuredmedia":[{"embeddable":true,"href":"https:\/\/jornaltimoneiro.com.br\/index.php\/wp-json\/wp\/v2\/media\/12079"}],"wp:attachment":[{"href":"https:\/\/jornaltimoneiro.com.br\/index.php\/wp-json\/wp\/v2\/media?parent=12482"}],"wp:term":[{"taxonomy":"category","embeddable":true,"href":"https:\/\/jornaltimoneiro.com.br\/index.php\/wp-json\/wp\/v2\/categories?post=12482"},{"taxonomy":"post_tag","embeddable":true,"href":"https:\/\/jornaltimoneiro.com.br\/index.php\/wp-json\/wp\/v2\/tags?post=12482"}],"curies":[{"name":"wp","href":"https:\/\/api.w.org\/{rel}","templated":true}]}}