{"id":12343,"date":"2019-02-15T08:00:29","date_gmt":"2019-02-15T10:00:29","guid":{"rendered":"https:\/\/jornaltimoneiro.com.br\/?p=12343"},"modified":"2019-02-14T19:58:22","modified_gmt":"2019-02-14T21:58:22","slug":"jorge-uequed-impossivel-vencer-a-crise-no-gracinha-sem-a-comunidade","status":"publish","type":"post","link":"https:\/\/jornaltimoneiro.com.br\/index.php\/2019\/02\/15\/jorge-uequed-impossivel-vencer-a-crise-no-gracinha-sem-a-comunidade\/","title":{"rendered":"Jorge Uequed: &#8220;Imposs\u00edvel vencer a crise no Gracinha sem a comunidade&#8221;"},"content":{"rendered":"<p><img decoding=\"async\" class=\"alignnone wp-image-11940 size-full\" src=\"https:\/\/jornaltimoneiro.com.br\/wp-content\/uploads\/2019\/01\/jorge-uequed.jpg\" alt=\"\" width=\"400\" height=\"266\" srcset=\"https:\/\/jornaltimoneiro.com.br\/wp-content\/uploads\/2019\/01\/jorge-uequed.jpg 400w, https:\/\/jornaltimoneiro.com.br\/wp-content\/uploads\/2019\/01\/jorge-uequed-300x200.jpg 300w\" sizes=\"(max-width: 400px) 100vw, 400px\" \/><br \/>\n<span style=\"color: #111111; font-family: Roboto, sans-serif; font-size: 16px;\">Jorge Uequed &#8211; Momento Pol\u00edtico<\/span><\/p>\n<p><strong><br \/>\nGracinha<\/strong><\/p>\n<p>Por discord\u00e2ncias internas, um dos membros da diretoria da Associa\u00e7\u00e3o Beneficente de Canoas (ABC), Francisco Biazus pediu demiss\u00e3o de seu cargo esta semana.<\/p>\n<p><strong>Gracinha II<\/strong><\/p>\n<p>A diretoria da ABC recebeu aprova\u00e7\u00e3o do Conselho para contratar o grupo hospitalar S\u00e3o Miguel, de Gramado, para dirigir o Hospital Nossa Senhora das Gra\u00e7as. Este hospital administra o Benefic\u00eancia Portuguesa, em Porto Alegre. O hospital possui 30 leitos e enfrenta grave crise com atraso de sal\u00e1rio dos funcion\u00e1rios. O Gracinha possui 300 leitos.<\/p>\n<p>As crises financeira e administrativa s\u00e3o grandes, e o que tamb\u00e9m implica na busca de solu\u00e7\u00f5es que venham a corrigir as distor\u00e7\u00f5es gerais \u00e9 a redu\u00e7\u00e3o do d\u00e9ficit financeiro e a falta de repasses dos recursos do Estado. A Prefeitura de Canoas est\u00e1 empenhada em buscar apoio financeiro e dever\u00e3o ser criadas comiss\u00f5es da comunidade para tentar reduzir problemas e aumentar solu\u00e7\u00f5es.<\/p>\n<p>Sem a participa\u00e7\u00e3o da comunidade canoense \u00e9 quase imposs\u00edvel vencer a crise no Gracinha. A atual dire\u00e7\u00e3o tem dois anos de gest\u00e3o para tentar corrigir o tro\u00e7o.<\/p>\n<p><strong>Central da Pessoa Idosa inaugurada<\/strong><\/p>\n<p>Foi inaugurada, nesta quinta-feira, 14, a Central da Pessoa Idosa, localizada no primeiro andar da Galeria Sonepar (Av. Victor Barreto, 2970 \u2013 loja 10). O espa\u00e7o \u00e9 uma das refer\u00eancias no Rio Grande do Sul.<br \/>\nCanoas passou \u00e0 frente na demonstra\u00e7\u00e3o do respeito e no atendimento \u00e0s pessoas.<\/p>\n<p><strong>Col\u00e9gio Esp\u00edrito Santo<\/strong><\/p>\n<p>No pr\u00f3ximo dia 8 a escola ir\u00e1 completar 60 anos de atividade. Ela representa uma marca important\u00edssima na forma\u00e7\u00e3o da sociedade canoense.<br \/>\nNeste per\u00edodo, sua atua\u00e7\u00e3o foi marcante, seu crescimento, em n\u00famero de alunos, professores, no espa\u00e7o ocupado, e especialmente a forma\u00e7\u00e3o da nossa juventude a coloca entre os principais estabelecimentos de ensino da cidade e do Estado.<\/p>\n<p><strong>C\u00e2mara<\/strong><\/p>\n<p>Nos pr\u00f3ximos dias deveremos ter altera\u00e7\u00e3o na composi\u00e7\u00e3o da C\u00e2mara de Vereadores, eis que a postula\u00e7\u00e3o do PT para que o vereador Paulo Ritter ocupe a vaga deixada por Paulinho de Od\u00e9 (que trocou de partido &#8211; PCdoB) e que equivocadamente est\u00e1 sendo ocupada por Dj Cabe\u00e7\u00e3o (que tamb\u00e9m trocou de partido &#8211; PDT) dever\u00e1 ocorrer.<\/p>\n<p><strong>Corsan<\/strong><\/p>\n<p>Na pr\u00f3xima semana dever\u00e1 ser votada a PPP da Corsan, que pretende incluir Canoas com v\u00e1rios outros munic\u00edpios num projeto de expans\u00e3o da \u00e1rea de \u00e1gua de esgoto cloacal. Outros oito munic\u00edpios j\u00e1 aprovaram a vota\u00e7\u00e3o. Falta s\u00f3 Canoas. A forma\u00e7\u00e3o da PPP vai trazer recursos financeiros para expans\u00e3o dos servi\u00e7os na cidade, que hoje s\u00e3o muito fracos.<\/p>\n","protected":false},"excerpt":{"rendered":"<p>Jorge Uequed &#8211; Momento Pol\u00edtico Gracinha Por discord\u00e2ncias internas, um dos membros da diretoria da Associa\u00e7\u00e3o Beneficente de Canoas (ABC), Francisco Biazus pediu demiss\u00e3o de seu cargo esta semana. Gracinha II A diretoria da ABC recebeu aprova\u00e7\u00e3o do Conselho para contratar o grupo hospitalar S\u00e3o Miguel, de Gramado, para dirigir o Hospital Nossa Senhora das [&hellip;]<\/p>\n","protected":false},"author":2,"featured_media":11940,"comment_status":"closed","ping_status":"closed","sticky":false,"template":"","format":"standard","meta":{"amp_status":"","footnotes":""},"categories":[21],"tags":[],"class_list":["post-12343","post","type-post","status-publish","format-standard","has-post-thumbnail","hentry","category-opiniao"],"yoast_head":"<!-- This site is optimized with the Yoast SEO plugin v20.5 - https:\/\/yoast.com\/wordpress\/plugins\/seo\/ -->\n<title>Jorge Uequed: &quot;Imposs\u00edvel vencer a crise no Gracinha sem a comunidade&quot; - O Timoneiro Jornal Canoas RS<\/title>\n<meta name=\"robots\" content=\"index, follow, max-snippet:-1, max-image-preview:large, max-video-preview:-1\" \/>\n<link rel=\"canonical\" href=\"https:\/\/jornaltimoneiro.com.br\/index.php\/2019\/02\/15\/jorge-uequed-impossivel-vencer-a-crise-no-gracinha-sem-a-comunidade\/\" \/>\n<meta property=\"og:locale\" content=\"pt_BR\" \/>\n<meta property=\"og:type\" content=\"article\" \/>\n<meta property=\"og:title\" content=\"Jorge Uequed: &quot;Imposs\u00edvel vencer a crise no Gracinha sem a comunidade&quot; - O Timoneiro Jornal Canoas RS\" \/>\n<meta property=\"og:description\" content=\"Jorge Uequed &#8211; Momento Pol\u00edtico Gracinha Por discord\u00e2ncias internas, um dos membros da diretoria da Associa\u00e7\u00e3o Beneficente de Canoas (ABC), Francisco Biazus pediu demiss\u00e3o de seu cargo esta semana. Gracinha II A diretoria da ABC recebeu aprova\u00e7\u00e3o do Conselho para contratar o grupo hospitalar S\u00e3o Miguel, de Gramado, para dirigir o Hospital Nossa Senhora das [&hellip;]\" \/>\n<meta property=\"og:url\" content=\"https:\/\/jornaltimoneiro.com.br\/index.php\/2019\/02\/15\/jorge-uequed-impossivel-vencer-a-crise-no-gracinha-sem-a-comunidade\/\" \/>\n<meta property=\"og:site_name\" content=\"O Timoneiro Jornal Canoas RS\" \/>\n<meta property=\"article:publisher\" content=\"https:\/\/www.facebook.com\/jornaltimoneiro\" \/>\n<meta property=\"article:published_time\" content=\"2019-02-15T10:00:29+00:00\" \/>\n<meta property=\"article:modified_time\" content=\"2019-02-14T21:58:22+00:00\" \/>\n<meta property=\"og:image\" content=\"https:\/\/jornaltimoneiro.com.br\/wp-content\/uploads\/2019\/01\/jorge-uequed.jpg\" \/>\n\t<meta property=\"og:image:width\" content=\"400\" \/>\n\t<meta property=\"og:image:height\" content=\"266\" \/>\n\t<meta property=\"og:image:type\" content=\"image\/jpeg\" \/>\n<meta name=\"author\" content=\"Reda\u00e7\u00e3o\" \/>\n<meta name=\"twitter:card\" content=\"summary_large_image\" \/>\n<meta name=\"twitter:creator\" content=\"@_OTimoneiro\" \/>\n<meta name=\"twitter:site\" content=\"@_OTimoneiro\" \/>\n<meta name=\"twitter:label1\" content=\"Escrito por\" \/>\n\t<meta name=\"twitter:data1\" content=\"Reda\u00e7\u00e3o\" \/>\n\t<meta name=\"twitter:label2\" content=\"Est. tempo de leitura\" \/>\n\t<meta name=\"twitter:data2\" content=\"2 minutos\" \/>\n<script type=\"application\/ld+json\" class=\"yoast-schema-graph\">{\"@context\":\"https:\/\/schema.org\",\"@graph\":[{\"@type\":\"Article\",\"@id\":\"https:\/\/jornaltimoneiro.com.br\/index.php\/2019\/02\/15\/jorge-uequed-impossivel-vencer-a-crise-no-gracinha-sem-a-comunidade\/#article\",\"isPartOf\":{\"@id\":\"https:\/\/jornaltimoneiro.com.br\/index.php\/2019\/02\/15\/jorge-uequed-impossivel-vencer-a-crise-no-gracinha-sem-a-comunidade\/\"},\"author\":{\"name\":\"Reda\u00e7\u00e3o\",\"@id\":\"https:\/\/jornaltimoneiro.com.br\/#\/schema\/person\/f63482f1a02b1a9592707865e509ab40\"},\"headline\":\"Jorge Uequed: &#8220;Imposs\u00edvel vencer a crise no Gracinha sem a comunidade&#8221;\",\"datePublished\":\"2019-02-15T10:00:29+00:00\",\"dateModified\":\"2019-02-14T21:58:22+00:00\",\"mainEntityOfPage\":{\"@id\":\"https:\/\/jornaltimoneiro.com.br\/index.php\/2019\/02\/15\/jorge-uequed-impossivel-vencer-a-crise-no-gracinha-sem-a-comunidade\/\"},\"wordCount\":459,\"publisher\":{\"@id\":\"https:\/\/jornaltimoneiro.com.br\/#organization\"},\"articleSection\":[\"Opini\u00e3o\"],\"inLanguage\":\"pt-BR\"},{\"@type\":\"WebPage\",\"@id\":\"https:\/\/jornaltimoneiro.com.br\/index.php\/2019\/02\/15\/jorge-uequed-impossivel-vencer-a-crise-no-gracinha-sem-a-comunidade\/\",\"url\":\"https:\/\/jornaltimoneiro.com.br\/index.php\/2019\/02\/15\/jorge-uequed-impossivel-vencer-a-crise-no-gracinha-sem-a-comunidade\/\",\"name\":\"Jorge Uequed: \\\"Imposs\u00edvel vencer a crise no Gracinha sem a comunidade\\\" - O Timoneiro Jornal Canoas RS\",\"isPartOf\":{\"@id\":\"https:\/\/jornaltimoneiro.com.br\/#website\"},\"datePublished\":\"2019-02-15T10:00:29+00:00\",\"dateModified\":\"2019-02-14T21:58:22+00:00\",\"breadcrumb\":{\"@id\":\"https:\/\/jornaltimoneiro.com.br\/index.php\/2019\/02\/15\/jorge-uequed-impossivel-vencer-a-crise-no-gracinha-sem-a-comunidade\/#breadcrumb\"},\"inLanguage\":\"pt-BR\",\"potentialAction\":[{\"@type\":\"ReadAction\",\"target\":[\"https:\/\/jornaltimoneiro.com.br\/index.php\/2019\/02\/15\/jorge-uequed-impossivel-vencer-a-crise-no-gracinha-sem-a-comunidade\/\"]}]},{\"@type\":\"BreadcrumbList\",\"@id\":\"https:\/\/jornaltimoneiro.com.br\/index.php\/2019\/02\/15\/jorge-uequed-impossivel-vencer-a-crise-no-gracinha-sem-a-comunidade\/#breadcrumb\",\"itemListElement\":[{\"@type\":\"ListItem\",\"position\":1,\"name\":\"In\u00edcio\",\"item\":\"https:\/\/jornaltimoneiro.com.br\/\"},{\"@type\":\"ListItem\",\"position\":2,\"name\":\"Jorge Uequed: &#8220;Imposs\u00edvel vencer a crise no Gracinha sem a comunidade&#8221;\"}]},{\"@type\":\"WebSite\",\"@id\":\"https:\/\/jornaltimoneiro.com.br\/#website\",\"url\":\"https:\/\/jornaltimoneiro.com.br\/\",\"name\":\"Jornal Timoneiro Canoas RS\",\"description\":\"Jornal O Timoneiro, o verdadeiro jornal de Canoas\",\"publisher\":{\"@id\":\"https:\/\/jornaltimoneiro.com.br\/#organization\"},\"potentialAction\":[{\"@type\":\"SearchAction\",\"target\":{\"@type\":\"EntryPoint\",\"urlTemplate\":\"https:\/\/jornaltimoneiro.com.br\/?s={search_term_string}\"},\"query-input\":\"required name=search_term_string\"}],\"inLanguage\":\"pt-BR\"},{\"@type\":\"Organization\",\"@id\":\"https:\/\/jornaltimoneiro.com.br\/#organization\",\"name\":\"Jornal Timoneiro Canoas RS\",\"url\":\"https:\/\/jornaltimoneiro.com.br\/\",\"logo\":{\"@type\":\"ImageObject\",\"inLanguage\":\"pt-BR\",\"@id\":\"https:\/\/jornaltimoneiro.com.br\/#\/schema\/logo\/image\/\",\"url\":\"https:\/\/jornaltimoneiro.com.br\/wp-content\/uploads\/2023\/03\/logonovo.png\",\"contentUrl\":\"https:\/\/jornaltimoneiro.com.br\/wp-content\/uploads\/2023\/03\/logonovo.png\",\"width\":\"469\",\"height\":\"171\",\"caption\":\"Jornal Timoneiro Canoas RS\"},\"image\":{\"@id\":\"https:\/\/jornaltimoneiro.com.br\/#\/schema\/logo\/image\/\"},\"sameAs\":[\"https:\/\/www.facebook.com\/jornaltimoneiro\",\"https:\/\/twitter.com\/_OTimoneiro\",\"https:\/\/www.instagram.com\/jornaltimoneirocanoas\/\",\"https:\/\/www.youtube.com\/@jornalotimoneiro7927\"]},{\"@type\":\"Person\",\"@id\":\"https:\/\/jornaltimoneiro.com.br\/#\/schema\/person\/f63482f1a02b1a9592707865e509ab40\",\"name\":\"Reda\u00e7\u00e3o\",\"image\":{\"@type\":\"ImageObject\",\"inLanguage\":\"pt-BR\",\"@id\":\"https:\/\/jornaltimoneiro.com.br\/#\/schema\/person\/image\/\",\"url\":\"https:\/\/jornaltimoneiro.com.br\/wp-content\/uploads\/2023\/03\/download.jpeg\",\"contentUrl\":\"https:\/\/jornaltimoneiro.com.br\/wp-content\/uploads\/2023\/03\/download.jpeg\",\"caption\":\"Reda\u00e7\u00e3o\"},\"url\":\"https:\/\/jornaltimoneiro.com.br\/index.php\/author\/simone-dutra\/\"}]}<\/script>\n<!-- \/ Yoast SEO plugin. -->","yoast_head_json":{"title":"Jorge Uequed: \"Imposs\u00edvel vencer a crise no Gracinha sem a comunidade\" - O Timoneiro Jornal Canoas RS","robots":{"index":"index","follow":"follow","max-snippet":"max-snippet:-1","max-image-preview":"max-image-preview:large","max-video-preview":"max-video-preview:-1"},"canonical":"https:\/\/jornaltimoneiro.com.br\/index.php\/2019\/02\/15\/jorge-uequed-impossivel-vencer-a-crise-no-gracinha-sem-a-comunidade\/","og_locale":"pt_BR","og_type":"article","og_title":"Jorge Uequed: \"Imposs\u00edvel vencer a crise no Gracinha sem a comunidade\" - O Timoneiro Jornal Canoas RS","og_description":"Jorge Uequed &#8211; Momento Pol\u00edtico Gracinha Por discord\u00e2ncias internas, um dos membros da diretoria da Associa\u00e7\u00e3o Beneficente de Canoas (ABC), Francisco Biazus pediu demiss\u00e3o de seu cargo esta semana. Gracinha II A diretoria da ABC recebeu aprova\u00e7\u00e3o do Conselho para contratar o grupo hospitalar S\u00e3o Miguel, de Gramado, para dirigir o Hospital Nossa Senhora das [&hellip;]","og_url":"https:\/\/jornaltimoneiro.com.br\/index.php\/2019\/02\/15\/jorge-uequed-impossivel-vencer-a-crise-no-gracinha-sem-a-comunidade\/","og_site_name":"O Timoneiro Jornal Canoas RS","article_publisher":"https:\/\/www.facebook.com\/jornaltimoneiro","article_published_time":"2019-02-15T10:00:29+00:00","article_modified_time":"2019-02-14T21:58:22+00:00","og_image":[{"width":400,"height":266,"url":"https:\/\/jornaltimoneiro.com.br\/wp-content\/uploads\/2019\/01\/jorge-uequed.jpg","type":"image\/jpeg"}],"author":"Reda\u00e7\u00e3o","twitter_card":"summary_large_image","twitter_creator":"@_OTimoneiro","twitter_site":"@_OTimoneiro","twitter_misc":{"Escrito por":"Reda\u00e7\u00e3o","Est. tempo de leitura":"2 minutos"},"schema":{"@context":"https:\/\/schema.org","@graph":[{"@type":"Article","@id":"https:\/\/jornaltimoneiro.com.br\/index.php\/2019\/02\/15\/jorge-uequed-impossivel-vencer-a-crise-no-gracinha-sem-a-comunidade\/#article","isPartOf":{"@id":"https:\/\/jornaltimoneiro.com.br\/index.php\/2019\/02\/15\/jorge-uequed-impossivel-vencer-a-crise-no-gracinha-sem-a-comunidade\/"},"author":{"name":"Reda\u00e7\u00e3o","@id":"https:\/\/jornaltimoneiro.com.br\/#\/schema\/person\/f63482f1a02b1a9592707865e509ab40"},"headline":"Jorge Uequed: &#8220;Imposs\u00edvel vencer a crise no Gracinha sem a comunidade&#8221;","datePublished":"2019-02-15T10:00:29+00:00","dateModified":"2019-02-14T21:58:22+00:00","mainEntityOfPage":{"@id":"https:\/\/jornaltimoneiro.com.br\/index.php\/2019\/02\/15\/jorge-uequed-impossivel-vencer-a-crise-no-gracinha-sem-a-comunidade\/"},"wordCount":459,"publisher":{"@id":"https:\/\/jornaltimoneiro.com.br\/#organization"},"articleSection":["Opini\u00e3o"],"inLanguage":"pt-BR"},{"@type":"WebPage","@id":"https:\/\/jornaltimoneiro.com.br\/index.php\/2019\/02\/15\/jorge-uequed-impossivel-vencer-a-crise-no-gracinha-sem-a-comunidade\/","url":"https:\/\/jornaltimoneiro.com.br\/index.php\/2019\/02\/15\/jorge-uequed-impossivel-vencer-a-crise-no-gracinha-sem-a-comunidade\/","name":"Jorge Uequed: \"Imposs\u00edvel vencer a crise no Gracinha sem a comunidade\" - O Timoneiro Jornal Canoas RS","isPartOf":{"@id":"https:\/\/jornaltimoneiro.com.br\/#website"},"datePublished":"2019-02-15T10:00:29+00:00","dateModified":"2019-02-14T21:58:22+00:00","breadcrumb":{"@id":"https:\/\/jornaltimoneiro.com.br\/index.php\/2019\/02\/15\/jorge-uequed-impossivel-vencer-a-crise-no-gracinha-sem-a-comunidade\/#breadcrumb"},"inLanguage":"pt-BR","potentialAction":[{"@type":"ReadAction","target":["https:\/\/jornaltimoneiro.com.br\/index.php\/2019\/02\/15\/jorge-uequed-impossivel-vencer-a-crise-no-gracinha-sem-a-comunidade\/"]}]},{"@type":"BreadcrumbList","@id":"https:\/\/jornaltimoneiro.com.br\/index.php\/2019\/02\/15\/jorge-uequed-impossivel-vencer-a-crise-no-gracinha-sem-a-comunidade\/#breadcrumb","itemListElement":[{"@type":"ListItem","position":1,"name":"In\u00edcio","item":"https:\/\/jornaltimoneiro.com.br\/"},{"@type":"ListItem","position":2,"name":"Jorge Uequed: &#8220;Imposs\u00edvel vencer a crise no Gracinha sem a comunidade&#8221;"}]},{"@type":"WebSite","@id":"https:\/\/jornaltimoneiro.com.br\/#website","url":"https:\/\/jornaltimoneiro.com.br\/","name":"Jornal Timoneiro Canoas RS","description":"Jornal O Timoneiro, o verdadeiro jornal de Canoas","publisher":{"@id":"https:\/\/jornaltimoneiro.com.br\/#organization"},"potentialAction":[{"@type":"SearchAction","target":{"@type":"EntryPoint","urlTemplate":"https:\/\/jornaltimoneiro.com.br\/?s={search_term_string}"},"query-input":"required name=search_term_string"}],"inLanguage":"pt-BR"},{"@type":"Organization","@id":"https:\/\/jornaltimoneiro.com.br\/#organization","name":"Jornal Timoneiro Canoas RS","url":"https:\/\/jornaltimoneiro.com.br\/","logo":{"@type":"ImageObject","inLanguage":"pt-BR","@id":"https:\/\/jornaltimoneiro.com.br\/#\/schema\/logo\/image\/","url":"https:\/\/jornaltimoneiro.com.br\/wp-content\/uploads\/2023\/03\/logonovo.png","contentUrl":"https:\/\/jornaltimoneiro.com.br\/wp-content\/uploads\/2023\/03\/logonovo.png","width":"469","height":"171","caption":"Jornal Timoneiro Canoas RS"},"image":{"@id":"https:\/\/jornaltimoneiro.com.br\/#\/schema\/logo\/image\/"},"sameAs":["https:\/\/www.facebook.com\/jornaltimoneiro","https:\/\/twitter.com\/_OTimoneiro","https:\/\/www.instagram.com\/jornaltimoneirocanoas\/","https:\/\/www.youtube.com\/@jornalotimoneiro7927"]},{"@type":"Person","@id":"https:\/\/jornaltimoneiro.com.br\/#\/schema\/person\/f63482f1a02b1a9592707865e509ab40","name":"Reda\u00e7\u00e3o","image":{"@type":"ImageObject","inLanguage":"pt-BR","@id":"https:\/\/jornaltimoneiro.com.br\/#\/schema\/person\/image\/","url":"https:\/\/jornaltimoneiro.com.br\/wp-content\/uploads\/2023\/03\/download.jpeg","contentUrl":"https:\/\/jornaltimoneiro.com.br\/wp-content\/uploads\/2023\/03\/download.jpeg","caption":"Reda\u00e7\u00e3o"},"url":"https:\/\/jornaltimoneiro.com.br\/index.php\/author\/simone-dutra\/"}]}},"_links":{"self":[{"href":"https:\/\/jornaltimoneiro.com.br\/index.php\/wp-json\/wp\/v2\/posts\/12343"}],"collection":[{"href":"https:\/\/jornaltimoneiro.com.br\/index.php\/wp-json\/wp\/v2\/posts"}],"about":[{"href":"https:\/\/jornaltimoneiro.com.br\/index.php\/wp-json\/wp\/v2\/types\/post"}],"author":[{"embeddable":true,"href":"https:\/\/jornaltimoneiro.com.br\/index.php\/wp-json\/wp\/v2\/users\/2"}],"replies":[{"embeddable":true,"href":"https:\/\/jornaltimoneiro.com.br\/index.php\/wp-json\/wp\/v2\/comments?post=12343"}],"version-history":[{"count":0,"href":"https:\/\/jornaltimoneiro.com.br\/index.php\/wp-json\/wp\/v2\/posts\/12343\/revisions"}],"wp:featuredmedia":[{"embeddable":true,"href":"https:\/\/jornaltimoneiro.com.br\/index.php\/wp-json\/wp\/v2\/media\/11940"}],"wp:attachment":[{"href":"https:\/\/jornaltimoneiro.com.br\/index.php\/wp-json\/wp\/v2\/media?parent=12343"}],"wp:term":[{"taxonomy":"category","embeddable":true,"href":"https:\/\/jornaltimoneiro.com.br\/index.php\/wp-json\/wp\/v2\/categories?post=12343"},{"taxonomy":"post_tag","embeddable":true,"href":"https:\/\/jornaltimoneiro.com.br\/index.php\/wp-json\/wp\/v2\/tags?post=12343"}],"curies":[{"name":"wp","href":"https:\/\/api.w.org\/{rel}","templated":true}]}}