{"id":12331,"date":"2019-02-15T08:00:08","date_gmt":"2019-02-15T10:00:08","guid":{"rendered":"https:\/\/jornaltimoneiro.com.br\/?p=12331"},"modified":"2019-02-14T19:31:11","modified_gmt":"2019-02-14T21:31:11","slug":"central-da-pessoa-idosa-e-inaugurada-em-canoas","status":"publish","type":"post","link":"https:\/\/jornaltimoneiro.com.br\/index.php\/2019\/02\/15\/central-da-pessoa-idosa-e-inaugurada-em-canoas\/","title":{"rendered":"Central da Pessoa Idosa \u00e9 inaugurada em Canoas"},"content":{"rendered":"<div id=\"attachment_12332\" style=\"width: 1090px\" class=\"wp-caption alignnone\"><img decoding=\"async\" aria-describedby=\"caption-attachment-12332\" class=\"wp-image-12332 size-full\" src=\"https:\/\/jornaltimoneiro.com.br\/wp-content\/uploads\/2019\/02\/ABERTURA-Vinicius-Thormann-27-1-1.jpg\" alt=\"\" width=\"1080\" height=\"720\" srcset=\"https:\/\/jornaltimoneiro.com.br\/wp-content\/uploads\/2019\/02\/ABERTURA-Vinicius-Thormann-27-1-1.jpg 1080w, https:\/\/jornaltimoneiro.com.br\/wp-content\/uploads\/2019\/02\/ABERTURA-Vinicius-Thormann-27-1-1-300x200.jpg 300w, https:\/\/jornaltimoneiro.com.br\/wp-content\/uploads\/2019\/02\/ABERTURA-Vinicius-Thormann-27-1-1-768x512.jpg 768w, https:\/\/jornaltimoneiro.com.br\/wp-content\/uploads\/2019\/02\/ABERTURA-Vinicius-Thormann-27-1-1-1024x683.jpg 1024w, https:\/\/jornaltimoneiro.com.br\/wp-content\/uploads\/2019\/02\/ABERTURA-Vinicius-Thormann-27-1-1-696x464.jpg 696w, https:\/\/jornaltimoneiro.com.br\/wp-content\/uploads\/2019\/02\/ABERTURA-Vinicius-Thormann-27-1-1-1068x712.jpg 1068w, https:\/\/jornaltimoneiro.com.br\/wp-content\/uploads\/2019\/02\/ABERTURA-Vinicius-Thormann-27-1-1-630x420.jpg 630w\" sizes=\"(max-width: 1080px) 100vw, 1080px\" \/><p id=\"caption-attachment-12332\" class=\"wp-caption-text\">Foto: Divulga\u00e7\u00e3o<\/p><\/div>\n<p>Um espa\u00e7o de liga\u00e7\u00e3o entre a popula\u00e7\u00e3o idosa de Canoas e as pol\u00edticas p\u00fablicas voltadas a ela. Esse \u00e9 o principal objetivo do mais novo servi\u00e7o do munic\u00edpio: a Central da Pessoa Idosa, primeira do tipo no Rio Grande do Sul, localizada no primeiro andar da Galeria Sonepar (Av. Victor Barreto, 2970 \u2013 loja 10). O ato de inaugura\u00e7\u00e3o oficial, que ocorreu na manh\u00e3 de quinta-feira, 14, contou com a presen\u00e7a de autoridades e, principalmente, do p\u00fablico que ser\u00e1 atendido na Central: os idosos.<\/p>\n<p>No ano passado, o prefeito de Canoas, Luiz Carlos Busato, e a vice-prefeita, Gisele Uequed, assinaram o decreto que criou a Central, dentro de uma pol\u00edtica de governo que busca a valoriza\u00e7\u00e3o desta faixa et\u00e1ria na sociedade. A ideia era criar um servi\u00e7o especializado de orienta\u00e7\u00e3o e acolhida aos idosos e familiares, encaminhando e acompanhando as diversas demandas relacionadas ao envelhecimento.<\/p>\n<p>Para o prefeito Luiz Carlos Busato: \u201cReinserir o idoso na sociedade \u00e9 devolver a dignidade a essa pessoa. Pol\u00edtica p\u00fablica para terceira idade \u00e9 oportunizar experi\u00eancias, promover sa\u00fade, valoriza\u00e7\u00e3o e qualidade de vida\u201d.<\/p>\n","protected":false},"excerpt":{"rendered":"<p>Um espa\u00e7o de liga\u00e7\u00e3o entre a popula\u00e7\u00e3o idosa de Canoas e as pol\u00edticas p\u00fablicas voltadas a ela. Esse \u00e9 o principal objetivo do mais novo servi\u00e7o do munic\u00edpio: a Central da Pessoa Idosa, primeira do tipo no Rio Grande do Sul, localizada no primeiro andar da Galeria Sonepar (Av. Victor Barreto, 2970 \u2013 loja 10). [&hellip;]<\/p>\n","protected":false},"author":2,"featured_media":12332,"comment_status":"closed","ping_status":"closed","sticky":false,"template":"","format":"standard","meta":{"amp_status":"","footnotes":""},"categories":[26],"tags":[],"class_list":["post-12331","post","type-post","status-publish","format-standard","has-post-thumbnail","hentry","category-saude"],"yoast_head":"<!-- This site is optimized with the Yoast SEO plugin v20.5 - https:\/\/yoast.com\/wordpress\/plugins\/seo\/ -->\n<title>Central da Pessoa Idosa \u00e9 inaugurada em Canoas - O Timoneiro Jornal Canoas RS<\/title>\n<meta name=\"robots\" content=\"index, follow, max-snippet:-1, max-image-preview:large, max-video-preview:-1\" \/>\n<link rel=\"canonical\" href=\"https:\/\/jornaltimoneiro.com.br\/index.php\/2019\/02\/15\/central-da-pessoa-idosa-e-inaugurada-em-canoas\/\" \/>\n<meta property=\"og:locale\" content=\"pt_BR\" \/>\n<meta property=\"og:type\" content=\"article\" \/>\n<meta property=\"og:title\" content=\"Central da Pessoa Idosa \u00e9 inaugurada em Canoas - O Timoneiro Jornal Canoas RS\" \/>\n<meta property=\"og:description\" content=\"Um espa\u00e7o de liga\u00e7\u00e3o entre a popula\u00e7\u00e3o idosa de Canoas e as pol\u00edticas p\u00fablicas voltadas a ela. Esse \u00e9 o principal objetivo do mais novo servi\u00e7o do munic\u00edpio: a Central da Pessoa Idosa, primeira do tipo no Rio Grande do Sul, localizada no primeiro andar da Galeria Sonepar (Av. Victor Barreto, 2970 \u2013 loja 10). [&hellip;]\" \/>\n<meta property=\"og:url\" content=\"https:\/\/jornaltimoneiro.com.br\/index.php\/2019\/02\/15\/central-da-pessoa-idosa-e-inaugurada-em-canoas\/\" \/>\n<meta property=\"og:site_name\" content=\"O Timoneiro Jornal Canoas RS\" \/>\n<meta property=\"article:publisher\" content=\"https:\/\/www.facebook.com\/jornaltimoneiro\" \/>\n<meta property=\"article:published_time\" content=\"2019-02-15T10:00:08+00:00\" \/>\n<meta property=\"article:modified_time\" content=\"2019-02-14T21:31:11+00:00\" \/>\n<meta property=\"og:image\" content=\"https:\/\/jornaltimoneiro.com.br\/wp-content\/uploads\/2019\/02\/ABERTURA-Vinicius-Thormann-27-1-1.jpg\" \/>\n\t<meta property=\"og:image:width\" content=\"1080\" \/>\n\t<meta property=\"og:image:height\" content=\"720\" \/>\n\t<meta property=\"og:image:type\" content=\"image\/jpeg\" \/>\n<meta name=\"author\" content=\"Reda\u00e7\u00e3o\" \/>\n<meta name=\"twitter:card\" content=\"summary_large_image\" \/>\n<meta name=\"twitter:creator\" content=\"@_OTimoneiro\" \/>\n<meta name=\"twitter:site\" content=\"@_OTimoneiro\" \/>\n<meta name=\"twitter:label1\" content=\"Escrito por\" \/>\n\t<meta name=\"twitter:data1\" content=\"Reda\u00e7\u00e3o\" \/>\n\t<meta name=\"twitter:label2\" content=\"Est. tempo de leitura\" \/>\n\t<meta name=\"twitter:data2\" content=\"1 minuto\" \/>\n<script type=\"application\/ld+json\" class=\"yoast-schema-graph\">{\"@context\":\"https:\/\/schema.org\",\"@graph\":[{\"@type\":\"Article\",\"@id\":\"https:\/\/jornaltimoneiro.com.br\/index.php\/2019\/02\/15\/central-da-pessoa-idosa-e-inaugurada-em-canoas\/#article\",\"isPartOf\":{\"@id\":\"https:\/\/jornaltimoneiro.com.br\/index.php\/2019\/02\/15\/central-da-pessoa-idosa-e-inaugurada-em-canoas\/\"},\"author\":{\"name\":\"Reda\u00e7\u00e3o\",\"@id\":\"https:\/\/jornaltimoneiro.com.br\/#\/schema\/person\/f63482f1a02b1a9592707865e509ab40\"},\"headline\":\"Central da Pessoa Idosa \u00e9 inaugurada em Canoas\",\"datePublished\":\"2019-02-15T10:00:08+00:00\",\"dateModified\":\"2019-02-14T21:31:11+00:00\",\"mainEntityOfPage\":{\"@id\":\"https:\/\/jornaltimoneiro.com.br\/index.php\/2019\/02\/15\/central-da-pessoa-idosa-e-inaugurada-em-canoas\/\"},\"wordCount\":208,\"publisher\":{\"@id\":\"https:\/\/jornaltimoneiro.com.br\/#organization\"},\"articleSection\":[\"Sa\u00fade\"],\"inLanguage\":\"pt-BR\"},{\"@type\":\"WebPage\",\"@id\":\"https:\/\/jornaltimoneiro.com.br\/index.php\/2019\/02\/15\/central-da-pessoa-idosa-e-inaugurada-em-canoas\/\",\"url\":\"https:\/\/jornaltimoneiro.com.br\/index.php\/2019\/02\/15\/central-da-pessoa-idosa-e-inaugurada-em-canoas\/\",\"name\":\"Central da Pessoa Idosa \u00e9 inaugurada em Canoas - O Timoneiro Jornal Canoas RS\",\"isPartOf\":{\"@id\":\"https:\/\/jornaltimoneiro.com.br\/#website\"},\"datePublished\":\"2019-02-15T10:00:08+00:00\",\"dateModified\":\"2019-02-14T21:31:11+00:00\",\"breadcrumb\":{\"@id\":\"https:\/\/jornaltimoneiro.com.br\/index.php\/2019\/02\/15\/central-da-pessoa-idosa-e-inaugurada-em-canoas\/#breadcrumb\"},\"inLanguage\":\"pt-BR\",\"potentialAction\":[{\"@type\":\"ReadAction\",\"target\":[\"https:\/\/jornaltimoneiro.com.br\/index.php\/2019\/02\/15\/central-da-pessoa-idosa-e-inaugurada-em-canoas\/\"]}]},{\"@type\":\"BreadcrumbList\",\"@id\":\"https:\/\/jornaltimoneiro.com.br\/index.php\/2019\/02\/15\/central-da-pessoa-idosa-e-inaugurada-em-canoas\/#breadcrumb\",\"itemListElement\":[{\"@type\":\"ListItem\",\"position\":1,\"name\":\"In\u00edcio\",\"item\":\"https:\/\/jornaltimoneiro.com.br\/\"},{\"@type\":\"ListItem\",\"position\":2,\"name\":\"Central da Pessoa Idosa \u00e9 inaugurada em Canoas\"}]},{\"@type\":\"WebSite\",\"@id\":\"https:\/\/jornaltimoneiro.com.br\/#website\",\"url\":\"https:\/\/jornaltimoneiro.com.br\/\",\"name\":\"Jornal Timoneiro Canoas RS\",\"description\":\"Jornal O Timoneiro, o verdadeiro jornal de Canoas\",\"publisher\":{\"@id\":\"https:\/\/jornaltimoneiro.com.br\/#organization\"},\"potentialAction\":[{\"@type\":\"SearchAction\",\"target\":{\"@type\":\"EntryPoint\",\"urlTemplate\":\"https:\/\/jornaltimoneiro.com.br\/?s={search_term_string}\"},\"query-input\":\"required name=search_term_string\"}],\"inLanguage\":\"pt-BR\"},{\"@type\":\"Organization\",\"@id\":\"https:\/\/jornaltimoneiro.com.br\/#organization\",\"name\":\"Jornal Timoneiro Canoas RS\",\"url\":\"https:\/\/jornaltimoneiro.com.br\/\",\"logo\":{\"@type\":\"ImageObject\",\"inLanguage\":\"pt-BR\",\"@id\":\"https:\/\/jornaltimoneiro.com.br\/#\/schema\/logo\/image\/\",\"url\":\"https:\/\/jornaltimoneiro.com.br\/wp-content\/uploads\/2023\/03\/logonovo.png\",\"contentUrl\":\"https:\/\/jornaltimoneiro.com.br\/wp-content\/uploads\/2023\/03\/logonovo.png\",\"width\":\"469\",\"height\":\"171\",\"caption\":\"Jornal Timoneiro Canoas RS\"},\"image\":{\"@id\":\"https:\/\/jornaltimoneiro.com.br\/#\/schema\/logo\/image\/\"},\"sameAs\":[\"https:\/\/www.facebook.com\/jornaltimoneiro\",\"https:\/\/twitter.com\/_OTimoneiro\",\"https:\/\/www.instagram.com\/jornaltimoneirocanoas\/\",\"https:\/\/www.youtube.com\/@jornalotimoneiro7927\"]},{\"@type\":\"Person\",\"@id\":\"https:\/\/jornaltimoneiro.com.br\/#\/schema\/person\/f63482f1a02b1a9592707865e509ab40\",\"name\":\"Reda\u00e7\u00e3o\",\"image\":{\"@type\":\"ImageObject\",\"inLanguage\":\"pt-BR\",\"@id\":\"https:\/\/jornaltimoneiro.com.br\/#\/schema\/person\/image\/\",\"url\":\"https:\/\/jornaltimoneiro.com.br\/wp-content\/uploads\/2023\/03\/download.jpeg\",\"contentUrl\":\"https:\/\/jornaltimoneiro.com.br\/wp-content\/uploads\/2023\/03\/download.jpeg\",\"caption\":\"Reda\u00e7\u00e3o\"},\"url\":\"https:\/\/jornaltimoneiro.com.br\/index.php\/author\/simone-dutra\/\"}]}<\/script>\n<!-- \/ Yoast SEO plugin. -->","yoast_head_json":{"title":"Central da Pessoa Idosa \u00e9 inaugurada em Canoas - O Timoneiro Jornal Canoas RS","robots":{"index":"index","follow":"follow","max-snippet":"max-snippet:-1","max-image-preview":"max-image-preview:large","max-video-preview":"max-video-preview:-1"},"canonical":"https:\/\/jornaltimoneiro.com.br\/index.php\/2019\/02\/15\/central-da-pessoa-idosa-e-inaugurada-em-canoas\/","og_locale":"pt_BR","og_type":"article","og_title":"Central da Pessoa Idosa \u00e9 inaugurada em Canoas - O Timoneiro Jornal Canoas RS","og_description":"Um espa\u00e7o de liga\u00e7\u00e3o entre a popula\u00e7\u00e3o idosa de Canoas e as pol\u00edticas p\u00fablicas voltadas a ela. Esse \u00e9 o principal objetivo do mais novo servi\u00e7o do munic\u00edpio: a Central da Pessoa Idosa, primeira do tipo no Rio Grande do Sul, localizada no primeiro andar da Galeria Sonepar (Av. Victor Barreto, 2970 \u2013 loja 10). [&hellip;]","og_url":"https:\/\/jornaltimoneiro.com.br\/index.php\/2019\/02\/15\/central-da-pessoa-idosa-e-inaugurada-em-canoas\/","og_site_name":"O Timoneiro Jornal Canoas RS","article_publisher":"https:\/\/www.facebook.com\/jornaltimoneiro","article_published_time":"2019-02-15T10:00:08+00:00","article_modified_time":"2019-02-14T21:31:11+00:00","og_image":[{"width":1080,"height":720,"url":"https:\/\/jornaltimoneiro.com.br\/wp-content\/uploads\/2019\/02\/ABERTURA-Vinicius-Thormann-27-1-1.jpg","type":"image\/jpeg"}],"author":"Reda\u00e7\u00e3o","twitter_card":"summary_large_image","twitter_creator":"@_OTimoneiro","twitter_site":"@_OTimoneiro","twitter_misc":{"Escrito por":"Reda\u00e7\u00e3o","Est. tempo de leitura":"1 minuto"},"schema":{"@context":"https:\/\/schema.org","@graph":[{"@type":"Article","@id":"https:\/\/jornaltimoneiro.com.br\/index.php\/2019\/02\/15\/central-da-pessoa-idosa-e-inaugurada-em-canoas\/#article","isPartOf":{"@id":"https:\/\/jornaltimoneiro.com.br\/index.php\/2019\/02\/15\/central-da-pessoa-idosa-e-inaugurada-em-canoas\/"},"author":{"name":"Reda\u00e7\u00e3o","@id":"https:\/\/jornaltimoneiro.com.br\/#\/schema\/person\/f63482f1a02b1a9592707865e509ab40"},"headline":"Central da Pessoa Idosa \u00e9 inaugurada em Canoas","datePublished":"2019-02-15T10:00:08+00:00","dateModified":"2019-02-14T21:31:11+00:00","mainEntityOfPage":{"@id":"https:\/\/jornaltimoneiro.com.br\/index.php\/2019\/02\/15\/central-da-pessoa-idosa-e-inaugurada-em-canoas\/"},"wordCount":208,"publisher":{"@id":"https:\/\/jornaltimoneiro.com.br\/#organization"},"articleSection":["Sa\u00fade"],"inLanguage":"pt-BR"},{"@type":"WebPage","@id":"https:\/\/jornaltimoneiro.com.br\/index.php\/2019\/02\/15\/central-da-pessoa-idosa-e-inaugurada-em-canoas\/","url":"https:\/\/jornaltimoneiro.com.br\/index.php\/2019\/02\/15\/central-da-pessoa-idosa-e-inaugurada-em-canoas\/","name":"Central da Pessoa Idosa \u00e9 inaugurada em Canoas - O Timoneiro Jornal Canoas RS","isPartOf":{"@id":"https:\/\/jornaltimoneiro.com.br\/#website"},"datePublished":"2019-02-15T10:00:08+00:00","dateModified":"2019-02-14T21:31:11+00:00","breadcrumb":{"@id":"https:\/\/jornaltimoneiro.com.br\/index.php\/2019\/02\/15\/central-da-pessoa-idosa-e-inaugurada-em-canoas\/#breadcrumb"},"inLanguage":"pt-BR","potentialAction":[{"@type":"ReadAction","target":["https:\/\/jornaltimoneiro.com.br\/index.php\/2019\/02\/15\/central-da-pessoa-idosa-e-inaugurada-em-canoas\/"]}]},{"@type":"BreadcrumbList","@id":"https:\/\/jornaltimoneiro.com.br\/index.php\/2019\/02\/15\/central-da-pessoa-idosa-e-inaugurada-em-canoas\/#breadcrumb","itemListElement":[{"@type":"ListItem","position":1,"name":"In\u00edcio","item":"https:\/\/jornaltimoneiro.com.br\/"},{"@type":"ListItem","position":2,"name":"Central da Pessoa Idosa \u00e9 inaugurada em Canoas"}]},{"@type":"WebSite","@id":"https:\/\/jornaltimoneiro.com.br\/#website","url":"https:\/\/jornaltimoneiro.com.br\/","name":"Jornal Timoneiro Canoas RS","description":"Jornal O Timoneiro, o verdadeiro jornal de Canoas","publisher":{"@id":"https:\/\/jornaltimoneiro.com.br\/#organization"},"potentialAction":[{"@type":"SearchAction","target":{"@type":"EntryPoint","urlTemplate":"https:\/\/jornaltimoneiro.com.br\/?s={search_term_string}"},"query-input":"required name=search_term_string"}],"inLanguage":"pt-BR"},{"@type":"Organization","@id":"https:\/\/jornaltimoneiro.com.br\/#organization","name":"Jornal Timoneiro Canoas RS","url":"https:\/\/jornaltimoneiro.com.br\/","logo":{"@type":"ImageObject","inLanguage":"pt-BR","@id":"https:\/\/jornaltimoneiro.com.br\/#\/schema\/logo\/image\/","url":"https:\/\/jornaltimoneiro.com.br\/wp-content\/uploads\/2023\/03\/logonovo.png","contentUrl":"https:\/\/jornaltimoneiro.com.br\/wp-content\/uploads\/2023\/03\/logonovo.png","width":"469","height":"171","caption":"Jornal Timoneiro Canoas RS"},"image":{"@id":"https:\/\/jornaltimoneiro.com.br\/#\/schema\/logo\/image\/"},"sameAs":["https:\/\/www.facebook.com\/jornaltimoneiro","https:\/\/twitter.com\/_OTimoneiro","https:\/\/www.instagram.com\/jornaltimoneirocanoas\/","https:\/\/www.youtube.com\/@jornalotimoneiro7927"]},{"@type":"Person","@id":"https:\/\/jornaltimoneiro.com.br\/#\/schema\/person\/f63482f1a02b1a9592707865e509ab40","name":"Reda\u00e7\u00e3o","image":{"@type":"ImageObject","inLanguage":"pt-BR","@id":"https:\/\/jornaltimoneiro.com.br\/#\/schema\/person\/image\/","url":"https:\/\/jornaltimoneiro.com.br\/wp-content\/uploads\/2023\/03\/download.jpeg","contentUrl":"https:\/\/jornaltimoneiro.com.br\/wp-content\/uploads\/2023\/03\/download.jpeg","caption":"Reda\u00e7\u00e3o"},"url":"https:\/\/jornaltimoneiro.com.br\/index.php\/author\/simone-dutra\/"}]}},"_links":{"self":[{"href":"https:\/\/jornaltimoneiro.com.br\/index.php\/wp-json\/wp\/v2\/posts\/12331"}],"collection":[{"href":"https:\/\/jornaltimoneiro.com.br\/index.php\/wp-json\/wp\/v2\/posts"}],"about":[{"href":"https:\/\/jornaltimoneiro.com.br\/index.php\/wp-json\/wp\/v2\/types\/post"}],"author":[{"embeddable":true,"href":"https:\/\/jornaltimoneiro.com.br\/index.php\/wp-json\/wp\/v2\/users\/2"}],"replies":[{"embeddable":true,"href":"https:\/\/jornaltimoneiro.com.br\/index.php\/wp-json\/wp\/v2\/comments?post=12331"}],"version-history":[{"count":0,"href":"https:\/\/jornaltimoneiro.com.br\/index.php\/wp-json\/wp\/v2\/posts\/12331\/revisions"}],"wp:featuredmedia":[{"embeddable":true,"href":"https:\/\/jornaltimoneiro.com.br\/index.php\/wp-json\/wp\/v2\/media\/12332"}],"wp:attachment":[{"href":"https:\/\/jornaltimoneiro.com.br\/index.php\/wp-json\/wp\/v2\/media?parent=12331"}],"wp:term":[{"taxonomy":"category","embeddable":true,"href":"https:\/\/jornaltimoneiro.com.br\/index.php\/wp-json\/wp\/v2\/categories?post=12331"},{"taxonomy":"post_tag","embeddable":true,"href":"https:\/\/jornaltimoneiro.com.br\/index.php\/wp-json\/wp\/v2\/tags?post=12331"}],"curies":[{"name":"wp","href":"https:\/\/api.w.org\/{rel}","templated":true}]}}