{"id":1231,"date":"2015-09-25T18:00:45","date_gmt":"2015-09-25T21:00:45","guid":{"rendered":"http:\/\/otimoneiro.com.br\/?p=1231"},"modified":"2015-09-25T18:00:45","modified_gmt":"2015-09-25T21:00:45","slug":"manifestacao-de-apoio-a-projeto-da-famurs-ocorre-com-tom-partidario-em-canoas","status":"publish","type":"post","link":"https:\/\/jornaltimoneiro.com.br\/index.php\/2015\/09\/25\/manifestacao-de-apoio-a-projeto-da-famurs-ocorre-com-tom-partidario-em-canoas\/","title":{"rendered":"Manifesta\u00e7\u00e3o de apoio a projeto da Famurs ocorre com tom partid\u00e1rio em Canoas"},"content":{"rendered":"<div id=\"attachment_1232\" style=\"width: 583px\" class=\"wp-caption aligncenter\"><a href=\"http:\/\/otimoneiro.com.br\/wp-content\/uploads\/2015\/09\/DSC4708.jpg\"><img decoding=\"async\" aria-describedby=\"caption-attachment-1232\" class=\"wp-image-1232 \" src=\"http:\/\/otimoneiro.com.br\/wp-content\/uploads\/2015\/09\/DSC4708-1024x683.jpg\" alt=\"Prefeitura de Canoas apoia projeto de maior retorno dos impostos para os munic\u00edpios em ato na Pra\u00e7a do Avi\u00e3o na sexta, 25. Foto: Bruno Lara\/OT\" width=\"573\" height=\"383\" \/><\/a><p id=\"caption-attachment-1232\" class=\"wp-caption-text\">Prefeitura de Canoas apoia projeto de maior retorno dos impostos para os munic\u00edpios em ato na Pra\u00e7a do Avi\u00e3o na sexta, 25. Foto: Bruno Lara\/OT<\/p><\/div>\n<p style=\"text-align: center;\"><strong>Bruno Lara<\/strong><\/p>\n<p style=\"text-align: justify;\">A Pra\u00e7a do Avi\u00e3o limpa, com a grama cortada e os cord\u00f5es pintados. Este \u00e9 o cen\u00e1rio que todo canoense se depara quando um ato pol\u00edtico acontecer\u00e1 no local recentemente repaginado. A barraca estava montada, interditando a rua que d\u00e1 acesso a Unidade B\u00e1sica de Sa\u00fade (UBS) Pra\u00e7a do Avi\u00e3o. L\u00e1, ao meio dia, boa parte da m\u00e1quina p\u00fablica se reuniu na quinta-feira, 25.<\/p>\n<p style=\"text-align: justify;\">Os servidores, em peso, foram \u00e0s dezenas chegando \u2013 bem como secret\u00e1rios &#8211; para aplaudir aqueles que fariam uso da palavra no ato pol\u00edtico em pra\u00e7a p\u00fablica para demonstrar o apoio da cidade \u00e0 proposta da Federa\u00e7\u00e3o das Associa\u00e7\u00f5es dos Munic\u00edpios do Rio Grande do Sul (Famurs), reconhecida como \u201cMovimento do Bolo\u201d \u2013 nome em alus\u00e3o ao que chamam de \u201cpequena fatia do bolo tribut\u00e1rio\u201d -, que pretende rediscutir a distribui\u00e7\u00e3o do pacto federativo com os munic\u00edpios. A proposta da Famurs \u00e9 de que 40% do arrecadado fique com a Uni\u00e3o, mas que estados e munic\u00edpios receba 30% cada.<\/p>\n<p style=\"text-align: justify;\">Hoje, a maior parte\u00a0das verbas s\u00e3o divididas entre os Estados (25%) e a Uni\u00e3o (57%). Apenas 18% dos recursos ficam nos cofres\u00a0das cidades. O presidente da Federa\u00e7\u00e3o, Luiz Carlos Folador, tamb\u00e9m prefeito de Candiota, defende mudan\u00e7as fortes. &#8220;Queremos um grande movimento para buscar uma melhor distribui\u00e7\u00e3o dos recursos. De R$ 100 produzidos nos munic\u00edpios, apenas R$18 retornam para os cofres das prefeituras. Precisamos de um novo pacto federativo&#8221;, prop\u00f5e.<\/p>\n<p style=\"text-align: justify;\">A\u00a0mesa composta para os discursos teve um tom partid\u00e1rio. Da esquerda para a direita, Ary Vanazzi, presidente estadual do partido dos trabalhadores (PT). Ao seu lado, a deputada federal e esposa do secret\u00e1rio de educa\u00e7\u00e3o de Canoas, Eliezer Pacheco, Maria do Ros\u00e1rio (PT). Imediatamente ao seu lado o nome mais falado para suceder Jairo, deputado estadual Nelsinho Metal\u00fargico (PT). Marco Maia (PT), deputado federal, era o mais despojado, sentado\u00a0ao seu lado do companheiro de sigla Jairo Jorge (PT), atual prefeito. Tamb\u00e9m presentes a vice-prefeita Beth Colombo (PP), o deputado federal Luiz Carlos Busato (PTB) e o presidente dos conselhos de sa\u00fade do estado, M\u00e1rio.<\/p>\n<h3><strong>Discursos<\/strong><\/h3>\n<p style=\"text-align: justify;\">Fazendo uso da palavra, o parlamentar canoense na Assembl\u00e9ia Legislativa (AL) Nelsinho Metal\u00fargico reconheceu o momento dif\u00edcil. \u201cN\u00f3s estamos no meio de uma crise. \u00c9 preciso reconhecer. Mas ela tamb\u00e9m os permite olhar as oportunidades\u201d, afirmou. Segundo ele, cobrar mais juros dos que tem mais dinheiro e menos dos que possuem menos poder aquisitivo \u00e9 uma sa\u00edda vi\u00e1vel e justa da crise que o pa\u00eds vive. \u201cO pobre \u00e9 quem paga a maior fatia\u201d, termina sendo aplaudido por Maria do Ros\u00e1rio.<\/p>\n<h3 class=\"entry-title single-title\"><span style=\"color: #3366ff;\"><a style=\"color: #3366ff;\" href=\"http:\/\/otimoneiro.com.br\/deputado-nelsinho-metalurgico-defende-que-impostos-deveriam-ser-apenas-para-os-ricos\/\">Deputado Nelsinho Metal\u00fargico defende que impostos deveriam ser apenas para os ricos<\/a><\/span><\/h3>\n<div id=\"attachment_1233\" style=\"width: 592px\" class=\"wp-caption aligncenter\"><a href=\"http:\/\/otimoneiro.com.br\/wp-content\/uploads\/2015\/09\/DSC4789.jpg\"><img decoding=\"async\" aria-describedby=\"caption-attachment-1233\" class=\"wp-image-1233\" src=\"http:\/\/otimoneiro.com.br\/wp-content\/uploads\/2015\/09\/DSC4789-1024x683.jpg\" alt=\"Discurso Nelsinho Ato Pacto\" width=\"582\" height=\"387\" \/><\/a><p id=\"caption-attachment-1233\" class=\"wp-caption-text\">Nelsinho fez discurso forte em defesa dos mais pobres e defendeu que os impostos deveriam ser para os ricos, apenas. Foto: Bruno Lara\/OT<\/p><\/div>\n<p>&nbsp;<\/p>\n<h3><strong>Em\u00edlio Neto<\/strong><\/h3>\n<p style=\"text-align: justify;\">Representando a C\u00e2mara dos Vereadores, Em\u00edlio Neto afirmou que a mudan\u00e7a \u00e9 essencial. \u201cUma necessidade de um novo pacto federativo. (&#8230;) \u00c9 aqui, no munic\u00edpio, que as pessoas buscam alternativas para atender suas necessidades\u201d, afirmou o parlamentar que disse falar em nome de todo o poder Legislativo.<\/p>\n<div id=\"attachment_1234\" style=\"width: 591px\" class=\"wp-caption aligncenter\"><a href=\"http:\/\/otimoneiro.com.br\/wp-content\/uploads\/2015\/09\/DSC4779.jpg\"><img decoding=\"async\" aria-describedby=\"caption-attachment-1234\" class=\"wp-image-1234 \" src=\"http:\/\/otimoneiro.com.br\/wp-content\/uploads\/2015\/09\/DSC4779-1024x683.jpg\" alt=\"Em\u00edlio Neto, vereador e presidente municipal do PT, falou em nome de todos os legisladores do munic\u00edpio em defesa do projeto. Foto: Bruno Lara\/OT\" width=\"581\" height=\"390\" \/><\/a><p id=\"caption-attachment-1234\" class=\"wp-caption-text\">Em\u00edlio Neto, vereador e presidente municipal do PT, falou em nome de todos os legisladores do munic\u00edpio em defesa do projeto. Foto: Bruno Lara\/OT<\/p><\/div>\n<p>&nbsp;<\/p>\n<h3><strong>Luiz Carlos Busato<\/strong><\/h3>\n<p style=\"text-align: justify;\">Busato apresentou uma ret\u00f3rica mais conservadora e menos radical que a de seus antecessores. Relembrou o v\u00eddeo pedindo solu\u00e7\u00f5es para a seguran\u00e7a p\u00fablica da cidade, que postou nas redes sociais informando que Canoas possu\u00eda apenas uma viatura para o policiamento ostensivo. Mesmo assim, elogiou o tenente coronel do 15\u00ba Batalh\u00e3o de Pol\u00edcia Militar (BPM) Oto Eduardo Amorin e o pr\u00f3prio prefeito. \u201cMesmo n\u00e3o tendo esses 30%, Jairo faz milagre na seguran\u00e7a p\u00fablica\u201d, afirmou.<\/p>\n<h3 class=\"entry-title single-title\"><span style=\"color: #3366ff;\"><a style=\"color: #3366ff;\" href=\"http:\/\/otimoneiro.com.br\/deputado-federal-busato-defende-que-seguranca-publica-e-a-maior-prioridade\/\">Deputado Federal Busato defende que seguran\u00e7a p\u00fablica \u00e9 a maior prioridade<\/a><\/span><\/h3>\n<div id=\"attachment_1235\" style=\"width: 594px\" class=\"wp-caption aligncenter\"><a href=\"http:\/\/otimoneiro.com.br\/wp-content\/uploads\/2015\/09\/DSC4807.jpg\"><img decoding=\"async\" aria-describedby=\"caption-attachment-1235\" class=\"wp-image-1235 \" src=\"http:\/\/otimoneiro.com.br\/wp-content\/uploads\/2015\/09\/DSC4807-1024x683.jpg\" alt=\"Luiz Carlos Busato fez discurso voltado para a seguran\u00e7a p\u00fablica. Foto: Bruno Lara\/OT\" width=\"584\" height=\"392\" \/><\/a><p id=\"caption-attachment-1235\" class=\"wp-caption-text\">Luiz Carlos Busato fez discurso voltado para a seguran\u00e7a p\u00fablica. Foto: Bruno Lara\/OT<\/p><\/div>\n<p>&nbsp;<\/p>\n<h3><strong>Marco Maia<\/strong><\/h3>\n<p style=\"text-align: justify;\">Segundo o deputado federal Marco Maia, a realidade do pa\u00eds mudou de 1988 (ano da atual Constitui\u00e7\u00e3o Federal) at\u00e9 hoje. Ele assumiu o compromisso de brigar pela aprova\u00e7\u00e3o do projeto na C\u00e2mara dos Deputados. \u201cN\u00f3s n\u00e3o viemos aqui para fazer discurso, mas para assumir um compromisso. Somos deputados municipalistas. N\u00f3s temos um prefeito que n\u00e3o se esconde do povo\u201d, elogiou no discurso.<\/p>\n<div id=\"attachment_1236\" style=\"width: 588px\" class=\"wp-caption aligncenter\"><a href=\"http:\/\/otimoneiro.com.br\/wp-content\/uploads\/2015\/09\/DSC4829.jpg\"><img decoding=\"async\" aria-describedby=\"caption-attachment-1236\" class=\"wp-image-1236\" src=\"http:\/\/otimoneiro.com.br\/wp-content\/uploads\/2015\/09\/DSC4829-1024x683.jpg\" alt=\"Deputado Federal Marco Maia (PT) \" width=\"578\" height=\"386\" \/><\/a><p id=\"caption-attachment-1236\" class=\"wp-caption-text\">Deputado Federal Marco Maia (PT) se colocou no compromisso de lutar pela aprova\u00e7\u00e3o da PEC.<\/p><\/div>\n<p>&nbsp;<\/p>\n<h3 style=\"text-align: justify;\"><strong>Maria do Ros\u00e1rio<\/strong><\/h3>\n<p style=\"text-align: justify;\">A ex-ministra e atual deputada federal Maria do Ros\u00e1rio ressaltou dois prefeitos que lutam pela causa. Jairo e Fernando Haddad. Para ela, o munic\u00edpio, o estado e a federa\u00e7\u00e3o deveriam estar em um mesmo n\u00edvel. \u201cA colabora\u00e7\u00e3o, para ser produtiva, pressup\u00f5es um equil\u00edbrio\u201d, esclareceu.<\/p>\n<div id=\"attachment_1237\" style=\"width: 604px\" class=\"wp-caption aligncenter\"><a href=\"http:\/\/otimoneiro.com.br\/wp-content\/uploads\/2015\/09\/DSC4859.jpg\"><img decoding=\"async\" aria-describedby=\"caption-attachment-1237\" class=\"wp-image-1237\" src=\"http:\/\/otimoneiro.com.br\/wp-content\/uploads\/2015\/09\/DSC4859-1024x683.jpg\" alt=\"Maria do Ros\u00e1rio (PT) \" width=\"594\" height=\"396\" \/><\/a><p id=\"caption-attachment-1237\" class=\"wp-caption-text\">Maria do Ros\u00e1rio (PT) acredita que \u00e9 necess\u00e1rio um equil\u00edbrio entre o munic\u00edpio, o estado e a Uni\u00e3o.<\/p><\/div>\n<p>&nbsp;<\/p>\n<h3><strong>Jairo criticou Dilma<\/strong><\/h3>\n<div id=\"attachment_1238\" style=\"width: 593px\" class=\"wp-caption aligncenter\"><a href=\"http:\/\/otimoneiro.com.br\/wp-content\/uploads\/2015\/09\/DSC4926.jpg\"><img decoding=\"async\" aria-describedby=\"caption-attachment-1238\" class=\"wp-image-1238 \" src=\"http:\/\/otimoneiro.com.br\/wp-content\/uploads\/2015\/09\/DSC4926-1024x683.jpg\" alt=\"O prefeito Jairo Jorge (PT), criticou a presidente da rep\u00fablica Dilma Rousseff (PT). \" width=\"583\" height=\"391\" \/><\/a><p id=\"caption-attachment-1238\" class=\"wp-caption-text\">O prefeito Jairo Jorge (PT), criticou a presidente da rep\u00fablica Dilma Rousseff (PT). Foto: Bruno Lara\/OT<\/p><\/div>\n<p style=\"text-align: justify;\">Finalizando o ato, Jairo Jorge, que se auto declarou um dos criadores do Programa Universidade para Todos (Prouni), afirmou que a prefeitura protestou \u201ctrabalhando mais\u201d, comparando com os munic\u00edpios que aderiram ao ato de paralisar os servi\u00e7os. Segundo ele, os servidores &#8220;abrir\u00e3o m\u00e3o do hor\u00e1rio de almo\u00e7o&#8221; para comparecerem ao evento que foi realizado at\u00e9 as 13h30min.<\/p>\n<p style=\"text-align: justify;\">O chefe do Executivo fez duras cr\u00edticas a presidente da rep\u00fablica, Dilma Rousseff (PT), companheira de sigla. \u201cEu acho que hoje o Brasil tem um pouco de saudade do presidente Marco Maia\u201d, afirmou referindo-se no per\u00edodo que o canoense assumiu o cargo interinamente enquanto presidente da C\u00e2mara dos Deputados.<\/p>\n<p style=\"text-align: justify;\">Defendeu mudan\u00e7as no pacto. \u201cO que n\u00f3s queremos agora \u00e9 uma nova pactua\u00e7\u00e3o. Tudo aquilo que n\u00f3s conquistamos em 130 anos queremos conquistar agora\u201d, referindo-se ao tempo do imp\u00e9rio. \u201cN\u00f3s propomos que isso seja feito em 17 ou 34 anos, mas que seja feito\u201d, defendeu. Para amenizar o tom de cr\u00edtica \u00e0 Presidente, Jairo posicionou-se solid\u00e1rio. \u201c\u00c9 hora de solidariedade \u00e0 Dilma e a Sartori. \u00c9 preciso indigna\u00e7\u00e3o para ver o que est\u00e1 errado, mas coragem para construir\u201d, conclui.<\/p>\n","protected":false},"excerpt":{"rendered":"<p>Com a presen\u00e7a de deputados estaduais e federais, prefeito criticou a presidente Dilma Rousseff no que diz respeito a pol\u00edtica tribut\u00e1ria. Nelsinho afirmou que os impostos deveriam ser apenas para os ricos e Luiz Carlos Busato que a seguran\u00e7a p\u00fablica \u00e9 a prioridade, acima de sa\u00fade e educa\u00e7\u00e3o.<\/p>\n","protected":false},"author":1,"featured_media":1238,"comment_status":"open","ping_status":"open","sticky":false,"template":"","format":"standard","meta":{"amp_status":"","footnotes":""},"categories":[19,22,20],"tags":[],"class_list":["post-1231","post","type-post","status-publish","format-standard","has-post-thumbnail","hentry","category-destaques","category-noticias","category-politica-noticias"],"yoast_head":"<!-- This site is optimized with the Yoast SEO plugin v20.5 - https:\/\/yoast.com\/wordpress\/plugins\/seo\/ -->\n<title>Manifesta\u00e7\u00e3o de apoio a projeto da Famurs ocorre com tom partid\u00e1rio em Canoas - O Timoneiro Jornal Canoas RS<\/title>\n<meta name=\"robots\" content=\"index, follow, max-snippet:-1, max-image-preview:large, max-video-preview:-1\" \/>\n<link rel=\"canonical\" href=\"https:\/\/jornaltimoneiro.com.br\/index.php\/2015\/09\/25\/manifestacao-de-apoio-a-projeto-da-famurs-ocorre-com-tom-partidario-em-canoas\/\" \/>\n<meta property=\"og:locale\" content=\"pt_BR\" \/>\n<meta property=\"og:type\" content=\"article\" \/>\n<meta property=\"og:title\" content=\"Manifesta\u00e7\u00e3o de apoio a projeto da Famurs ocorre com tom partid\u00e1rio em Canoas - O Timoneiro Jornal Canoas RS\" \/>\n<meta property=\"og:description\" content=\"Com a presen\u00e7a de deputados estaduais e federais, prefeito criticou a presidente Dilma Rousseff no que diz respeito a pol\u00edtica tribut\u00e1ria. Nelsinho afirmou que os impostos deveriam ser apenas para os ricos e Luiz Carlos Busato que a seguran\u00e7a p\u00fablica \u00e9 a prioridade, acima de sa\u00fade e educa\u00e7\u00e3o.\" \/>\n<meta property=\"og:url\" content=\"https:\/\/jornaltimoneiro.com.br\/index.php\/2015\/09\/25\/manifestacao-de-apoio-a-projeto-da-famurs-ocorre-com-tom-partidario-em-canoas\/\" \/>\n<meta property=\"og:site_name\" content=\"O Timoneiro Jornal Canoas RS\" \/>\n<meta property=\"article:publisher\" content=\"https:\/\/www.facebook.com\/jornaltimoneiro\" \/>\n<meta property=\"article:published_time\" content=\"2015-09-25T21:00:45+00:00\" \/>\n<meta name=\"author\" content=\"Reda\u00e7\u00e3o\" \/>\n<meta name=\"twitter:card\" content=\"summary_large_image\" \/>\n<meta name=\"twitter:creator\" content=\"@_OTimoneiro\" \/>\n<meta name=\"twitter:site\" content=\"@_OTimoneiro\" \/>\n<meta name=\"twitter:label1\" content=\"Escrito por\" \/>\n\t<meta name=\"twitter:data1\" content=\"Reda\u00e7\u00e3o\" \/>\n\t<meta name=\"twitter:label2\" content=\"Est. tempo de leitura\" \/>\n\t<meta name=\"twitter:data2\" content=\"6 minutos\" \/>\n<script type=\"application\/ld+json\" class=\"yoast-schema-graph\">{\"@context\":\"https:\/\/schema.org\",\"@graph\":[{\"@type\":\"Article\",\"@id\":\"https:\/\/jornaltimoneiro.com.br\/index.php\/2015\/09\/25\/manifestacao-de-apoio-a-projeto-da-famurs-ocorre-com-tom-partidario-em-canoas\/#article\",\"isPartOf\":{\"@id\":\"https:\/\/jornaltimoneiro.com.br\/index.php\/2015\/09\/25\/manifestacao-de-apoio-a-projeto-da-famurs-ocorre-com-tom-partidario-em-canoas\/\"},\"author\":{\"name\":\"Reda\u00e7\u00e3o\",\"@id\":\"https:\/\/jornaltimoneiro.com.br\/#\/schema\/person\/620efd1d8244466117482be494360b08\"},\"headline\":\"Manifesta\u00e7\u00e3o de apoio a projeto da Famurs ocorre com tom partid\u00e1rio em Canoas\",\"datePublished\":\"2015-09-25T21:00:45+00:00\",\"dateModified\":\"2015-09-25T21:00:45+00:00\",\"mainEntityOfPage\":{\"@id\":\"https:\/\/jornaltimoneiro.com.br\/index.php\/2015\/09\/25\/manifestacao-de-apoio-a-projeto-da-famurs-ocorre-com-tom-partidario-em-canoas\/\"},\"wordCount\":1166,\"commentCount\":0,\"publisher\":{\"@id\":\"https:\/\/jornaltimoneiro.com.br\/#organization\"},\"articleSection\":[\"Destaques\",\"Not\u00edcias\",\"Pol\u00edtica\"],\"inLanguage\":\"pt-BR\",\"potentialAction\":[{\"@type\":\"CommentAction\",\"name\":\"Comment\",\"target\":[\"https:\/\/jornaltimoneiro.com.br\/index.php\/2015\/09\/25\/manifestacao-de-apoio-a-projeto-da-famurs-ocorre-com-tom-partidario-em-canoas\/#respond\"]}]},{\"@type\":\"WebPage\",\"@id\":\"https:\/\/jornaltimoneiro.com.br\/index.php\/2015\/09\/25\/manifestacao-de-apoio-a-projeto-da-famurs-ocorre-com-tom-partidario-em-canoas\/\",\"url\":\"https:\/\/jornaltimoneiro.com.br\/index.php\/2015\/09\/25\/manifestacao-de-apoio-a-projeto-da-famurs-ocorre-com-tom-partidario-em-canoas\/\",\"name\":\"Manifesta\u00e7\u00e3o de apoio a projeto da Famurs ocorre com tom partid\u00e1rio em Canoas - O Timoneiro Jornal Canoas RS\",\"isPartOf\":{\"@id\":\"https:\/\/jornaltimoneiro.com.br\/#website\"},\"datePublished\":\"2015-09-25T21:00:45+00:00\",\"dateModified\":\"2015-09-25T21:00:45+00:00\",\"breadcrumb\":{\"@id\":\"https:\/\/jornaltimoneiro.com.br\/index.php\/2015\/09\/25\/manifestacao-de-apoio-a-projeto-da-famurs-ocorre-com-tom-partidario-em-canoas\/#breadcrumb\"},\"inLanguage\":\"pt-BR\",\"potentialAction\":[{\"@type\":\"ReadAction\",\"target\":[\"https:\/\/jornaltimoneiro.com.br\/index.php\/2015\/09\/25\/manifestacao-de-apoio-a-projeto-da-famurs-ocorre-com-tom-partidario-em-canoas\/\"]}]},{\"@type\":\"BreadcrumbList\",\"@id\":\"https:\/\/jornaltimoneiro.com.br\/index.php\/2015\/09\/25\/manifestacao-de-apoio-a-projeto-da-famurs-ocorre-com-tom-partidario-em-canoas\/#breadcrumb\",\"itemListElement\":[{\"@type\":\"ListItem\",\"position\":1,\"name\":\"In\u00edcio\",\"item\":\"https:\/\/jornaltimoneiro.com.br\/\"},{\"@type\":\"ListItem\",\"position\":2,\"name\":\"Manifesta\u00e7\u00e3o de apoio a projeto da Famurs ocorre com tom partid\u00e1rio em Canoas\"}]},{\"@type\":\"WebSite\",\"@id\":\"https:\/\/jornaltimoneiro.com.br\/#website\",\"url\":\"https:\/\/jornaltimoneiro.com.br\/\",\"name\":\"Jornal Timoneiro Canoas RS\",\"description\":\"Jornal O Timoneiro, o verdadeiro jornal de Canoas\",\"publisher\":{\"@id\":\"https:\/\/jornaltimoneiro.com.br\/#organization\"},\"potentialAction\":[{\"@type\":\"SearchAction\",\"target\":{\"@type\":\"EntryPoint\",\"urlTemplate\":\"https:\/\/jornaltimoneiro.com.br\/?s={search_term_string}\"},\"query-input\":\"required name=search_term_string\"}],\"inLanguage\":\"pt-BR\"},{\"@type\":\"Organization\",\"@id\":\"https:\/\/jornaltimoneiro.com.br\/#organization\",\"name\":\"Jornal Timoneiro Canoas RS\",\"url\":\"https:\/\/jornaltimoneiro.com.br\/\",\"logo\":{\"@type\":\"ImageObject\",\"inLanguage\":\"pt-BR\",\"@id\":\"https:\/\/jornaltimoneiro.com.br\/#\/schema\/logo\/image\/\",\"url\":\"https:\/\/jornaltimoneiro.com.br\/wp-content\/uploads\/2023\/03\/logonovo.png\",\"contentUrl\":\"https:\/\/jornaltimoneiro.com.br\/wp-content\/uploads\/2023\/03\/logonovo.png\",\"width\":\"469\",\"height\":\"171\",\"caption\":\"Jornal Timoneiro Canoas RS\"},\"image\":{\"@id\":\"https:\/\/jornaltimoneiro.com.br\/#\/schema\/logo\/image\/\"},\"sameAs\":[\"https:\/\/www.facebook.com\/jornaltimoneiro\",\"https:\/\/twitter.com\/_OTimoneiro\",\"https:\/\/www.instagram.com\/jornaltimoneirocanoas\/\",\"https:\/\/www.youtube.com\/@jornalotimoneiro7927\"]},{\"@type\":\"Person\",\"@id\":\"https:\/\/jornaltimoneiro.com.br\/#\/schema\/person\/620efd1d8244466117482be494360b08\",\"name\":\"Reda\u00e7\u00e3o\",\"image\":{\"@type\":\"ImageObject\",\"inLanguage\":\"pt-BR\",\"@id\":\"https:\/\/jornaltimoneiro.com.br\/#\/schema\/person\/image\/\",\"url\":\"https:\/\/secure.gravatar.com\/avatar\/2f04e1b304682a8d9db336c7acd77f08?s=96&d=mm&r=g\",\"contentUrl\":\"https:\/\/secure.gravatar.com\/avatar\/2f04e1b304682a8d9db336c7acd77f08?s=96&d=mm&r=g\",\"caption\":\"Reda\u00e7\u00e3o\"},\"url\":\"https:\/\/jornaltimoneiro.com.br\/index.php\/author\/timoneirocanoas\/\"}]}<\/script>\n<!-- \/ Yoast SEO plugin. -->","yoast_head_json":{"title":"Manifesta\u00e7\u00e3o de apoio a projeto da Famurs ocorre com tom partid\u00e1rio em Canoas - O Timoneiro Jornal Canoas RS","robots":{"index":"index","follow":"follow","max-snippet":"max-snippet:-1","max-image-preview":"max-image-preview:large","max-video-preview":"max-video-preview:-1"},"canonical":"https:\/\/jornaltimoneiro.com.br\/index.php\/2015\/09\/25\/manifestacao-de-apoio-a-projeto-da-famurs-ocorre-com-tom-partidario-em-canoas\/","og_locale":"pt_BR","og_type":"article","og_title":"Manifesta\u00e7\u00e3o de apoio a projeto da Famurs ocorre com tom partid\u00e1rio em Canoas - O Timoneiro Jornal Canoas RS","og_description":"Com a presen\u00e7a de deputados estaduais e federais, prefeito criticou a presidente Dilma Rousseff no que diz respeito a pol\u00edtica tribut\u00e1ria. Nelsinho afirmou que os impostos deveriam ser apenas para os ricos e Luiz Carlos Busato que a seguran\u00e7a p\u00fablica \u00e9 a prioridade, acima de sa\u00fade e educa\u00e7\u00e3o.","og_url":"https:\/\/jornaltimoneiro.com.br\/index.php\/2015\/09\/25\/manifestacao-de-apoio-a-projeto-da-famurs-ocorre-com-tom-partidario-em-canoas\/","og_site_name":"O Timoneiro Jornal Canoas RS","article_publisher":"https:\/\/www.facebook.com\/jornaltimoneiro","article_published_time":"2015-09-25T21:00:45+00:00","author":"Reda\u00e7\u00e3o","twitter_card":"summary_large_image","twitter_creator":"@_OTimoneiro","twitter_site":"@_OTimoneiro","twitter_misc":{"Escrito por":"Reda\u00e7\u00e3o","Est. tempo de leitura":"6 minutos"},"schema":{"@context":"https:\/\/schema.org","@graph":[{"@type":"Article","@id":"https:\/\/jornaltimoneiro.com.br\/index.php\/2015\/09\/25\/manifestacao-de-apoio-a-projeto-da-famurs-ocorre-com-tom-partidario-em-canoas\/#article","isPartOf":{"@id":"https:\/\/jornaltimoneiro.com.br\/index.php\/2015\/09\/25\/manifestacao-de-apoio-a-projeto-da-famurs-ocorre-com-tom-partidario-em-canoas\/"},"author":{"name":"Reda\u00e7\u00e3o","@id":"https:\/\/jornaltimoneiro.com.br\/#\/schema\/person\/620efd1d8244466117482be494360b08"},"headline":"Manifesta\u00e7\u00e3o de apoio a projeto da Famurs ocorre com tom partid\u00e1rio em Canoas","datePublished":"2015-09-25T21:00:45+00:00","dateModified":"2015-09-25T21:00:45+00:00","mainEntityOfPage":{"@id":"https:\/\/jornaltimoneiro.com.br\/index.php\/2015\/09\/25\/manifestacao-de-apoio-a-projeto-da-famurs-ocorre-com-tom-partidario-em-canoas\/"},"wordCount":1166,"commentCount":0,"publisher":{"@id":"https:\/\/jornaltimoneiro.com.br\/#organization"},"articleSection":["Destaques","Not\u00edcias","Pol\u00edtica"],"inLanguage":"pt-BR","potentialAction":[{"@type":"CommentAction","name":"Comment","target":["https:\/\/jornaltimoneiro.com.br\/index.php\/2015\/09\/25\/manifestacao-de-apoio-a-projeto-da-famurs-ocorre-com-tom-partidario-em-canoas\/#respond"]}]},{"@type":"WebPage","@id":"https:\/\/jornaltimoneiro.com.br\/index.php\/2015\/09\/25\/manifestacao-de-apoio-a-projeto-da-famurs-ocorre-com-tom-partidario-em-canoas\/","url":"https:\/\/jornaltimoneiro.com.br\/index.php\/2015\/09\/25\/manifestacao-de-apoio-a-projeto-da-famurs-ocorre-com-tom-partidario-em-canoas\/","name":"Manifesta\u00e7\u00e3o de apoio a projeto da Famurs ocorre com tom partid\u00e1rio em Canoas - O Timoneiro Jornal Canoas RS","isPartOf":{"@id":"https:\/\/jornaltimoneiro.com.br\/#website"},"datePublished":"2015-09-25T21:00:45+00:00","dateModified":"2015-09-25T21:00:45+00:00","breadcrumb":{"@id":"https:\/\/jornaltimoneiro.com.br\/index.php\/2015\/09\/25\/manifestacao-de-apoio-a-projeto-da-famurs-ocorre-com-tom-partidario-em-canoas\/#breadcrumb"},"inLanguage":"pt-BR","potentialAction":[{"@type":"ReadAction","target":["https:\/\/jornaltimoneiro.com.br\/index.php\/2015\/09\/25\/manifestacao-de-apoio-a-projeto-da-famurs-ocorre-com-tom-partidario-em-canoas\/"]}]},{"@type":"BreadcrumbList","@id":"https:\/\/jornaltimoneiro.com.br\/index.php\/2015\/09\/25\/manifestacao-de-apoio-a-projeto-da-famurs-ocorre-com-tom-partidario-em-canoas\/#breadcrumb","itemListElement":[{"@type":"ListItem","position":1,"name":"In\u00edcio","item":"https:\/\/jornaltimoneiro.com.br\/"},{"@type":"ListItem","position":2,"name":"Manifesta\u00e7\u00e3o de apoio a projeto da Famurs ocorre com tom partid\u00e1rio em Canoas"}]},{"@type":"WebSite","@id":"https:\/\/jornaltimoneiro.com.br\/#website","url":"https:\/\/jornaltimoneiro.com.br\/","name":"Jornal Timoneiro Canoas RS","description":"Jornal O Timoneiro, o verdadeiro jornal de Canoas","publisher":{"@id":"https:\/\/jornaltimoneiro.com.br\/#organization"},"potentialAction":[{"@type":"SearchAction","target":{"@type":"EntryPoint","urlTemplate":"https:\/\/jornaltimoneiro.com.br\/?s={search_term_string}"},"query-input":"required name=search_term_string"}],"inLanguage":"pt-BR"},{"@type":"Organization","@id":"https:\/\/jornaltimoneiro.com.br\/#organization","name":"Jornal Timoneiro Canoas RS","url":"https:\/\/jornaltimoneiro.com.br\/","logo":{"@type":"ImageObject","inLanguage":"pt-BR","@id":"https:\/\/jornaltimoneiro.com.br\/#\/schema\/logo\/image\/","url":"https:\/\/jornaltimoneiro.com.br\/wp-content\/uploads\/2023\/03\/logonovo.png","contentUrl":"https:\/\/jornaltimoneiro.com.br\/wp-content\/uploads\/2023\/03\/logonovo.png","width":"469","height":"171","caption":"Jornal Timoneiro Canoas RS"},"image":{"@id":"https:\/\/jornaltimoneiro.com.br\/#\/schema\/logo\/image\/"},"sameAs":["https:\/\/www.facebook.com\/jornaltimoneiro","https:\/\/twitter.com\/_OTimoneiro","https:\/\/www.instagram.com\/jornaltimoneirocanoas\/","https:\/\/www.youtube.com\/@jornalotimoneiro7927"]},{"@type":"Person","@id":"https:\/\/jornaltimoneiro.com.br\/#\/schema\/person\/620efd1d8244466117482be494360b08","name":"Reda\u00e7\u00e3o","image":{"@type":"ImageObject","inLanguage":"pt-BR","@id":"https:\/\/jornaltimoneiro.com.br\/#\/schema\/person\/image\/","url":"https:\/\/secure.gravatar.com\/avatar\/2f04e1b304682a8d9db336c7acd77f08?s=96&d=mm&r=g","contentUrl":"https:\/\/secure.gravatar.com\/avatar\/2f04e1b304682a8d9db336c7acd77f08?s=96&d=mm&r=g","caption":"Reda\u00e7\u00e3o"},"url":"https:\/\/jornaltimoneiro.com.br\/index.php\/author\/timoneirocanoas\/"}]}},"_links":{"self":[{"href":"https:\/\/jornaltimoneiro.com.br\/index.php\/wp-json\/wp\/v2\/posts\/1231"}],"collection":[{"href":"https:\/\/jornaltimoneiro.com.br\/index.php\/wp-json\/wp\/v2\/posts"}],"about":[{"href":"https:\/\/jornaltimoneiro.com.br\/index.php\/wp-json\/wp\/v2\/types\/post"}],"author":[{"embeddable":true,"href":"https:\/\/jornaltimoneiro.com.br\/index.php\/wp-json\/wp\/v2\/users\/1"}],"replies":[{"embeddable":true,"href":"https:\/\/jornaltimoneiro.com.br\/index.php\/wp-json\/wp\/v2\/comments?post=1231"}],"version-history":[{"count":0,"href":"https:\/\/jornaltimoneiro.com.br\/index.php\/wp-json\/wp\/v2\/posts\/1231\/revisions"}],"wp:featuredmedia":[{"embeddable":true,"href":"https:\/\/jornaltimoneiro.com.br\/index.php\/wp-json\/"}],"wp:attachment":[{"href":"https:\/\/jornaltimoneiro.com.br\/index.php\/wp-json\/wp\/v2\/media?parent=1231"}],"wp:term":[{"taxonomy":"category","embeddable":true,"href":"https:\/\/jornaltimoneiro.com.br\/index.php\/wp-json\/wp\/v2\/categories?post=1231"},{"taxonomy":"post_tag","embeddable":true,"href":"https:\/\/jornaltimoneiro.com.br\/index.php\/wp-json\/wp\/v2\/tags?post=1231"}],"curies":[{"name":"wp","href":"https:\/\/api.w.org\/{rel}","templated":true}]}}