{"id":1228,"date":"2015-09-25T17:29:40","date_gmt":"2015-09-25T20:29:40","guid":{"rendered":"http:\/\/otimoneiro.com.br\/?p=1228"},"modified":"2015-09-25T17:29:40","modified_gmt":"2015-09-25T20:29:40","slug":"deputado-federal-busato-defende-que-seguranca-publica-e-a-maior-prioridade","status":"publish","type":"post","link":"https:\/\/jornaltimoneiro.com.br\/index.php\/2015\/09\/25\/deputado-federal-busato-defende-que-seguranca-publica-e-a-maior-prioridade\/","title":{"rendered":"Deputado Federal Busato defende que seguran\u00e7a p\u00fablica \u00e9 a maior prioridade"},"content":{"rendered":"<div id=\"attachment_1229\" style=\"width: 588px\" class=\"wp-caption aligncenter\"><a href=\"http:\/\/otimoneiro.com.br\/wp-content\/uploads\/2015\/09\/DSC4713.jpg\"><img decoding=\"async\" aria-describedby=\"caption-attachment-1229\" class=\"wp-image-1229 \" src=\"http:\/\/otimoneiro.com.br\/wp-content\/uploads\/2015\/09\/DSC4713-1024x683.jpg\" alt=\"Deputado Federal Luiz Carlos Busato no ato de apoio ao projeto de reparti\u00e7\u00e3o do bolo tribut\u00e1rio da Famurs. Foto: Bruno Lara\/OT\" width=\"578\" height=\"389\" \/><\/a><p id=\"caption-attachment-1229\" class=\"wp-caption-text\">Deputado Federal Luiz Carlos Busato no ato de apoio ao projeto de reparti\u00e7\u00e3o do bolo tribut\u00e1rio da Famurs. Foto: Bruno Lara\/OT<\/p><\/div>\n<p>Na sexta-feira, 25, juntamento com demais autoridades municipais, estaduais e federais, proposto pela Famurs, esteve presento no munic\u00edpio o deputado federal\u00a0Luiz Carlos Busato (PTB),\u00a0com o intuito de rediscutir o repasse dos impostos para os munic\u00edpios. Na oportunidade, concedeu entrevista exclusiva ao rep\u00f3rter Bruno Lara.<\/p>\n<p><strong>Proposta da Famurs<\/strong><\/p>\n<p>O deputado federal entende que mais dinheiro dos tributos deveria voltar para os munic\u00edpios e se colocou \u00e0 disposi\u00e7\u00e3o para trabalhar na causa.<\/p>\n<blockquote><p>&#8220;Eu vim aqui como deputado federal para dar apoio a esta reivindica\u00e7\u00e3o que os prefeitos tem e que \u00e9 justa. O fatiamento desse bolo dos tributos, que saem aqui do estado, tem que retornar um pouco mais para os munic\u00edpios, pois \u00e9 exatamente dentro dos munic\u00edpios que acontecem as coisas. S\u00e3o os prefeitos que recebem as reivindica\u00e7\u00f5es. S\u00e3o os prefeitos que recebem o primeiro embate quando falta sa\u00fade, quando falta seguran\u00e7a, quando falta educa\u00e7\u00e3o. Ent\u00e3o eu acho que \u00e9 justa a reivindica\u00e7\u00e3o deles. Vim aqui hoje para me colocar \u00e0 disposi\u00e7\u00e3o para trabalhar nessa PEC (Projeto de Emenda \u00e0 Constitui\u00e7\u00e3o) l\u00e1 no Congresso Nacional tentando fazer com que se reverta um pouco mais de recursos para atender essa justa reivindica\u00e7\u00e3o deles&#8221;<\/p><\/blockquote>\n<p><strong>Seguran\u00e7a P\u00fablica como prioridade<\/strong><\/p>\n<p>Segundo Luiz Carlos Busato, a seguran\u00e7a \u00e9 mais importante que qualquer outra pasta, mesmo que sa\u00fade e educa\u00e7\u00e3o.<\/p>\n<blockquote><p>&#8220;Olha, eu acho que de todas as reivindica\u00e7\u00f5es, as necessidades que n\u00f3s temos, sa\u00fade, educa\u00e7\u00e3o, seguran\u00e7a, quando falta educa\u00e7\u00e3o, a gente at\u00e9 pode postergar um m\u00eas a mais, dois meses a mais,\u00a0todo mundo tem como contemporizar isso. A sa\u00fade, at\u00e9 certo ponto, tamb\u00e9m. Dependendo do caso, d\u00e1 para a gente deixar, \u00e0s vezes, de fazer uma consulta hoje para fazer amanh\u00e3. Agora, seguran\u00e7a \u00e9 uma coisa que n\u00e3o tem como a gente sobreviver sem. E eu, quando soube desse quadro, que faltavam viaturas para os policiais, viaturas para os brigadianos trabalharem, fiquei muito preocupado. Duas viaturas para um munic\u00edpio do tamanho de Canoas n\u00e3o \u00e9 nada&#8221;.<\/p><\/blockquote>\n<p><strong>V\u00eddeo trouxe resultado<\/strong><\/p>\n<p>Busato acredita o v\u00eddeo ajudou a resolver o problema das viaturas da Brigada Militar (BM) no munic\u00edpio.<\/p>\n<blockquote><p>&#8220;Mas eu percebi, tamb\u00e9m, que depois desse v\u00eddeo que n\u00f3s postamos nas redes e eu tinha j\u00e1 ido falar com o secret\u00e1rio da casa civil, o (M\u00e1rcio) Biolchi, tinha falado com v\u00e1rias pessoas e n\u00e3o recebemos resposta, a alternativa foi postar esse v\u00eddeo. E depois desse v\u00eddeo, casualmente, ontem \u00e0 noite, eu passei aqui na Inconfid\u00eancia e j\u00e1 vi um carro fazendo o policiamento ostensivo, j\u00e1 vi que deu uma melhorada no assunto. Ent\u00e3o tu v\u00ea que tem como resolver as coisas mesmo sem recursos&#8221;.<\/p><\/blockquote>\n<p><strong>Solu\u00e7\u00e3o sem recursos<\/strong><\/p>\n<p>O deputado sugeriu que comerciantes doariam, de bom grado, p\u00e1ra-brisas para as viaturas da BM.<\/p>\n<blockquote><p>&#8220;Eu vi, por exemplo, uma Duster que foi baleada da Brigada Militar, quebrou o para-brisas traseiro, e eu sei que isso depende de recursos, mas, \u00e0s vezes, n\u00e3o.\u00a0 \u00c0s vezes a brigada, passando aqui pelo com\u00e9rcio, recebe ajuda de arrumar um p\u00e1ra-brisas desses. Eu tenho certeza. Se a brigada fosse em qualquer uma dessas lojas que vende p\u00e1ra-brisas aqui na BR-116, eles teriam, de bom grado, doado um p\u00e1ra-brisas. Ent\u00e3o, acho que o que estava faltando era uma conscientiza\u00e7\u00e3o e um grito de alerta nisso. Eu acho que esse v\u00eddeo propiciou isso e j\u00e1 deu algum resultado. Certamente n\u00e3o aquilo que n\u00f3s queremos, mas \u00e9 com essas a\u00e7\u00f5es propositivas, da comunidade toda, que n\u00f3s vamos achar essas solu\u00e7\u00f5es&#8221;.<\/p><\/blockquote>\n","protected":false},"excerpt":{"rendered":"<p>Parlamentar que esteve presente no munic\u00edpio na quinta-feira, 25, afirmou que a seguran\u00e7a \u00e9 mais essencial que pastas como a sa\u00fade e a educa\u00e7\u00e3o. <\/p>\n","protected":false},"author":1,"featured_media":1229,"comment_status":"open","ping_status":"open","sticky":false,"template":"","format":"standard","meta":{"amp_status":"","footnotes":""},"categories":[19,22,20],"tags":[],"class_list":["post-1228","post","type-post","status-publish","format-standard","has-post-thumbnail","hentry","category-destaques","category-noticias","category-politica-noticias"],"yoast_head":"<!-- This site is optimized with the Yoast SEO plugin v20.5 - https:\/\/yoast.com\/wordpress\/plugins\/seo\/ -->\n<title>Deputado Federal Busato defende que seguran\u00e7a p\u00fablica \u00e9 a maior prioridade - O Timoneiro Jornal Canoas RS<\/title>\n<meta name=\"robots\" content=\"index, follow, max-snippet:-1, max-image-preview:large, max-video-preview:-1\" \/>\n<link rel=\"canonical\" href=\"https:\/\/jornaltimoneiro.com.br\/index.php\/2015\/09\/25\/deputado-federal-busato-defende-que-seguranca-publica-e-a-maior-prioridade\/\" \/>\n<meta property=\"og:locale\" content=\"pt_BR\" \/>\n<meta property=\"og:type\" content=\"article\" \/>\n<meta property=\"og:title\" content=\"Deputado Federal Busato defende que seguran\u00e7a p\u00fablica \u00e9 a maior prioridade - O Timoneiro Jornal Canoas RS\" \/>\n<meta property=\"og:description\" content=\"Parlamentar que esteve presente no munic\u00edpio na quinta-feira, 25, afirmou que a seguran\u00e7a \u00e9 mais essencial que pastas como a sa\u00fade e a educa\u00e7\u00e3o.\" \/>\n<meta property=\"og:url\" content=\"https:\/\/jornaltimoneiro.com.br\/index.php\/2015\/09\/25\/deputado-federal-busato-defende-que-seguranca-publica-e-a-maior-prioridade\/\" \/>\n<meta property=\"og:site_name\" content=\"O Timoneiro Jornal Canoas RS\" \/>\n<meta property=\"article:publisher\" content=\"https:\/\/www.facebook.com\/jornaltimoneiro\" \/>\n<meta property=\"article:published_time\" content=\"2015-09-25T20:29:40+00:00\" \/>\n<meta name=\"author\" content=\"Reda\u00e7\u00e3o\" \/>\n<meta name=\"twitter:card\" content=\"summary_large_image\" \/>\n<meta name=\"twitter:creator\" content=\"@_OTimoneiro\" \/>\n<meta name=\"twitter:site\" content=\"@_OTimoneiro\" \/>\n<meta name=\"twitter:label1\" content=\"Escrito por\" \/>\n\t<meta name=\"twitter:data1\" content=\"Reda\u00e7\u00e3o\" \/>\n\t<meta name=\"twitter:label2\" content=\"Est. tempo de leitura\" \/>\n\t<meta name=\"twitter:data2\" content=\"3 minutos\" \/>\n<script type=\"application\/ld+json\" class=\"yoast-schema-graph\">{\"@context\":\"https:\/\/schema.org\",\"@graph\":[{\"@type\":\"Article\",\"@id\":\"https:\/\/jornaltimoneiro.com.br\/index.php\/2015\/09\/25\/deputado-federal-busato-defende-que-seguranca-publica-e-a-maior-prioridade\/#article\",\"isPartOf\":{\"@id\":\"https:\/\/jornaltimoneiro.com.br\/index.php\/2015\/09\/25\/deputado-federal-busato-defende-que-seguranca-publica-e-a-maior-prioridade\/\"},\"author\":{\"name\":\"Reda\u00e7\u00e3o\",\"@id\":\"https:\/\/jornaltimoneiro.com.br\/#\/schema\/person\/620efd1d8244466117482be494360b08\"},\"headline\":\"Deputado Federal Busato defende que seguran\u00e7a p\u00fablica \u00e9 a maior prioridade\",\"datePublished\":\"2015-09-25T20:29:40+00:00\",\"dateModified\":\"2015-09-25T20:29:40+00:00\",\"mainEntityOfPage\":{\"@id\":\"https:\/\/jornaltimoneiro.com.br\/index.php\/2015\/09\/25\/deputado-federal-busato-defende-que-seguranca-publica-e-a-maior-prioridade\/\"},\"wordCount\":660,\"commentCount\":0,\"publisher\":{\"@id\":\"https:\/\/jornaltimoneiro.com.br\/#organization\"},\"articleSection\":[\"Destaques\",\"Not\u00edcias\",\"Pol\u00edtica\"],\"inLanguage\":\"pt-BR\",\"potentialAction\":[{\"@type\":\"CommentAction\",\"name\":\"Comment\",\"target\":[\"https:\/\/jornaltimoneiro.com.br\/index.php\/2015\/09\/25\/deputado-federal-busato-defende-que-seguranca-publica-e-a-maior-prioridade\/#respond\"]}]},{\"@type\":\"WebPage\",\"@id\":\"https:\/\/jornaltimoneiro.com.br\/index.php\/2015\/09\/25\/deputado-federal-busato-defende-que-seguranca-publica-e-a-maior-prioridade\/\",\"url\":\"https:\/\/jornaltimoneiro.com.br\/index.php\/2015\/09\/25\/deputado-federal-busato-defende-que-seguranca-publica-e-a-maior-prioridade\/\",\"name\":\"Deputado Federal Busato defende que seguran\u00e7a p\u00fablica \u00e9 a maior prioridade - O Timoneiro Jornal Canoas RS\",\"isPartOf\":{\"@id\":\"https:\/\/jornaltimoneiro.com.br\/#website\"},\"datePublished\":\"2015-09-25T20:29:40+00:00\",\"dateModified\":\"2015-09-25T20:29:40+00:00\",\"breadcrumb\":{\"@id\":\"https:\/\/jornaltimoneiro.com.br\/index.php\/2015\/09\/25\/deputado-federal-busato-defende-que-seguranca-publica-e-a-maior-prioridade\/#breadcrumb\"},\"inLanguage\":\"pt-BR\",\"potentialAction\":[{\"@type\":\"ReadAction\",\"target\":[\"https:\/\/jornaltimoneiro.com.br\/index.php\/2015\/09\/25\/deputado-federal-busato-defende-que-seguranca-publica-e-a-maior-prioridade\/\"]}]},{\"@type\":\"BreadcrumbList\",\"@id\":\"https:\/\/jornaltimoneiro.com.br\/index.php\/2015\/09\/25\/deputado-federal-busato-defende-que-seguranca-publica-e-a-maior-prioridade\/#breadcrumb\",\"itemListElement\":[{\"@type\":\"ListItem\",\"position\":1,\"name\":\"In\u00edcio\",\"item\":\"https:\/\/jornaltimoneiro.com.br\/\"},{\"@type\":\"ListItem\",\"position\":2,\"name\":\"Deputado Federal Busato defende que seguran\u00e7a p\u00fablica \u00e9 a maior prioridade\"}]},{\"@type\":\"WebSite\",\"@id\":\"https:\/\/jornaltimoneiro.com.br\/#website\",\"url\":\"https:\/\/jornaltimoneiro.com.br\/\",\"name\":\"Jornal Timoneiro Canoas RS\",\"description\":\"Jornal O Timoneiro, o verdadeiro jornal de Canoas\",\"publisher\":{\"@id\":\"https:\/\/jornaltimoneiro.com.br\/#organization\"},\"potentialAction\":[{\"@type\":\"SearchAction\",\"target\":{\"@type\":\"EntryPoint\",\"urlTemplate\":\"https:\/\/jornaltimoneiro.com.br\/?s={search_term_string}\"},\"query-input\":\"required name=search_term_string\"}],\"inLanguage\":\"pt-BR\"},{\"@type\":\"Organization\",\"@id\":\"https:\/\/jornaltimoneiro.com.br\/#organization\",\"name\":\"Jornal Timoneiro Canoas RS\",\"url\":\"https:\/\/jornaltimoneiro.com.br\/\",\"logo\":{\"@type\":\"ImageObject\",\"inLanguage\":\"pt-BR\",\"@id\":\"https:\/\/jornaltimoneiro.com.br\/#\/schema\/logo\/image\/\",\"url\":\"https:\/\/jornaltimoneiro.com.br\/wp-content\/uploads\/2023\/03\/logonovo.png\",\"contentUrl\":\"https:\/\/jornaltimoneiro.com.br\/wp-content\/uploads\/2023\/03\/logonovo.png\",\"width\":\"469\",\"height\":\"171\",\"caption\":\"Jornal Timoneiro Canoas RS\"},\"image\":{\"@id\":\"https:\/\/jornaltimoneiro.com.br\/#\/schema\/logo\/image\/\"},\"sameAs\":[\"https:\/\/www.facebook.com\/jornaltimoneiro\",\"https:\/\/twitter.com\/_OTimoneiro\",\"https:\/\/www.instagram.com\/jornaltimoneirocanoas\/\",\"https:\/\/www.youtube.com\/@jornalotimoneiro7927\"]},{\"@type\":\"Person\",\"@id\":\"https:\/\/jornaltimoneiro.com.br\/#\/schema\/person\/620efd1d8244466117482be494360b08\",\"name\":\"Reda\u00e7\u00e3o\",\"image\":{\"@type\":\"ImageObject\",\"inLanguage\":\"pt-BR\",\"@id\":\"https:\/\/jornaltimoneiro.com.br\/#\/schema\/person\/image\/\",\"url\":\"https:\/\/secure.gravatar.com\/avatar\/2f04e1b304682a8d9db336c7acd77f08?s=96&d=mm&r=g\",\"contentUrl\":\"https:\/\/secure.gravatar.com\/avatar\/2f04e1b304682a8d9db336c7acd77f08?s=96&d=mm&r=g\",\"caption\":\"Reda\u00e7\u00e3o\"},\"url\":\"https:\/\/jornaltimoneiro.com.br\/index.php\/author\/timoneirocanoas\/\"}]}<\/script>\n<!-- \/ Yoast SEO plugin. -->","yoast_head_json":{"title":"Deputado Federal Busato defende que seguran\u00e7a p\u00fablica \u00e9 a maior prioridade - O Timoneiro Jornal Canoas RS","robots":{"index":"index","follow":"follow","max-snippet":"max-snippet:-1","max-image-preview":"max-image-preview:large","max-video-preview":"max-video-preview:-1"},"canonical":"https:\/\/jornaltimoneiro.com.br\/index.php\/2015\/09\/25\/deputado-federal-busato-defende-que-seguranca-publica-e-a-maior-prioridade\/","og_locale":"pt_BR","og_type":"article","og_title":"Deputado Federal Busato defende que seguran\u00e7a p\u00fablica \u00e9 a maior prioridade - O Timoneiro Jornal Canoas RS","og_description":"Parlamentar que esteve presente no munic\u00edpio na quinta-feira, 25, afirmou que a seguran\u00e7a \u00e9 mais essencial que pastas como a sa\u00fade e a educa\u00e7\u00e3o.","og_url":"https:\/\/jornaltimoneiro.com.br\/index.php\/2015\/09\/25\/deputado-federal-busato-defende-que-seguranca-publica-e-a-maior-prioridade\/","og_site_name":"O Timoneiro Jornal Canoas RS","article_publisher":"https:\/\/www.facebook.com\/jornaltimoneiro","article_published_time":"2015-09-25T20:29:40+00:00","author":"Reda\u00e7\u00e3o","twitter_card":"summary_large_image","twitter_creator":"@_OTimoneiro","twitter_site":"@_OTimoneiro","twitter_misc":{"Escrito por":"Reda\u00e7\u00e3o","Est. tempo de leitura":"3 minutos"},"schema":{"@context":"https:\/\/schema.org","@graph":[{"@type":"Article","@id":"https:\/\/jornaltimoneiro.com.br\/index.php\/2015\/09\/25\/deputado-federal-busato-defende-que-seguranca-publica-e-a-maior-prioridade\/#article","isPartOf":{"@id":"https:\/\/jornaltimoneiro.com.br\/index.php\/2015\/09\/25\/deputado-federal-busato-defende-que-seguranca-publica-e-a-maior-prioridade\/"},"author":{"name":"Reda\u00e7\u00e3o","@id":"https:\/\/jornaltimoneiro.com.br\/#\/schema\/person\/620efd1d8244466117482be494360b08"},"headline":"Deputado Federal Busato defende que seguran\u00e7a p\u00fablica \u00e9 a maior prioridade","datePublished":"2015-09-25T20:29:40+00:00","dateModified":"2015-09-25T20:29:40+00:00","mainEntityOfPage":{"@id":"https:\/\/jornaltimoneiro.com.br\/index.php\/2015\/09\/25\/deputado-federal-busato-defende-que-seguranca-publica-e-a-maior-prioridade\/"},"wordCount":660,"commentCount":0,"publisher":{"@id":"https:\/\/jornaltimoneiro.com.br\/#organization"},"articleSection":["Destaques","Not\u00edcias","Pol\u00edtica"],"inLanguage":"pt-BR","potentialAction":[{"@type":"CommentAction","name":"Comment","target":["https:\/\/jornaltimoneiro.com.br\/index.php\/2015\/09\/25\/deputado-federal-busato-defende-que-seguranca-publica-e-a-maior-prioridade\/#respond"]}]},{"@type":"WebPage","@id":"https:\/\/jornaltimoneiro.com.br\/index.php\/2015\/09\/25\/deputado-federal-busato-defende-que-seguranca-publica-e-a-maior-prioridade\/","url":"https:\/\/jornaltimoneiro.com.br\/index.php\/2015\/09\/25\/deputado-federal-busato-defende-que-seguranca-publica-e-a-maior-prioridade\/","name":"Deputado Federal Busato defende que seguran\u00e7a p\u00fablica \u00e9 a maior prioridade - O Timoneiro Jornal Canoas RS","isPartOf":{"@id":"https:\/\/jornaltimoneiro.com.br\/#website"},"datePublished":"2015-09-25T20:29:40+00:00","dateModified":"2015-09-25T20:29:40+00:00","breadcrumb":{"@id":"https:\/\/jornaltimoneiro.com.br\/index.php\/2015\/09\/25\/deputado-federal-busato-defende-que-seguranca-publica-e-a-maior-prioridade\/#breadcrumb"},"inLanguage":"pt-BR","potentialAction":[{"@type":"ReadAction","target":["https:\/\/jornaltimoneiro.com.br\/index.php\/2015\/09\/25\/deputado-federal-busato-defende-que-seguranca-publica-e-a-maior-prioridade\/"]}]},{"@type":"BreadcrumbList","@id":"https:\/\/jornaltimoneiro.com.br\/index.php\/2015\/09\/25\/deputado-federal-busato-defende-que-seguranca-publica-e-a-maior-prioridade\/#breadcrumb","itemListElement":[{"@type":"ListItem","position":1,"name":"In\u00edcio","item":"https:\/\/jornaltimoneiro.com.br\/"},{"@type":"ListItem","position":2,"name":"Deputado Federal Busato defende que seguran\u00e7a p\u00fablica \u00e9 a maior prioridade"}]},{"@type":"WebSite","@id":"https:\/\/jornaltimoneiro.com.br\/#website","url":"https:\/\/jornaltimoneiro.com.br\/","name":"Jornal Timoneiro Canoas RS","description":"Jornal O Timoneiro, o verdadeiro jornal de Canoas","publisher":{"@id":"https:\/\/jornaltimoneiro.com.br\/#organization"},"potentialAction":[{"@type":"SearchAction","target":{"@type":"EntryPoint","urlTemplate":"https:\/\/jornaltimoneiro.com.br\/?s={search_term_string}"},"query-input":"required name=search_term_string"}],"inLanguage":"pt-BR"},{"@type":"Organization","@id":"https:\/\/jornaltimoneiro.com.br\/#organization","name":"Jornal Timoneiro Canoas RS","url":"https:\/\/jornaltimoneiro.com.br\/","logo":{"@type":"ImageObject","inLanguage":"pt-BR","@id":"https:\/\/jornaltimoneiro.com.br\/#\/schema\/logo\/image\/","url":"https:\/\/jornaltimoneiro.com.br\/wp-content\/uploads\/2023\/03\/logonovo.png","contentUrl":"https:\/\/jornaltimoneiro.com.br\/wp-content\/uploads\/2023\/03\/logonovo.png","width":"469","height":"171","caption":"Jornal Timoneiro Canoas RS"},"image":{"@id":"https:\/\/jornaltimoneiro.com.br\/#\/schema\/logo\/image\/"},"sameAs":["https:\/\/www.facebook.com\/jornaltimoneiro","https:\/\/twitter.com\/_OTimoneiro","https:\/\/www.instagram.com\/jornaltimoneirocanoas\/","https:\/\/www.youtube.com\/@jornalotimoneiro7927"]},{"@type":"Person","@id":"https:\/\/jornaltimoneiro.com.br\/#\/schema\/person\/620efd1d8244466117482be494360b08","name":"Reda\u00e7\u00e3o","image":{"@type":"ImageObject","inLanguage":"pt-BR","@id":"https:\/\/jornaltimoneiro.com.br\/#\/schema\/person\/image\/","url":"https:\/\/secure.gravatar.com\/avatar\/2f04e1b304682a8d9db336c7acd77f08?s=96&d=mm&r=g","contentUrl":"https:\/\/secure.gravatar.com\/avatar\/2f04e1b304682a8d9db336c7acd77f08?s=96&d=mm&r=g","caption":"Reda\u00e7\u00e3o"},"url":"https:\/\/jornaltimoneiro.com.br\/index.php\/author\/timoneirocanoas\/"}]}},"_links":{"self":[{"href":"https:\/\/jornaltimoneiro.com.br\/index.php\/wp-json\/wp\/v2\/posts\/1228"}],"collection":[{"href":"https:\/\/jornaltimoneiro.com.br\/index.php\/wp-json\/wp\/v2\/posts"}],"about":[{"href":"https:\/\/jornaltimoneiro.com.br\/index.php\/wp-json\/wp\/v2\/types\/post"}],"author":[{"embeddable":true,"href":"https:\/\/jornaltimoneiro.com.br\/index.php\/wp-json\/wp\/v2\/users\/1"}],"replies":[{"embeddable":true,"href":"https:\/\/jornaltimoneiro.com.br\/index.php\/wp-json\/wp\/v2\/comments?post=1228"}],"version-history":[{"count":0,"href":"https:\/\/jornaltimoneiro.com.br\/index.php\/wp-json\/wp\/v2\/posts\/1228\/revisions"}],"wp:featuredmedia":[{"embeddable":true,"href":"https:\/\/jornaltimoneiro.com.br\/index.php\/wp-json\/"}],"wp:attachment":[{"href":"https:\/\/jornaltimoneiro.com.br\/index.php\/wp-json\/wp\/v2\/media?parent=1228"}],"wp:term":[{"taxonomy":"category","embeddable":true,"href":"https:\/\/jornaltimoneiro.com.br\/index.php\/wp-json\/wp\/v2\/categories?post=1228"},{"taxonomy":"post_tag","embeddable":true,"href":"https:\/\/jornaltimoneiro.com.br\/index.php\/wp-json\/wp\/v2\/tags?post=1228"}],"curies":[{"name":"wp","href":"https:\/\/api.w.org\/{rel}","templated":true}]}}