{"id":12235,"date":"2019-02-08T08:00:15","date_gmt":"2019-02-08T10:00:15","guid":{"rendered":"https:\/\/jornaltimoneiro.com.br\/?p=12235"},"modified":"2019-02-07T19:57:54","modified_gmt":"2019-02-07T21:57:54","slug":"jorge-uequed-foi-eleito-alguem-submisso-ao-governo-o-senado-nao-esta-a-altura-do-brasil","status":"publish","type":"post","link":"https:\/\/jornaltimoneiro.com.br\/index.php\/2019\/02\/08\/jorge-uequed-foi-eleito-alguem-submisso-ao-governo-o-senado-nao-esta-a-altura-do-brasil\/","title":{"rendered":"Jorge Uequed: &#8220;Foi eleito algu\u00e9m submisso ao governo. O Senado n\u00e3o est\u00e1 \u00e0 altura do Brasil&#8221;"},"content":{"rendered":"<p><img decoding=\"async\" class=\"alignnone wp-image-11940 size-full\" src=\"https:\/\/jornaltimoneiro.com.br\/wp-content\/uploads\/2019\/01\/jorge-uequed.jpg\" alt=\"\" width=\"400\" height=\"266\" srcset=\"https:\/\/jornaltimoneiro.com.br\/wp-content\/uploads\/2019\/01\/jorge-uequed.jpg 400w, https:\/\/jornaltimoneiro.com.br\/wp-content\/uploads\/2019\/01\/jorge-uequed-300x200.jpg 300w\" sizes=\"(max-width: 400px) 100vw, 400px\" \/><br \/>\nJorge Uequed &#8211; Momento Pol\u00edtico<\/p>\n<h6>\n<strong>Renova\u00e7\u00e3o<\/strong><\/h6>\n<p>Ap\u00f3s a elei\u00e7\u00e3o presidencial, cresceu no pa\u00eds o esp\u00edrito de renova\u00e7\u00e3o.<br \/>\nNos debates para a elei\u00e7\u00e3o do pr\u00f3ximo pleito no munic\u00edpio de Canoas, come\u00e7aram a surgir nomes para a disputa.\u00a0Buscando renova\u00e7\u00e3o, um grupo de profissionais liberais come\u00e7ou a reunir-se para discutir alguns nomes. Uma das pessoas preferidas para ingressar na disputa \u00e9 o do corretor de im\u00f3veis Gilberto Manfroi, de reconhecida capacidade intelectual e idoneidade, e que na gest\u00e3o de seus neg\u00f3cios sempre manifestou grandes conhecimentos, bem como de sua cidade e de vis\u00e3o social.<\/p>\n<h6><strong>Erramos<\/strong><\/h6>\n<p>Recebi email em resposta a um t\u00f3pico de minha coluna, de Gilmar Pedruzzi, que publico na \u00edntegra:<\/p>\n<p><em>\u201cMat\u00e9ria mentirosa!<\/em><br \/>\n<em>Na coluna de pol\u00edtica do Timoneiro de 25 a 31.01.2019, foi publicada uma mat\u00e9ria totalmente mentirosa, visto que n\u00e3o existe nenhuma condena\u00e7\u00e3o contra mim. As fontes do Timoneiro (que dizem primar pela verdade), nem se deram ao trabalho de verificar as certid\u00f5es tanto da Justi\u00e7a Estadual, Federal e Tribunal de Contas da Uni\u00e3o, que s\u00e3o informa\u00e7\u00f5es p\u00fablicas, portanto, qualquer cidad\u00e3o tem acesso.\u00a0 Saliento que, padrinhos pol\u00edticos quem tem s\u00e3o os incompetentes, irrespons\u00e1veis e inexperientes. Espero que a verdade seja publicada com todas as letras, sem sarcasmo, sem maquiavelismo e com imparcialidade. Att. Gilmar Pedruzzi\u201d.<\/em><\/p>\n<p>Recebi este email ap\u00f3s a conclus\u00e3o do fechamento da edi\u00e7\u00e3o em quest\u00e3o, por este motivo a nota foi veiculada, e agora recebe este espa\u00e7o para resposta.<\/p>\n<h6>\n<strong>Que vergonha<\/strong><\/h6>\n<p>A sess\u00e3o preparat\u00f3ria da abertura dos trabalhos do Senado da Rep\u00fablica, realizado dia 2 de fevereiro, foi uma demonstra\u00e7\u00e3o triste da realidade da Casa legislativa.<\/p>\n<p>Quem assistiu aos debates e presenciou as oito horas em que os 81 senadores prepararam a elei\u00e7\u00e3o do novo presidente ficou indignado com a baixaria, a irresponsabilidade, e incompet\u00eancia da grande maioria dos parlamentares. N\u00e3o bastasse isso, a discuss\u00e3o infantil de que elei\u00e7\u00e3o seria aberta ou fechada precisou da interven\u00e7\u00e3o do Supremo Tribunal Federal. Um dia n\u00e3o foi suficiente para bobageira, e marcaram para o dia seguinte a realiza\u00e7\u00e3o da elei\u00e7\u00e3o. Mas o pior ainda estava por vir. Realizada em reuni\u00e3o secreta, com votos colocados na urna, num total de 81, foi determinada a comiss\u00e3o para o encortine. Parece piada, mas na urna apareceram 82 votos.<\/p>\n<p>Foi uma tristeza, trapa\u00e7a at\u00e9 na elei\u00e7\u00e3o. Quebra do respeito e da confian\u00e7a. Depois de v\u00e1rias horas de discuss\u00e3o, fizeram uma nova elei\u00e7\u00e3o.<\/p>\n<p>Quando o filho do presidente manifestou seu voto pelo candidato do Partido Democrata, aliado do governo, o senador Renan Calheiros, que disputava o segundo turno, retirou sua candidatura.<\/p>\n<p>Foi eleito o presidente do Senado algu\u00e9m submisso ao governo que, assim, det\u00e9m o comando das duas Casas legislativas. No final, quem perdeu foi o respeito pela casa legislativa, que n\u00e3o est\u00e1 \u00e0 altura do novo Brasil.<\/p>\n<p>O melhor mesmo n\u00e3o seria fazer uma nova elei\u00e7\u00e3o para presidente do Senado, mas sim uma nova elei\u00e7\u00e3o para os representantes do Senado.<\/p>\n","protected":false},"excerpt":{"rendered":"<p>Jorge Uequed &#8211; Momento Pol\u00edtico Renova\u00e7\u00e3o Ap\u00f3s a elei\u00e7\u00e3o presidencial, cresceu no pa\u00eds o esp\u00edrito de renova\u00e7\u00e3o. Nos debates para a elei\u00e7\u00e3o do pr\u00f3ximo pleito no munic\u00edpio de Canoas, come\u00e7aram a surgir nomes para a disputa.\u00a0Buscando renova\u00e7\u00e3o, um grupo de profissionais liberais come\u00e7ou a reunir-se para discutir alguns nomes. Uma das pessoas preferidas para ingressar [&hellip;]<\/p>\n","protected":false},"author":2,"featured_media":11940,"comment_status":"closed","ping_status":"closed","sticky":false,"template":"","format":"standard","meta":{"amp_status":"","footnotes":""},"categories":[21],"tags":[],"class_list":["post-12235","post","type-post","status-publish","format-standard","has-post-thumbnail","hentry","category-opiniao"],"yoast_head":"<!-- This site is optimized with the Yoast SEO plugin v20.5 - https:\/\/yoast.com\/wordpress\/plugins\/seo\/ -->\n<title>Jorge Uequed: &quot;Foi eleito algu\u00e9m submisso ao governo. O Senado n\u00e3o est\u00e1 \u00e0 altura do Brasil&quot; - O Timoneiro Jornal Canoas RS<\/title>\n<meta name=\"robots\" content=\"index, follow, max-snippet:-1, max-image-preview:large, max-video-preview:-1\" \/>\n<link rel=\"canonical\" href=\"https:\/\/jornaltimoneiro.com.br\/index.php\/2019\/02\/08\/jorge-uequed-foi-eleito-alguem-submisso-ao-governo-o-senado-nao-esta-a-altura-do-brasil\/\" \/>\n<meta property=\"og:locale\" content=\"pt_BR\" \/>\n<meta property=\"og:type\" content=\"article\" \/>\n<meta property=\"og:title\" content=\"Jorge Uequed: &quot;Foi eleito algu\u00e9m submisso ao governo. O Senado n\u00e3o est\u00e1 \u00e0 altura do Brasil&quot; - O Timoneiro Jornal Canoas RS\" \/>\n<meta property=\"og:description\" content=\"Jorge Uequed &#8211; Momento Pol\u00edtico Renova\u00e7\u00e3o Ap\u00f3s a elei\u00e7\u00e3o presidencial, cresceu no pa\u00eds o esp\u00edrito de renova\u00e7\u00e3o. Nos debates para a elei\u00e7\u00e3o do pr\u00f3ximo pleito no munic\u00edpio de Canoas, come\u00e7aram a surgir nomes para a disputa.\u00a0Buscando renova\u00e7\u00e3o, um grupo de profissionais liberais come\u00e7ou a reunir-se para discutir alguns nomes. Uma das pessoas preferidas para ingressar [&hellip;]\" \/>\n<meta property=\"og:url\" content=\"https:\/\/jornaltimoneiro.com.br\/index.php\/2019\/02\/08\/jorge-uequed-foi-eleito-alguem-submisso-ao-governo-o-senado-nao-esta-a-altura-do-brasil\/\" \/>\n<meta property=\"og:site_name\" content=\"O Timoneiro Jornal Canoas RS\" \/>\n<meta property=\"article:publisher\" content=\"https:\/\/www.facebook.com\/jornaltimoneiro\" \/>\n<meta property=\"article:published_time\" content=\"2019-02-08T10:00:15+00:00\" \/>\n<meta property=\"article:modified_time\" content=\"2019-02-07T21:57:54+00:00\" \/>\n<meta property=\"og:image\" content=\"https:\/\/jornaltimoneiro.com.br\/wp-content\/uploads\/2019\/01\/jorge-uequed.jpg\" \/>\n\t<meta property=\"og:image:width\" content=\"400\" \/>\n\t<meta property=\"og:image:height\" content=\"266\" \/>\n\t<meta property=\"og:image:type\" content=\"image\/jpeg\" \/>\n<meta name=\"author\" content=\"Reda\u00e7\u00e3o\" \/>\n<meta name=\"twitter:card\" content=\"summary_large_image\" \/>\n<meta name=\"twitter:creator\" content=\"@_OTimoneiro\" \/>\n<meta name=\"twitter:site\" content=\"@_OTimoneiro\" \/>\n<meta name=\"twitter:label1\" content=\"Escrito por\" \/>\n\t<meta name=\"twitter:data1\" content=\"Reda\u00e7\u00e3o\" \/>\n\t<meta name=\"twitter:label2\" content=\"Est. tempo de leitura\" \/>\n\t<meta name=\"twitter:data2\" content=\"3 minutos\" \/>\n<script type=\"application\/ld+json\" class=\"yoast-schema-graph\">{\"@context\":\"https:\/\/schema.org\",\"@graph\":[{\"@type\":\"Article\",\"@id\":\"https:\/\/jornaltimoneiro.com.br\/index.php\/2019\/02\/08\/jorge-uequed-foi-eleito-alguem-submisso-ao-governo-o-senado-nao-esta-a-altura-do-brasil\/#article\",\"isPartOf\":{\"@id\":\"https:\/\/jornaltimoneiro.com.br\/index.php\/2019\/02\/08\/jorge-uequed-foi-eleito-alguem-submisso-ao-governo-o-senado-nao-esta-a-altura-do-brasil\/\"},\"author\":{\"name\":\"Reda\u00e7\u00e3o\",\"@id\":\"https:\/\/jornaltimoneiro.com.br\/#\/schema\/person\/f63482f1a02b1a9592707865e509ab40\"},\"headline\":\"Jorge Uequed: &#8220;Foi eleito algu\u00e9m submisso ao governo. O Senado n\u00e3o est\u00e1 \u00e0 altura do Brasil&#8221;\",\"datePublished\":\"2019-02-08T10:00:15+00:00\",\"dateModified\":\"2019-02-07T21:57:54+00:00\",\"mainEntityOfPage\":{\"@id\":\"https:\/\/jornaltimoneiro.com.br\/index.php\/2019\/02\/08\/jorge-uequed-foi-eleito-alguem-submisso-ao-governo-o-senado-nao-esta-a-altura-do-brasil\/\"},\"wordCount\":550,\"publisher\":{\"@id\":\"https:\/\/jornaltimoneiro.com.br\/#organization\"},\"articleSection\":[\"Opini\u00e3o\"],\"inLanguage\":\"pt-BR\"},{\"@type\":\"WebPage\",\"@id\":\"https:\/\/jornaltimoneiro.com.br\/index.php\/2019\/02\/08\/jorge-uequed-foi-eleito-alguem-submisso-ao-governo-o-senado-nao-esta-a-altura-do-brasil\/\",\"url\":\"https:\/\/jornaltimoneiro.com.br\/index.php\/2019\/02\/08\/jorge-uequed-foi-eleito-alguem-submisso-ao-governo-o-senado-nao-esta-a-altura-do-brasil\/\",\"name\":\"Jorge Uequed: \\\"Foi eleito algu\u00e9m submisso ao governo. O Senado n\u00e3o est\u00e1 \u00e0 altura do Brasil\\\" - O Timoneiro Jornal Canoas RS\",\"isPartOf\":{\"@id\":\"https:\/\/jornaltimoneiro.com.br\/#website\"},\"datePublished\":\"2019-02-08T10:00:15+00:00\",\"dateModified\":\"2019-02-07T21:57:54+00:00\",\"breadcrumb\":{\"@id\":\"https:\/\/jornaltimoneiro.com.br\/index.php\/2019\/02\/08\/jorge-uequed-foi-eleito-alguem-submisso-ao-governo-o-senado-nao-esta-a-altura-do-brasil\/#breadcrumb\"},\"inLanguage\":\"pt-BR\",\"potentialAction\":[{\"@type\":\"ReadAction\",\"target\":[\"https:\/\/jornaltimoneiro.com.br\/index.php\/2019\/02\/08\/jorge-uequed-foi-eleito-alguem-submisso-ao-governo-o-senado-nao-esta-a-altura-do-brasil\/\"]}]},{\"@type\":\"BreadcrumbList\",\"@id\":\"https:\/\/jornaltimoneiro.com.br\/index.php\/2019\/02\/08\/jorge-uequed-foi-eleito-alguem-submisso-ao-governo-o-senado-nao-esta-a-altura-do-brasil\/#breadcrumb\",\"itemListElement\":[{\"@type\":\"ListItem\",\"position\":1,\"name\":\"In\u00edcio\",\"item\":\"https:\/\/jornaltimoneiro.com.br\/\"},{\"@type\":\"ListItem\",\"position\":2,\"name\":\"Jorge Uequed: &#8220;Foi eleito algu\u00e9m submisso ao governo. O Senado n\u00e3o est\u00e1 \u00e0 altura do Brasil&#8221;\"}]},{\"@type\":\"WebSite\",\"@id\":\"https:\/\/jornaltimoneiro.com.br\/#website\",\"url\":\"https:\/\/jornaltimoneiro.com.br\/\",\"name\":\"Jornal Timoneiro Canoas RS\",\"description\":\"Jornal O Timoneiro, o verdadeiro jornal de Canoas\",\"publisher\":{\"@id\":\"https:\/\/jornaltimoneiro.com.br\/#organization\"},\"potentialAction\":[{\"@type\":\"SearchAction\",\"target\":{\"@type\":\"EntryPoint\",\"urlTemplate\":\"https:\/\/jornaltimoneiro.com.br\/?s={search_term_string}\"},\"query-input\":\"required name=search_term_string\"}],\"inLanguage\":\"pt-BR\"},{\"@type\":\"Organization\",\"@id\":\"https:\/\/jornaltimoneiro.com.br\/#organization\",\"name\":\"Jornal Timoneiro Canoas RS\",\"url\":\"https:\/\/jornaltimoneiro.com.br\/\",\"logo\":{\"@type\":\"ImageObject\",\"inLanguage\":\"pt-BR\",\"@id\":\"https:\/\/jornaltimoneiro.com.br\/#\/schema\/logo\/image\/\",\"url\":\"https:\/\/jornaltimoneiro.com.br\/wp-content\/uploads\/2023\/03\/logonovo.png\",\"contentUrl\":\"https:\/\/jornaltimoneiro.com.br\/wp-content\/uploads\/2023\/03\/logonovo.png\",\"width\":\"469\",\"height\":\"171\",\"caption\":\"Jornal Timoneiro Canoas RS\"},\"image\":{\"@id\":\"https:\/\/jornaltimoneiro.com.br\/#\/schema\/logo\/image\/\"},\"sameAs\":[\"https:\/\/www.facebook.com\/jornaltimoneiro\",\"https:\/\/twitter.com\/_OTimoneiro\",\"https:\/\/www.instagram.com\/jornaltimoneirocanoas\/\",\"https:\/\/www.youtube.com\/@jornalotimoneiro7927\"]},{\"@type\":\"Person\",\"@id\":\"https:\/\/jornaltimoneiro.com.br\/#\/schema\/person\/f63482f1a02b1a9592707865e509ab40\",\"name\":\"Reda\u00e7\u00e3o\",\"image\":{\"@type\":\"ImageObject\",\"inLanguage\":\"pt-BR\",\"@id\":\"https:\/\/jornaltimoneiro.com.br\/#\/schema\/person\/image\/\",\"url\":\"https:\/\/jornaltimoneiro.com.br\/wp-content\/uploads\/2023\/03\/download.jpeg\",\"contentUrl\":\"https:\/\/jornaltimoneiro.com.br\/wp-content\/uploads\/2023\/03\/download.jpeg\",\"caption\":\"Reda\u00e7\u00e3o\"},\"url\":\"https:\/\/jornaltimoneiro.com.br\/index.php\/author\/simone-dutra\/\"}]}<\/script>\n<!-- \/ Yoast SEO plugin. -->","yoast_head_json":{"title":"Jorge Uequed: \"Foi eleito algu\u00e9m submisso ao governo. O Senado n\u00e3o est\u00e1 \u00e0 altura do Brasil\" - O Timoneiro Jornal Canoas RS","robots":{"index":"index","follow":"follow","max-snippet":"max-snippet:-1","max-image-preview":"max-image-preview:large","max-video-preview":"max-video-preview:-1"},"canonical":"https:\/\/jornaltimoneiro.com.br\/index.php\/2019\/02\/08\/jorge-uequed-foi-eleito-alguem-submisso-ao-governo-o-senado-nao-esta-a-altura-do-brasil\/","og_locale":"pt_BR","og_type":"article","og_title":"Jorge Uequed: \"Foi eleito algu\u00e9m submisso ao governo. O Senado n\u00e3o est\u00e1 \u00e0 altura do Brasil\" - O Timoneiro Jornal Canoas RS","og_description":"Jorge Uequed &#8211; Momento Pol\u00edtico Renova\u00e7\u00e3o Ap\u00f3s a elei\u00e7\u00e3o presidencial, cresceu no pa\u00eds o esp\u00edrito de renova\u00e7\u00e3o. Nos debates para a elei\u00e7\u00e3o do pr\u00f3ximo pleito no munic\u00edpio de Canoas, come\u00e7aram a surgir nomes para a disputa.\u00a0Buscando renova\u00e7\u00e3o, um grupo de profissionais liberais come\u00e7ou a reunir-se para discutir alguns nomes. Uma das pessoas preferidas para ingressar [&hellip;]","og_url":"https:\/\/jornaltimoneiro.com.br\/index.php\/2019\/02\/08\/jorge-uequed-foi-eleito-alguem-submisso-ao-governo-o-senado-nao-esta-a-altura-do-brasil\/","og_site_name":"O Timoneiro Jornal Canoas RS","article_publisher":"https:\/\/www.facebook.com\/jornaltimoneiro","article_published_time":"2019-02-08T10:00:15+00:00","article_modified_time":"2019-02-07T21:57:54+00:00","og_image":[{"width":400,"height":266,"url":"https:\/\/jornaltimoneiro.com.br\/wp-content\/uploads\/2019\/01\/jorge-uequed.jpg","type":"image\/jpeg"}],"author":"Reda\u00e7\u00e3o","twitter_card":"summary_large_image","twitter_creator":"@_OTimoneiro","twitter_site":"@_OTimoneiro","twitter_misc":{"Escrito por":"Reda\u00e7\u00e3o","Est. tempo de leitura":"3 minutos"},"schema":{"@context":"https:\/\/schema.org","@graph":[{"@type":"Article","@id":"https:\/\/jornaltimoneiro.com.br\/index.php\/2019\/02\/08\/jorge-uequed-foi-eleito-alguem-submisso-ao-governo-o-senado-nao-esta-a-altura-do-brasil\/#article","isPartOf":{"@id":"https:\/\/jornaltimoneiro.com.br\/index.php\/2019\/02\/08\/jorge-uequed-foi-eleito-alguem-submisso-ao-governo-o-senado-nao-esta-a-altura-do-brasil\/"},"author":{"name":"Reda\u00e7\u00e3o","@id":"https:\/\/jornaltimoneiro.com.br\/#\/schema\/person\/f63482f1a02b1a9592707865e509ab40"},"headline":"Jorge Uequed: &#8220;Foi eleito algu\u00e9m submisso ao governo. O Senado n\u00e3o est\u00e1 \u00e0 altura do Brasil&#8221;","datePublished":"2019-02-08T10:00:15+00:00","dateModified":"2019-02-07T21:57:54+00:00","mainEntityOfPage":{"@id":"https:\/\/jornaltimoneiro.com.br\/index.php\/2019\/02\/08\/jorge-uequed-foi-eleito-alguem-submisso-ao-governo-o-senado-nao-esta-a-altura-do-brasil\/"},"wordCount":550,"publisher":{"@id":"https:\/\/jornaltimoneiro.com.br\/#organization"},"articleSection":["Opini\u00e3o"],"inLanguage":"pt-BR"},{"@type":"WebPage","@id":"https:\/\/jornaltimoneiro.com.br\/index.php\/2019\/02\/08\/jorge-uequed-foi-eleito-alguem-submisso-ao-governo-o-senado-nao-esta-a-altura-do-brasil\/","url":"https:\/\/jornaltimoneiro.com.br\/index.php\/2019\/02\/08\/jorge-uequed-foi-eleito-alguem-submisso-ao-governo-o-senado-nao-esta-a-altura-do-brasil\/","name":"Jorge Uequed: \"Foi eleito algu\u00e9m submisso ao governo. O Senado n\u00e3o est\u00e1 \u00e0 altura do Brasil\" - O Timoneiro Jornal Canoas RS","isPartOf":{"@id":"https:\/\/jornaltimoneiro.com.br\/#website"},"datePublished":"2019-02-08T10:00:15+00:00","dateModified":"2019-02-07T21:57:54+00:00","breadcrumb":{"@id":"https:\/\/jornaltimoneiro.com.br\/index.php\/2019\/02\/08\/jorge-uequed-foi-eleito-alguem-submisso-ao-governo-o-senado-nao-esta-a-altura-do-brasil\/#breadcrumb"},"inLanguage":"pt-BR","potentialAction":[{"@type":"ReadAction","target":["https:\/\/jornaltimoneiro.com.br\/index.php\/2019\/02\/08\/jorge-uequed-foi-eleito-alguem-submisso-ao-governo-o-senado-nao-esta-a-altura-do-brasil\/"]}]},{"@type":"BreadcrumbList","@id":"https:\/\/jornaltimoneiro.com.br\/index.php\/2019\/02\/08\/jorge-uequed-foi-eleito-alguem-submisso-ao-governo-o-senado-nao-esta-a-altura-do-brasil\/#breadcrumb","itemListElement":[{"@type":"ListItem","position":1,"name":"In\u00edcio","item":"https:\/\/jornaltimoneiro.com.br\/"},{"@type":"ListItem","position":2,"name":"Jorge Uequed: &#8220;Foi eleito algu\u00e9m submisso ao governo. O Senado n\u00e3o est\u00e1 \u00e0 altura do Brasil&#8221;"}]},{"@type":"WebSite","@id":"https:\/\/jornaltimoneiro.com.br\/#website","url":"https:\/\/jornaltimoneiro.com.br\/","name":"Jornal Timoneiro Canoas RS","description":"Jornal O Timoneiro, o verdadeiro jornal de Canoas","publisher":{"@id":"https:\/\/jornaltimoneiro.com.br\/#organization"},"potentialAction":[{"@type":"SearchAction","target":{"@type":"EntryPoint","urlTemplate":"https:\/\/jornaltimoneiro.com.br\/?s={search_term_string}"},"query-input":"required name=search_term_string"}],"inLanguage":"pt-BR"},{"@type":"Organization","@id":"https:\/\/jornaltimoneiro.com.br\/#organization","name":"Jornal Timoneiro Canoas RS","url":"https:\/\/jornaltimoneiro.com.br\/","logo":{"@type":"ImageObject","inLanguage":"pt-BR","@id":"https:\/\/jornaltimoneiro.com.br\/#\/schema\/logo\/image\/","url":"https:\/\/jornaltimoneiro.com.br\/wp-content\/uploads\/2023\/03\/logonovo.png","contentUrl":"https:\/\/jornaltimoneiro.com.br\/wp-content\/uploads\/2023\/03\/logonovo.png","width":"469","height":"171","caption":"Jornal Timoneiro Canoas RS"},"image":{"@id":"https:\/\/jornaltimoneiro.com.br\/#\/schema\/logo\/image\/"},"sameAs":["https:\/\/www.facebook.com\/jornaltimoneiro","https:\/\/twitter.com\/_OTimoneiro","https:\/\/www.instagram.com\/jornaltimoneirocanoas\/","https:\/\/www.youtube.com\/@jornalotimoneiro7927"]},{"@type":"Person","@id":"https:\/\/jornaltimoneiro.com.br\/#\/schema\/person\/f63482f1a02b1a9592707865e509ab40","name":"Reda\u00e7\u00e3o","image":{"@type":"ImageObject","inLanguage":"pt-BR","@id":"https:\/\/jornaltimoneiro.com.br\/#\/schema\/person\/image\/","url":"https:\/\/jornaltimoneiro.com.br\/wp-content\/uploads\/2023\/03\/download.jpeg","contentUrl":"https:\/\/jornaltimoneiro.com.br\/wp-content\/uploads\/2023\/03\/download.jpeg","caption":"Reda\u00e7\u00e3o"},"url":"https:\/\/jornaltimoneiro.com.br\/index.php\/author\/simone-dutra\/"}]}},"_links":{"self":[{"href":"https:\/\/jornaltimoneiro.com.br\/index.php\/wp-json\/wp\/v2\/posts\/12235"}],"collection":[{"href":"https:\/\/jornaltimoneiro.com.br\/index.php\/wp-json\/wp\/v2\/posts"}],"about":[{"href":"https:\/\/jornaltimoneiro.com.br\/index.php\/wp-json\/wp\/v2\/types\/post"}],"author":[{"embeddable":true,"href":"https:\/\/jornaltimoneiro.com.br\/index.php\/wp-json\/wp\/v2\/users\/2"}],"replies":[{"embeddable":true,"href":"https:\/\/jornaltimoneiro.com.br\/index.php\/wp-json\/wp\/v2\/comments?post=12235"}],"version-history":[{"count":0,"href":"https:\/\/jornaltimoneiro.com.br\/index.php\/wp-json\/wp\/v2\/posts\/12235\/revisions"}],"wp:featuredmedia":[{"embeddable":true,"href":"https:\/\/jornaltimoneiro.com.br\/index.php\/wp-json\/wp\/v2\/media\/11940"}],"wp:attachment":[{"href":"https:\/\/jornaltimoneiro.com.br\/index.php\/wp-json\/wp\/v2\/media?parent=12235"}],"wp:term":[{"taxonomy":"category","embeddable":true,"href":"https:\/\/jornaltimoneiro.com.br\/index.php\/wp-json\/wp\/v2\/categories?post=12235"},{"taxonomy":"post_tag","embeddable":true,"href":"https:\/\/jornaltimoneiro.com.br\/index.php\/wp-json\/wp\/v2\/tags?post=12235"}],"curies":[{"name":"wp","href":"https:\/\/api.w.org\/{rel}","templated":true}]}}