{"id":12232,"date":"2019-02-08T08:00:46","date_gmt":"2019-02-08T10:00:46","guid":{"rendered":"https:\/\/jornaltimoneiro.com.br\/?p=12232"},"modified":"2019-02-11T13:40:59","modified_gmt":"2019-02-11T15:40:59","slug":"continua-o-impasse-no-hospital-nossa-senhora-das-gracas","status":"publish","type":"post","link":"https:\/\/jornaltimoneiro.com.br\/index.php\/2019\/02\/08\/continua-o-impasse-no-hospital-nossa-senhora-das-gracas\/","title":{"rendered":"Continua o impasse no Hospital Nossa Senhora das Gra\u00e7as"},"content":{"rendered":"<p><img decoding=\"async\" class=\"alignnone wp-image-12233 size-full\" src=\"https:\/\/jornaltimoneiro.com.br\/wp-content\/uploads\/2019\/02\/170322_Canoas_Gracinha_Reuni\u00e3o-rotineiros-e-superintend\u00eancia_Juliane-Soska-8-800x445.jpg\" alt=\"\" width=\"800\" height=\"445\" srcset=\"https:\/\/jornaltimoneiro.com.br\/wp-content\/uploads\/2019\/02\/170322_Canoas_Gracinha_Reuni\u00e3o-rotineiros-e-superintend\u00eancia_Juliane-Soska-8-800x445.jpg 800w, https:\/\/jornaltimoneiro.com.br\/wp-content\/uploads\/2019\/02\/170322_Canoas_Gracinha_Reuni\u00e3o-rotineiros-e-superintend\u00eancia_Juliane-Soska-8-800x445-300x167.jpg 300w, https:\/\/jornaltimoneiro.com.br\/wp-content\/uploads\/2019\/02\/170322_Canoas_Gracinha_Reuni\u00e3o-rotineiros-e-superintend\u00eancia_Juliane-Soska-8-800x445-768x427.jpg 768w, https:\/\/jornaltimoneiro.com.br\/wp-content\/uploads\/2019\/02\/170322_Canoas_Gracinha_Reuni\u00e3o-rotineiros-e-superintend\u00eancia_Juliane-Soska-8-800x445-696x387.jpg 696w, https:\/\/jornaltimoneiro.com.br\/wp-content\/uploads\/2019\/02\/170322_Canoas_Gracinha_Reuni\u00e3o-rotineiros-e-superintend\u00eancia_Juliane-Soska-8-800x445-755x420.jpg 755w\" sizes=\"(max-width: 800px) 100vw, 800px\" \/><\/p>\n<p>O jornal Timoneiro destacou, na edi\u00e7\u00e3o da \u00faltima semana, o impasse envolvendo o Hospital Nossa Senhora das Gra\u00e7as (HNSG) e seu futuro. A situa\u00e7\u00e3o tem sido debatida em reuni\u00f5es entre a Prefeitura de Canoas, Minist\u00e9rio P\u00fablico (MP), Sindicatos e a Sociedade Sulina Divina Provid\u00eancia, que ainda n\u00e3o definiu se prestar\u00e1 consultoria na gest\u00e3o do HNSG.<\/p>\n<h6>Reaproxima\u00e7\u00e3o<\/h6>\n<p>Em reuni\u00e3o com membros da Divina na \u00faltima sexta-feira, 1\u00ba, o prefeito Luiz Carlos Busato (PTB) se prop\u00f4s a intermediar o di\u00e1logo com a Associa\u00e7\u00e3o Beneficente de Canoas (ABC), mantenedora do hospital. Um impasse entre as dire\u00e7\u00f5es das duas institui\u00e7\u00f5es \u00e9 o que teria esfriado as negocia\u00e7\u00f5es.<\/p>\n<p>No encontro, Busato afirma que conseguiu reabrir a porta de di\u00e1logo com a dire\u00e7\u00e3o da Divina Provid\u00eancia. Durante a conversa, a dire\u00e7\u00e3o da Sociedade Sulina explicitou as condi\u00e7\u00f5es sob as quais se prop\u00f5e a participar do processo de recupera\u00e7\u00e3o do hospital &#8211; o que inclui o trabalho de consultoria com autonomia e sem aporte financeiro.<\/p>\n<p>\u201cMesmo o Gra\u00e7as sendo uma institui\u00e7\u00e3o privada, queremos evitar o fechamento e proporcionar ao hospital um choque de gest\u00e3o que o torne um local de refer\u00eancia em atendimento m\u00e9dico. N\u00e3o vemos outra solu\u00e7\u00e3o para o hospital a n\u00e3o ser aceitar a contribui\u00e7\u00e3o de uma entidade com reputa\u00e7\u00e3o e hist\u00f3rico de boa gest\u00e3o\u201d, afirma o prefeito.<\/p>\n<p>Representando a Sociedade Sulina Divina Provid\u00eancia, participaram da reuni\u00e3o a presidente Irm\u00e3 Clair Teresinha Agnes, o diretor de Prop\u00f3sito e Desenvolvimento Mario Neto, e o diretor de Opera\u00e7\u00f5es Jos\u00e9 Cl\u00f3vis Soares.<\/p>\n<p>A Prefeitura, em nota, afirma que est\u00e1 aguardando a posi\u00e7\u00e3o da ABC, que estuda as propostas de consultoria para qualifica\u00e7\u00e3o da gest\u00e3o do Hospital Nossa Senhora das Gra\u00e7as. O Munic\u00edpio recebeu na \u00faltima quinta-feira, 7, representantes do Sindicato M\u00e9dico do Rio Grande do Sul (Simers), que tamb\u00e9m esperam pela defini\u00e7\u00e3o da ABC.<\/p>\n<h6>Repasse<\/h6>\n<p>A Prefeitura ainda afirma que realizou, na sexta-feira, 1\u00ba, um novo adiantamento, no valor de R$ 400 mil para auxiliar o Hospital Nossa Senhora das Gra\u00e7as em suas necessidades emergenciais. J\u00e1 no dia 7, foram repassados outros R$ 4 milh\u00f5es para que a institui\u00e7\u00e3o fa\u00e7a o pagamento de sal\u00e1rios.<\/p>\n<h6>ABC e Divina<\/h6>\n<p>A reportagem tentou contato com as duas entidades, mas estas preferiram n\u00e3o se manifestar sobre o assunto.<\/p>\n","protected":false},"excerpt":{"rendered":"<p>O jornal Timoneiro destacou, na edi\u00e7\u00e3o da \u00faltima semana, o impasse envolvendo o Hospital Nossa Senhora das Gra\u00e7as (HNSG) e seu futuro. A situa\u00e7\u00e3o tem sido debatida em reuni\u00f5es entre a Prefeitura de Canoas, Minist\u00e9rio P\u00fablico (MP), Sindicatos e a Sociedade Sulina Divina Provid\u00eancia, que ainda n\u00e3o definiu se prestar\u00e1 consultoria na gest\u00e3o do HNSG. [&hellip;]<\/p>\n","protected":false},"author":2,"featured_media":12233,"comment_status":"closed","ping_status":"closed","sticky":false,"template":"","format":"standard","meta":{"amp_status":"","footnotes":""},"categories":[26],"tags":[],"class_list":["post-12232","post","type-post","status-publish","format-standard","has-post-thumbnail","hentry","category-saude"],"yoast_head":"<!-- This site is optimized with the Yoast SEO plugin v20.5 - https:\/\/yoast.com\/wordpress\/plugins\/seo\/ -->\n<title>Continua o impasse no Hospital Nossa Senhora das Gra\u00e7as - O Timoneiro Jornal Canoas RS<\/title>\n<meta name=\"robots\" content=\"index, follow, max-snippet:-1, max-image-preview:large, max-video-preview:-1\" \/>\n<link rel=\"canonical\" href=\"https:\/\/jornaltimoneiro.com.br\/index.php\/2019\/02\/08\/continua-o-impasse-no-hospital-nossa-senhora-das-gracas\/\" \/>\n<meta property=\"og:locale\" content=\"pt_BR\" \/>\n<meta property=\"og:type\" content=\"article\" \/>\n<meta property=\"og:title\" content=\"Continua o impasse no Hospital Nossa Senhora das Gra\u00e7as - O Timoneiro Jornal Canoas RS\" \/>\n<meta property=\"og:description\" content=\"O jornal Timoneiro destacou, na edi\u00e7\u00e3o da \u00faltima semana, o impasse envolvendo o Hospital Nossa Senhora das Gra\u00e7as (HNSG) e seu futuro. A situa\u00e7\u00e3o tem sido debatida em reuni\u00f5es entre a Prefeitura de Canoas, Minist\u00e9rio P\u00fablico (MP), Sindicatos e a Sociedade Sulina Divina Provid\u00eancia, que ainda n\u00e3o definiu se prestar\u00e1 consultoria na gest\u00e3o do HNSG. [&hellip;]\" \/>\n<meta property=\"og:url\" content=\"https:\/\/jornaltimoneiro.com.br\/index.php\/2019\/02\/08\/continua-o-impasse-no-hospital-nossa-senhora-das-gracas\/\" \/>\n<meta property=\"og:site_name\" content=\"O Timoneiro Jornal Canoas RS\" \/>\n<meta property=\"article:publisher\" content=\"https:\/\/www.facebook.com\/jornaltimoneiro\" \/>\n<meta property=\"article:published_time\" content=\"2019-02-08T10:00:46+00:00\" \/>\n<meta property=\"article:modified_time\" content=\"2019-02-11T15:40:59+00:00\" \/>\n<meta property=\"og:image\" content=\"https:\/\/jornaltimoneiro.com.br\/wp-content\/uploads\/2019\/02\/170322_Canoas_Gracinha_Reuni\u00e3o-rotineiros-e-superintend\u00eancia_Juliane-Soska-8-800x445.jpg\" \/>\n\t<meta property=\"og:image:width\" content=\"800\" \/>\n\t<meta property=\"og:image:height\" content=\"445\" \/>\n\t<meta property=\"og:image:type\" content=\"image\/jpeg\" \/>\n<meta name=\"author\" content=\"Reda\u00e7\u00e3o\" \/>\n<meta name=\"twitter:card\" content=\"summary_large_image\" \/>\n<meta name=\"twitter:creator\" content=\"@_OTimoneiro\" \/>\n<meta name=\"twitter:site\" content=\"@_OTimoneiro\" \/>\n<meta name=\"twitter:label1\" content=\"Escrito por\" \/>\n\t<meta name=\"twitter:data1\" content=\"Reda\u00e7\u00e3o\" \/>\n\t<meta name=\"twitter:label2\" content=\"Est. tempo de leitura\" \/>\n\t<meta name=\"twitter:data2\" content=\"2 minutos\" \/>\n<script type=\"application\/ld+json\" class=\"yoast-schema-graph\">{\"@context\":\"https:\/\/schema.org\",\"@graph\":[{\"@type\":\"Article\",\"@id\":\"https:\/\/jornaltimoneiro.com.br\/index.php\/2019\/02\/08\/continua-o-impasse-no-hospital-nossa-senhora-das-gracas\/#article\",\"isPartOf\":{\"@id\":\"https:\/\/jornaltimoneiro.com.br\/index.php\/2019\/02\/08\/continua-o-impasse-no-hospital-nossa-senhora-das-gracas\/\"},\"author\":{\"name\":\"Reda\u00e7\u00e3o\",\"@id\":\"https:\/\/jornaltimoneiro.com.br\/#\/schema\/person\/f63482f1a02b1a9592707865e509ab40\"},\"headline\":\"Continua o impasse no Hospital Nossa Senhora das Gra\u00e7as\",\"datePublished\":\"2019-02-08T10:00:46+00:00\",\"dateModified\":\"2019-02-11T15:40:59+00:00\",\"mainEntityOfPage\":{\"@id\":\"https:\/\/jornaltimoneiro.com.br\/index.php\/2019\/02\/08\/continua-o-impasse-no-hospital-nossa-senhora-das-gracas\/\"},\"wordCount\":424,\"publisher\":{\"@id\":\"https:\/\/jornaltimoneiro.com.br\/#organization\"},\"articleSection\":[\"Sa\u00fade\"],\"inLanguage\":\"pt-BR\"},{\"@type\":\"WebPage\",\"@id\":\"https:\/\/jornaltimoneiro.com.br\/index.php\/2019\/02\/08\/continua-o-impasse-no-hospital-nossa-senhora-das-gracas\/\",\"url\":\"https:\/\/jornaltimoneiro.com.br\/index.php\/2019\/02\/08\/continua-o-impasse-no-hospital-nossa-senhora-das-gracas\/\",\"name\":\"Continua o impasse no Hospital Nossa Senhora das Gra\u00e7as - O Timoneiro Jornal Canoas RS\",\"isPartOf\":{\"@id\":\"https:\/\/jornaltimoneiro.com.br\/#website\"},\"datePublished\":\"2019-02-08T10:00:46+00:00\",\"dateModified\":\"2019-02-11T15:40:59+00:00\",\"breadcrumb\":{\"@id\":\"https:\/\/jornaltimoneiro.com.br\/index.php\/2019\/02\/08\/continua-o-impasse-no-hospital-nossa-senhora-das-gracas\/#breadcrumb\"},\"inLanguage\":\"pt-BR\",\"potentialAction\":[{\"@type\":\"ReadAction\",\"target\":[\"https:\/\/jornaltimoneiro.com.br\/index.php\/2019\/02\/08\/continua-o-impasse-no-hospital-nossa-senhora-das-gracas\/\"]}]},{\"@type\":\"BreadcrumbList\",\"@id\":\"https:\/\/jornaltimoneiro.com.br\/index.php\/2019\/02\/08\/continua-o-impasse-no-hospital-nossa-senhora-das-gracas\/#breadcrumb\",\"itemListElement\":[{\"@type\":\"ListItem\",\"position\":1,\"name\":\"In\u00edcio\",\"item\":\"https:\/\/jornaltimoneiro.com.br\/\"},{\"@type\":\"ListItem\",\"position\":2,\"name\":\"Continua o impasse no Hospital Nossa Senhora das Gra\u00e7as\"}]},{\"@type\":\"WebSite\",\"@id\":\"https:\/\/jornaltimoneiro.com.br\/#website\",\"url\":\"https:\/\/jornaltimoneiro.com.br\/\",\"name\":\"Jornal Timoneiro Canoas RS\",\"description\":\"Jornal O Timoneiro, o verdadeiro jornal de Canoas\",\"publisher\":{\"@id\":\"https:\/\/jornaltimoneiro.com.br\/#organization\"},\"potentialAction\":[{\"@type\":\"SearchAction\",\"target\":{\"@type\":\"EntryPoint\",\"urlTemplate\":\"https:\/\/jornaltimoneiro.com.br\/?s={search_term_string}\"},\"query-input\":\"required name=search_term_string\"}],\"inLanguage\":\"pt-BR\"},{\"@type\":\"Organization\",\"@id\":\"https:\/\/jornaltimoneiro.com.br\/#organization\",\"name\":\"Jornal Timoneiro Canoas RS\",\"url\":\"https:\/\/jornaltimoneiro.com.br\/\",\"logo\":{\"@type\":\"ImageObject\",\"inLanguage\":\"pt-BR\",\"@id\":\"https:\/\/jornaltimoneiro.com.br\/#\/schema\/logo\/image\/\",\"url\":\"https:\/\/jornaltimoneiro.com.br\/wp-content\/uploads\/2023\/03\/logonovo.png\",\"contentUrl\":\"https:\/\/jornaltimoneiro.com.br\/wp-content\/uploads\/2023\/03\/logonovo.png\",\"width\":\"469\",\"height\":\"171\",\"caption\":\"Jornal Timoneiro Canoas RS\"},\"image\":{\"@id\":\"https:\/\/jornaltimoneiro.com.br\/#\/schema\/logo\/image\/\"},\"sameAs\":[\"https:\/\/www.facebook.com\/jornaltimoneiro\",\"https:\/\/twitter.com\/_OTimoneiro\",\"https:\/\/www.instagram.com\/jornaltimoneirocanoas\/\",\"https:\/\/www.youtube.com\/@jornalotimoneiro7927\"]},{\"@type\":\"Person\",\"@id\":\"https:\/\/jornaltimoneiro.com.br\/#\/schema\/person\/f63482f1a02b1a9592707865e509ab40\",\"name\":\"Reda\u00e7\u00e3o\",\"image\":{\"@type\":\"ImageObject\",\"inLanguage\":\"pt-BR\",\"@id\":\"https:\/\/jornaltimoneiro.com.br\/#\/schema\/person\/image\/\",\"url\":\"https:\/\/jornaltimoneiro.com.br\/wp-content\/uploads\/2023\/03\/download.jpeg\",\"contentUrl\":\"https:\/\/jornaltimoneiro.com.br\/wp-content\/uploads\/2023\/03\/download.jpeg\",\"caption\":\"Reda\u00e7\u00e3o\"},\"url\":\"https:\/\/jornaltimoneiro.com.br\/index.php\/author\/simone-dutra\/\"}]}<\/script>\n<!-- \/ Yoast SEO plugin. -->","yoast_head_json":{"title":"Continua o impasse no Hospital Nossa Senhora das Gra\u00e7as - O Timoneiro Jornal Canoas RS","robots":{"index":"index","follow":"follow","max-snippet":"max-snippet:-1","max-image-preview":"max-image-preview:large","max-video-preview":"max-video-preview:-1"},"canonical":"https:\/\/jornaltimoneiro.com.br\/index.php\/2019\/02\/08\/continua-o-impasse-no-hospital-nossa-senhora-das-gracas\/","og_locale":"pt_BR","og_type":"article","og_title":"Continua o impasse no Hospital Nossa Senhora das Gra\u00e7as - O Timoneiro Jornal Canoas RS","og_description":"O jornal Timoneiro destacou, na edi\u00e7\u00e3o da \u00faltima semana, o impasse envolvendo o Hospital Nossa Senhora das Gra\u00e7as (HNSG) e seu futuro. A situa\u00e7\u00e3o tem sido debatida em reuni\u00f5es entre a Prefeitura de Canoas, Minist\u00e9rio P\u00fablico (MP), Sindicatos e a Sociedade Sulina Divina Provid\u00eancia, que ainda n\u00e3o definiu se prestar\u00e1 consultoria na gest\u00e3o do HNSG. [&hellip;]","og_url":"https:\/\/jornaltimoneiro.com.br\/index.php\/2019\/02\/08\/continua-o-impasse-no-hospital-nossa-senhora-das-gracas\/","og_site_name":"O Timoneiro Jornal Canoas RS","article_publisher":"https:\/\/www.facebook.com\/jornaltimoneiro","article_published_time":"2019-02-08T10:00:46+00:00","article_modified_time":"2019-02-11T15:40:59+00:00","og_image":[{"width":800,"height":445,"url":"https:\/\/jornaltimoneiro.com.br\/wp-content\/uploads\/2019\/02\/170322_Canoas_Gracinha_Reuni\u00e3o-rotineiros-e-superintend\u00eancia_Juliane-Soska-8-800x445.jpg","type":"image\/jpeg"}],"author":"Reda\u00e7\u00e3o","twitter_card":"summary_large_image","twitter_creator":"@_OTimoneiro","twitter_site":"@_OTimoneiro","twitter_misc":{"Escrito por":"Reda\u00e7\u00e3o","Est. tempo de leitura":"2 minutos"},"schema":{"@context":"https:\/\/schema.org","@graph":[{"@type":"Article","@id":"https:\/\/jornaltimoneiro.com.br\/index.php\/2019\/02\/08\/continua-o-impasse-no-hospital-nossa-senhora-das-gracas\/#article","isPartOf":{"@id":"https:\/\/jornaltimoneiro.com.br\/index.php\/2019\/02\/08\/continua-o-impasse-no-hospital-nossa-senhora-das-gracas\/"},"author":{"name":"Reda\u00e7\u00e3o","@id":"https:\/\/jornaltimoneiro.com.br\/#\/schema\/person\/f63482f1a02b1a9592707865e509ab40"},"headline":"Continua o impasse no Hospital Nossa Senhora das Gra\u00e7as","datePublished":"2019-02-08T10:00:46+00:00","dateModified":"2019-02-11T15:40:59+00:00","mainEntityOfPage":{"@id":"https:\/\/jornaltimoneiro.com.br\/index.php\/2019\/02\/08\/continua-o-impasse-no-hospital-nossa-senhora-das-gracas\/"},"wordCount":424,"publisher":{"@id":"https:\/\/jornaltimoneiro.com.br\/#organization"},"articleSection":["Sa\u00fade"],"inLanguage":"pt-BR"},{"@type":"WebPage","@id":"https:\/\/jornaltimoneiro.com.br\/index.php\/2019\/02\/08\/continua-o-impasse-no-hospital-nossa-senhora-das-gracas\/","url":"https:\/\/jornaltimoneiro.com.br\/index.php\/2019\/02\/08\/continua-o-impasse-no-hospital-nossa-senhora-das-gracas\/","name":"Continua o impasse no Hospital Nossa Senhora das Gra\u00e7as - O Timoneiro Jornal Canoas RS","isPartOf":{"@id":"https:\/\/jornaltimoneiro.com.br\/#website"},"datePublished":"2019-02-08T10:00:46+00:00","dateModified":"2019-02-11T15:40:59+00:00","breadcrumb":{"@id":"https:\/\/jornaltimoneiro.com.br\/index.php\/2019\/02\/08\/continua-o-impasse-no-hospital-nossa-senhora-das-gracas\/#breadcrumb"},"inLanguage":"pt-BR","potentialAction":[{"@type":"ReadAction","target":["https:\/\/jornaltimoneiro.com.br\/index.php\/2019\/02\/08\/continua-o-impasse-no-hospital-nossa-senhora-das-gracas\/"]}]},{"@type":"BreadcrumbList","@id":"https:\/\/jornaltimoneiro.com.br\/index.php\/2019\/02\/08\/continua-o-impasse-no-hospital-nossa-senhora-das-gracas\/#breadcrumb","itemListElement":[{"@type":"ListItem","position":1,"name":"In\u00edcio","item":"https:\/\/jornaltimoneiro.com.br\/"},{"@type":"ListItem","position":2,"name":"Continua o impasse no Hospital Nossa Senhora das Gra\u00e7as"}]},{"@type":"WebSite","@id":"https:\/\/jornaltimoneiro.com.br\/#website","url":"https:\/\/jornaltimoneiro.com.br\/","name":"Jornal Timoneiro Canoas RS","description":"Jornal O Timoneiro, o verdadeiro jornal de Canoas","publisher":{"@id":"https:\/\/jornaltimoneiro.com.br\/#organization"},"potentialAction":[{"@type":"SearchAction","target":{"@type":"EntryPoint","urlTemplate":"https:\/\/jornaltimoneiro.com.br\/?s={search_term_string}"},"query-input":"required name=search_term_string"}],"inLanguage":"pt-BR"},{"@type":"Organization","@id":"https:\/\/jornaltimoneiro.com.br\/#organization","name":"Jornal Timoneiro Canoas RS","url":"https:\/\/jornaltimoneiro.com.br\/","logo":{"@type":"ImageObject","inLanguage":"pt-BR","@id":"https:\/\/jornaltimoneiro.com.br\/#\/schema\/logo\/image\/","url":"https:\/\/jornaltimoneiro.com.br\/wp-content\/uploads\/2023\/03\/logonovo.png","contentUrl":"https:\/\/jornaltimoneiro.com.br\/wp-content\/uploads\/2023\/03\/logonovo.png","width":"469","height":"171","caption":"Jornal Timoneiro Canoas RS"},"image":{"@id":"https:\/\/jornaltimoneiro.com.br\/#\/schema\/logo\/image\/"},"sameAs":["https:\/\/www.facebook.com\/jornaltimoneiro","https:\/\/twitter.com\/_OTimoneiro","https:\/\/www.instagram.com\/jornaltimoneirocanoas\/","https:\/\/www.youtube.com\/@jornalotimoneiro7927"]},{"@type":"Person","@id":"https:\/\/jornaltimoneiro.com.br\/#\/schema\/person\/f63482f1a02b1a9592707865e509ab40","name":"Reda\u00e7\u00e3o","image":{"@type":"ImageObject","inLanguage":"pt-BR","@id":"https:\/\/jornaltimoneiro.com.br\/#\/schema\/person\/image\/","url":"https:\/\/jornaltimoneiro.com.br\/wp-content\/uploads\/2023\/03\/download.jpeg","contentUrl":"https:\/\/jornaltimoneiro.com.br\/wp-content\/uploads\/2023\/03\/download.jpeg","caption":"Reda\u00e7\u00e3o"},"url":"https:\/\/jornaltimoneiro.com.br\/index.php\/author\/simone-dutra\/"}]}},"_links":{"self":[{"href":"https:\/\/jornaltimoneiro.com.br\/index.php\/wp-json\/wp\/v2\/posts\/12232"}],"collection":[{"href":"https:\/\/jornaltimoneiro.com.br\/index.php\/wp-json\/wp\/v2\/posts"}],"about":[{"href":"https:\/\/jornaltimoneiro.com.br\/index.php\/wp-json\/wp\/v2\/types\/post"}],"author":[{"embeddable":true,"href":"https:\/\/jornaltimoneiro.com.br\/index.php\/wp-json\/wp\/v2\/users\/2"}],"replies":[{"embeddable":true,"href":"https:\/\/jornaltimoneiro.com.br\/index.php\/wp-json\/wp\/v2\/comments?post=12232"}],"version-history":[{"count":0,"href":"https:\/\/jornaltimoneiro.com.br\/index.php\/wp-json\/wp\/v2\/posts\/12232\/revisions"}],"wp:featuredmedia":[{"embeddable":true,"href":"https:\/\/jornaltimoneiro.com.br\/index.php\/wp-json\/wp\/v2\/media\/12233"}],"wp:attachment":[{"href":"https:\/\/jornaltimoneiro.com.br\/index.php\/wp-json\/wp\/v2\/media?parent=12232"}],"wp:term":[{"taxonomy":"category","embeddable":true,"href":"https:\/\/jornaltimoneiro.com.br\/index.php\/wp-json\/wp\/v2\/categories?post=12232"},{"taxonomy":"post_tag","embeddable":true,"href":"https:\/\/jornaltimoneiro.com.br\/index.php\/wp-json\/wp\/v2\/tags?post=12232"}],"curies":[{"name":"wp","href":"https:\/\/api.w.org\/{rel}","templated":true}]}}