{"id":1202,"date":"2015-09-25T11:17:08","date_gmt":"2015-09-25T14:17:08","guid":{"rendered":"http:\/\/otimoneiro.com.br\/?p=1202"},"modified":"2015-09-25T11:17:08","modified_gmt":"2015-09-25T14:17:08","slug":"capao-do-corvo-sera-ampliado-e-com-entrada-junto-ao-novo-shopping","status":"publish","type":"post","link":"https:\/\/jornaltimoneiro.com.br\/index.php\/2015\/09\/25\/capao-do-corvo-sera-ampliado-e-com-entrada-junto-ao-novo-shopping\/","title":{"rendered":"Cap\u00e3o do Corvo ser\u00e1 ampliado e com entrada junto ao novo shopping"},"content":{"rendered":"<div id=\"attachment_1205\" style=\"width: 265px\" class=\"wp-caption alignleft\"><a href=\"http:\/\/otimoneiro.com.br\/wp-content\/uploads\/2015\/09\/DSC3630.jpg\"><img decoding=\"async\" aria-describedby=\"caption-attachment-1205\" class=\"  wp-image-1205\" src=\"http:\/\/otimoneiro.com.br\/wp-content\/uploads\/2015\/09\/DSC3630-300x200.jpg\" alt=\"obras cap\u00e3o do corvo\" width=\"255\" height=\"170\" \/><\/a><p id=\"caption-attachment-1205\" class=\"wp-caption-text\">Entrada do Cap\u00e3o mudar\u00e1 para a rua Farroupilha. Foto: Bruno Lara\/OT<\/p><\/div>\n<p style=\"text-align: justify;\">A Prefeitura Municipal de Canoas anunciou a amplia\u00e7\u00e3o de 45% do Parque Municipal Get\u00falio Vargas, o Cap\u00e3o do Corvo. O an\u00fancio \u00e9 de mais 74.882,0 m\u00b2 de novos ambientes e op\u00e7\u00f5es de lazer. Segundo o \u00f3rg\u00e3o, o local ser\u00e1 modernizado e ter\u00e1 adequa\u00e7\u00e3o da sua infraestrutura. Ganhar\u00e1 um anfiteatro; mais um lago (com filtragem natural); um orquid\u00e1rio; trilhas iluminadas; \u00e1reas de gin\u00e1stica ao ar livre, entre outros equipamentos, que proporcionar\u00e3o divers\u00e3o e aventura aos canoenses e visitantes.<br \/>\nPara as crian\u00e7as, a promessa \u00e9 de dois playgrounds. O de aventura &#8211; com ponte p\u00eancil, cordas, pneus, escadas, redes, escalada e brinquedos para faixas et\u00e1rias distintas, incluindo beb\u00eas, e uma \u00e1rea para os av\u00f3s. O l\u00fadico contar\u00e1 com elementos coloridos que convidam a uma percep\u00e7\u00e3o das formas e estimulam a criatividade e a imagina\u00e7\u00e3o. P\u00f3rticos em formas geom\u00e9tricas, muros com letras em Braille e Libras e rampas ir\u00e3o favorecer a inclus\u00e3o.<\/p>\n<p style=\"text-align: justify;\"><strong>Investimento de R$ 5 milh\u00f5es<\/strong><br \/>\nA obra prev\u00ea um investimento de aproximadamente R$ 5 milh\u00f5es. O Parque ter\u00e1 acesso principal pela Avenida Farroupilha, alinhado com uma das entradas do ParkShopping Canoas, e n\u00e3o mais pela rua Doutor Sezefredo Azambuja Vieira.<br \/>\nAs reformas devem come\u00e7ar em breve. A equipe da Secretaria Municipal de Meio Ambiente (SMMA) informa que, mesmo com a remodela\u00e7\u00e3o, a maior parte da vegeta\u00e7\u00e3o do local ser\u00e1 preservada. Mas eucaliptos ser\u00e3o derrubados. As interven\u00e7\u00f5es ser\u00e3o fiscalizadas pela SMMA, que determinou o controle dos impactos, atrav\u00e9s da Licen\u00e7a Ambiental n\u00ba 2399. A Prefeitura informa que as \u00e1rvores removidas ser\u00e3o compensadas ambientalmente.<\/p>\n","protected":false},"excerpt":{"rendered":"<p>Governo direciona altera\u00e7\u00f5es no parque a empreendimento comercial<\/p>\n","protected":false},"author":1,"featured_media":1205,"comment_status":"open","ping_status":"open","sticky":false,"template":"","format":"standard","meta":{"amp_status":"","footnotes":""},"categories":[19,24,29,22,20],"tags":[],"class_list":["post-1202","post","type-post","status-publish","format-standard","has-post-thumbnail","hentry","category-destaques","category-esporte","category-meio-ambiente","category-noticias","category-politica-noticias"],"yoast_head":"<!-- This site is optimized with the Yoast SEO plugin v20.5 - https:\/\/yoast.com\/wordpress\/plugins\/seo\/ -->\n<title>Cap\u00e3o do Corvo ser\u00e1 ampliado e com entrada junto ao novo shopping - O Timoneiro Jornal Canoas RS<\/title>\n<meta name=\"robots\" content=\"index, follow, max-snippet:-1, max-image-preview:large, max-video-preview:-1\" \/>\n<link rel=\"canonical\" href=\"https:\/\/jornaltimoneiro.com.br\/index.php\/2015\/09\/25\/capao-do-corvo-sera-ampliado-e-com-entrada-junto-ao-novo-shopping\/\" \/>\n<meta property=\"og:locale\" content=\"pt_BR\" \/>\n<meta property=\"og:type\" content=\"article\" \/>\n<meta property=\"og:title\" content=\"Cap\u00e3o do Corvo ser\u00e1 ampliado e com entrada junto ao novo shopping - O Timoneiro Jornal Canoas RS\" \/>\n<meta property=\"og:description\" content=\"Governo direciona altera\u00e7\u00f5es no parque a empreendimento comercial\" \/>\n<meta property=\"og:url\" content=\"https:\/\/jornaltimoneiro.com.br\/index.php\/2015\/09\/25\/capao-do-corvo-sera-ampliado-e-com-entrada-junto-ao-novo-shopping\/\" \/>\n<meta property=\"og:site_name\" content=\"O Timoneiro Jornal Canoas RS\" \/>\n<meta property=\"article:publisher\" content=\"https:\/\/www.facebook.com\/jornaltimoneiro\" \/>\n<meta property=\"article:published_time\" content=\"2015-09-25T14:17:08+00:00\" \/>\n<meta name=\"author\" content=\"Reda\u00e7\u00e3o\" \/>\n<meta name=\"twitter:card\" content=\"summary_large_image\" \/>\n<meta name=\"twitter:creator\" content=\"@_OTimoneiro\" \/>\n<meta name=\"twitter:site\" content=\"@_OTimoneiro\" \/>\n<meta name=\"twitter:label1\" content=\"Escrito por\" \/>\n\t<meta name=\"twitter:data1\" content=\"Reda\u00e7\u00e3o\" \/>\n\t<meta name=\"twitter:label2\" content=\"Est. tempo de leitura\" \/>\n\t<meta name=\"twitter:data2\" content=\"1 minuto\" \/>\n<script type=\"application\/ld+json\" class=\"yoast-schema-graph\">{\"@context\":\"https:\/\/schema.org\",\"@graph\":[{\"@type\":\"Article\",\"@id\":\"https:\/\/jornaltimoneiro.com.br\/index.php\/2015\/09\/25\/capao-do-corvo-sera-ampliado-e-com-entrada-junto-ao-novo-shopping\/#article\",\"isPartOf\":{\"@id\":\"https:\/\/jornaltimoneiro.com.br\/index.php\/2015\/09\/25\/capao-do-corvo-sera-ampliado-e-com-entrada-junto-ao-novo-shopping\/\"},\"author\":{\"name\":\"Reda\u00e7\u00e3o\",\"@id\":\"https:\/\/jornaltimoneiro.com.br\/#\/schema\/person\/620efd1d8244466117482be494360b08\"},\"headline\":\"Cap\u00e3o do Corvo ser\u00e1 ampliado e com entrada junto ao novo shopping\",\"datePublished\":\"2015-09-25T14:17:08+00:00\",\"dateModified\":\"2015-09-25T14:17:08+00:00\",\"mainEntityOfPage\":{\"@id\":\"https:\/\/jornaltimoneiro.com.br\/index.php\/2015\/09\/25\/capao-do-corvo-sera-ampliado-e-com-entrada-junto-ao-novo-shopping\/\"},\"wordCount\":312,\"commentCount\":0,\"publisher\":{\"@id\":\"https:\/\/jornaltimoneiro.com.br\/#organization\"},\"articleSection\":[\"Destaques\",\"Esporte\",\"Meio Ambiente\",\"Not\u00edcias\",\"Pol\u00edtica\"],\"inLanguage\":\"pt-BR\",\"potentialAction\":[{\"@type\":\"CommentAction\",\"name\":\"Comment\",\"target\":[\"https:\/\/jornaltimoneiro.com.br\/index.php\/2015\/09\/25\/capao-do-corvo-sera-ampliado-e-com-entrada-junto-ao-novo-shopping\/#respond\"]}]},{\"@type\":\"WebPage\",\"@id\":\"https:\/\/jornaltimoneiro.com.br\/index.php\/2015\/09\/25\/capao-do-corvo-sera-ampliado-e-com-entrada-junto-ao-novo-shopping\/\",\"url\":\"https:\/\/jornaltimoneiro.com.br\/index.php\/2015\/09\/25\/capao-do-corvo-sera-ampliado-e-com-entrada-junto-ao-novo-shopping\/\",\"name\":\"Cap\u00e3o do Corvo ser\u00e1 ampliado e com entrada junto ao novo shopping - O Timoneiro Jornal Canoas RS\",\"isPartOf\":{\"@id\":\"https:\/\/jornaltimoneiro.com.br\/#website\"},\"datePublished\":\"2015-09-25T14:17:08+00:00\",\"dateModified\":\"2015-09-25T14:17:08+00:00\",\"breadcrumb\":{\"@id\":\"https:\/\/jornaltimoneiro.com.br\/index.php\/2015\/09\/25\/capao-do-corvo-sera-ampliado-e-com-entrada-junto-ao-novo-shopping\/#breadcrumb\"},\"inLanguage\":\"pt-BR\",\"potentialAction\":[{\"@type\":\"ReadAction\",\"target\":[\"https:\/\/jornaltimoneiro.com.br\/index.php\/2015\/09\/25\/capao-do-corvo-sera-ampliado-e-com-entrada-junto-ao-novo-shopping\/\"]}]},{\"@type\":\"BreadcrumbList\",\"@id\":\"https:\/\/jornaltimoneiro.com.br\/index.php\/2015\/09\/25\/capao-do-corvo-sera-ampliado-e-com-entrada-junto-ao-novo-shopping\/#breadcrumb\",\"itemListElement\":[{\"@type\":\"ListItem\",\"position\":1,\"name\":\"In\u00edcio\",\"item\":\"https:\/\/jornaltimoneiro.com.br\/\"},{\"@type\":\"ListItem\",\"position\":2,\"name\":\"Cap\u00e3o do Corvo ser\u00e1 ampliado e com entrada junto ao novo shopping\"}]},{\"@type\":\"WebSite\",\"@id\":\"https:\/\/jornaltimoneiro.com.br\/#website\",\"url\":\"https:\/\/jornaltimoneiro.com.br\/\",\"name\":\"Jornal Timoneiro Canoas RS\",\"description\":\"Jornal O Timoneiro, o verdadeiro jornal de Canoas\",\"publisher\":{\"@id\":\"https:\/\/jornaltimoneiro.com.br\/#organization\"},\"potentialAction\":[{\"@type\":\"SearchAction\",\"target\":{\"@type\":\"EntryPoint\",\"urlTemplate\":\"https:\/\/jornaltimoneiro.com.br\/?s={search_term_string}\"},\"query-input\":\"required name=search_term_string\"}],\"inLanguage\":\"pt-BR\"},{\"@type\":\"Organization\",\"@id\":\"https:\/\/jornaltimoneiro.com.br\/#organization\",\"name\":\"Jornal Timoneiro Canoas RS\",\"url\":\"https:\/\/jornaltimoneiro.com.br\/\",\"logo\":{\"@type\":\"ImageObject\",\"inLanguage\":\"pt-BR\",\"@id\":\"https:\/\/jornaltimoneiro.com.br\/#\/schema\/logo\/image\/\",\"url\":\"https:\/\/jornaltimoneiro.com.br\/wp-content\/uploads\/2023\/03\/logonovo.png\",\"contentUrl\":\"https:\/\/jornaltimoneiro.com.br\/wp-content\/uploads\/2023\/03\/logonovo.png\",\"width\":\"469\",\"height\":\"171\",\"caption\":\"Jornal Timoneiro Canoas RS\"},\"image\":{\"@id\":\"https:\/\/jornaltimoneiro.com.br\/#\/schema\/logo\/image\/\"},\"sameAs\":[\"https:\/\/www.facebook.com\/jornaltimoneiro\",\"https:\/\/twitter.com\/_OTimoneiro\",\"https:\/\/www.instagram.com\/jornaltimoneirocanoas\/\",\"https:\/\/www.youtube.com\/@jornalotimoneiro7927\"]},{\"@type\":\"Person\",\"@id\":\"https:\/\/jornaltimoneiro.com.br\/#\/schema\/person\/620efd1d8244466117482be494360b08\",\"name\":\"Reda\u00e7\u00e3o\",\"image\":{\"@type\":\"ImageObject\",\"inLanguage\":\"pt-BR\",\"@id\":\"https:\/\/jornaltimoneiro.com.br\/#\/schema\/person\/image\/\",\"url\":\"https:\/\/secure.gravatar.com\/avatar\/2f04e1b304682a8d9db336c7acd77f08?s=96&d=mm&r=g\",\"contentUrl\":\"https:\/\/secure.gravatar.com\/avatar\/2f04e1b304682a8d9db336c7acd77f08?s=96&d=mm&r=g\",\"caption\":\"Reda\u00e7\u00e3o\"},\"url\":\"https:\/\/jornaltimoneiro.com.br\/index.php\/author\/timoneirocanoas\/\"}]}<\/script>\n<!-- \/ Yoast SEO plugin. -->","yoast_head_json":{"title":"Cap\u00e3o do Corvo ser\u00e1 ampliado e com entrada junto ao novo shopping - O Timoneiro Jornal Canoas RS","robots":{"index":"index","follow":"follow","max-snippet":"max-snippet:-1","max-image-preview":"max-image-preview:large","max-video-preview":"max-video-preview:-1"},"canonical":"https:\/\/jornaltimoneiro.com.br\/index.php\/2015\/09\/25\/capao-do-corvo-sera-ampliado-e-com-entrada-junto-ao-novo-shopping\/","og_locale":"pt_BR","og_type":"article","og_title":"Cap\u00e3o do Corvo ser\u00e1 ampliado e com entrada junto ao novo shopping - O Timoneiro Jornal Canoas RS","og_description":"Governo direciona altera\u00e7\u00f5es no parque a empreendimento comercial","og_url":"https:\/\/jornaltimoneiro.com.br\/index.php\/2015\/09\/25\/capao-do-corvo-sera-ampliado-e-com-entrada-junto-ao-novo-shopping\/","og_site_name":"O Timoneiro Jornal Canoas RS","article_publisher":"https:\/\/www.facebook.com\/jornaltimoneiro","article_published_time":"2015-09-25T14:17:08+00:00","author":"Reda\u00e7\u00e3o","twitter_card":"summary_large_image","twitter_creator":"@_OTimoneiro","twitter_site":"@_OTimoneiro","twitter_misc":{"Escrito por":"Reda\u00e7\u00e3o","Est. tempo de leitura":"1 minuto"},"schema":{"@context":"https:\/\/schema.org","@graph":[{"@type":"Article","@id":"https:\/\/jornaltimoneiro.com.br\/index.php\/2015\/09\/25\/capao-do-corvo-sera-ampliado-e-com-entrada-junto-ao-novo-shopping\/#article","isPartOf":{"@id":"https:\/\/jornaltimoneiro.com.br\/index.php\/2015\/09\/25\/capao-do-corvo-sera-ampliado-e-com-entrada-junto-ao-novo-shopping\/"},"author":{"name":"Reda\u00e7\u00e3o","@id":"https:\/\/jornaltimoneiro.com.br\/#\/schema\/person\/620efd1d8244466117482be494360b08"},"headline":"Cap\u00e3o do Corvo ser\u00e1 ampliado e com entrada junto ao novo shopping","datePublished":"2015-09-25T14:17:08+00:00","dateModified":"2015-09-25T14:17:08+00:00","mainEntityOfPage":{"@id":"https:\/\/jornaltimoneiro.com.br\/index.php\/2015\/09\/25\/capao-do-corvo-sera-ampliado-e-com-entrada-junto-ao-novo-shopping\/"},"wordCount":312,"commentCount":0,"publisher":{"@id":"https:\/\/jornaltimoneiro.com.br\/#organization"},"articleSection":["Destaques","Esporte","Meio Ambiente","Not\u00edcias","Pol\u00edtica"],"inLanguage":"pt-BR","potentialAction":[{"@type":"CommentAction","name":"Comment","target":["https:\/\/jornaltimoneiro.com.br\/index.php\/2015\/09\/25\/capao-do-corvo-sera-ampliado-e-com-entrada-junto-ao-novo-shopping\/#respond"]}]},{"@type":"WebPage","@id":"https:\/\/jornaltimoneiro.com.br\/index.php\/2015\/09\/25\/capao-do-corvo-sera-ampliado-e-com-entrada-junto-ao-novo-shopping\/","url":"https:\/\/jornaltimoneiro.com.br\/index.php\/2015\/09\/25\/capao-do-corvo-sera-ampliado-e-com-entrada-junto-ao-novo-shopping\/","name":"Cap\u00e3o do Corvo ser\u00e1 ampliado e com entrada junto ao novo shopping - O Timoneiro Jornal Canoas RS","isPartOf":{"@id":"https:\/\/jornaltimoneiro.com.br\/#website"},"datePublished":"2015-09-25T14:17:08+00:00","dateModified":"2015-09-25T14:17:08+00:00","breadcrumb":{"@id":"https:\/\/jornaltimoneiro.com.br\/index.php\/2015\/09\/25\/capao-do-corvo-sera-ampliado-e-com-entrada-junto-ao-novo-shopping\/#breadcrumb"},"inLanguage":"pt-BR","potentialAction":[{"@type":"ReadAction","target":["https:\/\/jornaltimoneiro.com.br\/index.php\/2015\/09\/25\/capao-do-corvo-sera-ampliado-e-com-entrada-junto-ao-novo-shopping\/"]}]},{"@type":"BreadcrumbList","@id":"https:\/\/jornaltimoneiro.com.br\/index.php\/2015\/09\/25\/capao-do-corvo-sera-ampliado-e-com-entrada-junto-ao-novo-shopping\/#breadcrumb","itemListElement":[{"@type":"ListItem","position":1,"name":"In\u00edcio","item":"https:\/\/jornaltimoneiro.com.br\/"},{"@type":"ListItem","position":2,"name":"Cap\u00e3o do Corvo ser\u00e1 ampliado e com entrada junto ao novo shopping"}]},{"@type":"WebSite","@id":"https:\/\/jornaltimoneiro.com.br\/#website","url":"https:\/\/jornaltimoneiro.com.br\/","name":"Jornal Timoneiro Canoas RS","description":"Jornal O Timoneiro, o verdadeiro jornal de Canoas","publisher":{"@id":"https:\/\/jornaltimoneiro.com.br\/#organization"},"potentialAction":[{"@type":"SearchAction","target":{"@type":"EntryPoint","urlTemplate":"https:\/\/jornaltimoneiro.com.br\/?s={search_term_string}"},"query-input":"required name=search_term_string"}],"inLanguage":"pt-BR"},{"@type":"Organization","@id":"https:\/\/jornaltimoneiro.com.br\/#organization","name":"Jornal Timoneiro Canoas RS","url":"https:\/\/jornaltimoneiro.com.br\/","logo":{"@type":"ImageObject","inLanguage":"pt-BR","@id":"https:\/\/jornaltimoneiro.com.br\/#\/schema\/logo\/image\/","url":"https:\/\/jornaltimoneiro.com.br\/wp-content\/uploads\/2023\/03\/logonovo.png","contentUrl":"https:\/\/jornaltimoneiro.com.br\/wp-content\/uploads\/2023\/03\/logonovo.png","width":"469","height":"171","caption":"Jornal Timoneiro Canoas RS"},"image":{"@id":"https:\/\/jornaltimoneiro.com.br\/#\/schema\/logo\/image\/"},"sameAs":["https:\/\/www.facebook.com\/jornaltimoneiro","https:\/\/twitter.com\/_OTimoneiro","https:\/\/www.instagram.com\/jornaltimoneirocanoas\/","https:\/\/www.youtube.com\/@jornalotimoneiro7927"]},{"@type":"Person","@id":"https:\/\/jornaltimoneiro.com.br\/#\/schema\/person\/620efd1d8244466117482be494360b08","name":"Reda\u00e7\u00e3o","image":{"@type":"ImageObject","inLanguage":"pt-BR","@id":"https:\/\/jornaltimoneiro.com.br\/#\/schema\/person\/image\/","url":"https:\/\/secure.gravatar.com\/avatar\/2f04e1b304682a8d9db336c7acd77f08?s=96&d=mm&r=g","contentUrl":"https:\/\/secure.gravatar.com\/avatar\/2f04e1b304682a8d9db336c7acd77f08?s=96&d=mm&r=g","caption":"Reda\u00e7\u00e3o"},"url":"https:\/\/jornaltimoneiro.com.br\/index.php\/author\/timoneirocanoas\/"}]}},"_links":{"self":[{"href":"https:\/\/jornaltimoneiro.com.br\/index.php\/wp-json\/wp\/v2\/posts\/1202"}],"collection":[{"href":"https:\/\/jornaltimoneiro.com.br\/index.php\/wp-json\/wp\/v2\/posts"}],"about":[{"href":"https:\/\/jornaltimoneiro.com.br\/index.php\/wp-json\/wp\/v2\/types\/post"}],"author":[{"embeddable":true,"href":"https:\/\/jornaltimoneiro.com.br\/index.php\/wp-json\/wp\/v2\/users\/1"}],"replies":[{"embeddable":true,"href":"https:\/\/jornaltimoneiro.com.br\/index.php\/wp-json\/wp\/v2\/comments?post=1202"}],"version-history":[{"count":0,"href":"https:\/\/jornaltimoneiro.com.br\/index.php\/wp-json\/wp\/v2\/posts\/1202\/revisions"}],"wp:featuredmedia":[{"embeddable":true,"href":"https:\/\/jornaltimoneiro.com.br\/index.php\/wp-json\/"}],"wp:attachment":[{"href":"https:\/\/jornaltimoneiro.com.br\/index.php\/wp-json\/wp\/v2\/media?parent=1202"}],"wp:term":[{"taxonomy":"category","embeddable":true,"href":"https:\/\/jornaltimoneiro.com.br\/index.php\/wp-json\/wp\/v2\/categories?post=1202"},{"taxonomy":"post_tag","embeddable":true,"href":"https:\/\/jornaltimoneiro.com.br\/index.php\/wp-json\/wp\/v2\/tags?post=1202"}],"curies":[{"name":"wp","href":"https:\/\/api.w.org\/{rel}","templated":true}]}}